{"id":69476,"date":"2025-05-06T16:48:49","date_gmt":"2025-05-06T19:48:49","guid":{"rendered":"https:\/\/noticiasribeiraopreto.com.br\/index.php\/2025\/05\/06\/veja-como-esta-parque-aquatico-de-ribeirao-abandonado-ha-17-anos\/"},"modified":"2025-05-06T16:48:49","modified_gmt":"2025-05-06T19:48:49","slug":"veja-como-esta-parque-aquatico-de-ribeirao-abandonado-ha-17-anos","status":"publish","type":"post","link":"https:\/\/noticiasribeiraopreto.com.br\/index.php\/2025\/05\/06\/veja-como-esta-parque-aquatico-de-ribeirao-abandonado-ha-17-anos\/","title":{"rendered":"Veja como est\u00e1 parque aqu\u00e1tico de Ribeir\u00e3o abandonado h\u00e1 17 anos"},"content":{"rendered":"<p> <br \/>\n<\/p>\n<div>\n<p>Moradores da zona Sul de <strong>Ribeir\u00e3o Preto<\/strong> reclamam da situa\u00e7\u00e3o de um antigo <strong>parque aqu\u00e1tico<\/strong> do munic\u00edpio.<\/p>\n<p>O local ficou muito conhecido no in\u00edcio dos anos 2000, contudo, <strong>foi abandonado em 2008<\/strong>, e, atualmente, <strong>\u00e9 alvo de disputa judicial.<\/strong><\/p>\n<p>De acordo com os denunciantes, o local est\u00e1 <strong>repleto de pontos com \u00e1gua parada<\/strong>, <mark style=\"background-color:#fcb900\" class=\"has-inline-color\">ambiente prop\u00edcio para prolifera\u00e7\u00e3o do mosquito Aedes aegypti, transmissor da <strong>dengue<\/strong>.<\/mark><\/p>\n<p>Dados divulgados pela <strong>Prefeitura de Ribeir\u00e3o Preto<\/strong> mostram que at\u00e9 a \u00faltima quinta-feira (29), o munic\u00edpio havia confirmado 1<strong>4.864 casos de dengue<\/strong>, sendo <strong>seis mortes confirmadas<\/strong> e cinco em investiga\u00e7\u00e3o.<\/p>\n<h2 class=\"wp-block-heading\"><strong>Parque abandonado<\/strong><\/h2>\n<p>Em um sobrevoo com um drone, a <strong>EPTV <\/strong>registrou o atual cen\u00e1rio do <strong>parque aqu\u00e1tico abandonado h\u00e1 17 anos<\/strong>, que fica pr\u00f3ximo a condom\u00ednios de alto padr\u00e3o entre <strong>Ribeir\u00e3o Preto<\/strong> e o <strong>distrito de Bonfim Paulista<\/strong>.<\/p>\n<p>Conforme o registro, no local h\u00e1 <strong>piscinas com ac\u00famulo de \u00e1gua<\/strong>, <strong>sinais de vandalismo<\/strong> e <strong>mato alto<\/strong>. Al\u00e9m disso, <strong>diversas estruturas est\u00e3o em ru\u00ednas<\/strong> \u2013 veja as imagens abaixo.<\/p>\n<p style=\"font-size:11px\"><em><strong>Imagens: Tiago Aureliano\/ EPTV<\/strong><\/em><\/p>\n<figure class=\"wp-block-gallery has-nested-images columns-default is-cropped wp-block-gallery-1 is-layout-flex wp-block-gallery-is-layout-flex\">\n<figure class=\"wp-block-image size-large\"><img data-recalc-dims=\"1\" fetchpriority=\"high\" decoding=\"async\" width=\"1024\" height=\"576\" data-id=\"115672\" src=\"https:\/\/i0.wp.com\/www.acidadeon.com\/ribeiraopreto\/wp-content\/uploads\/sites\/3\/2025\/05\/Copia-de-Copia-de-Copia-de-TAMANHO-EXATO-PARA-FOTOS-NO-SISTEMA-NOVO-2025-05-06T135154.662_2025-05-06_16-52-15-1024x576.webp?resize=1024%2C576&#038;ssl=1\" alt=\"\" class=\"wp-image-115672\" srcset=\"https:\/\/www.acidadeon.com\/ribeiraopreto\/wp-content\/uploads\/sites\/3\/2025\/05\/Copia-de-Copia-de-Copia-de-TAMANHO-EXATO-PARA-FOTOS-NO-SISTEMA-NOVO-2025-05-06T135154.662_2025-05-06_16-52-15-1024x576.webp 1024w, https:\/\/www.acidadeon.com\/ribeiraopreto\/wp-content\/uploads\/sites\/3\/2025\/05\/Copia-de-Copia-de-Copia-de-TAMANHO-EXATO-PARA-FOTOS-NO-SISTEMA-NOVO-2025-05-06T135154.662_2025-05-06_16-52-15-300x169.webp 300w, https:\/\/www.acidadeon.com\/ribeiraopreto\/wp-content\/uploads\/sites\/3\/2025\/05\/Copia-de-Copia-de-Copia-de-TAMANHO-EXATO-PARA-FOTOS-NO-SISTEMA-NOVO-2025-05-06T135154.662_2025-05-06_16-52-15-768x432.webp 768w, https:\/\/www.acidadeon.com\/ribeiraopreto\/wp-content\/uploads\/sites\/3\/2025\/05\/Copia-de-Copia-de-Copia-de-TAMANHO-EXATO-PARA-FOTOS-NO-SISTEMA-NOVO-2025-05-06T135154.662_2025-05-06_16-52-15-696x392.webp 696w, https:\/\/www.acidadeon.com\/ribeiraopreto\/wp-content\/uploads\/sites\/3\/2025\/05\/Copia-de-Copia-de-Copia-de-TAMANHO-EXATO-PARA-FOTOS-NO-SISTEMA-NOVO-2025-05-06T135154.662_2025-05-06_16-52-15-1068x601.webp 1068w, https:\/\/www.acidadeon.com\/ribeiraopreto\/wp-content\/uploads\/sites\/3\/2025\/05\/Copia-de-Copia-de-Copia-de-TAMANHO-EXATO-PARA-FOTOS-NO-SISTEMA-NOVO-2025-05-06T135154.662_2025-05-06_16-52-15.webp 1200w\" sizes=\"(max-width: 1024px) 100vw, 1024px\"\/><\/figure>\n<figure class=\"wp-block-image size-large\"><img data-recalc-dims=\"1\" loading=\"lazy\" decoding=\"async\" width=\"1024\" height=\"576\" data-id=\"115673\" src=\"https:\/\/i0.wp.com\/www.acidadeon.com\/ribeiraopreto\/wp-content\/uploads\/sites\/3\/2025\/05\/Copia-de-Copia-de-Copia-de-TAMANHO-EXATO-PARA-FOTOS-NO-SISTEMA-NOVO-2025-05-06T135038.547_2025-05-06_16-52-18-1024x576.webp?resize=1024%2C576&#038;ssl=1\" alt=\"\" class=\"wp-image-115673\" srcset=\"https:\/\/www.acidadeon.com\/ribeiraopreto\/wp-content\/uploads\/sites\/3\/2025\/05\/Copia-de-Copia-de-Copia-de-TAMANHO-EXATO-PARA-FOTOS-NO-SISTEMA-NOVO-2025-05-06T135038.547_2025-05-06_16-52-18-1024x576.webp 1024w, https:\/\/www.acidadeon.com\/ribeiraopreto\/wp-content\/uploads\/sites\/3\/2025\/05\/Copia-de-Copia-de-Copia-de-TAMANHO-EXATO-PARA-FOTOS-NO-SISTEMA-NOVO-2025-05-06T135038.547_2025-05-06_16-52-18-300x169.webp 300w, https:\/\/www.acidadeon.com\/ribeiraopreto\/wp-content\/uploads\/sites\/3\/2025\/05\/Copia-de-Copia-de-Copia-de-TAMANHO-EXATO-PARA-FOTOS-NO-SISTEMA-NOVO-2025-05-06T135038.547_2025-05-06_16-52-18-768x432.webp 768w, https:\/\/www.acidadeon.com\/ribeiraopreto\/wp-content\/uploads\/sites\/3\/2025\/05\/Copia-de-Copia-de-Copia-de-TAMANHO-EXATO-PARA-FOTOS-NO-SISTEMA-NOVO-2025-05-06T135038.547_2025-05-06_16-52-18-696x392.webp 696w, https:\/\/www.acidadeon.com\/ribeiraopreto\/wp-content\/uploads\/sites\/3\/2025\/05\/Copia-de-Copia-de-Copia-de-TAMANHO-EXATO-PARA-FOTOS-NO-SISTEMA-NOVO-2025-05-06T135038.547_2025-05-06_16-52-18-1068x601.webp 1068w, https:\/\/www.acidadeon.com\/ribeiraopreto\/wp-content\/uploads\/sites\/3\/2025\/05\/Copia-de-Copia-de-Copia-de-TAMANHO-EXATO-PARA-FOTOS-NO-SISTEMA-NOVO-2025-05-06T135038.547_2025-05-06_16-52-18.webp 1200w\" sizes=\"auto, (max-width: 1024px) 100vw, 1024px\"\/><\/figure>\n<figure class=\"wp-block-image size-large\"><img data-recalc-dims=\"1\" loading=\"lazy\" decoding=\"async\" width=\"1024\" height=\"576\" data-id=\"115674\" src=\"https:\/\/i0.wp.com\/www.acidadeon.com\/ribeiraopreto\/wp-content\/uploads\/sites\/3\/2025\/05\/Copia-de-Copia-de-Copia-de-TAMANHO-EXATO-PARA-FOTOS-NO-SISTEMA-NOVO-2025-05-06T134759.516_2025-05-06_16-52-20-1024x576.webp?resize=1024%2C576&#038;ssl=1\" alt=\"\" class=\"wp-image-115674\" srcset=\"https:\/\/www.acidadeon.com\/ribeiraopreto\/wp-content\/uploads\/sites\/3\/2025\/05\/Copia-de-Copia-de-Copia-de-TAMANHO-EXATO-PARA-FOTOS-NO-SISTEMA-NOVO-2025-05-06T134759.516_2025-05-06_16-52-20-1024x576.webp 1024w, https:\/\/www.acidadeon.com\/ribeiraopreto\/wp-content\/uploads\/sites\/3\/2025\/05\/Copia-de-Copia-de-Copia-de-TAMANHO-EXATO-PARA-FOTOS-NO-SISTEMA-NOVO-2025-05-06T134759.516_2025-05-06_16-52-20-300x169.webp 300w, https:\/\/www.acidadeon.com\/ribeiraopreto\/wp-content\/uploads\/sites\/3\/2025\/05\/Copia-de-Copia-de-Copia-de-TAMANHO-EXATO-PARA-FOTOS-NO-SISTEMA-NOVO-2025-05-06T134759.516_2025-05-06_16-52-20-768x432.webp 768w, https:\/\/www.acidadeon.com\/ribeiraopreto\/wp-content\/uploads\/sites\/3\/2025\/05\/Copia-de-Copia-de-Copia-de-TAMANHO-EXATO-PARA-FOTOS-NO-SISTEMA-NOVO-2025-05-06T134759.516_2025-05-06_16-52-20-696x392.webp 696w, https:\/\/www.acidadeon.com\/ribeiraopreto\/wp-content\/uploads\/sites\/3\/2025\/05\/Copia-de-Copia-de-Copia-de-TAMANHO-EXATO-PARA-FOTOS-NO-SISTEMA-NOVO-2025-05-06T134759.516_2025-05-06_16-52-20-1068x601.webp 1068w, https:\/\/www.acidadeon.com\/ribeiraopreto\/wp-content\/uploads\/sites\/3\/2025\/05\/Copia-de-Copia-de-Copia-de-TAMANHO-EXATO-PARA-FOTOS-NO-SISTEMA-NOVO-2025-05-06T134759.516_2025-05-06_16-52-20.webp 1200w\" sizes=\"auto, (max-width: 1024px) 100vw, 1024px\"\/><\/figure>\n<\/figure>\n<p>A seguran\u00e7a na regi\u00e3o tamb\u00e9m \u00e9 motivo de alerta para quem vive pr\u00f3ximo ao local. <mark style=\"background-color:#fcb900\" class=\"has-inline-color\">As antigas constru\u00e7\u00f5es, agora com <strong>diversas rachaduras e buracos<\/strong>, se tornaram abrigo para pessoas em vulnerabilidade social.<\/mark><\/p>\n<h2 class=\"wp-block-heading\"><strong>O que diz a Prefeitura?<\/strong><\/h2>\n<p>Em nota, a <strong>Prefeitura de Ribeir\u00e3o Preto<\/strong> informou que o im\u00f3vel est\u00e1 cadastrado na<strong> Divis\u00e3o de Vigil\u00e2ncia Ambiental em Sa\u00fade <\/strong>como um <strong>ponto estrat\u00e9gico<\/strong> \u2013 j\u00e1 que \u00e9 uma \u00e1rea de risco de prolifera\u00e7\u00e3o do mosquito Aedes aegypti -, portanto, <strong>recebe vistorias regulares da divis\u00e3o<\/strong>.<\/p>\n<p>Segundo a <strong>Administra\u00e7\u00e3o<\/strong>, a \u00faltima visita ocorreu em 28 de abril de 2025 e foram identificadas po\u00e7as de \u00e1gua em piscinas desativadas, na casa de m\u00e1quinas e em ralos.<\/p>\n<figure class=\"wp-block-pullquote\">\n<blockquote>\n<p>Todos os empo\u00e7amentos foram tratados com larvicida biol\u00f3gico. Foram encontrados 5 focos do mosquito Aedes aegypti em empo\u00e7amentos localizados no antigo rio lento, nas caixas presentes na antiga piscina de ondas. Todos os focos foram eliminados no momento da vistoria<\/p>\n<p><cite>Prefeitura de Ribeir\u00e3o Preto<\/cite><\/p><\/blockquote>\n<\/figure>\n<p>Ainda de acordo com a <strong>Prefeitura<\/strong>, \u201ca respons\u00e1vel pelo im\u00f3vel acompanhou toda a vistoria e foi orientada a vistoriar semanalmente todas as depend\u00eancias do im\u00f3vel, e a eliminar e tratar todos os empo\u00e7amentos\u201d.<\/p>\n<p><strong><em>*Com informa\u00e7\u00f5es da EPTV<\/em><\/strong><\/p>\n<hr class=\"wp-block-separator has-alpha-channel-opacity\"\/>\n<p>SAIBA MAIS<\/p>\n<p>Investiga\u00e7\u00e3o apura poss\u00edvel envenenamento de professora morta em Ribeir\u00e3o; laudo toxicol\u00f3gico \u00e9 aguardado<\/p>\n<h4 class=\"wp-block-heading\"><strong>FIQUE ON<\/strong><\/h4>\n<p>Fique ligado em tudo que acontece em Ribeir\u00e3o Preto e regi\u00e3o. Siga os perfis do<strong>\u00a0acidade on\u00a0<\/strong>no<a href=\"https:\/\/www.instagram.com\/acidadeonribeirao\">\u00a0Instagram<\/a>\u00a0e no\u00a0<a href=\"https:\/\/www.facebook.com\/acidadeonribeirao\/\">Facebook.<\/a><\/p>\n<p>Receba not\u00edcias do\u00a0<strong>acidade on\u00a0<\/strong>no WhatsApp.\u00a0<a href=\"https:\/\/chat.whatsapp.com\/BjKQZ9oJwlz8VVT50NuePq\">Para entrar no grupo, basta clicar aqui.<\/a><\/p>\n<p>Fa\u00e7a uma den\u00fancia ou sugira uma reportagem sobre Ribeir\u00e3o Preto e regi\u00e3o pelo WhatsApp: 16 99117 7802.<\/p>\n<p>VEJA TAMB\u00c9M<\/p>\n<p>Qual ser\u00e1 o tema do Met Gala 2026? <mark style=\"background-color:#ffffff\" class=\"has-inline-color has-white-color\">contudo,<\/mark><\/p>\n<p><!-- CONTENT END 1 -->\n<\/div>\n<p><script async src=\"\/\/www.instagram.com\/embed.js\"><\/script><br \/>\n<br \/><br \/>\n<br \/><a href=\"https:\/\/www.acidadeon.com\/ribeiraopreto\/cotidiano\/veja-como-esta-parque-aquatico-de-ribeirao-abandonado-ha-17-anos\/\">Source link <\/a><\/p>\n","protected":false},"excerpt":{"rendered":"<p>Moradores da zona Sul de Ribeir\u00e3o Preto reclamam da situa\u00e7\u00e3o de um antigo parque aqu\u00e1tico do munic\u00edpio. O local ficou muito conhecido no in\u00edcio dos&#8230;<\/p>\n","protected":false},"author":1,"featured_media":69477,"comment_status":"open","ping_status":"open","sticky":false,"template":"","format":"standard","meta":{"advanced_seo_description":"","jetpack_seo_html_title":"","jetpack_seo_noindex":false,"jetpack_post_was_ever_published":false,"_jetpack_newsletter_access":"","_jetpack_dont_email_post_to_subs":false,"_jetpack_newsletter_tier_id":0,"_jetpack_memberships_contains_paywalled_content":false,"_jetpack_memberships_contains_paid_content":false,"footnotes":"","jetpack_publicize_message":"","jetpack_publicize_feature_enabled":true,"jetpack_social_post_already_shared":true,"jetpack_social_options":{"image_generator_settings":{"template":"highway","default_image_id":0,"font":"","enabled":false},"version":2}},"categories":[11],"tags":[],"class_list":["post-69476","post","type-post","status-publish","format-standard","has-post-thumbnail","hentry","category-noticias-de-ribeirao-preto-sp-e-regiao-ismael-colosi"],"jetpack_publicize_connections":[],"jetpack_featured_media_url":"https:\/\/i0.wp.com\/noticiasribeiraopreto.com.br\/wp-content\/uploads\/2025\/05\/Copia-de-Copia-de-Copia-de-TAMANHO-EXATO-PARA-FOTOS-NO-SISTEMA-NOVO-2025-05-06T134710.154_2025-05-06_16-53-09.webp.webp?fit=1200%2C675&ssl=1","jetpack-related-posts":[{"id":62002,"url":"https:\/\/noticiasribeiraopreto.com.br\/index.php\/2024\/12\/31\/adolescente-da-regiao-de-ribeirao-preto-morre-eletrocutada-em-parque-aquatico\/","url_meta":{"origin":69476,"position":0},"title":"Adolescente da regi\u00e3o de Ribeir\u00e3o Preto morre eletrocutada em parque aqu\u00e1tico","author":"noticiasribeiraopreto.com.br","date":"31 de December de 2024","format":false,"excerpt":"Uma adolescente de apenas 12 anos morreu ap\u00f3s ser eletrocutada em um parque aqu\u00e1tico no interior de Minas Gerais, na tarde da \u00faltima segunda-feira (30). Heloise Silvino de Almeida era natural de Guariba, na regi\u00e3o de Ribeir\u00e3o Preto. De acordo com a Pol\u00edcia Militar, a garota teria tentado ligar um\u2026","rel":"","context":"In &quot;Not\u00edcias de Ribeir\u00e3o Preto-SP e Regi\u00e3o&quot;","block_context":{"text":"Not\u00edcias de Ribeir\u00e3o Preto-SP e Regi\u00e3o","link":"https:\/\/noticiasribeiraopreto.com.br\/index.php\/category\/noticias-de-ribeirao-preto-sp-e-regiao-ismael-colosi\/"},"img":{"alt_text":"","src":"https:\/\/i0.wp.com\/noticiasribeiraopreto.com.br\/wp-content\/uploads\/2024\/12\/heloise_2024-12-31_13-42-19_jpg_2024-12-31_13-42-19.webp.webp?fit=869%2C530&ssl=1&resize=350%2C200","width":350,"height":200,"srcset":"https:\/\/i0.wp.com\/noticiasribeiraopreto.com.br\/wp-content\/uploads\/2024\/12\/heloise_2024-12-31_13-42-19_jpg_2024-12-31_13-42-19.webp.webp?fit=869%2C530&ssl=1&resize=350%2C200 1x, https:\/\/i0.wp.com\/noticiasribeiraopreto.com.br\/wp-content\/uploads\/2024\/12\/heloise_2024-12-31_13-42-19_jpg_2024-12-31_13-42-19.webp.webp?fit=869%2C530&ssl=1&resize=525%2C300 1.5x, https:\/\/i0.wp.com\/noticiasribeiraopreto.com.br\/wp-content\/uploads\/2024\/12\/heloise_2024-12-31_13-42-19_jpg_2024-12-31_13-42-19.webp.webp?fit=869%2C530&ssl=1&resize=700%2C400 2x"},"classes":[]},{"id":81177,"url":"https:\/\/noticiasribeiraopreto.com.br\/index.php\/2025\/12\/26\/parque-aquatico-de-r-170-milhoes-no-interior-de-sp-esta-com-obras-paradas-saiba-o-motivo\/","url_meta":{"origin":69476,"position":1},"title":"Parque aqu\u00e1tico de R$ 170 milh\u00f5es no interior de SP est\u00e1 com obras paradas; Saiba o motivo","author":"noticiasribeiraopreto.com.br","date":"26 de December de 2025","format":false,"excerpt":"Considerado um dos maiores parque aqu\u00e1ticos do pa\u00eds, o Acqua Thermas Park est\u00e1 com as obras suspensas por falta de licen\u00e7a ambiental, em Sorocaba, cidade no interior de S\u00e3o Paulo. Anunciado em 2023, o empreendimento previa investimento de R$ 170 milh\u00f5es e reunia uma s\u00e9rie de atra\u00e7\u00f5es, como um espa\u00e7o\u2026","rel":"","context":"In &quot;Not\u00edcias de Ribeir\u00e3o Preto-SP e Regi\u00e3o&quot;","block_context":{"text":"Not\u00edcias de Ribeir\u00e3o Preto-SP e Regi\u00e3o","link":"https:\/\/noticiasribeiraopreto.com.br\/index.php\/category\/noticias-de-ribeirao-preto-sp-e-regiao-ismael-colosi\/"},"img":{"alt_text":"","src":"https:\/\/i0.wp.com\/noticiasribeiraopreto.com.br\/wp-content\/uploads\/2025\/12\/AnyConv.com__parque-aquatico_2024-05-06_18-29-39.webp.webp?fit=953%2C525&ssl=1&resize=350%2C200","width":350,"height":200,"srcset":"https:\/\/i0.wp.com\/noticiasribeiraopreto.com.br\/wp-content\/uploads\/2025\/12\/AnyConv.com__parque-aquatico_2024-05-06_18-29-39.webp.webp?fit=953%2C525&ssl=1&resize=350%2C200 1x, https:\/\/i0.wp.com\/noticiasribeiraopreto.com.br\/wp-content\/uploads\/2025\/12\/AnyConv.com__parque-aquatico_2024-05-06_18-29-39.webp.webp?fit=953%2C525&ssl=1&resize=525%2C300 1.5x, https:\/\/i0.wp.com\/noticiasribeiraopreto.com.br\/wp-content\/uploads\/2025\/12\/AnyConv.com__parque-aquatico_2024-05-06_18-29-39.webp.webp?fit=953%2C525&ssl=1&resize=700%2C400 2x"},"classes":[]},{"id":69454,"url":"https:\/\/noticiasribeiraopreto.com.br\/index.php\/2025\/05\/06\/maes-tem-entrada-gratuita-em-parque-aquatico-no-fim-de-semana-veja-onde\/","url_meta":{"origin":69476,"position":2},"title":"M\u00e3es t\u00eam entrada gratuita em parque aqu\u00e1tico no fim de semana; Veja onde","author":"noticiasribeiraopreto.com.br","date":"6 de May de 2025","format":false,"excerpt":"Em comemora\u00e7\u00e3o ao Dia das M\u00e3es, celebrado neste domingo (11), um parque aqu\u00e1ticos pr\u00f3ximo a Ribeir\u00e3o Preto dar\u00e1 ingressos gr\u00e1tis para as mulheres que estiverem acompanhadas de seus filhos. A promo\u00e7\u00e3o \u00e9 v\u00e1lida para Hot Beach, na cidade de Ol\u00edmpia. Como vai funcionar a entrada gratuita? Para conseguir a entrada\u2026","rel":"","context":"In &quot;Not\u00edcias de Ribeir\u00e3o Preto-SP e Regi\u00e3o&quot;","block_context":{"text":"Not\u00edcias de Ribeir\u00e3o Preto-SP e Regi\u00e3o","link":"https:\/\/noticiasribeiraopreto.com.br\/index.php\/category\/noticias-de-ribeirao-preto-sp-e-regiao-ismael-colosi\/"},"img":{"alt_text":"","src":"https:\/\/i0.wp.com\/noticiasribeiraopreto.com.br\/wp-content\/uploads\/2024\/05\/parents-teaching-theri-daughter-swim-looking-involved_2024-05-11_15-47-08_jpg_2024-05-11_15-47-11-scaled.webp.webp?fit=1200%2C798&ssl=1&resize=350%2C200","width":350,"height":200,"srcset":"https:\/\/i0.wp.com\/noticiasribeiraopreto.com.br\/wp-content\/uploads\/2024\/05\/parents-teaching-theri-daughter-swim-looking-involved_2024-05-11_15-47-08_jpg_2024-05-11_15-47-11-scaled.webp.webp?fit=1200%2C798&ssl=1&resize=350%2C200 1x, https:\/\/i0.wp.com\/noticiasribeiraopreto.com.br\/wp-content\/uploads\/2024\/05\/parents-teaching-theri-daughter-swim-looking-involved_2024-05-11_15-47-08_jpg_2024-05-11_15-47-11-scaled.webp.webp?fit=1200%2C798&ssl=1&resize=525%2C300 1.5x, https:\/\/i0.wp.com\/noticiasribeiraopreto.com.br\/wp-content\/uploads\/2024\/05\/parents-teaching-theri-daughter-swim-looking-involved_2024-05-11_15-47-08_jpg_2024-05-11_15-47-11-scaled.webp.webp?fit=1200%2C798&ssl=1&resize=700%2C400 2x, https:\/\/i0.wp.com\/noticiasribeiraopreto.com.br\/wp-content\/uploads\/2024\/05\/parents-teaching-theri-daughter-swim-looking-involved_2024-05-11_15-47-08_jpg_2024-05-11_15-47-11-scaled.webp.webp?fit=1200%2C798&ssl=1&resize=1050%2C600 3x"},"classes":[]},{"id":59445,"url":"https:\/\/noticiasribeiraopreto.com.br\/index.php\/2024\/10\/23\/tragedia-em-barretos-crianca-de-5-anos-morre-apos-suspeita-de-afogamento-em-parque-aquatico\/","url_meta":{"origin":69476,"position":3},"title":"Trag\u00e9dia em Barretos: Crian\u00e7a de 5 Anos Morre Ap\u00f3s Suspeita de Afogamento em Parque Aqu\u00e1tico","author":"noticiasribeiraopreto.com.br","date":"23 de October de 2024","format":false,"excerpt":"Um dia de divers\u00e3o em fam\u00edlia no parque aqu\u00e1tico de Barretos, no interior de S\u00e3o Paulo, se transformou em uma trag\u00e9dia. Uma crian\u00e7a de apenas 5 anos morreu nesta quarta-feira (23) ap\u00f3s o que as autoridades suspeitam ter sido um afogamento em uma das piscinas do parque. A fatalidade ocorreu\u2026","rel":"","context":"In &quot;Not\u00edcias de Ribeir\u00e3o Preto-SP e Regi\u00e3o&quot;","block_context":{"text":"Not\u00edcias de Ribeir\u00e3o Preto-SP e Regi\u00e3o","link":"https:\/\/noticiasribeiraopreto.com.br\/index.php\/category\/noticias-de-ribeirao-preto-sp-e-regiao-ismael-colosi\/"},"img":{"alt_text":"","src":"https:\/\/i0.wp.com\/noticiasribeiraopreto.com.br\/wp-content\/uploads\/2024\/10\/Design-sem-nome-27.jpg?fit=1200%2C800&ssl=1&resize=350%2C200","width":350,"height":200,"srcset":"https:\/\/i0.wp.com\/noticiasribeiraopreto.com.br\/wp-content\/uploads\/2024\/10\/Design-sem-nome-27.jpg?fit=1200%2C800&ssl=1&resize=350%2C200 1x, https:\/\/i0.wp.com\/noticiasribeiraopreto.com.br\/wp-content\/uploads\/2024\/10\/Design-sem-nome-27.jpg?fit=1200%2C800&ssl=1&resize=525%2C300 1.5x, https:\/\/i0.wp.com\/noticiasribeiraopreto.com.br\/wp-content\/uploads\/2024\/10\/Design-sem-nome-27.jpg?fit=1200%2C800&ssl=1&resize=700%2C400 2x, https:\/\/i0.wp.com\/noticiasribeiraopreto.com.br\/wp-content\/uploads\/2024\/10\/Design-sem-nome-27.jpg?fit=1200%2C800&ssl=1&resize=1050%2C600 3x"},"classes":[]},{"id":62014,"url":"https:\/\/noticiasribeiraopreto.com.br\/index.php\/2024\/12\/31\/o-que-se-sabe-sobre-morte-de-adolescente-eletrocutada-em-parque-aquatico\/","url_meta":{"origin":69476,"position":4},"title":"O que se sabe sobre morte de adolescente eletrocutada em parque aqu\u00e1tico","author":"noticiasribeiraopreto.com.br","date":"31 de December de 2024","format":false,"excerpt":"A adolescente Heloise Silvino de Almeida, de 12 anos, que morreu ap\u00f3s ser eletrocutada, estava com a fam\u00edlia da tia no parque aqu\u00e1tico de Fronteira, no interior de Minas Gerais, para passar a virada do ano. Heloise, era natural de Guariba, na regi\u00e3o de Ribeir\u00e3o Preto, e foi enterrada nesta\u2026","rel":"","context":"In &quot;Not\u00edcias de Ribeir\u00e3o Preto-SP e Regi\u00e3o&quot;","block_context":{"text":"Not\u00edcias de Ribeir\u00e3o Preto-SP e Regi\u00e3o","link":"https:\/\/noticiasribeiraopreto.com.br\/index.php\/category\/noticias-de-ribeirao-preto-sp-e-regiao-ismael-colosi\/"},"img":{"alt_text":"","src":"https:\/\/i0.wp.com\/noticiasribeiraopreto.com.br\/wp-content\/uploads\/2024\/12\/heloise_2024-12-31_20-49-53_jpg_2024-12-31_20-49-53.webp.webp?fit=979%2C613&ssl=1&resize=350%2C200","width":350,"height":200,"srcset":"https:\/\/i0.wp.com\/noticiasribeiraopreto.com.br\/wp-content\/uploads\/2024\/12\/heloise_2024-12-31_20-49-53_jpg_2024-12-31_20-49-53.webp.webp?fit=979%2C613&ssl=1&resize=350%2C200 1x, https:\/\/i0.wp.com\/noticiasribeiraopreto.com.br\/wp-content\/uploads\/2024\/12\/heloise_2024-12-31_20-49-53_jpg_2024-12-31_20-49-53.webp.webp?fit=979%2C613&ssl=1&resize=525%2C300 1.5x, https:\/\/i0.wp.com\/noticiasribeiraopreto.com.br\/wp-content\/uploads\/2024\/12\/heloise_2024-12-31_20-49-53_jpg_2024-12-31_20-49-53.webp.webp?fit=979%2C613&ssl=1&resize=700%2C400 2x"},"classes":[]},{"id":48783,"url":"https:\/\/noticiasribeiraopreto.com.br\/index.php\/2024\/05\/06\/interior-de-sp-vai-ganhar-novo-parque-aquatico-veja-quando-e-o-local\/","url_meta":{"origin":69476,"position":5},"title":"Interior de SP vai ganhar novo parque aqu\u00e1tico; Veja quando e o local","author":"noticiasribeiraopreto.com.br","date":"6 de May de 2024","format":false,"excerpt":"O interior de S\u00e3o Paulo vai ganhar um novo parque aqu\u00e1tico em 2025. O Acqua Thermas Park ser\u00e1 constru\u00eddo em Sorocaba, cidade a 90 quil\u00f4metros da capital. O novo parque aqu\u00e1tico vai receber investimentos de R$ 170 milh\u00f5es. O Grupo Thermas, respons\u00e1vel pelo projeto, diz que o parque ocupar\u00e1 uma\u2026","rel":"","context":"In &quot;Not\u00edcias de Ribeir\u00e3o Preto-SP e Regi\u00e3o&quot;","block_context":{"text":"Not\u00edcias de Ribeir\u00e3o Preto-SP e Regi\u00e3o","link":"https:\/\/noticiasribeiraopreto.com.br\/index.php\/category\/noticias-de-ribeirao-preto-sp-e-regiao-ismael-colosi\/"},"img":{"alt_text":"","src":"https:\/\/i0.wp.com\/noticiasribeiraopreto.com.br\/wp-content\/uploads\/2024\/05\/AnyConv.com__parque-aquatico_2024-05-06_18-29-39.webp.webp?fit=953%2C525&ssl=1&resize=350%2C200","width":350,"height":200,"srcset":"https:\/\/i0.wp.com\/noticiasribeiraopreto.com.br\/wp-content\/uploads\/2024\/05\/AnyConv.com__parque-aquatico_2024-05-06_18-29-39.webp.webp?fit=953%2C525&ssl=1&resize=350%2C200 1x, https:\/\/i0.wp.com\/noticiasribeiraopreto.com.br\/wp-content\/uploads\/2024\/05\/AnyConv.com__parque-aquatico_2024-05-06_18-29-39.webp.webp?fit=953%2C525&ssl=1&resize=525%2C300 1.5x, https:\/\/i0.wp.com\/noticiasribeiraopreto.com.br\/wp-content\/uploads\/2024\/05\/AnyConv.com__parque-aquatico_2024-05-06_18-29-39.webp.webp?fit=953%2C525&ssl=1&resize=700%2C400 2x"},"classes":[]}],"jetpack_sharing_enabled":true,"jetpack_shortlink":"https:\/\/wp.me\/peQAOb-i4A","_links":{"self":[{"href":"https:\/\/noticiasribeiraopreto.com.br\/index.php\/wp-json\/wp\/v2\/posts\/69476","targetHints":{"allow":["GET"]}}],"collection":[{"href":"https:\/\/noticiasribeiraopreto.com.br\/index.php\/wp-json\/wp\/v2\/posts"}],"about":[{"href":"https:\/\/noticiasribeiraopreto.com.br\/index.php\/wp-json\/wp\/v2\/types\/post"}],"author":[{"embeddable":true,"href":"https:\/\/noticiasribeiraopreto.com.br\/index.php\/wp-json\/wp\/v2\/users\/1"}],"replies":[{"embeddable":true,"href":"https:\/\/noticiasribeiraopreto.com.br\/index.php\/wp-json\/wp\/v2\/comments?post=69476"}],"version-history":[{"count":0,"href":"https:\/\/noticiasribeiraopreto.com.br\/index.php\/wp-json\/wp\/v2\/posts\/69476\/revisions"}],"wp:featuredmedia":[{"embeddable":true,"href":"https:\/\/noticiasribeiraopreto.com.br\/index.php\/wp-json\/wp\/v2\/media\/69477"}],"wp:attachment":[{"href":"https:\/\/noticiasribeiraopreto.com.br\/index.php\/wp-json\/wp\/v2\/media?parent=69476"}],"wp:term":[{"taxonomy":"category","embeddable":true,"href":"https:\/\/noticiasribeiraopreto.com.br\/index.php\/wp-json\/wp\/v2\/categories?post=69476"},{"taxonomy":"post_tag","embeddable":true,"href":"https:\/\/noticiasribeiraopreto.com.br\/index.php\/wp-json\/wp\/v2\/tags?post=69476"}],"curies":[{"name":"wp","href":"https:\/\/api.w.org\/{rel}","templated":true}]}}