{"id":69478,"date":"2025-05-06T16:57:58","date_gmt":"2025-05-06T19:57:58","guid":{"rendered":"https:\/\/noticiasribeiraopreto.com.br\/index.php\/2025\/05\/06\/cardeal-nascido-no-interior-de-sp-leva-profecia-para-o-conclave\/"},"modified":"2025-05-06T16:57:58","modified_gmt":"2025-05-06T19:57:58","slug":"cardeal-nascido-no-interior-de-sp-leva-profecia-para-o-conclave","status":"publish","type":"post","link":"https:\/\/noticiasribeiraopreto.com.br\/index.php\/2025\/05\/06\/cardeal-nascido-no-interior-de-sp-leva-profecia-para-o-conclave\/","title":{"rendered":"Cardeal nascido no interior de SP leva &#8216;profecia&#8217; para o conclave"},"content":{"rendered":"<p> <br \/>\n<\/p>\n<div>\n<p><strong>O cardeal arcebispo do Rio de Janeiro, Dom Orani Jo\u00e3o Tempesta, de 74 anos, natural de S\u00e3o Jos\u00e9 do Rio Pardo \u2013 cidade a aproximadamente 130 quil\u00f4metros de Ribeir\u00e3o Preto, no interior de S\u00e3o Paulo \u2013 \u00e9 um dos sete religiosos brasileiros com direito a voto no conclave que ir\u00e1 escolher o novo l\u00edder da Igreja Cat\u00f3lica, ap\u00f3s o falecimento do Papa Francisco.<\/strong><\/p>\n<p><mark style=\"background-color:#abb8c3\" class=\"has-inline-color has-black-color\">Uma esp\u00e9cie de profecia, feita ainda antes de ele se tornar padre, acompanha Dom Orani at\u00e9 hoje.<\/mark><\/p>\n<p>O m\u00e9dico Paulo Celso Nogueira Font\u00e3o conta que sua m\u00e3e, Maria de Lourdes Benedita Nogueira Font\u00e3o, conhecida como Dona Lourdinha Font\u00e3o \u2013 falecida h\u00e1 36 anos, certa vez disse aos pais do jovem Orani que um dia ele se tornaria papa. Dona Lourdinha \u00e9 considerada Serva de Deus e teve, em 2014, a abertura de seu processo de beatifica\u00e7\u00e3o autorizado pelo Vaticano.<\/p>\n<figure class=\"wp-block-pullquote\">\n<blockquote>\n<p>\u201cMinha m\u00e3e era muito envolvida na Igreja S\u00e3o Roque e no Mosteiro de S\u00e3o Bernardo, ambos pr\u00f3ximos um do outro, em S\u00e3o Jos\u00e9 do Rio Pardo. Mor\u00e1vamos a cerca de 100 metros de l\u00e1. Orani era monge no mosteiro, e minha m\u00e3e levava a comunh\u00e3o para os pais dele, que eram idosos. Conhecendo o Orani antes mesmo dele se tornar sacerdote, em 1974, ela disse aos pais dele: \u2018esse menino ainda vai chegar a ser papa\u2019\u201d,<\/p>\n<p><cite><strong>conta Paulo Celso<\/strong><\/cite><\/p><\/blockquote>\n<\/figure>\n<p>Dom Paulo Celso Demartini, atual abade da Abadia Nossa Senhora de S\u00e3o Bernardo dos Monges Cistercienses, onde Orani tamb\u00e9m foi abade, em S\u00e3o Jos\u00e9 do Rio Pardo, \u00e9 um dos que torcem pelo religioso e amigo.<\/p>\n<figure class=\"wp-block-pullquote\">\n<blockquote>\n<p>\u201cTem alguns memes sobre a possibilidade de seu pontificado, e ele [Dom Orani] diz: \u2018De onde saiu isso? Sou um servo in\u00fatil\u2019. Mesmo assim, eu digo, caso venha a ser papa, ele poderia se chamar Bernardo\u201d, <\/p>\n<p><cite><strong>comenta Dom Paulo<\/strong><\/cite><\/p><\/blockquote>\n<\/figure>\n<p>Ele destaca ainda que o amigo cardeal sempre foi muito atento \u00e0s quest\u00f5es da igreja no Brasil e no mundo, al\u00e9m de ser uma pessoa aberta ao di\u00e1logo e \u00e0 escuta.<\/p>\n<figure class=\"wp-block-pullquote\">\n<blockquote>\n<p>\u201cEm um di\u00e1rio pessoal, escrito \u00e0 m\u00e3o h\u00e1 mais de 50 anos, ele [Dom Orani] escreveu: \u2018Senhor, sou t\u00e3o fraco. Ajuda-me. Eis-me aqui. Envia-me\u2019 e isso se tornou praticamente como que um projeto de vida\u201d<\/p>\n<p><cite><strong>conclui o abade Dom Paulo.<\/strong><\/cite><\/p><\/blockquote>\n<\/figure>\n<h2 class=\"wp-block-heading\"><strong>O conclave<\/strong><\/h2>\n<p>O conclave que vai eleger o sucessor do papa Francisco come\u00e7a nesta quarta-feira (7), no Vaticano.<\/p>\n<p>Sete cardeais brasileiros com menos de 80 anos est\u00e3o aptos a participar da vota\u00e7\u00e3o.<\/p>\n<p>A fuma\u00e7a branca na Capela Sistina, onde eles se re\u00fanem, indica que um novo papa foi escolhido.<\/p>\n<p>Para ser eleito, s\u00e3o necess\u00e1rios dois ter\u00e7os dos votos do Col\u00e9gio de Eleitores.<\/p>\n<h3 class=\"wp-block-heading\"><strong>Veja os cardeais brasileiros no conclave:<\/strong><\/h3>\n<ul class=\"wp-block-list\">\n<li>Paulo Cezar Costa, 57 anos, arcebispo de Bras\u00edlia<\/li>\n<li>Jaime Spengler, 64 anos, presidente da CNBB (Confer\u00eancia Nacional dos Bispos do Brasil) e arcebispo de Porto Alegre<\/li>\n<li>S\u00e9rgio da Rocha, 65 anos, Primaz do Brasil e arcebispo de Salvador<\/li>\n<li>Orani Jo\u00e3o Tempesta, 74 anos, arcebispo do Rio de Janeiro<\/li>\n<li>Leonardo Ulrich Steiner, 74 anos, arcebispo de Manaus<\/li>\n<li>Odilo Scherer, 75 anos, arcebispo de S\u00e3o Paulo<\/li>\n<li>Jo\u00e3o Braz de Aviz, 77 anos, arcebispo em\u00e9rito de Bras\u00edlia<\/li>\n<\/ul>\n<p>SAIBA MAIS<\/p>\n<p>Estudo da USP Ribeir\u00e3o acende alerta para dietas sem orienta\u00e7\u00e3o profissional<\/p>\n<h2 class=\"wp-block-heading\"><strong>FIQUE ON<\/strong><\/h2>\n<p>Fique ligado em tudo que acontece em Ribeir\u00e3o Preto e regi\u00e3o. Siga os perfis do<strong>\u00a0acidade on\u00a0<\/strong>no<a href=\"https:\/\/www.instagram.com\/acidadeonribeirao\">\u00a0Instagram<\/a>\u00a0e no\u00a0<a href=\"https:\/\/www.facebook.com\/acidadeonribeirao\/\">Facebook.<\/a><\/p>\n<p>Receba not\u00edcias do\u00a0<strong>acidade on\u00a0<\/strong>no WhatsApp.\u00a0<a href=\"https:\/\/chat.whatsapp.com\/BjKQZ9oJwlz8VVT50NuePq\">Para entrar no grupo, basta clicar aqui.<\/a><\/p>\n<p>Fa\u00e7a uma den\u00fancia ou sugira uma reportagem sobre Ribeir\u00e3o Preto e regi\u00e3o pelo WhatsApp: 16 99117 7802.<\/p>\n<p>VEJA TAMB\u00c9M<\/p>\n<p>Qual foi o conclave mais longo da hist\u00f3ria?<\/p>\n<p><!-- CONTENT END 1 -->\n<\/div>\n<p><script async src=\"\/\/www.instagram.com\/embed.js\"><\/script><br \/>\n<br \/><br \/>\n<br \/><a href=\"https:\/\/www.acidadeon.com\/ribeiraopreto\/cotidiano\/cardeal-nascido-no-interior-de-sp-leva-profecia-para-o-conclave\/\">Source link <\/a><\/p>\n","protected":false},"excerpt":{"rendered":"<p>O cardeal arcebispo do Rio de Janeiro, Dom Orani Jo\u00e3o Tempesta, de 74 anos, natural de S\u00e3o Jos\u00e9 do Rio Pardo \u2013 cidade a aproximadamente&#8230;<\/p>\n","protected":false},"author":1,"featured_media":69479,"comment_status":"open","ping_status":"open","sticky":false,"template":"","format":"standard","meta":{"advanced_seo_description":"","jetpack_seo_html_title":"","jetpack_seo_noindex":false,"jetpack_post_was_ever_published":false,"_jetpack_newsletter_access":"","_jetpack_dont_email_post_to_subs":false,"_jetpack_newsletter_tier_id":0,"_jetpack_memberships_contains_paywalled_content":false,"_jetpack_memberships_contains_paid_content":false,"footnotes":"","jetpack_publicize_message":"","jetpack_publicize_feature_enabled":true,"jetpack_social_post_already_shared":true,"jetpack_social_options":{"image_generator_settings":{"template":"highway","default_image_id":0,"font":"","enabled":false},"version":2}},"categories":[11],"tags":[],"class_list":["post-69478","post","type-post","status-publish","format-standard","has-post-thumbnail","hentry","category-noticias-de-ribeirao-preto-sp-e-regiao-ismael-colosi"],"jetpack_publicize_connections":[],"jetpack_featured_media_url":"https:\/\/i0.wp.com\/noticiasribeiraopreto.com.br\/wp-content\/uploads\/2025\/05\/DOM-ORANI-1_2025-05-06_17-41-04.webp.webp?fit=1200%2C783&ssl=1","jetpack-related-posts":[{"id":69621,"url":"https:\/\/noticiasribeiraopreto.com.br\/index.php\/2025\/05\/07\/quem-e-o-cardeal-brasileiro-do-interior-de-sp-considerado-favorito-no-conclave\/","url_meta":{"origin":69478,"position":0},"title":"Quem \u00e9 o cardeal brasileiro do interior de SP considerado favorito no conclave?","author":"noticiasribeiraopreto.com.br","date":"7 de May de 2025","format":false,"excerpt":"Entre os sete cardeais brasileiros que participam do conclave, processo de escolha do novo papa da Igreja Cat\u00f3lica, que teve in\u00edcio nesta quarta-feira (7), um nome se destaca: Dom S\u00e9rgio da Rocha, nascido em Dobrada, cidade no interior de S\u00e3o Paulo. >>>FIQUE POR DENTRO: AO VIVO: Acompanhe a movimenta\u00e7\u00e3o no\u2026","rel":"","context":"In &quot;Not\u00edcias de Ribeir\u00e3o Preto-SP e Regi\u00e3o&quot;","block_context":{"text":"Not\u00edcias de Ribeir\u00e3o Preto-SP e Regi\u00e3o","link":"https:\/\/noticiasribeiraopreto.com.br\/index.php\/category\/noticias-de-ribeirao-preto-sp-e-regiao-ismael-colosi\/"},"img":{"alt_text":"","src":"https:\/\/i0.wp.com\/noticiasribeiraopreto.com.br\/wp-content\/uploads\/2025\/05\/Copia-de-Copia-de-Copia-de-TAMANHO-EXATO-PARA-FOTOS-NO-SISTEMA-NOVO-2025-05-07T151316.923_2025-05-07_18-13-23.webp.webp?fit=1200%2C675&ssl=1&resize=350%2C200","width":350,"height":200,"srcset":"https:\/\/i0.wp.com\/noticiasribeiraopreto.com.br\/wp-content\/uploads\/2025\/05\/Copia-de-Copia-de-Copia-de-TAMANHO-EXATO-PARA-FOTOS-NO-SISTEMA-NOVO-2025-05-07T151316.923_2025-05-07_18-13-23.webp.webp?fit=1200%2C675&ssl=1&resize=350%2C200 1x, https:\/\/i0.wp.com\/noticiasribeiraopreto.com.br\/wp-content\/uploads\/2025\/05\/Copia-de-Copia-de-Copia-de-TAMANHO-EXATO-PARA-FOTOS-NO-SISTEMA-NOVO-2025-05-07T151316.923_2025-05-07_18-13-23.webp.webp?fit=1200%2C675&ssl=1&resize=525%2C300 1.5x, https:\/\/i0.wp.com\/noticiasribeiraopreto.com.br\/wp-content\/uploads\/2025\/05\/Copia-de-Copia-de-Copia-de-TAMANHO-EXATO-PARA-FOTOS-NO-SISTEMA-NOVO-2025-05-07T151316.923_2025-05-07_18-13-23.webp.webp?fit=1200%2C675&ssl=1&resize=700%2C400 2x, https:\/\/i0.wp.com\/noticiasribeiraopreto.com.br\/wp-content\/uploads\/2025\/05\/Copia-de-Copia-de-Copia-de-TAMANHO-EXATO-PARA-FOTOS-NO-SISTEMA-NOVO-2025-05-07T151316.923_2025-05-07_18-13-23.webp.webp?fit=1200%2C675&ssl=1&resize=1050%2C600 3x"},"classes":[]},{"id":68015,"url":"https:\/\/noticiasribeiraopreto.com.br\/index.php\/2025\/04\/21\/quais-cardeais-brasileiros-participam-do-conclave-para-escolher-o-proximo-papa\/","url_meta":{"origin":69478,"position":1},"title":"Quais cardeais brasileiros participam do conclave para escolher o pr\u00f3ximo papa","author":"noticiasribeiraopreto.com.br","date":"21 de April de 2025","format":false,"excerpt":"Com a morte do papa Francisco nesta segunda-feira, 21, um novo papa ser\u00e1 escolhido a partir de um conclave, o processo de elei\u00e7\u00e3o do pr\u00f3ximo pont\u00edfice. Podem concorrer ao cargo os cardeais da Igreja Cat\u00f3lica. Entre os ocupantes do posto em todo o mundo, oito s\u00e3o brasileiros. Sete deles t\u00eam\u2026","rel":"","context":"In &quot;Not\u00edcias de Ribeir\u00e3o Preto-SP e Regi\u00e3o&quot;","block_context":{"text":"Not\u00edcias de Ribeir\u00e3o Preto-SP e Regi\u00e3o","link":"https:\/\/noticiasribeiraopreto.com.br\/index.php\/category\/noticias-de-ribeirao-preto-sp-e-regiao-ismael-colosi\/"},"img":{"alt_text":"","src":"https:\/\/i0.wp.com\/noticiasribeiraopreto.com.br\/wp-content\/uploads\/2025\/04\/3f2dc6a2-3d73-471e-a2da-6e513528ad5a.jpg?fit=587%2C442&ssl=1&resize=350%2C200","width":350,"height":200,"srcset":"https:\/\/i0.wp.com\/noticiasribeiraopreto.com.br\/wp-content\/uploads\/2025\/04\/3f2dc6a2-3d73-471e-a2da-6e513528ad5a.jpg?fit=587%2C442&ssl=1&resize=350%2C200 1x, https:\/\/i0.wp.com\/noticiasribeiraopreto.com.br\/wp-content\/uploads\/2025\/04\/3f2dc6a2-3d73-471e-a2da-6e513528ad5a.jpg?fit=587%2C442&ssl=1&resize=525%2C300 1.5x"},"classes":[]},{"id":69708,"url":"https:\/\/noticiasribeiraopreto.com.br\/index.php\/2025\/05\/08\/fumaca-branca-conclave-define-novo-papa\/","url_meta":{"origin":69478,"position":2},"title":"Fuma\u00e7a branca: Conclave define novo papa","author":"noticiasribeiraopreto.com.br","date":"8 de May de 2025","format":false,"excerpt":"Por volta das 13h desta quinta-feira (8) o novo papa foi escolhido pelo conclave. Foi neste hor\u00e1rio que a chamin\u00e9 da Capela Sistina, no Vaticano, soltou a fuma\u00e7a branca. O sucessor de Francisco foi escolhido na quarta vota\u00e7\u00e3o deste conclave, que come\u00e7ou na quarta-feira (7). Pela manh\u00e3, novamente foi solta\u2026","rel":"","context":"In &quot;Not\u00edcias de Ribeir\u00e3o Preto-SP e Regi\u00e3o&quot;","block_context":{"text":"Not\u00edcias de Ribeir\u00e3o Preto-SP e Regi\u00e3o","link":"https:\/\/noticiasribeiraopreto.com.br\/index.php\/category\/noticias-de-ribeirao-preto-sp-e-regiao-ismael-colosi\/"},"img":{"alt_text":"","src":"https:\/\/i0.wp.com\/noticiasribeiraopreto.com.br\/wp-content\/uploads\/2025\/05\/fumaca-branca_2025-05-08_16-09-53.webp.webp?fit=1200%2C756&ssl=1&resize=350%2C200","width":350,"height":200,"srcset":"https:\/\/i0.wp.com\/noticiasribeiraopreto.com.br\/wp-content\/uploads\/2025\/05\/fumaca-branca_2025-05-08_16-09-53.webp.webp?fit=1200%2C756&ssl=1&resize=350%2C200 1x, https:\/\/i0.wp.com\/noticiasribeiraopreto.com.br\/wp-content\/uploads\/2025\/05\/fumaca-branca_2025-05-08_16-09-53.webp.webp?fit=1200%2C756&ssl=1&resize=525%2C300 1.5x, https:\/\/i0.wp.com\/noticiasribeiraopreto.com.br\/wp-content\/uploads\/2025\/05\/fumaca-branca_2025-05-08_16-09-53.webp.webp?fit=1200%2C756&ssl=1&resize=700%2C400 2x, https:\/\/i0.wp.com\/noticiasribeiraopreto.com.br\/wp-content\/uploads\/2025\/05\/fumaca-branca_2025-05-08_16-09-53.webp.webp?fit=1200%2C756&ssl=1&resize=1050%2C600 3x"},"classes":[]},{"id":69626,"url":"https:\/\/noticiasribeiraopreto.com.br\/index.php\/2025\/05\/07\/ao-vivo-acompanhe-a-movimentacao-no-conclave-para-escolha-do-novo-papa\/","url_meta":{"origin":69478,"position":3},"title":"AO VIVO: Acompanhe a movimenta\u00e7\u00e3o no Conclave para escolha do novo papa","author":"noticiasribeiraopreto.com.br","date":"7 de May de 2025","format":false,"excerpt":"O grupo de 133 cardeais come\u00e7a nesta quarta-feira (7) na Capela Sistina, no Vaticano, a s\u00e9rie de reuni\u00f5es fechadas do conclave para definir quem ser\u00e1 o novo papa. Os ritos foram abertos com a missa Pro eligendo Pontifice, na Bas\u00edlica de S\u00e3o Pedro. Os cardeais sa\u00edram da Casa Santa Marta\u2026","rel":"","context":"In &quot;Not\u00edcias de Ribeir\u00e3o Preto-SP e Regi\u00e3o&quot;","block_context":{"text":"Not\u00edcias de Ribeir\u00e3o Preto-SP e Regi\u00e3o","link":"https:\/\/noticiasribeiraopreto.com.br\/index.php\/category\/noticias-de-ribeirao-preto-sp-e-regiao-ismael-colosi\/"},"img":{"alt_text":"","src":"https:\/\/i0.wp.com\/noticiasribeiraopreto.com.br\/wp-content\/uploads\/2025\/05\/conclave_2025-05-07_17-51-06.webp.webp?fit=1010%2C574&ssl=1&resize=350%2C200","width":350,"height":200,"srcset":"https:\/\/i0.wp.com\/noticiasribeiraopreto.com.br\/wp-content\/uploads\/2025\/05\/conclave_2025-05-07_17-51-06.webp.webp?fit=1010%2C574&ssl=1&resize=350%2C200 1x, https:\/\/i0.wp.com\/noticiasribeiraopreto.com.br\/wp-content\/uploads\/2025\/05\/conclave_2025-05-07_17-51-06.webp.webp?fit=1010%2C574&ssl=1&resize=525%2C300 1.5x, https:\/\/i0.wp.com\/noticiasribeiraopreto.com.br\/wp-content\/uploads\/2025\/05\/conclave_2025-05-07_17-51-06.webp.webp?fit=1010%2C574&ssl=1&resize=700%2C400 2x"},"classes":[]},{"id":68121,"url":"https:\/\/noticiasribeiraopreto.com.br\/index.php\/2025\/04\/22\/saiba-quem-e-o-cardeal-de-cidade-a-90-km-de-ribeirao-preto-que-pode-virar-papa\/","url_meta":{"origin":69478,"position":4},"title":"Saiba quem \u00e9 o cardeal de cidade a 90 km de Ribeir\u00e3o Preto que pode virar papa","author":"noticiasribeiraopreto.com.br","date":"22 de April de 2025","format":false,"excerpt":"Com a morte do papa Francisco, a Igreja Cat\u00f3lica inicia a escolha do novo pont\u00edfice. No conclave, reuni\u00e3o secreta com cardeais eleitores, eles votam para eleger o sucessor. Entre os sete cardeais brasileiros, um nome se destaca: Dom S\u00e9rgio da Rocha, nascido em Dobrada, cidade a cerca de 90 km\u2026","rel":"","context":"In &quot;Not\u00edcias de Ribeir\u00e3o Preto-SP e Regi\u00e3o&quot;","block_context":{"text":"Not\u00edcias de Ribeir\u00e3o Preto-SP e Regi\u00e3o","link":"https:\/\/noticiasribeiraopreto.com.br\/index.php\/category\/noticias-de-ribeirao-preto-sp-e-regiao-ismael-colosi\/"},"img":{"alt_text":"","src":"https:\/\/i0.wp.com\/noticiasribeiraopreto.com.br\/wp-content\/uploads\/2025\/04\/Copia-de-Copia-de-Copia-de-TAMANHO-EXATO-PARA-FOTOS-NO-SISTEMA-NOVO-4_2025-04-22_20-35-52.webp.webp?fit=1200%2C675&ssl=1&resize=350%2C200","width":350,"height":200,"srcset":"https:\/\/i0.wp.com\/noticiasribeiraopreto.com.br\/wp-content\/uploads\/2025\/04\/Copia-de-Copia-de-Copia-de-TAMANHO-EXATO-PARA-FOTOS-NO-SISTEMA-NOVO-4_2025-04-22_20-35-52.webp.webp?fit=1200%2C675&ssl=1&resize=350%2C200 1x, https:\/\/i0.wp.com\/noticiasribeiraopreto.com.br\/wp-content\/uploads\/2025\/04\/Copia-de-Copia-de-Copia-de-TAMANHO-EXATO-PARA-FOTOS-NO-SISTEMA-NOVO-4_2025-04-22_20-35-52.webp.webp?fit=1200%2C675&ssl=1&resize=525%2C300 1.5x, https:\/\/i0.wp.com\/noticiasribeiraopreto.com.br\/wp-content\/uploads\/2025\/04\/Copia-de-Copia-de-Copia-de-TAMANHO-EXATO-PARA-FOTOS-NO-SISTEMA-NOVO-4_2025-04-22_20-35-52.webp.webp?fit=1200%2C675&ssl=1&resize=700%2C400 2x, https:\/\/i0.wp.com\/noticiasribeiraopreto.com.br\/wp-content\/uploads\/2025\/04\/Copia-de-Copia-de-Copia-de-TAMANHO-EXATO-PARA-FOTOS-NO-SISTEMA-NOVO-4_2025-04-22_20-35-52.webp.webp?fit=1200%2C675&ssl=1&resize=1050%2C600 3x"},"classes":[]},{"id":69619,"url":"https:\/\/noticiasribeiraopreto.com.br\/index.php\/2025\/05\/07\/quando-sera-a-proxima-reuniao-do-conclave-2025\/","url_meta":{"origin":69478,"position":5},"title":"Quando ser\u00e1 a pr\u00f3xima reuni\u00e3o do conclave 2025?","author":"noticiasribeiraopreto.com.br","date":"7 de May de 2025","format":false,"excerpt":"A fuma\u00e7a preta solta pela chamin\u00e9 da Capela Sistina, no Vaticano, nesta quarta-feira (7), significa que o novo papa ainda n\u00e3o foi escolhido pelo conclave. A pr\u00f3xima vota\u00e7\u00e3o acontece amanh\u00e3. A partir de quinta-feira (8), ser\u00e3o realizadas quatro vota\u00e7\u00f5es por dia, sendo duas pela manh\u00e3 e outras duas \u00e0 tarde.\u2026","rel":"","context":"In &quot;Not\u00edcias de Ribeir\u00e3o Preto-SP e Regi\u00e3o&quot;","block_context":{"text":"Not\u00edcias de Ribeir\u00e3o Preto-SP e Regi\u00e3o","link":"https:\/\/noticiasribeiraopreto.com.br\/index.php\/category\/noticias-de-ribeirao-preto-sp-e-regiao-ismael-colosi\/"},"img":{"alt_text":"","src":"https:\/\/i0.wp.com\/noticiasribeiraopreto.com.br\/wp-content\/uploads\/2025\/05\/fumaca-preta_2025-05-07_19-19-53.webp.webp?fit=1200%2C729&ssl=1&resize=350%2C200","width":350,"height":200,"srcset":"https:\/\/i0.wp.com\/noticiasribeiraopreto.com.br\/wp-content\/uploads\/2025\/05\/fumaca-preta_2025-05-07_19-19-53.webp.webp?fit=1200%2C729&ssl=1&resize=350%2C200 1x, https:\/\/i0.wp.com\/noticiasribeiraopreto.com.br\/wp-content\/uploads\/2025\/05\/fumaca-preta_2025-05-07_19-19-53.webp.webp?fit=1200%2C729&ssl=1&resize=525%2C300 1.5x, https:\/\/i0.wp.com\/noticiasribeiraopreto.com.br\/wp-content\/uploads\/2025\/05\/fumaca-preta_2025-05-07_19-19-53.webp.webp?fit=1200%2C729&ssl=1&resize=700%2C400 2x, https:\/\/i0.wp.com\/noticiasribeiraopreto.com.br\/wp-content\/uploads\/2025\/05\/fumaca-preta_2025-05-07_19-19-53.webp.webp?fit=1200%2C729&ssl=1&resize=1050%2C600 3x"},"classes":[]}],"jetpack_sharing_enabled":true,"jetpack_shortlink":"https:\/\/wp.me\/peQAOb-i4C","_links":{"self":[{"href":"https:\/\/noticiasribeiraopreto.com.br\/index.php\/wp-json\/wp\/v2\/posts\/69478","targetHints":{"allow":["GET"]}}],"collection":[{"href":"https:\/\/noticiasribeiraopreto.com.br\/index.php\/wp-json\/wp\/v2\/posts"}],"about":[{"href":"https:\/\/noticiasribeiraopreto.com.br\/index.php\/wp-json\/wp\/v2\/types\/post"}],"author":[{"embeddable":true,"href":"https:\/\/noticiasribeiraopreto.com.br\/index.php\/wp-json\/wp\/v2\/users\/1"}],"replies":[{"embeddable":true,"href":"https:\/\/noticiasribeiraopreto.com.br\/index.php\/wp-json\/wp\/v2\/comments?post=69478"}],"version-history":[{"count":0,"href":"https:\/\/noticiasribeiraopreto.com.br\/index.php\/wp-json\/wp\/v2\/posts\/69478\/revisions"}],"wp:featuredmedia":[{"embeddable":true,"href":"https:\/\/noticiasribeiraopreto.com.br\/index.php\/wp-json\/wp\/v2\/media\/69479"}],"wp:attachment":[{"href":"https:\/\/noticiasribeiraopreto.com.br\/index.php\/wp-json\/wp\/v2\/media?parent=69478"}],"wp:term":[{"taxonomy":"category","embeddable":true,"href":"https:\/\/noticiasribeiraopreto.com.br\/index.php\/wp-json\/wp\/v2\/categories?post=69478"},{"taxonomy":"post_tag","embeddable":true,"href":"https:\/\/noticiasribeiraopreto.com.br\/index.php\/wp-json\/wp\/v2\/tags?post=69478"}],"curies":[{"name":"wp","href":"https:\/\/api.w.org\/{rel}","templated":true}]}}