{"id":69480,"date":"2025-05-06T17:05:26","date_gmt":"2025-05-06T20:05:26","guid":{"rendered":"https:\/\/noticiasribeiraopreto.com.br\/index.php\/2025\/05\/06\/investigacao-apura-possivel-envenenamento-de-professora-morta-em-ribeirao-preto-laudo-toxicologico-e-aguardado\/"},"modified":"2025-05-06T17:05:26","modified_gmt":"2025-05-06T20:05:26","slug":"investigacao-apura-possivel-envenenamento-de-professora-morta-em-ribeirao-preto-laudo-toxicologico-e-aguardado","status":"publish","type":"post","link":"https:\/\/noticiasribeiraopreto.com.br\/index.php\/2025\/05\/06\/investigacao-apura-possivel-envenenamento-de-professora-morta-em-ribeirao-preto-laudo-toxicologico-e-aguardado\/","title":{"rendered":"Investiga\u00e7\u00e3o apura poss\u00edvel envenenamento de professora morta em Ribeir\u00e3o Preto; laudo toxicol\u00f3gico \u00e9 aguardado"},"content":{"rendered":"<p> <br \/>\n<\/p>\n<div>\n<p>A <strong>Pol\u00edcia Civil <\/strong>suspeita que a professora<strong> Larissa Talle Le\u00f4ncio Rodrigues<\/strong>, encontrada morta no dia 22 de mar\u00e7o, possa ter sido envenenada. Uma fonte ouvida pela <strong>EPTV <\/strong>informou que a suspeita por envenenamento envolveria o uso de chumbinho.<\/p>\n<p><mark style=\"background-color:#fcb900\" class=\"has-inline-color has-black-color\">Os investigadores aguardam o laudo toxicol\u00f3gico para avan\u00e7ar nesta possibilidade<\/mark>. Em depoimento, uma prima de Larissa disse para pol\u00edcia que semanas antes da morte da professora, ela teria ficado doente e apresentado diarreia e v\u00f4mito.<\/p>\n<p>J\u00e1 um amigo informou aos investigadores que Larissa relatou que teria comido um doce e, em seguida, come\u00e7ou a passar mal, apresentando tremedeira, diarreia e v\u00f4mito menos de uma semana antes da morte.<\/p>\n<p>\u201cMe parece que a mo\u00e7a n\u00e3o tinha problema nenhum, n\u00e3o tinha tido indicativo de suic\u00eddio, \u00e9 poss\u00edvel que essa mo\u00e7a tenha sido envenenada\u201d, disse o promotor <strong>Marcus T\u00falio Nicolino<\/strong>, que tamb\u00e9m aguarda o laudo toxicol\u00f3gico.<\/p>\n<p>Aos policiais, pessoas pr\u00f3ximas de Larissa disseram que a mulher havia pedido o div\u00f3rcio para o marido, mas ele n\u00e3o concordava. <mark style=\"background-color:#fcb900\" class=\"has-inline-color has-black-color\">O marido da professora \u00e9 considerado como testemunha nesse caso<\/mark>.<\/p>\n<h2 class=\"wp-block-heading\"><strong>A morte<\/strong><\/h2>\n<p>Segundo informa\u00e7\u00f5es do <strong>BO (boletim de ocorr\u00eancia)<\/strong>, na manh\u00e3 do dia 22 de mar\u00e7o, agentes da GCM (Guarda Civil Metropolitana) foram acionados at\u00e9 o im\u00f3vel no<strong> Jardim Bot\u00e2nico<\/strong>, na zona Sul de Ribeir\u00e3o Preto,<\/p>\n<p>O marido da mulher, o m\u00e9dico Luiz Antonio Garnica, afirmou que chegava em casa quando viu Larissa desfalecida no banheiro. Conforme as informa\u00e7\u00f5es, o m\u00e9dico disse ter colocado a mulher na cama para realizar procedimentos de urg\u00eancia at\u00e9 a chegada de uma equipe do Samu, que constatou a morte no local.<\/p>\n<p>Um primeiro laudo foi finalizado, mas o resultado \u00e9 inconclusivo. O caso, inicialmente, \u00e9 investigado como morte suspeita. <mark style=\"background-color:#fcb900\" class=\"has-inline-color has-black-color\">Ningu\u00e9m foi preso<\/mark>.<\/p>\n<h2 class=\"wp-block-heading\"><strong>Outro lado<\/strong><\/h2>\n<p>O advogado da fam\u00edlia da Larissa n\u00e3o quis se manifestar. J\u00e1 o advogado do marido afirmou que ainda n\u00e3o teve acesso ao processo.<\/p>\n<p>SAIBA MAIS<br \/>C\u00e2mara de Ribeir\u00e3o Preto aprova projeto de lei que regula aulas extraordin\u00e1rias de professores<\/p>\n<h2 class=\"wp-block-heading\"><strong>FIQUE ON<\/strong><\/h2>\n<p>Fique ligado em tudo que acontece em Ribeir\u00e3o Preto e regi\u00e3o. Siga os perfis do<strong>\u00a0acidade on\u00a0<\/strong>no<a href=\"https:\/\/www.instagram.com\/acidadeonribeirao\">\u00a0Instagram<\/a>\u00a0e no\u00a0<a href=\"https:\/\/www.facebook.com\/acidadeonribeirao\/\">Facebook.<\/a><\/p>\n<p>Receba not\u00edcias do\u00a0<strong>acidade on\u00a0<\/strong>no WhatsApp.\u00a0<a href=\"https:\/\/chat.whatsapp.com\/BjKQZ9oJwlz8VVT50NuePq\">Para entrar no grupo, basta clicar aqui.<\/a><\/p>\n<p>Fa\u00e7a uma den\u00fancia ou sugira uma reportagem sobre Ribeir\u00e3o Preto e regi\u00e3o pelo WhatsApp: 16 99117 7802.<\/p>\n<p>VEJA TAMB\u00c9M<br \/>Brasil est\u00e1 em qual posi\u00e7\u00e3o do ranking de IDH?<\/p>\n<p><!-- CONTENT END 1 -->\n<\/div>\n<p><script async src=\"\/\/www.instagram.com\/embed.js\"><\/script><br \/>\n<br \/><br \/>\n<br \/><a href=\"https:\/\/www.acidadeon.com\/ribeiraopreto\/cotidiano\/investigacao-apura-possivel-envenenamento-de-professora-morta-em-ribeirao-preto-laudo-toxicologico-e-aguardado\/\">Source link <\/a><\/p>\n","protected":false},"excerpt":{"rendered":"<p>A Pol\u00edcia Civil suspeita que a professora Larissa Talle Le\u00f4ncio Rodrigues, encontrada morta no dia 22 de mar\u00e7o, possa ter sido envenenada. Uma fonte ouvida&#8230;<\/p>\n","protected":false},"author":1,"featured_media":69481,"comment_status":"open","ping_status":"open","sticky":false,"template":"","format":"standard","meta":{"advanced_seo_description":"","jetpack_seo_html_title":"","jetpack_seo_noindex":false,"jetpack_post_was_ever_published":false,"_jetpack_newsletter_access":"","_jetpack_dont_email_post_to_subs":false,"_jetpack_newsletter_tier_id":0,"_jetpack_memberships_contains_paywalled_content":false,"_jetpack_memberships_contains_paid_content":false,"footnotes":"","jetpack_publicize_message":"","jetpack_publicize_feature_enabled":true,"jetpack_social_post_already_shared":true,"jetpack_social_options":{"image_generator_settings":{"template":"highway","default_image_id":0,"font":"","enabled":false},"version":2}},"categories":[11],"tags":[],"class_list":["post-69480","post","type-post","status-publish","format-standard","has-post-thumbnail","hentry","category-noticias-de-ribeirao-preto-sp-e-regiao-ismael-colosi"],"jetpack_publicize_connections":[],"jetpack_featured_media_url":"https:\/\/i0.wp.com\/noticiasribeiraopreto.com.br\/wp-content\/uploads\/2025\/05\/larissa_2025-05-06_16-41-07.webp.webp?fit=936%2C681&ssl=1","jetpack-related-posts":[{"id":69501,"url":"https:\/\/noticiasribeiraopreto.com.br\/index.php\/2025\/05\/06\/caso-larissa-marido-e-sogra-sao-presos-suspeitos-pela-morte-de-professora-em-ribeirao\/","url_meta":{"origin":69480,"position":0},"title":"Caso Larissa: Marido e sogra s\u00e3o presos suspeitos pela morte de professora\u00a0em\u00a0Ribeir\u00e3o","author":"noticiasribeiraopreto.com.br","date":"6 de May de 2025","format":false,"excerpt":"Na tarde desta ter\u00e7a-feira (6), a Pol\u00edcia Civil de Ribeir\u00e3o Preto decretou a pris\u00e3o do m\u00e9dico Luiz Antonio Garnica e de sua m\u00e3e, Elizabete. Eles s\u00e3o marido e sogra de Larissa Talle Le\u00f4ncio Rodrigues, professora de pilates encontrada morta no dia 22 de mar\u00e7o em um apartamento no Jardim Bot\u00e2nico.\u2026","rel":"","context":"In &quot;Not\u00edcias de Ribeir\u00e3o Preto-SP e Regi\u00e3o&quot;","block_context":{"text":"Not\u00edcias de Ribeir\u00e3o Preto-SP e Regi\u00e3o","link":"https:\/\/noticiasribeiraopreto.com.br\/index.php\/category\/noticias-de-ribeirao-preto-sp-e-regiao-ismael-colosi\/"},"img":{"alt_text":"","src":"https:\/\/i0.wp.com\/noticiasribeiraopreto.com.br\/wp-content\/uploads\/2025\/05\/Copia-de-Copia-de-Copia-de-TAMANHO-EXATO-PARA-FOTOS-NO-SISTEMA-NOVO-44_2025-05-06_19-58-00.webp.webp?fit=1200%2C675&ssl=1&resize=350%2C200","width":350,"height":200,"srcset":"https:\/\/i0.wp.com\/noticiasribeiraopreto.com.br\/wp-content\/uploads\/2025\/05\/Copia-de-Copia-de-Copia-de-TAMANHO-EXATO-PARA-FOTOS-NO-SISTEMA-NOVO-44_2025-05-06_19-58-00.webp.webp?fit=1200%2C675&ssl=1&resize=350%2C200 1x, https:\/\/i0.wp.com\/noticiasribeiraopreto.com.br\/wp-content\/uploads\/2025\/05\/Copia-de-Copia-de-Copia-de-TAMANHO-EXATO-PARA-FOTOS-NO-SISTEMA-NOVO-44_2025-05-06_19-58-00.webp.webp?fit=1200%2C675&ssl=1&resize=525%2C300 1.5x, https:\/\/i0.wp.com\/noticiasribeiraopreto.com.br\/wp-content\/uploads\/2025\/05\/Copia-de-Copia-de-Copia-de-TAMANHO-EXATO-PARA-FOTOS-NO-SISTEMA-NOVO-44_2025-05-06_19-58-00.webp.webp?fit=1200%2C675&ssl=1&resize=700%2C400 2x, https:\/\/i0.wp.com\/noticiasribeiraopreto.com.br\/wp-content\/uploads\/2025\/05\/Copia-de-Copia-de-Copia-de-TAMANHO-EXATO-PARA-FOTOS-NO-SISTEMA-NOVO-44_2025-05-06_19-58-00.webp.webp?fit=1200%2C675&ssl=1&resize=1050%2C600 3x"},"classes":[]},{"id":69484,"url":"https:\/\/noticiasribeiraopreto.com.br\/index.php\/2025\/05\/06\/marido-e-mae-sao-presos-suspeitos-pela-morte-de-larissa\/","url_meta":{"origin":69480,"position":1},"title":"Marido e m\u00e3e s\u00e3o presos suspeitos pela morte de Larissa","author":"noticiasribeiraopreto.com.br","date":"6 de May de 2025","format":false,"excerpt":"6 de maio de 2025 17:335 Compartilhar0 A Pol\u00edcia Civil prendeu nesta ter\u00e7a-feira (6) o m\u00e9dico Luiz Ant\u00f4nio Garnica e sua m\u00e3e, Elizabeth Eug\u00eanio, suspeitos de envolvimento na morte da professora Larissa Talle Le\u00f4ncio Rodrigues, de 37 anos, encontrada morta em seu apartamento em Ribeir\u00e3o Preto no dia 22 de\u2026","rel":"","context":"In &quot;Not\u00edcias de Ribeir\u00e3o Preto-SP e Regi\u00e3o&quot;","block_context":{"text":"Not\u00edcias de Ribeir\u00e3o Preto-SP e Regi\u00e3o","link":"https:\/\/noticiasribeiraopreto.com.br\/index.php\/category\/noticias-de-ribeirao-preto-sp-e-regiao-ismael-colosi\/"},"img":{"alt_text":"","src":"https:\/\/i0.wp.com\/noticiasribeiraopreto.com.br\/wp-content\/uploads\/2025\/05\/1746563812_05-mai-2025-professorabotanico2.jpg?fit=476%2C380&ssl=1&resize=350%2C200","width":350,"height":200},"classes":[]},{"id":69499,"url":"https:\/\/noticiasribeiraopreto.com.br\/index.php\/2025\/05\/06\/marido-e-sogra-de-professora-envenenada-sao-presos\/","url_meta":{"origin":69480,"position":2},"title":"Marido e sogra de professora envenenada s\u00e3o presos","author":"noticiasribeiraopreto.com.br","date":"6 de May de 2025","format":false,"excerpt":"Por: Adalberto Luque O m\u00e9dico ortopedista Luiz Ant\u00f4nio Garnica, de 38 anos e sua m\u00e3e Elizabete Eug\u00eanio Arraba\u00e7a Garnica, de 67 anos, foram presos na tarde desta ter\u00e7a-feira (6), suspeitos de terem envenenado a professora de pilates Larissa Talle Le\u00f4ncio Rodrigues, de 37 anos. Ela foi encontrada morta em seu\u2026","rel":"","context":"In &quot;Not\u00edcias de Ribeir\u00e3o Preto-SP e Regi\u00e3o&quot;","block_context":{"text":"Not\u00edcias de Ribeir\u00e3o Preto-SP e Regi\u00e3o","link":"https:\/\/noticiasribeiraopreto.com.br\/index.php\/category\/noticias-de-ribeirao-preto-sp-e-regiao-ismael-colosi\/"},"img":{"alt_text":"","src":"https:\/\/i0.wp.com\/noticiasribeiraopreto.com.br\/wp-content\/uploads\/2025\/05\/06-mai-2025-envenenamentoprofessora1.jpg?fit=552%2C503&ssl=1&resize=350%2C200","width":350,"height":200,"srcset":"https:\/\/i0.wp.com\/noticiasribeiraopreto.com.br\/wp-content\/uploads\/2025\/05\/06-mai-2025-envenenamentoprofessora1.jpg?fit=552%2C503&ssl=1&resize=350%2C200 1x, https:\/\/i0.wp.com\/noticiasribeiraopreto.com.br\/wp-content\/uploads\/2025\/05\/06-mai-2025-envenenamentoprofessora1.jpg?fit=552%2C503&ssl=1&resize=525%2C300 1.5x"},"classes":[]},{"id":69728,"url":"https:\/\/noticiasribeiraopreto.com.br\/index.php\/2025\/05\/08\/caso-larissa-professora-relatou-diarreia-vomito-e-tremores-em-mensagens-a-amiga\/","url_meta":{"origin":69480,"position":3},"title":"Caso Larissa: Professora relatou diarreia, v\u00f4mito e tremores em mensagens \u00e0 amiga","author":"noticiasribeiraopreto.com.br","date":"8 de May de 2025","format":false,"excerpt":"Uma semana antes de morrer, a professora Larissa Talle Le\u00f4ncio Rodrigues mandou uma mensagem para uma amiga contando a situa\u00e7\u00e3o em que se encontrava. Larissa foi encontrada morta no dia 22 de mar\u00e7o, no apartamento em que vivia no Jardim Bot\u00e2nico, na zona Sul de Ribeir\u00e3o Preto. A Pol\u00edcia Civil\u2026","rel":"","context":"In &quot;Not\u00edcias de Ribeir\u00e3o Preto-SP e Regi\u00e3o&quot;","block_context":{"text":"Not\u00edcias de Ribeir\u00e3o Preto-SP e Regi\u00e3o","link":"https:\/\/noticiasribeiraopreto.com.br\/index.php\/category\/noticias-de-ribeirao-preto-sp-e-regiao-ismael-colosi\/"},"img":{"alt_text":"","src":"https:\/\/i0.wp.com\/noticiasribeiraopreto.com.br\/wp-content\/uploads\/2025\/05\/larissa_2025-05-06_16-41-07.webp.webp?fit=936%2C681&ssl=1&resize=350%2C200","width":350,"height":200,"srcset":"https:\/\/i0.wp.com\/noticiasribeiraopreto.com.br\/wp-content\/uploads\/2025\/05\/larissa_2025-05-06_16-41-07.webp.webp?fit=936%2C681&ssl=1&resize=350%2C200 1x, https:\/\/i0.wp.com\/noticiasribeiraopreto.com.br\/wp-content\/uploads\/2025\/05\/larissa_2025-05-06_16-41-07.webp.webp?fit=936%2C681&ssl=1&resize=525%2C300 1.5x, https:\/\/i0.wp.com\/noticiasribeiraopreto.com.br\/wp-content\/uploads\/2025\/05\/larissa_2025-05-06_16-41-07.webp.webp?fit=936%2C681&ssl=1&resize=700%2C400 2x"},"classes":[]},{"id":73316,"url":"https:\/\/noticiasribeiraopreto.com.br\/index.php\/2025\/06\/29\/envenenamento-por-chumbinho-entenda-a-ligacao-entre-as-mortes-de-larissa-e-nathalia\/","url_meta":{"origin":69480,"position":4},"title":"Envenenamento por chumbinho: entenda a liga\u00e7\u00e3o entre as mortes de Larissa e Nath\u00e1lia","author":"noticiasribeiraopreto.com.br","date":"29 de June de 2025","format":false,"excerpt":"A Pol\u00edcia Civil e o Minist\u00e9rio P\u00fablico investigam Elizabete Arraba\u00e7a por suspeita de envolvimento nas mortes da filha, Nath\u00e1lia Garnica, e da nora, a professora de pilates Larissa Rodrigues. Elizabete esteve com as v\u00edtimas um dia antes das mortes; inicialmente, as autoridades trataram os casos como naturais. No entanto, exames\u2026","rel":"","context":"In &quot;Not\u00edcias de Ribeir\u00e3o Preto-SP e Regi\u00e3o&quot;","block_context":{"text":"Not\u00edcias de Ribeir\u00e3o Preto-SP e Regi\u00e3o","link":"https:\/\/noticiasribeiraopreto.com.br\/index.php\/category\/noticias-de-ribeirao-preto-sp-e-regiao-ismael-colosi\/"},"img":{"alt_text":"","src":"https:\/\/i0.wp.com\/noticiasribeiraopreto.com.br\/wp-content\/uploads\/2025\/06\/Copia-de-Copia-de-Copia-de-TAMANHO-EXATO-PARA-FOTOS-NO-SISTEMA-NOVO-2025-06-29T115635.342_2025-06-29_14-57-44.webp.webp?fit=1200%2C675&ssl=1&resize=350%2C200","width":350,"height":200,"srcset":"https:\/\/i0.wp.com\/noticiasribeiraopreto.com.br\/wp-content\/uploads\/2025\/06\/Copia-de-Copia-de-Copia-de-TAMANHO-EXATO-PARA-FOTOS-NO-SISTEMA-NOVO-2025-06-29T115635.342_2025-06-29_14-57-44.webp.webp?fit=1200%2C675&ssl=1&resize=350%2C200 1x, https:\/\/i0.wp.com\/noticiasribeiraopreto.com.br\/wp-content\/uploads\/2025\/06\/Copia-de-Copia-de-Copia-de-TAMANHO-EXATO-PARA-FOTOS-NO-SISTEMA-NOVO-2025-06-29T115635.342_2025-06-29_14-57-44.webp.webp?fit=1200%2C675&ssl=1&resize=525%2C300 1.5x, https:\/\/i0.wp.com\/noticiasribeiraopreto.com.br\/wp-content\/uploads\/2025\/06\/Copia-de-Copia-de-Copia-de-TAMANHO-EXATO-PARA-FOTOS-NO-SISTEMA-NOVO-2025-06-29T115635.342_2025-06-29_14-57-44.webp.webp?fit=1200%2C675&ssl=1&resize=700%2C400 2x, https:\/\/i0.wp.com\/noticiasribeiraopreto.com.br\/wp-content\/uploads\/2025\/06\/Copia-de-Copia-de-Copia-de-TAMANHO-EXATO-PARA-FOTOS-NO-SISTEMA-NOVO-2025-06-29T115635.342_2025-06-29_14-57-44.webp.webp?fit=1200%2C675&ssl=1&resize=1050%2C600 3x"},"classes":[]},{"id":69650,"url":"https:\/\/noticiasribeiraopreto.com.br\/index.php\/2025\/05\/07\/morte-por-envenenamento-pode-ter-feito-outra-vitima\/","url_meta":{"origin":69480,"position":5},"title":"Morte por envenenamento pode ter feito outra v\u00edtima","author":"noticiasribeiraopreto.com.br","date":"7 de May de 2025","format":false,"excerpt":"Uma morte considerada, at\u00e9 ent\u00e3o, natural pode ser a chave para revelar um poss\u00edvel padr\u00e3o de envenenamentos dentro da mesma fam\u00edlia em Ribeir\u00e3o Preto. A Pol\u00edcia Civil anunciou nesta ter\u00e7a-feira (6) que ir\u00e1 solicitar a exuma\u00e7\u00e3o do corpo de Nathalia Garnica, de 42 anos, irm\u00e3 do m\u00e9dico Luiz Antonio Garnica,\u2026","rel":"","context":"In &quot;Not\u00edcias de Ribeir\u00e3o Preto-SP e Regi\u00e3o&quot;","block_context":{"text":"Not\u00edcias de Ribeir\u00e3o Preto-SP e Regi\u00e3o","link":"https:\/\/noticiasribeiraopreto.com.br\/index.php\/category\/noticias-de-ribeirao-preto-sp-e-regiao-ismael-colosi\/"},"img":{"alt_text":"","src":"https:\/\/i0.wp.com\/noticiasribeiraopreto.com.br\/wp-content\/uploads\/2025\/05\/nathalia_garnica_1.jpeg?fit=600%2C480&ssl=1&resize=350%2C200","width":350,"height":200,"srcset":"https:\/\/i0.wp.com\/noticiasribeiraopreto.com.br\/wp-content\/uploads\/2025\/05\/nathalia_garnica_1.jpeg?fit=600%2C480&ssl=1&resize=350%2C200 1x, https:\/\/i0.wp.com\/noticiasribeiraopreto.com.br\/wp-content\/uploads\/2025\/05\/nathalia_garnica_1.jpeg?fit=600%2C480&ssl=1&resize=525%2C300 1.5x"},"classes":[]}],"jetpack_sharing_enabled":true,"jetpack_shortlink":"https:\/\/wp.me\/peQAOb-i4E","_links":{"self":[{"href":"https:\/\/noticiasribeiraopreto.com.br\/index.php\/wp-json\/wp\/v2\/posts\/69480","targetHints":{"allow":["GET"]}}],"collection":[{"href":"https:\/\/noticiasribeiraopreto.com.br\/index.php\/wp-json\/wp\/v2\/posts"}],"about":[{"href":"https:\/\/noticiasribeiraopreto.com.br\/index.php\/wp-json\/wp\/v2\/types\/post"}],"author":[{"embeddable":true,"href":"https:\/\/noticiasribeiraopreto.com.br\/index.php\/wp-json\/wp\/v2\/users\/1"}],"replies":[{"embeddable":true,"href":"https:\/\/noticiasribeiraopreto.com.br\/index.php\/wp-json\/wp\/v2\/comments?post=69480"}],"version-history":[{"count":0,"href":"https:\/\/noticiasribeiraopreto.com.br\/index.php\/wp-json\/wp\/v2\/posts\/69480\/revisions"}],"wp:featuredmedia":[{"embeddable":true,"href":"https:\/\/noticiasribeiraopreto.com.br\/index.php\/wp-json\/wp\/v2\/media\/69481"}],"wp:attachment":[{"href":"https:\/\/noticiasribeiraopreto.com.br\/index.php\/wp-json\/wp\/v2\/media?parent=69480"}],"wp:term":[{"taxonomy":"category","embeddable":true,"href":"https:\/\/noticiasribeiraopreto.com.br\/index.php\/wp-json\/wp\/v2\/categories?post=69480"},{"taxonomy":"post_tag","embeddable":true,"href":"https:\/\/noticiasribeiraopreto.com.br\/index.php\/wp-json\/wp\/v2\/tags?post=69480"}],"curies":[{"name":"wp","href":"https:\/\/api.w.org\/{rel}","templated":true}]}}