{"id":69482,"date":"2025-05-06T17:18:35","date_gmt":"2025-05-06T20:18:35","guid":{"rendered":"https:\/\/noticiasribeiraopreto.com.br\/index.php\/2025\/05\/06\/bandido-usa-facao-para-ameacar-vitima-na-rodovia-tancredo-neves-e-e-atingido-por-disparo\/"},"modified":"2025-05-06T17:18:35","modified_gmt":"2025-05-06T20:18:35","slug":"bandido-usa-facao-para-ameacar-vitima-na-rodovia-tancredo-neves-e-e-atingido-por-disparo","status":"publish","type":"post","link":"https:\/\/noticiasribeiraopreto.com.br\/index.php\/2025\/05\/06\/bandido-usa-facao-para-ameacar-vitima-na-rodovia-tancredo-neves-e-e-atingido-por-disparo\/","title":{"rendered":"Bandido usa fac\u00e3o para amea\u00e7ar v\u00edtima na rodovia Tancredo Neves e \u00e9 atingido por disparo"},"content":{"rendered":"<p> <br \/>\n<\/p>\n<div>\n<p>Um assaltante foi baleado quando tentou atacar uma v\u00edtima, durante assalto cometido em ch\u00e1cara que fica \u00e0s margens da rodovia Tancredo Neves, na madrugada deste dia 6\/5. A via d\u00e1 acesso de Franca a Claraval (MG).<\/p>\n<p>O suspeito invandiu a ch\u00e1cara para tentar furtar o local e o morador vizinho, um policial militar da reserva, acabou percebendo movimenta\u00e7\u00e3o estranha e foi averiguar o que estava acontecendo. Na ch\u00e1cara invadida n\u00e3o havia ningu\u00e9m e o vizinho deparou-se com o bandido.<\/p>\n<p>O policial militar da reserva informou que era para o ladr\u00e3o parar, por\u00e9m o suspeito pegou um fac\u00e3o e fez amea\u00e7as. Por conta da situa\u00e7\u00e3o cr\u00edtica, a v\u00edtima fez um disparo e atingiu o suspeito.<\/p>\n<p>O homem tentou fugir, mas caiu alguns metros a frente. O policial da reserva acionou o socorro, bem como a Pol\u00edcia Militar para atender o caso. Uma equipe do Samu prestou atendimento e socorrou o assaltante. A Pol\u00edcia Militar verificou a mochila do suspeito e encontrou v\u00e1rias ferramentas que eram de uma outra propriedade. Tamb\u00e9m foi localizado uma carriola, cortador de grama que estavam separados para aparentemente serem levados.<\/p>\n<p>A PM identificou as chaves de um carro Gol escondido em canavial e o ve\u00edculo foi apreendido. A documenta\u00e7\u00e3o estava irregular e a suspeita \u00e9 que o carro seria usado para levar os produtos do furto.<\/p>\n<p>Como o bandido ficou ferido, foi levado para a Santa Casa de Franca para passar por atendimento m\u00e9dico e houve a deten\u00e7\u00e3o dele por conta do flagrante. A Pol\u00edcia Civil agora vai instaurar inqu\u00e9rito para realizar a den\u00fancia \u00e0 Justi\u00e7a Estadual.<\/p>\n<p>Os objetos que j\u00e1 tinham sido furtados foram devolvidos para as v\u00edtimas.<\/p>\n<p><!-- CONTENT END 1 --><\/p><\/div>\n<p><br \/>\n<br \/><a href=\"https:\/\/www.f3noticias.com.br\/bandido-usa-facao-para-ameacar-vitima-na-rodovia-tancredo-neves-e-e-atingido-por-disparo\/\">Source link <\/a><\/p>\n","protected":false},"excerpt":{"rendered":"<p>Um assaltante foi baleado quando tentou atacar uma v\u00edtima, durante assalto cometido em ch\u00e1cara que fica \u00e0s margens da rodovia Tancredo Neves, na madrugada deste&#8230;<\/p>\n","protected":false},"author":1,"featured_media":69483,"comment_status":"open","ping_status":"open","sticky":false,"template":"","format":"standard","meta":{"advanced_seo_description":"","jetpack_seo_html_title":"","jetpack_seo_noindex":false,"jetpack_post_was_ever_published":false,"_jetpack_newsletter_access":"","_jetpack_dont_email_post_to_subs":false,"_jetpack_newsletter_tier_id":0,"_jetpack_memberships_contains_paywalled_content":false,"_jetpack_memberships_contains_paid_content":false,"footnotes":"","jetpack_publicize_message":"","jetpack_publicize_feature_enabled":true,"jetpack_social_post_already_shared":true,"jetpack_social_options":{"image_generator_settings":{"template":"highway","default_image_id":0,"font":"","enabled":false},"version":2}},"categories":[3597],"tags":[],"class_list":["post-69482","post","type-post","status-publish","format-standard","has-post-thumbnail","hentry","category-noticias-franca-sp"],"jetpack_publicize_connections":[],"jetpack_featured_media_url":"https:\/\/i0.wp.com\/noticiasribeiraopreto.com.br\/wp-content\/uploads\/2025\/05\/policia-militar.jpeg?fit=1024%2C681&ssl=1","jetpack-related-posts":[{"id":28781,"url":"https:\/\/noticiasribeiraopreto.com.br\/index.php\/2024\/01\/16\/briga-entre-vizinhos-termina-de-maneira-tragica\/","url_meta":{"origin":69482,"position":0},"title":"Briga entre vizinhos termina de maneira tr\u00e1gica","author":"noticiasribeiraopreto.com.br","date":"16 de January de 2024","format":false,"excerpt":"Um longo hist\u00f3rico de desaven\u00e7a entre vizinhos terminou de uma maneira tr\u00e1gica. Quando o di\u00e1logo n\u00e3o existe e o consenso n\u00e3o consegue trazer a paz, a ignor\u00e2ncia prevalece e pode terminar de uma forma terr\u00edvel.Maur\u00edcio Felipe de Melo Souza, um indiv\u00edduo de 32 anos, foi fatalmente esfaqueado por seu vizinho,\u2026","rel":"","context":"In &quot;Blog&quot;","block_context":{"text":"Blog","link":"https:\/\/noticiasribeiraopreto.com.br\/index.php\/category\/blog\/"},"img":{"alt_text":"","src":"https:\/\/i0.wp.com\/noticiasribeiraopreto.com.br\/wp-content\/uploads\/2024\/01\/postimg-65a6cf6e604933173.jpg?fit=1200%2C628&ssl=1&resize=350%2C200","width":350,"height":200,"srcset":"https:\/\/i0.wp.com\/noticiasribeiraopreto.com.br\/wp-content\/uploads\/2024\/01\/postimg-65a6cf6e604933173.jpg?fit=1200%2C628&ssl=1&resize=350%2C200 1x, https:\/\/i0.wp.com\/noticiasribeiraopreto.com.br\/wp-content\/uploads\/2024\/01\/postimg-65a6cf6e604933173.jpg?fit=1200%2C628&ssl=1&resize=525%2C300 1.5x, https:\/\/i0.wp.com\/noticiasribeiraopreto.com.br\/wp-content\/uploads\/2024\/01\/postimg-65a6cf6e604933173.jpg?fit=1200%2C628&ssl=1&resize=700%2C400 2x, https:\/\/i0.wp.com\/noticiasribeiraopreto.com.br\/wp-content\/uploads\/2024\/01\/postimg-65a6cf6e604933173.jpg?fit=1200%2C628&ssl=1&resize=1050%2C600 3x"},"classes":[]},{"id":63119,"url":"https:\/\/noticiasribeiraopreto.com.br\/index.php\/2025\/02\/03\/policial-penal-e-atacado-por-criminosos-em-ribeirao-preto\/","url_meta":{"origin":69482,"position":1},"title":"Policial penal \u00e9 atacado por criminosos em Ribeir\u00e3o Preto","author":"noticiasribeiraopreto.com.br","date":"3 de February de 2025","format":false,"excerpt":"Um policial penal foi alvo de criminosos na Vila Virg\u00ednia, zona Oeste de Ribeir\u00e3o Preto, na noite do \u00faltimo domingo (2). O homem de 42 anos foi alvo de v\u00e1rios disparos ap\u00f3s ser abordado por bandidos que desceram de um carro. A v\u00edtima est\u00e1 internada em estado grave em um\u2026","rel":"","context":"In &quot;Not\u00edcias de Ribeir\u00e3o Preto-SP e Regi\u00e3o&quot;","block_context":{"text":"Not\u00edcias de Ribeir\u00e3o Preto-SP e Regi\u00e3o","link":"https:\/\/noticiasribeiraopreto.com.br\/index.php\/category\/noticias-de-ribeirao-preto-sp-e-regiao-ismael-colosi\/"},"img":{"alt_text":"","src":"https:\/\/i0.wp.com\/noticiasribeiraopreto.com.br\/wp-content\/uploads\/2025\/02\/violencia-policial-penal_2025-02-03_17-06-00_jpg_2025-02-03_17-06-00.webp.webp?fit=1200%2C718&ssl=1&resize=350%2C200","width":350,"height":200,"srcset":"https:\/\/i0.wp.com\/noticiasribeiraopreto.com.br\/wp-content\/uploads\/2025\/02\/violencia-policial-penal_2025-02-03_17-06-00_jpg_2025-02-03_17-06-00.webp.webp?fit=1200%2C718&ssl=1&resize=350%2C200 1x, https:\/\/i0.wp.com\/noticiasribeiraopreto.com.br\/wp-content\/uploads\/2025\/02\/violencia-policial-penal_2025-02-03_17-06-00_jpg_2025-02-03_17-06-00.webp.webp?fit=1200%2C718&ssl=1&resize=525%2C300 1.5x, https:\/\/i0.wp.com\/noticiasribeiraopreto.com.br\/wp-content\/uploads\/2025\/02\/violencia-policial-penal_2025-02-03_17-06-00_jpg_2025-02-03_17-06-00.webp.webp?fit=1200%2C718&ssl=1&resize=700%2C400 2x, https:\/\/i0.wp.com\/noticiasribeiraopreto.com.br\/wp-content\/uploads\/2025\/02\/violencia-policial-penal_2025-02-03_17-06-00_jpg_2025-02-03_17-06-00.webp.webp?fit=1200%2C718&ssl=1&resize=1050%2C600 3x"},"classes":[]},{"id":31640,"url":"https:\/\/noticiasribeiraopreto.com.br\/index.php\/2024\/01\/22\/video-homem-e-morto-a-golpes-de-facao-em-rp\/","url_meta":{"origin":69482,"position":2},"title":"V\u00cdDEO &#8211; Homem \u00e9 morto a golpes de fac\u00e3o em RP","author":"noticiasribeiraopreto.com.br","date":"22 de January de 2024","format":false,"excerpt":"V\u00edtima passeava com c\u00e3ozinho quando homem se aproximou armado de pod\u00e3o e iniciou a briga; outro homem teria ajudado no crime 22 de janeiro de 2024 | 16:4822 de janeiro de 2024 | 16:49 2Por: Adalberto LuqueRobson Aparecido Neto Fiori, de 43 anos, foi assassinado na tarde do s\u00e1bado, enquanto\u2026","rel":"","context":"In &quot;Not\u00edcias de Ribeir\u00e3o Preto-SP e Regi\u00e3o&quot;","block_context":{"text":"Not\u00edcias de Ribeir\u00e3o Preto-SP e Regi\u00e3o","link":"https:\/\/noticiasribeiraopreto.com.br\/index.php\/category\/noticias-de-ribeirao-preto-sp-e-regiao-ismael-colosi\/"},"img":{"alt_text":"","src":"https:\/\/i0.wp.com\/noticiasribeiraopreto.com.br\/wp-content\/uploads\/2024\/01\/z-miniatura-scaled.jpg?fit=1000%2C520&ssl=1&resize=350%2C200","width":350,"height":200,"srcset":"https:\/\/i0.wp.com\/noticiasribeiraopreto.com.br\/wp-content\/uploads\/2024\/01\/z-miniatura-scaled.jpg?fit=1000%2C520&ssl=1&resize=350%2C200 1x, https:\/\/i0.wp.com\/noticiasribeiraopreto.com.br\/wp-content\/uploads\/2024\/01\/z-miniatura-scaled.jpg?fit=1000%2C520&ssl=1&resize=525%2C300 1.5x, https:\/\/i0.wp.com\/noticiasribeiraopreto.com.br\/wp-content\/uploads\/2024\/01\/z-miniatura-scaled.jpg?fit=1000%2C520&ssl=1&resize=700%2C400 2x"},"classes":[]},{"id":81161,"url":"https:\/\/noticiasribeiraopreto.com.br\/index.php\/2025\/12\/26\/beneficiario-da-saidinha-e-preso-por-ameacar-a-companheira-na-regiao-de-ribeirao-preto\/","url_meta":{"origin":69482,"position":3},"title":"Benefici\u00e1rio da &#8216;saidinha&#8217; \u00e9 preso por amea\u00e7ar a companheira na regi\u00e3o de Ribeir\u00e3o Preto","author":"noticiasribeiraopreto.com.br","date":"26 de December de 2025","format":false,"excerpt":"Um homem de 43 anos que havia sido beneficiado pela \u201csaidinha\u201d foi preso em flagrante por viol\u00eancia dom\u00e9stica em Pirangi cidade a cerca de 108 quil\u00f4metros de dist\u00e2ncia de Ribeir\u00e3o Preto, nesta quarta-feira (24). De acordo com a Pol\u00edcia Civil, o suspeito teria amea\u00e7ado a companheira para conseguir dinheiro, que,\u2026","rel":"","context":"In &quot;Not\u00edcias de Ribeir\u00e3o Preto-SP e Regi\u00e3o&quot;","block_context":{"text":"Not\u00edcias de Ribeir\u00e3o Preto-SP e Regi\u00e3o","link":"https:\/\/noticiasribeiraopreto.com.br\/index.php\/category\/noticias-de-ribeirao-preto-sp-e-regiao-ismael-colosi\/"},"img":{"alt_text":"","src":"https:\/\/i0.wp.com\/noticiasribeiraopreto.com.br\/wp-content\/uploads\/2025\/12\/POLICIA-CIVIL_2025-10-24_09-40-54-1024x713.webp.webp?fit=1024%2C713&ssl=1&resize=350%2C200","width":350,"height":200,"srcset":"https:\/\/i0.wp.com\/noticiasribeiraopreto.com.br\/wp-content\/uploads\/2025\/12\/POLICIA-CIVIL_2025-10-24_09-40-54-1024x713.webp.webp?fit=1024%2C713&ssl=1&resize=350%2C200 1x, https:\/\/i0.wp.com\/noticiasribeiraopreto.com.br\/wp-content\/uploads\/2025\/12\/POLICIA-CIVIL_2025-10-24_09-40-54-1024x713.webp.webp?fit=1024%2C713&ssl=1&resize=525%2C300 1.5x, https:\/\/i0.wp.com\/noticiasribeiraopreto.com.br\/wp-content\/uploads\/2025\/12\/POLICIA-CIVIL_2025-10-24_09-40-54-1024x713.webp.webp?fit=1024%2C713&ssl=1&resize=700%2C400 2x"},"classes":[]},{"id":71588,"url":"https:\/\/noticiasribeiraopreto.com.br\/index.php\/2025\/06\/07\/bandidos-furtam-helicoptero-de-garagem-em-franca-para-cobrar-resgate\/","url_meta":{"origin":69482,"position":4},"title":"Bandidos furtam helic\u00f3ptero de garagem em Franca para cobrar resgate","author":"noticiasribeiraopreto.com.br","date":"7 de June de 2025","format":false,"excerpt":"A Pol\u00edcia Militar de Franca localizou um helic\u00f3ptero modelo Robinson, avaliado em R$ 1,2 milh\u00e3o, que fora furtado durante a madrugada deste dia 7\/6, e estava na avenida Ant\u00f4nio Barbosa Filho. Conforme apurado, a Ag\u00eancia KFAB tamb\u00e9m autou para localizar o equipamento. A aeronave estava em uma mata e foi\u2026","rel":"","context":"In &quot;Not\u00edcias de Franca-SP&quot;","block_context":{"text":"Not\u00edcias de Franca-SP","link":"https:\/\/noticiasribeiraopreto.com.br\/index.php\/category\/noticias-de-ribeirao-preto-sp-e-regiao-ismael-colosi\/noticias-franca-sp\/"},"img":{"alt_text":"","src":"https:\/\/i0.wp.com\/noticiasribeiraopreto.com.br\/wp-content\/uploads\/2025\/06\/Screenshot_20250607_173514_Instagram.jpg?fit=1079%2C812&ssl=1&resize=350%2C200","width":350,"height":200,"srcset":"https:\/\/i0.wp.com\/noticiasribeiraopreto.com.br\/wp-content\/uploads\/2025\/06\/Screenshot_20250607_173514_Instagram.jpg?fit=1079%2C812&ssl=1&resize=350%2C200 1x, https:\/\/i0.wp.com\/noticiasribeiraopreto.com.br\/wp-content\/uploads\/2025\/06\/Screenshot_20250607_173514_Instagram.jpg?fit=1079%2C812&ssl=1&resize=525%2C300 1.5x, https:\/\/i0.wp.com\/noticiasribeiraopreto.com.br\/wp-content\/uploads\/2025\/06\/Screenshot_20250607_173514_Instagram.jpg?fit=1079%2C812&ssl=1&resize=700%2C400 2x, https:\/\/i0.wp.com\/noticiasribeiraopreto.com.br\/wp-content\/uploads\/2025\/06\/Screenshot_20250607_173514_Instagram.jpg?fit=1079%2C812&ssl=1&resize=1050%2C600 3x"},"classes":[]},{"id":59145,"url":"https:\/\/noticiasribeiraopreto.com.br\/index.php\/2024\/10\/15\/briga-entre-vizinhos-termina-em-tiro-e-prisao-na-regiao-de-ribeirao-2\/","url_meta":{"origin":69482,"position":5},"title":"Briga entre vizinhos termina em tiro e pris\u00e3o na regi\u00e3o de Ribeir\u00e3o","author":"noticiasribeiraopreto.com.br","date":"15 de October de 2024","format":false,"excerpt":"Um contador de 43 anos foi preso em flagrante nesta segunda-feira (14), no Centro de Franca, na regi\u00e3o de Ribeir\u00e3o Preto, ap\u00f3s efetuar um disparo de arma de fogo durante uma briga entre vizinhos. De acordo com o boletim de ocorr\u00eancia, a v\u00edtima informou que estava discutindo com um homem\u2026","rel":"","context":"In &quot;Not\u00edcias de Ribeir\u00e3o Preto-SP e Regi\u00e3o&quot;","block_context":{"text":"Not\u00edcias de Ribeir\u00e3o Preto-SP e Regi\u00e3o","link":"https:\/\/noticiasribeiraopreto.com.br\/index.php\/category\/noticias-de-ribeirao-preto-sp-e-regiao-ismael-colosi\/"},"img":{"alt_text":"","src":"https:\/\/i0.wp.com\/noticiasribeiraopreto.com.br\/wp-content\/uploads\/2024\/10\/Copia-de-Copia-de-Copia-de-TAMANHO-EXATO-PARA-FOTOS-NO-SISTEMA-NOVO-19_2024-10-15_20-39-11_png_2024-10-15_20-39-11.webp.webp?fit=1200%2C675&ssl=1&resize=350%2C200","width":350,"height":200,"srcset":"https:\/\/i0.wp.com\/noticiasribeiraopreto.com.br\/wp-content\/uploads\/2024\/10\/Copia-de-Copia-de-Copia-de-TAMANHO-EXATO-PARA-FOTOS-NO-SISTEMA-NOVO-19_2024-10-15_20-39-11_png_2024-10-15_20-39-11.webp.webp?fit=1200%2C675&ssl=1&resize=350%2C200 1x, https:\/\/i0.wp.com\/noticiasribeiraopreto.com.br\/wp-content\/uploads\/2024\/10\/Copia-de-Copia-de-Copia-de-TAMANHO-EXATO-PARA-FOTOS-NO-SISTEMA-NOVO-19_2024-10-15_20-39-11_png_2024-10-15_20-39-11.webp.webp?fit=1200%2C675&ssl=1&resize=525%2C300 1.5x, https:\/\/i0.wp.com\/noticiasribeiraopreto.com.br\/wp-content\/uploads\/2024\/10\/Copia-de-Copia-de-Copia-de-TAMANHO-EXATO-PARA-FOTOS-NO-SISTEMA-NOVO-19_2024-10-15_20-39-11_png_2024-10-15_20-39-11.webp.webp?fit=1200%2C675&ssl=1&resize=700%2C400 2x, https:\/\/i0.wp.com\/noticiasribeiraopreto.com.br\/wp-content\/uploads\/2024\/10\/Copia-de-Copia-de-Copia-de-TAMANHO-EXATO-PARA-FOTOS-NO-SISTEMA-NOVO-19_2024-10-15_20-39-11_png_2024-10-15_20-39-11.webp.webp?fit=1200%2C675&ssl=1&resize=1050%2C600 3x"},"classes":[]}],"jetpack_sharing_enabled":true,"jetpack_shortlink":"https:\/\/wp.me\/peQAOb-i4G","_links":{"self":[{"href":"https:\/\/noticiasribeiraopreto.com.br\/index.php\/wp-json\/wp\/v2\/posts\/69482","targetHints":{"allow":["GET"]}}],"collection":[{"href":"https:\/\/noticiasribeiraopreto.com.br\/index.php\/wp-json\/wp\/v2\/posts"}],"about":[{"href":"https:\/\/noticiasribeiraopreto.com.br\/index.php\/wp-json\/wp\/v2\/types\/post"}],"author":[{"embeddable":true,"href":"https:\/\/noticiasribeiraopreto.com.br\/index.php\/wp-json\/wp\/v2\/users\/1"}],"replies":[{"embeddable":true,"href":"https:\/\/noticiasribeiraopreto.com.br\/index.php\/wp-json\/wp\/v2\/comments?post=69482"}],"version-history":[{"count":0,"href":"https:\/\/noticiasribeiraopreto.com.br\/index.php\/wp-json\/wp\/v2\/posts\/69482\/revisions"}],"wp:featuredmedia":[{"embeddable":true,"href":"https:\/\/noticiasribeiraopreto.com.br\/index.php\/wp-json\/wp\/v2\/media\/69483"}],"wp:attachment":[{"href":"https:\/\/noticiasribeiraopreto.com.br\/index.php\/wp-json\/wp\/v2\/media?parent=69482"}],"wp:term":[{"taxonomy":"category","embeddable":true,"href":"https:\/\/noticiasribeiraopreto.com.br\/index.php\/wp-json\/wp\/v2\/categories?post=69482"},{"taxonomy":"post_tag","embeddable":true,"href":"https:\/\/noticiasribeiraopreto.com.br\/index.php\/wp-json\/wp\/v2\/tags?post=69482"}],"curies":[{"name":"wp","href":"https:\/\/api.w.org\/{rel}","templated":true}]}}