{"id":69484,"date":"2025-05-06T17:36:51","date_gmt":"2025-05-06T20:36:51","guid":{"rendered":"https:\/\/noticiasribeiraopreto.com.br\/index.php\/2025\/05\/06\/marido-e-mae-sao-presos-suspeitos-pela-morte-de-larissa\/"},"modified":"2025-05-06T17:36:51","modified_gmt":"2025-05-06T20:36:51","slug":"marido-e-mae-sao-presos-suspeitos-pela-morte-de-larissa","status":"publish","type":"post","link":"https:\/\/noticiasribeiraopreto.com.br\/index.php\/2025\/05\/06\/marido-e-mae-sao-presos-suspeitos-pela-morte-de-larissa\/","title":{"rendered":"Marido e m\u00e3e s\u00e3o presos suspeitos pela morte de Larissa"},"content":{"rendered":"<div class='code-block code-block-1' style='margin: 8px 0 8px auto; text-align: right; display: block; clear: both;'>\n<p><a href=\"https:\/\/wa.link\/vpicfd\"><img data-recalc-dims=\"1\" class=\"wp-image-4922\" style=\"aspect-ratio: 2.0253164556962027; width: 561px; height: auto;\" src=\"https:\/\/i0.wp.com\/ismaelcolosi.com.br\/wp-content\/uploads\/2023\/11\/grupo-de-empregos-whatsapp-e-facebook-ismael-colosi-vagas.jpg?ssl=1\" alt=\"\" \/><\/a><\/p>\n<!-- \/wp:image -->\n<\/div>\n<p> <br \/>\n<\/p>\n<div id=\"post-424923\">\n<header class=\"entry-header penci-entry-header penci-title-center\">\n<p>\n\t\t\t\t\t\t\t\t\t<span class=\"entry-meta-item penci-posted-on\"><i class=\"fa fa-clock-o\"\/><time class=\"entry-date published updated\" datetime=\"2025-05-06T17:33:14-03:00\">6 de maio de 2025 17:33<\/time><\/span><span class=\"entry-meta-item penci-post-countview\"><span class=\"entry-meta-item penci-post-countview penci_post-meta_item\"><i class=\"fa fa-eye\"\/><span class=\"penci-post-countview-number penci-post-countview-p424923\">5<\/span><\/span><\/span>\t\t\t\t\t\t\t\t<\/p>\n<p><!-- .entry-meta --><br \/>\n\t\t\t\t\t\t\t\t<span class=\"penci-social-buttons penci-social-share-footer\"><span class=\"penci-social-share-text\">Compartilhar<\/span><a href=\"#\" class=\"penci-post-like penci_post-meta_item  single-like-button penci-social-item like\" data-post_id=\"424923\" title=\"Like\" data-like=\"Like\" data-unlike=\"Unlike\"><i class=\"fa fa-thumbs-o-up\"\/><span class=\"penci-share-number\">0<\/span><\/a><i class=\"fa fa-facebook\"\/><a class=\"penci-social-item twitter\" target=\"_blank\" rel=\"noopener\" title=\"\" href=\"https:\/\/twitter.com\/intent\/tweet?text=Marido%20e%20m\u00e3e%20s\u00e3o%20presos%20suspeitos%20pela%20morte%20de%20Larissa%20-%20https:\/\/www.tribunaribeirao.com.br\/marido-e-mae-sao-presos-suspeitos-pela-morte-de-larissa\/\"><i class=\"fa fa-twitter\"\/><\/a><i class=\"fa fa-linkedin\"\/><i class=\"fa fa-whatsapp\"\/><i class=\"fa fa-telegram\"\/><i class=\"fa fa-envelope\"\/><\/span>\t\t\t\t\t\t\t<\/header>\n<p><!-- .entry-header --><\/p>\n<div class=\"penci-entry-content entry-content\">\n<p>A Pol\u00edcia Civil prendeu nesta ter\u00e7a-feira (6) o m\u00e9dico Luiz Ant\u00f4nio Garnica e sua m\u00e3e, Elizabeth Eug\u00eanio, suspeitos de envolvimento na morte da professora Larissa Talle Le\u00f4ncio Rodrigues, de 37 anos, encontrada morta em seu apartamento em Ribeir\u00e3o Preto no dia 22 de mar\u00e7o. O laudo toxicol\u00f3gico apontou envenenamento por chumbinho, e a investiga\u00e7\u00e3o apura se o caso foi homic\u00eddio ou suic\u00eddio. O Minist\u00e9rio P\u00fablico acompanha as apura\u00e7\u00f5es e ainda n\u00e3o descartou nenhuma hip\u00f3tese.<\/p>\n<p>Durante as investiga\u00e7\u00f5es, celulares e computadores do m\u00e9dico e da m\u00e3e foram apreendidos, e depoimentos de testemunhas revelaram comportamentos suspeitos no dia da morte, como tentativa de limpeza do quarto, pedido de banho antes de prestar depoimento e desejo de cremar o corpo. Uma testemunha relatou ainda que o m\u00e9dico mantinha um relacionamento extraconjugal e passou a noite com a amante na v\u00e9spera do crime. Larissa teria descoberto a trai\u00e7\u00e3o e pedido o div\u00f3rcio.<\/p>\n<p>Amigos e familiares da professora contaram que ela teve epis\u00f3dios de v\u00f4mito e diarreia dias antes da morte, ap\u00f3s consumir alimentos preparados pelo marido e pela sogra. Tamb\u00e9m foi relatado que Larissa desconfiava de estar sendo envenenada e chegou a reunir ind\u00edcios e confidenciar suspeitas a uma prima. O caso segue sob investiga\u00e7\u00e3o da Delegacia de Homic\u00eddios da DEIC.<\/p>\n<\/div>\n<p><!-- .entry-content --><\/p>\n<footer class=\"penci-entry-footer\">\n\t\t\t\t\t\t\t\t<span class=\"penci-social-buttons penci-social-share-footer\"><span class=\"penci-social-share-text\">Compartilhar<\/span><a href=\"#\" class=\"penci-post-like penci_post-meta_item  single-like-button penci-social-item like\" data-post_id=\"424923\" title=\"Like\" data-like=\"Like\" data-unlike=\"Unlike\"><i class=\"fa fa-thumbs-o-up\"\/><span class=\"penci-share-number\">0<\/span><\/a><i class=\"fa fa-facebook\"\/><a class=\"penci-social-item twitter\" target=\"_blank\" rel=\"noopener\" title=\"\" href=\"https:\/\/twitter.com\/intent\/tweet?text=Marido%20e%20m\u00e3e%20s\u00e3o%20presos%20suspeitos%20pela%20morte%20de%20Larissa%20-%20https:\/\/www.tribunaribeirao.com.br\/marido-e-mae-sao-presos-suspeitos-pela-morte-de-larissa\/\"><i class=\"fa fa-twitter\"\/><\/a><i class=\"fa fa-linkedin\"\/><i class=\"fa fa-whatsapp\"\/><i class=\"fa fa-telegram\"\/><i class=\"fa fa-envelope\"\/><\/span>\t\t\t\t\t\t\t<\/footer>\n<p><!-- .entry-footer -->\n\t\t\t\t\t\t<\/div>\n<p><script async src=\"\/\/platform.twitter.com\/widgets.js\" charset=\"utf-8\"><\/script><br \/>\n<br \/><br \/>\n<br \/><a href=\"https:\/\/www.tribunaribeirao.com.br\/marido-e-mae-sao-presos-suspeitos-pela-morte-de-larissa\/\">Source link <\/a><\/p>\n<!-- CONTENT END 1 -->\n","protected":false},"excerpt":{"rendered":"<p>6 de maio de 2025 17:335 Compartilhar0 A Pol\u00edcia Civil prendeu nesta ter\u00e7a-feira (6) o m\u00e9dico Luiz Ant\u00f4nio Garnica e sua m\u00e3e, Elizabeth Eug\u00eanio, suspeitos&#8230;<\/p>\n","protected":false},"author":1,"featured_media":69485,"comment_status":"open","ping_status":"open","sticky":false,"template":"","format":"standard","meta":{"advanced_seo_description":"","jetpack_seo_html_title":"","jetpack_seo_noindex":false,"jetpack_post_was_ever_published":false,"_jetpack_newsletter_access":"","_jetpack_dont_email_post_to_subs":false,"_jetpack_newsletter_tier_id":0,"_jetpack_memberships_contains_paywalled_content":false,"_jetpack_memberships_contains_paid_content":false,"footnotes":"","jetpack_publicize_message":"","jetpack_publicize_feature_enabled":true,"jetpack_social_post_already_shared":true,"jetpack_social_options":{"image_generator_settings":{"template":"highway","default_image_id":0,"font":"","enabled":false},"version":2}},"categories":[11],"tags":[],"class_list":["post-69484","post","type-post","status-publish","format-standard","has-post-thumbnail","hentry","category-noticias-de-ribeirao-preto-sp-e-regiao-ismael-colosi"],"jetpack_publicize_connections":[],"jetpack_featured_media_url":"https:\/\/i0.wp.com\/noticiasribeiraopreto.com.br\/wp-content\/uploads\/2025\/05\/1746563812_05-mai-2025-professorabotanico2.jpg?fit=476%2C380&ssl=1","jetpack-related-posts":[{"id":16216,"url":"https:\/\/noticiasribeiraopreto.com.br\/index.php\/2023\/12\/15\/urgente-publicado-edital-para-144-vagas-e-cadastros-de-analistas-2\/","url_meta":{"origin":69484,"position":0},"title":"Urgente! Publicado edital para 144 vagas e cadastros de analistas","author":"noticiasribeiraopreto.com.br","date":"15 de December de 2023","format":false,"excerpt":"Foi publicado, no di\u00e1rio oficial da Uni\u00e3o desta sexta-feira, 15 de dezembro, o edital do novo concurso Capes (Coordena\u00e7\u00e3o de Aperfei\u00e7oamento de Pessoal de N\u00edvel Superior). A sele\u00e7\u00e3o j\u00e1 contava com contrato assinado com a banca desde o \u00faltimo dia 1 de dezembro e conta com oferta de 144 vagas,\u2026","rel":"","context":"In &quot;Vagas de Emprego em Ribeir\u00e3o Preto-SP&quot;","block_context":{"text":"Vagas de Emprego em Ribeir\u00e3o Preto-SP","link":"https:\/\/noticiasribeiraopreto.com.br\/index.php\/category\/empregos-classificados-vagas-trabalho\/vagas-de-empregos-em-ribeirao-preto-regiao-brasil\/"},"img":{"alt_text":"cap1","src":"https:\/\/i0.wp.com\/jcconcursos.com.br\/media\/uploads\/cap1.jpg?resize=350%2C200&ssl=1","width":350,"height":200,"srcset":"https:\/\/i0.wp.com\/jcconcursos.com.br\/media\/uploads\/cap1.jpg?resize=350%2C200&ssl=1 1x, https:\/\/i0.wp.com\/jcconcursos.com.br\/media\/uploads\/cap1.jpg?resize=525%2C300&ssl=1 1.5x, https:\/\/i0.wp.com\/jcconcursos.com.br\/media\/uploads\/cap1.jpg?resize=700%2C400&ssl=1 2x"},"classes":[]},{"id":40392,"url":"https:\/\/noticiasribeiraopreto.com.br\/index.php\/2024\/03\/03\/arquivo-recebeu-mais-de-13-mil-pedidos-de-certidoes-de-imigracao\/","url_meta":{"origin":69484,"position":1},"title":"Arquivo recebeu mais de 13 mil pedidos de certid\u00f5es de imigra\u00e7\u00e3o\u00a0","author":"noticiasribeiraopreto.com.br","date":"3 de March de 2024","format":false,"excerpt":"3 de mar\u00e7o de 2024 | 11:002 de mar\u00e7o de 2024 | 11:56 0O Arquivo P\u00fablico do Estado de S\u00e3o Paulo (APESP) recebeu 13.372 requerimentos de certid\u00f5es de imigra\u00e7\u00e3o em 2023. Desse total, quase 60% foram de descendentes italianos em busca de mais informa\u00e7\u00f5es sobre os familiares. Desde 2011, os\u2026","rel":"","context":"In &quot;Not\u00edcias de Ribeir\u00e3o Preto-SP e Regi\u00e3o&quot;","block_context":{"text":"Not\u00edcias de Ribeir\u00e3o Preto-SP e Regi\u00e3o","link":"https:\/\/noticiasribeiraopreto.com.br\/index.php\/category\/noticias-de-ribeirao-preto-sp-e-regiao-ismael-colosi\/"},"img":{"alt_text":"","src":"https:\/\/i0.wp.com\/noticiasribeiraopreto.com.br\/wp-content\/uploads\/2024\/03\/fotoarquivopublicodoestadodesaopaulo-creditoreproducao-scaled.jpg?fit=967%2C645&ssl=1&resize=350%2C200","width":350,"height":200,"srcset":"https:\/\/i0.wp.com\/noticiasribeiraopreto.com.br\/wp-content\/uploads\/2024\/03\/fotoarquivopublicodoestadodesaopaulo-creditoreproducao-scaled.jpg?fit=967%2C645&ssl=1&resize=350%2C200 1x, https:\/\/i0.wp.com\/noticiasribeiraopreto.com.br\/wp-content\/uploads\/2024\/03\/fotoarquivopublicodoestadodesaopaulo-creditoreproducao-scaled.jpg?fit=967%2C645&ssl=1&resize=525%2C300 1.5x, https:\/\/i0.wp.com\/noticiasribeiraopreto.com.br\/wp-content\/uploads\/2024\/03\/fotoarquivopublicodoestadodesaopaulo-creditoreproducao-scaled.jpg?fit=967%2C645&ssl=1&resize=700%2C400 2x"},"classes":[]},{"id":13616,"url":"https:\/\/noticiasribeiraopreto.com.br\/index.php\/2023\/12\/10\/vagas-offshore-para-operador-de-producao-enfermeiro-marinheiro-de-conves-coordenador-de-operacoes-hse-e-coordenador-de-perfuracao-sao-iniciadas-pela-brunel\/","url_meta":{"origin":69484,"position":2},"title":"Vagas offshore para Operador de Produ\u00e7\u00e3o, Enfermeiro, Marinheiro de Conv\u00e9s, Coordenador de Opera\u00e7\u00f5es, HSE e Coordenador de Perfura\u00e7\u00e3o s\u00e3o iniciadas pela Brunel","author":"noticiasribeiraopreto.com.br","date":"10 de December de 2023","format":false,"excerpt":"A Brunel, uma das principais empresas de recrutamento e sele\u00e7\u00e3o no setor de petr\u00f3leo e g\u00e1s, anunciou a abertura de diversas vagas na \u00e1rea offshore no dia 08\/12\/2023, uma oportunidade imperd\u00edvel para profissionais que buscam desafios e desenvolvimento em um setor din\u00e2mico e em constante evolu\u00e7\u00e3o. As vagas dispon\u00edveis s\u00e3o\u2026","rel":"","context":"In &quot;Vagas de Emprego em Ribeir\u00e3o Preto-SP&quot;","block_context":{"text":"Vagas de Emprego em Ribeir\u00e3o Preto-SP","link":"https:\/\/noticiasribeiraopreto.com.br\/index.php\/category\/empregos-classificados-vagas-trabalho\/vagas-de-empregos-em-ribeirao-preto-regiao-brasil\/"},"img":{"alt_text":"","src":"https:\/\/i0.wp.com\/noticiasribeiraopreto.com.br\/wp-content\/uploads\/2023\/12\/banner03-1-830x450.jpg?fit=830%2C450&ssl=1&resize=350%2C200","width":350,"height":200,"srcset":"https:\/\/i0.wp.com\/noticiasribeiraopreto.com.br\/wp-content\/uploads\/2023\/12\/banner03-1-830x450.jpg?fit=830%2C450&ssl=1&resize=350%2C200 1x, https:\/\/i0.wp.com\/noticiasribeiraopreto.com.br\/wp-content\/uploads\/2023\/12\/banner03-1-830x450.jpg?fit=830%2C450&ssl=1&resize=525%2C300 1.5x, https:\/\/i0.wp.com\/noticiasribeiraopreto.com.br\/wp-content\/uploads\/2023\/12\/banner03-1-830x450.jpg?fit=830%2C450&ssl=1&resize=700%2C400 2x"},"classes":[]},{"id":77465,"url":"https:\/\/noticiasribeiraopreto.com.br\/index.php\/2025\/09\/19\/defesa-civil-publica-alerta-para-o-estado-de-sp-veja-regioes-afetadas\/","url_meta":{"origin":69484,"position":3},"title":"Defesa Civil publica alerta para o estado de SP; Veja regi\u00f5es afetadas","author":"noticiasribeiraopreto.com.br","date":"19 de September de 2025","format":false,"excerpt":"A Defesa Civil emitiu alerta para calor, baixa umidade do ar, queimadas e chuvas fortes no estado de S\u00e3o Paulo a partir desta sexta-feira (19). No domingo (21) est\u00e1 prevista a aproxima\u00e7\u00e3o de uma frente fria. Segundo o \u00f3rg\u00e3o, entre esta sexta e domingo a previs\u00e3o \u00e9 de predom\u00ednio de\u2026","rel":"","context":"In &quot;Not\u00edcias de Ribeir\u00e3o Preto-SP e Regi\u00e3o&quot;","block_context":{"text":"Not\u00edcias de Ribeir\u00e3o Preto-SP e Regi\u00e3o","link":"https:\/\/noticiasribeiraopreto.com.br\/index.php\/category\/noticias-de-ribeirao-preto-sp-e-regiao-ismael-colosi\/"},"img":{"alt_text":"","src":"https:\/\/i0.wp.com\/noticiasribeiraopreto.com.br\/wp-content\/uploads\/2025\/07\/WhatsApp-Image-2024-07-13-at-19.42.17_2024-07-13_22-42-51_jpeg_2024-07-13_22-42-51.webp.webp?fit=1200%2C553&ssl=1&resize=350%2C200","width":350,"height":200,"srcset":"https:\/\/i0.wp.com\/noticiasribeiraopreto.com.br\/wp-content\/uploads\/2025\/07\/WhatsApp-Image-2024-07-13-at-19.42.17_2024-07-13_22-42-51_jpeg_2024-07-13_22-42-51.webp.webp?fit=1200%2C553&ssl=1&resize=350%2C200 1x, https:\/\/i0.wp.com\/noticiasribeiraopreto.com.br\/wp-content\/uploads\/2025\/07\/WhatsApp-Image-2024-07-13-at-19.42.17_2024-07-13_22-42-51_jpeg_2024-07-13_22-42-51.webp.webp?fit=1200%2C553&ssl=1&resize=525%2C300 1.5x, https:\/\/i0.wp.com\/noticiasribeiraopreto.com.br\/wp-content\/uploads\/2025\/07\/WhatsApp-Image-2024-07-13-at-19.42.17_2024-07-13_22-42-51_jpeg_2024-07-13_22-42-51.webp.webp?fit=1200%2C553&ssl=1&resize=700%2C400 2x, https:\/\/i0.wp.com\/noticiasribeiraopreto.com.br\/wp-content\/uploads\/2025\/07\/WhatsApp-Image-2024-07-13-at-19.42.17_2024-07-13_22-42-51_jpeg_2024-07-13_22-42-51.webp.webp?fit=1200%2C553&ssl=1&resize=1050%2C600 3x"},"classes":[]},{"id":83670,"url":"https:\/\/noticiasribeiraopreto.com.br\/index.php\/2026\/03\/23\/hotelaria-de-ribeirao-mostra-forca-mas-enfrenta-desafios-de-mao-de-obra-e-acessibilidade\/","url_meta":{"origin":69484,"position":4},"title":"Hotelaria de Ribeir\u00e3o mostra for\u00e7a, mas enfrenta desafios de m\u00e3o de obra e acessibilidade","author":"noticiasribeiraopreto.com.br","date":"23 de March de 2026","format":false,"excerpt":"Pesquisa foi realizada entre os dias 6 e 16 de fevereiro de 2026 e contou com a participa\u00e7\u00e3o de 54 estabelecimentos, de um total de 59 hot\u00e9is ativos na cidade A hotelaria de Ribeir\u00e3o Preto vive um momento de consolida\u00e7\u00e3o e crescimento, mas ainda enfrenta desafios importantes, especialmente nas \u00e1reas\u2026","rel":"","context":"In &quot;Not\u00edcias de Ribeir\u00e3o Preto-SP e Regi\u00e3o&quot;","block_context":{"text":"Not\u00edcias de Ribeir\u00e3o Preto-SP e Regi\u00e3o","link":"https:\/\/noticiasribeiraopreto.com.br\/index.php\/category\/noticias-de-ribeirao-preto-sp-e-regiao-ismael-colosi\/"},"img":{"alt_text":"","src":"https:\/\/i0.wp.com\/noticiasribeiraopreto.com.br\/wp-content\/uploads\/2026\/03\/observatorio-turismo-scaled.jpeg?fit=1170%2C780&ssl=1&resize=350%2C200","width":350,"height":200,"srcset":"https:\/\/i0.wp.com\/noticiasribeiraopreto.com.br\/wp-content\/uploads\/2026\/03\/observatorio-turismo-scaled.jpeg?fit=1170%2C780&ssl=1&resize=350%2C200 1x, https:\/\/i0.wp.com\/noticiasribeiraopreto.com.br\/wp-content\/uploads\/2026\/03\/observatorio-turismo-scaled.jpeg?fit=1170%2C780&ssl=1&resize=525%2C300 1.5x, https:\/\/i0.wp.com\/noticiasribeiraopreto.com.br\/wp-content\/uploads\/2026\/03\/observatorio-turismo-scaled.jpeg?fit=1170%2C780&ssl=1&resize=700%2C400 2x, https:\/\/i0.wp.com\/noticiasribeiraopreto.com.br\/wp-content\/uploads\/2026\/03\/observatorio-turismo-scaled.jpeg?fit=1170%2C780&ssl=1&resize=1050%2C600 3x"},"classes":[]},{"id":17127,"url":"https:\/\/noticiasribeiraopreto.com.br\/index.php\/2023\/12\/17\/gigante-oceanica-oferta-mais-de-50-vagas-de-emprego-para-auxiliares-eletricistas-moco-de-conves-marinheiros-e-mais\/","url_meta":{"origin":69484,"position":5},"title":"Gigante Oce\u00e2nica oferta mais de 50 vagas de emprego para auxiliares, eletricistas, mo\u00e7o de conv\u00e9s, marinheiros e mais!","author":"noticiasribeiraopreto.com.br","date":"17 de December de 2023","format":false,"excerpt":"Foto: Reprodu\u00e7\u00e3o sejaoceanica.gupy.io As vagas de emprego da Oce\u00e2nica s\u00e3o para as cidades do Rio de Janeiro, Maca\u00e9 e Rio das Ostras e s\u00e3o para diversos cargos e \u00e1reas. Confira abaixo como concorrer! Com atua\u00e7\u00e3o de 44 anos no mercado, a empresa brasileira Oce\u00e2nica \u00e9 l\u00edder em integridade de \u00f3leo\u2026","rel":"","context":"In &quot;Vagas de Emprego em Ribeir\u00e3o Preto-SP&quot;","block_context":{"text":"Vagas de Emprego em Ribeir\u00e3o Preto-SP","link":"https:\/\/noticiasribeiraopreto.com.br\/index.php\/category\/empregos-classificados-vagas-trabalho\/vagas-de-empregos-em-ribeirao-preto-regiao-brasil\/"},"img":{"alt_text":"","src":"https:\/\/i0.wp.com\/noticiasribeiraopreto.com.br\/wp-content\/uploads\/2023\/12\/2022-06-29_16-03_mainImage-1-830x450.png?fit=830%2C450&ssl=1&resize=350%2C200","width":350,"height":200,"srcset":"https:\/\/i0.wp.com\/noticiasribeiraopreto.com.br\/wp-content\/uploads\/2023\/12\/2022-06-29_16-03_mainImage-1-830x450.png?fit=830%2C450&ssl=1&resize=350%2C200 1x, https:\/\/i0.wp.com\/noticiasribeiraopreto.com.br\/wp-content\/uploads\/2023\/12\/2022-06-29_16-03_mainImage-1-830x450.png?fit=830%2C450&ssl=1&resize=525%2C300 1.5x, https:\/\/i0.wp.com\/noticiasribeiraopreto.com.br\/wp-content\/uploads\/2023\/12\/2022-06-29_16-03_mainImage-1-830x450.png?fit=830%2C450&ssl=1&resize=700%2C400 2x"},"classes":[]}],"jetpack_sharing_enabled":true,"jetpack_shortlink":"https:\/\/wp.me\/peQAOb-i4I","_links":{"self":[{"href":"https:\/\/noticiasribeiraopreto.com.br\/index.php\/wp-json\/wp\/v2\/posts\/69484","targetHints":{"allow":["GET"]}}],"collection":[{"href":"https:\/\/noticiasribeiraopreto.com.br\/index.php\/wp-json\/wp\/v2\/posts"}],"about":[{"href":"https:\/\/noticiasribeiraopreto.com.br\/index.php\/wp-json\/wp\/v2\/types\/post"}],"author":[{"embeddable":true,"href":"https:\/\/noticiasribeiraopreto.com.br\/index.php\/wp-json\/wp\/v2\/users\/1"}],"replies":[{"embeddable":true,"href":"https:\/\/noticiasribeiraopreto.com.br\/index.php\/wp-json\/wp\/v2\/comments?post=69484"}],"version-history":[{"count":0,"href":"https:\/\/noticiasribeiraopreto.com.br\/index.php\/wp-json\/wp\/v2\/posts\/69484\/revisions"}],"wp:featuredmedia":[{"embeddable":true,"href":"https:\/\/noticiasribeiraopreto.com.br\/index.php\/wp-json\/wp\/v2\/media\/69485"}],"wp:attachment":[{"href":"https:\/\/noticiasribeiraopreto.com.br\/index.php\/wp-json\/wp\/v2\/media?parent=69484"}],"wp:term":[{"taxonomy":"category","embeddable":true,"href":"https:\/\/noticiasribeiraopreto.com.br\/index.php\/wp-json\/wp\/v2\/categories?post=69484"},{"taxonomy":"post_tag","embeddable":true,"href":"https:\/\/noticiasribeiraopreto.com.br\/index.php\/wp-json\/wp\/v2\/tags?post=69484"}],"curies":[{"name":"wp","href":"https:\/\/api.w.org\/{rel}","templated":true}]}}