{"id":69486,"date":"2025-05-06T17:44:18","date_gmt":"2025-05-06T20:44:18","guid":{"rendered":"https:\/\/noticiasribeiraopreto.com.br\/index.php\/2025\/05\/06\/conclave-comeca-nesta-quarta-feira-tribuna-ribeirao\/"},"modified":"2025-05-06T17:44:18","modified_gmt":"2025-05-06T20:44:18","slug":"conclave-comeca-nesta-quarta-feira-tribuna-ribeirao","status":"publish","type":"post","link":"https:\/\/noticiasribeiraopreto.com.br\/index.php\/2025\/05\/06\/conclave-comeca-nesta-quarta-feira-tribuna-ribeirao\/","title":{"rendered":"Conclave come\u00e7a nesta quarta-feira\u00a0 &#8211; Tribuna Ribeir\u00e3o"},"content":{"rendered":"<div class='code-block code-block-1' style='margin: 8px 0 8px auto; text-align: right; display: block; clear: both;'>\n<p><a href=\"https:\/\/wa.link\/vpicfd\"><img data-recalc-dims=\"1\" class=\"wp-image-4922\" style=\"aspect-ratio: 2.0253164556962027; width: 561px; height: auto;\" src=\"https:\/\/i0.wp.com\/ismaelcolosi.com.br\/wp-content\/uploads\/2023\/11\/grupo-de-empregos-whatsapp-e-facebook-ismael-colosi-vagas.jpg?ssl=1\" alt=\"\" \/><\/a><\/p>\n<!-- \/wp:image -->\n<\/div>\n<p> <br \/>\n<\/p>\n<div>\n<p><span class=\"TextRun SCXW122333522 BCX0\" lang=\"PT-BR\" xml:lang=\"PT-BR\" data-contrast=\"auto\"><span class=\"NormalTextRun SCXW122333522 BCX0\">O conclave para escolher o sucessor do <\/span><span class=\"NormalTextRun ContextualSpellingAndGrammarErrorV2Themed SCXW122333522 BCX0\">papa<\/span><span class=\"NormalTextRun SCXW122333522 BCX0\"> Francisco come\u00e7a n<\/span><span class=\"NormalTextRun SCXW122333522 BCX0\">est<\/span><span class=\"NormalTextRun SCXW122333522 BCX0\">a quarta-feira, 7<\/span><span class=\"NormalTextRun SCXW122333522 BCX0\"> de maio<\/span><span class=\"NormalTextRun SCXW122333522 BCX0\">. Durante esse per\u00edodo, cardeais ficam isolados e n\u00e3o podem se comunicar com o mundo externo. Uma maioria de dois ter\u00e7os \u00e9 necess\u00e1ria para eleger o novo <\/span><span class=\"NormalTextRun ContextualSpellingAndGrammarErrorV2Themed SCXW122333522 BCX0\">pont\u00edfice Se<\/span><span class=\"NormalTextRun SCXW122333522 BCX0\"> o n\u00famero de eleitores <\/span><span class=\"NormalTextRun SCXW122333522 BCX0\">permanecer<\/span><span class=\"NormalTextRun SCXW122333522 BCX0\"> em 133, o vencedor precisar\u00e1 de 89 votos.<\/span><span class=\"NormalTextRun SCXW122333522 BCX0\"> Todos os votantes j\u00e1 est\u00e3o no Vaticano, em Roma<\/span><\/span><span class=\"LineBreakBlob BlobObject DragDrop SCXW122333522 BCX0\"><span class=\"SCXW122333522 BCX0\">\u00a0<\/span><br class=\"SCXW122333522 BCX0\"\/><\/span><span class=\"LineBreakBlob BlobObject DragDrop SCXW122333522 BCX0\"><span class=\"SCXW122333522 BCX0\">\u00a0<\/span><br class=\"SCXW122333522 BCX0\"\/><\/span><span class=\"TextRun SCXW122333522 BCX0\" lang=\"PT-BR\" xml:lang=\"PT-BR\" data-contrast=\"auto\"><span class=\"NormalTextRun SCXW122333522 BCX0\">\u00c0<\/span><span class=\"NormalTextRun SCXW122333522 BCX0\">s <\/span><span class=\"NormalTextRun SCXW122333522 BCX0\">dez<\/span><span class=\"NormalTextRun SCXW122333522 BCX0\"> horas (pelo hor\u00e1rio local), ser\u00e1 realizada a missa \u201cpro elegendo Pont\u00edfice\u201d, celebra\u00e7\u00e3o lit\u00fargica solene que marca o in\u00edcio do conclave. Os cardeais se re\u00fanem para pedir assist\u00eancia do Esp\u00edrito Santo na escolha do novo pont\u00edfice.<\/span> <span class=\"NormalTextRun SCXW122333522 BCX0\">Os \u00faltimos encontros entre cardeais para a escolha do pont\u00edfice na Capela Sistina foram curtos e n\u00e3o duraram mais do que cinco dias.<\/span><\/span><span class=\"LineBreakBlob BlobObject DragDrop SCXW122333522 BCX0\"><span class=\"SCXW122333522 BCX0\">\u00a0<\/span><br class=\"SCXW122333522 BCX0\"\/><\/span><span class=\"LineBreakBlob BlobObject DragDrop SCXW122333522 BCX0\"><span class=\"SCXW122333522 BCX0\">\u00a0<\/span><br class=\"SCXW122333522 BCX0\"\/><\/span><span class=\"TextRun SCXW122333522 BCX0\" lang=\"PT-BR\" xml:lang=\"PT-BR\" data-contrast=\"auto\"><span class=\"NormalTextRun SCXW122333522 BCX0\">Quanto tempo deve durar o conclave? <\/span><\/span><span class=\"TextRun SCXW122333522 BCX0\" lang=\"PT-BR\" xml:lang=\"PT-BR\" data-contrast=\"auto\"><span class=\"NormalTextRun SCXW122333522 BCX0\">\u2013<\/span> <span class=\"NormalTextRun SCXW122333522 BCX0\">Conforme o Vaticano, n\u00e3o h\u00e1 uma previs\u00e3o exata para que a escolha seja conclu\u00edda. \u201cEntre os pr\u00f3prios cardeais eleitores h\u00e1 aqueles que esperam um conclave curto, considerando tamb\u00e9m o Jubileu em andamento, e aqueles que, ao contr\u00e1rio, <\/span><span class=\"NormalTextRun SCXW122333522 BCX0\">preveem<\/span><span class=\"NormalTextRun SCXW122333522 BCX0\"> tempos mais longos para permitir que os cardeais \u201cse conhe\u00e7am melhor\u201d, tendo Francisco, em seus <\/span><span class=\"NormalTextRun SCXW122333522 BCX0\">dez<\/span><span class=\"NormalTextRun SCXW122333522 BCX0\"> Consist\u00f3rios, agregado ao Col\u00e9gio Cardinal\u00edcio purpurados de todos os cantos do globo.<\/span><\/span><span class=\"LineBreakBlob BlobObject DragDrop SCXW122333522 BCX0\"><span class=\"SCXW122333522 BCX0\">\u00a0<\/span><br class=\"SCXW122333522 BCX0\"\/><\/span><span class=\"LineBreakBlob BlobObject DragDrop SCXW122333522 BCX0\"><span class=\"SCXW122333522 BCX0\">\u00a0<\/span><br class=\"SCXW122333522 BCX0\"\/><\/span><span class=\"TextRun SCXW122333522 BCX0\" lang=\"PT-BR\" xml:lang=\"PT-BR\" data-contrast=\"auto\"><span class=\"NormalTextRun SCXW122333522 BCX0\">\u201c<\/span><span class=\"NormalTextRun SCXW122333522 BCX0\">Se o conclave demorar, \u00e9 porque os cardeais n\u00e3o se conhecem, n\u00e3o \u00e9 porque est\u00e3o divididos\u201d, afirmou o cardeal arcebispo de Porto Alegre, d<\/span><span class=\"NormalTextRun SCXW122333522 BCX0\">om <\/span><span class=\"NormalTextRun SCXW122333522 BCX0\">Jaime <\/span><span class=\"NormalTextRun SCXW122333522 BCX0\">Spengler<\/span><span class=\"NormalTextRun SCXW122333522 BCX0\">, durante a homilia na missa em 4 de maio que celebrou em <\/span><span class=\"NormalTextRun SCXW122333522 BCX0\">San<\/span> <span class=\"NormalTextRun SpellingErrorV2Themed SCXW122333522 BCX0\">Gregorio<\/span><span class=\"NormalTextRun SCXW122333522 BCX0\"> Magno <\/span><span class=\"NormalTextRun SpellingErrorV2Themed SCXW122333522 BCX0\">alla<\/span> <span class=\"NormalTextRun SpellingErrorV2Themed SCXW122333522 BCX0\">Magliana<\/span> <span class=\"NormalTextRun SpellingErrorV2Themed SCXW122333522 BCX0\">Nuova<\/span><span class=\"NormalTextRun SCXW122333522 BCX0\">.<\/span><span class=\"NormalTextRun SCXW122333522 BCX0\">\u00a0 <\/span><span class=\"NormalTextRun SCXW122333522 BCX0\">\u201cAlguns, sobretudo da m\u00eddia, pensam que \u00e9 uma quest\u00e3o pol\u00edtica. N\u00e3o, n\u00e3o. Esp\u00edrito de ora\u00e7\u00e3o, porque precisamos obedecer a Deus, e aqueles que obedecem a Deus s\u00e3o guiados pelo Esp\u00edrito <\/span><span class=\"NormalTextRun SCXW122333522 BCX0\">Santo.<\/span><span class=\"NormalTextRun SCXW122333522 BCX0\">\u201c<\/span><\/span><span class=\"LineBreakBlob BlobObject DragDrop SCXW122333522 BCX0\"><span class=\"SCXW122333522 BCX0\">\u00a0<\/span><br class=\"SCXW122333522 BCX0\"\/><\/span><span class=\"LineBreakBlob BlobObject DragDrop SCXW122333522 BCX0\"><span class=\"SCXW122333522 BCX0\">\u00a0<\/span><br class=\"SCXW122333522 BCX0\"\/><\/span><span class=\"TextRun SCXW122333522 BCX0\" lang=\"PT-BR\" xml:lang=\"PT-BR\" data-contrast=\"auto\"><span class=\"NormalTextRun SCXW122333522 BCX0\">Uma das principais mensagens sublinhadas pelos cardeais \u00e9 a necessidade de continuidade do pontificado de Francisco, com os ensinamentos do Conc\u00edlio Vaticano II. O cardeal arcebispo de S\u00e3o Paulo, Dom <\/span><span class=\"NormalTextRun SCXW122333522 BCX0\">Odilo<\/span><span class=\"NormalTextRun SCXW122333522 BCX0\"> Pedro <\/span><span class=\"NormalTextRun SCXW122333522 BCX0\">Scherer<\/span><span class=\"NormalTextRun SCXW122333522 BCX0\">, por exemplo, afirmou que \u201co pr\u00f3ximo papa n\u00e3o ser\u00e1 uma <\/span><span class=\"NormalTextRun SCXW122333522 BCX0\">xerox<\/span><span class=\"NormalTextRun SCXW122333522 BCX0\"> do <\/span><span class=\"NormalTextRun ContextualSpellingAndGrammarErrorV2Themed SCXW122333522 BCX0\">papa<\/span><span class=\"NormalTextRun SCXW122333522 BCX0\"> Francisco.\u201d<\/span><\/span><span class=\"LineBreakBlob BlobObject DragDrop SCXW122333522 BCX0\"><span class=\"SCXW122333522 BCX0\">\u00a0<\/span><br class=\"SCXW122333522 BCX0\"\/><\/span><span class=\"LineBreakBlob BlobObject DragDrop SCXW122333522 BCX0\"><span class=\"SCXW122333522 BCX0\">\u00a0<\/span><br class=\"SCXW122333522 BCX0\"\/><\/span><span class=\"TextRun SCXW122333522 BCX0\" lang=\"PT-BR\" xml:lang=\"PT-BR\" data-contrast=\"auto\"><span class=\"NormalTextRun SCXW122333522 BCX0\">O que \u00e9 o conclave? \u2013 <\/span><\/span><span class=\"TextRun SCXW122333522 BCX0\" lang=\"PT-BR\" xml:lang=\"PT-BR\" data-contrast=\"auto\"><span class=\"NormalTextRun SCXW122333522 BCX0\">S\u00e3o reuni\u00f5es fechadas, nas quais os cardeais eleitores <\/span><span class=\"NormalTextRun SCXW122333522 BCX0\">para escolher o novo papa ficam reunidos na Capela Sistina. Seu nome significa \u201ccom chave\u201d e foi usado no s\u00e9culo 13 para descrever o processo de trancar os cardeais at\u00e9 a elei\u00e7\u00e3o ser conclu\u00edda.<\/span><\/span><span class=\"LineBreakBlob BlobObject DragDrop SCXW122333522 BCX0\"><span class=\"SCXW122333522 BCX0\">\u00a0<\/span><br class=\"SCXW122333522 BCX0\"\/><\/span><span class=\"LineBreakBlob BlobObject DragDrop SCXW122333522 BCX0\"><span class=\"SCXW122333522 BCX0\">\u00a0<\/span><br class=\"SCXW122333522 BCX0\"\/><\/span><span class=\"TextRun SCXW122333522 BCX0\" lang=\"PT-BR\" xml:lang=\"PT-BR\" data-contrast=\"auto\"><span class=\"NormalTextRun SCXW122333522 BCX0\">Ele deve come\u00e7ar no m\u00e1ximo 20 dias ap\u00f3s a morte ou ren\u00fancia de um papa. Os eleitores s\u00e3o isolados de todos os estranhos durante a dura\u00e7\u00e3o; os \u00faltimos tr\u00eas papas foram escolhidos em quest\u00e3o de dias.<\/span> <span class=\"NormalTextRun SCXW122333522 BCX0\">H\u00e1 252 cardeais em todo o mundo, e como um corpo, eles s\u00e3o respons\u00e1veis pelos assuntos da Santa S\u00e9 ap\u00f3s a morte de um papa, embora com limites.<\/span><\/span><span class=\"LineBreakBlob BlobObject DragDrop SCXW122333522 BCX0\"><span class=\"SCXW122333522 BCX0\">\u00a0<\/span><br class=\"SCXW122333522 BCX0\"\/><\/span><span class=\"LineBreakBlob BlobObject DragDrop SCXW122333522 BCX0\"><span class=\"SCXW122333522 BCX0\">\u00a0<\/span><br class=\"SCXW122333522 BCX0\"\/><\/span><span class=\"TextRun SCXW122333522 BCX0\" lang=\"PT-BR\" xml:lang=\"PT-BR\" data-contrast=\"auto\"><span class=\"NormalTextRun SCXW122333522 BCX0\">Atualmente, h\u00e1 135 cardeais com menos de 80 anos e eleg\u00edveis para a vota\u00e7\u00e3o, vindos de 71 pa\u00edses diferentes, no conclave mais geograficamente diverso da hist\u00f3ria. J\u00e1 dois informaram formalmente \u00e0 Santa S\u00e9 que n\u00e3o poder\u00e3o comparecer por motivos de sa\u00fade, reduzindo o n\u00famero de homens que participar\u00e3o da reuni\u00e3o na Capela Sistina para 133.<\/span><\/span><span class=\"LineBreakBlob BlobObject DragDrop SCXW122333522 BCX0\"><span class=\"SCXW122333522 BCX0\">\u00a0<\/span><br class=\"SCXW122333522 BCX0\"\/><\/span><span class=\"LineBreakBlob BlobObject DragDrop SCXW122333522 BCX0\"><span class=\"SCXW122333522 BCX0\">\u00a0<\/span><br class=\"SCXW122333522 BCX0\"\/><\/span><span class=\"TextRun SCXW122333522 BCX0\" lang=\"PT-BR\" xml:lang=\"PT-BR\" data-contrast=\"auto\"><span class=\"NormalTextRun SCXW122333522 BCX0\">Por s\u00e9culos, eles escolheram um dos seus. A grande maioria dos eleitores <\/span><span class=\"NormalTextRun SCXW122333522 BCX0\">\u2013<\/span><span class=\"NormalTextRun SCXW122333522 BCX0\"> 108 <\/span><span class=\"NormalTextRun SCXW122333522 BCX0\">\u2013<\/span><span class=\"NormalTextRun SCXW122333522 BCX0\"> foi feita cardeal pelo <\/span><span class=\"NormalTextRun ContextualSpellingAndGrammarErrorV2Themed SCXW122333522 BCX0\">papa<\/span><span class=\"NormalTextRun SCXW122333522 BCX0\"> Francisco, de acordo com estat\u00edsticas do Vaticano.<\/span> <span class=\"NormalTextRun SCXW122333522 BCX0\">O conclave foi uma forma de constranger os cardeais a apressar o voto para que a Santa S\u00e9 n\u00e3o ficasse vaga por longos per\u00edodos.<\/span><\/span><span class=\"LineBreakBlob BlobObject DragDrop SCXW122333522 BCX0\"><span class=\"SCXW122333522 BCX0\">\u00a0<\/span><br class=\"SCXW122333522 BCX0\"\/><\/span><span class=\"LineBreakBlob BlobObject DragDrop SCXW122333522 BCX0\"><span class=\"SCXW122333522 BCX0\">\u00a0<\/span><br class=\"SCXW122333522 BCX0\"\/><\/span><span class=\"TextRun SCXW122333522 BCX0\" lang=\"PT-BR\" xml:lang=\"PT-BR\" data-contrast=\"auto\"><span class=\"NormalTextRun SCXW122333522 BCX0\">Foi o que aconteceu depois da morte de Clemente IV, em novembro de 1268. O cargo ficou sem titular por <\/span><span class=\"NormalTextRun SCXW122333522 BCX0\">dois<\/span><span class=\"NormalTextRun SCXW122333522 BCX0\"> anos, <\/span><span class=\"NormalTextRun SCXW122333522 BCX0\">nove<\/span><span class=\"NormalTextRun SCXW122333522 BCX0\"> meses e <\/span><span class=\"NormalTextRun SCXW122333522 BCX0\">dois<\/span><span class=\"NormalTextRun SCXW122333522 BCX0\"> dias<\/span> <span class=\"NormalTextRun SCXW122333522 BCX0\">Naquela \u00e9poca, dezoito cardeais se reuniram no Pal\u00e1cio Papal de <\/span><span class=\"NormalTextRun SCXW122333522 BCX0\">Viterbo<\/span><span class=\"NormalTextRun SCXW122333522 BCX0\"> para eleger o novo papa. Foi o conclave mais longo da hist\u00f3ria, de acordo com a Santa S\u00e9. <\/span><\/span><span class=\"LineBreakBlob BlobObject DragDrop SCXW122333522 BCX0\"><span class=\"SCXW122333522 BCX0\">\u00a0<\/span><br class=\"SCXW122333522 BCX0\"\/><\/span><span class=\"LineBreakBlob BlobObject DragDrop SCXW122333522 BCX0\"><span class=\"SCXW122333522 BCX0\">\u00a0<\/span><br class=\"SCXW122333522 BCX0\"\/><\/span><span class=\"TextRun SCXW122333522 BCX0\" lang=\"PT-BR\" xml:lang=\"PT-BR\" data-contrast=\"auto\"><span class=\"NormalTextRun SCXW122333522 BCX0\">\u201cEram tempos dif\u00edceis. Durante esse longo per\u00edodo, a popula\u00e7\u00e3o de <\/span><span class=\"NormalTextRun SCXW122333522 BCX0\">Viterbo<\/span><span class=\"NormalTextRun SCXW122333522 BCX0\">, exasperada, decidiu trancar os cardeais no pal\u00e1cio. As portas foram fechadas com tijolos e o telhado removido. <\/span><span class=\"NormalTextRun SCXW122333522 BCX0\">Por fim, Greg\u00f3rio X, <\/span><span class=\"NormalTextRun SCXW122333522 BCX0\">arquidi\u00e1cono<\/span><span class=\"NormalTextRun SCXW122333522 BCX0\"> de <\/span><span class=\"NormalTextRun SpellingErrorV2Themed SCXW122333522 BCX0\">Li\u00e8ge<\/span><span class=\"NormalTextRun SCXW122333522 BCX0\">, que na \u00e9poca se encontrava na Terra Santa, foi eleito\u201d<\/span><span class=\"NormalTextRun SCXW122333522 BCX0\">, conforme o Vaticano.<\/span><\/span><span class=\"LineBreakBlob BlobObject DragDrop SCXW122333522 BCX0\"><span class=\"SCXW122333522 BCX0\">\u00a0<\/span><br class=\"SCXW122333522 BCX0\"\/><\/span><span class=\"LineBreakBlob BlobObject DragDrop SCXW122333522 BCX0\"><span class=\"SCXW122333522 BCX0\">\u00a0<\/span><br class=\"SCXW122333522 BCX0\"\/><\/span><span class=\"TextRun SCXW122333522 BCX0\" lang=\"PT-BR\" xml:lang=\"PT-BR\" data-contrast=\"auto\"><span class=\"NormalTextRun SCXW122333522 BCX0\">Em 1274, ele promulgou a Constitui\u00e7\u00e3o <\/span><span class=\"NormalTextRun SpellingErrorV2Themed SCXW122333522 BCX0\">Ubi<\/span> <span class=\"NormalTextRun SCXW122333522 BCX0\">periculum<\/span><span class=\"NormalTextRun SCXW122333522 BCX0\">, que instituiu oficialmente o conclave. Entre outras coisas, estabeleceu-se que ele deveria ser realizado num local precisamente \u2018fechado a chave\u2019 por dentro e por fora.<\/span> <span class=\"NormalTextRun SCXW122333522 BCX0\">\u201cO primeiro conclave da hist\u00f3ria, ap\u00f3s a promulga\u00e7\u00e3o da constitui\u00e7\u00e3o, foi o de <\/span><span class=\"NormalTextRun SCXW122333522 BCX0\">Arezzo<\/span><span class=\"NormalTextRun SCXW122333522 BCX0\">, em 1276, com a elei\u00e7\u00e3o de Inoc\u00eancio V\u201d, segundo a Santa S\u00e9.<\/span><\/span><span class=\"LineBreakBlob BlobObject DragDrop SCXW122333522 BCX0\"><span class=\"SCXW122333522 BCX0\">\u00a0<\/span><br class=\"SCXW122333522 BCX0\"\/><\/span><span class=\"LineBreakBlob BlobObject DragDrop SCXW122333522 BCX0\"><span class=\"SCXW122333522 BCX0\">\u00a0<\/span><br class=\"SCXW122333522 BCX0\"\/><\/span><span class=\"TextRun SCXW122333522 BCX0\" lang=\"PT-BR\" xml:lang=\"PT-BR\" data-contrast=\"auto\"><span class=\"NormalTextRun SCXW122333522 BCX0\">Foi em 1621 que Greg\u00f3rio XV introduziu a obriga\u00e7\u00e3o do voto secreto e escrito.<\/span> <span class=\"NormalTextRun SCXW122333522 BCX0\">\u201cEm 1904, Pio X proibiu o suposto direito de exclusividade, sob qualquer forma. <\/span><span class=\"NormalTextRun SCXW122333522 BCX0\">Tamb\u00e9m foi introduzida a obriga\u00e7\u00e3o de sigilo sobre o que acontecia no conclave, mesmo ap\u00f3s a elei\u00e7\u00e3o, e a regra de manter a documenta\u00e7\u00e3o dispon\u00edvel apenas ao papa\u201d<\/span><span class=\"NormalTextRun SCXW122333522 BCX0\">, conforme o Vaticano. <\/span><\/span><span class=\"LineBreakBlob BlobObject DragDrop SCXW122333522 BCX0\"><span class=\"SCXW122333522 BCX0\">\u00a0<\/span><br class=\"SCXW122333522 BCX0\"\/><\/span><span class=\"LineBreakBlob BlobObject DragDrop SCXW122333522 BCX0\"><span class=\"SCXW122333522 BCX0\">\u00a0<\/span><br class=\"SCXW122333522 BCX0\"\/><\/span><span class=\"TextRun SCXW122333522 BCX0\" lang=\"PT-BR\" xml:lang=\"PT-BR\" data-contrast=\"auto\"><span class=\"NormalTextRun SCXW122333522 BCX0\">A legisla\u00e7\u00e3o, atualmente, em vigor para a elei\u00e7\u00e3o do novo pont\u00edfice \u00e9 a <\/span><span class=\"NormalTextRun SCXW122333522 BCX0\">\u201c<\/span><span class=\"NormalTextRun SpellingErrorV2Themed SCXW122333522 BCX0\">Universi<\/span> <span class=\"NormalTextRun SCXW122333522 BCX0\">Dominici<\/span> <span class=\"NormalTextRun SCXW122333522 BCX0\">Gregis<\/span><span class=\"NormalTextRun SCXW122333522 BCX0\">\u201c, promulgada por Jo\u00e3o Paulo II em 1996 e modificada por Bento XVI em 2013. \u201cEla estabelece, entre outras coisas, que o Conclave deve ser realizado na Capela Sistina.\u201d<\/span><\/span><span class=\"LineBreakBlob BlobObject DragDrop SCXW122333522 BCX0\"><span class=\"SCXW122333522 BCX0\">\u00a0<\/span><br class=\"SCXW122333522 BCX0\"\/><\/span><span class=\"LineBreakBlob BlobObject DragDrop SCXW122333522 BCX0\"><span class=\"SCXW122333522 BCX0\">\u00a0<\/span><br class=\"SCXW122333522 BCX0\"\/><\/span><span class=\"TextRun SCXW122333522 BCX0\" lang=\"PT-BR\" xml:lang=\"PT-BR\" data-contrast=\"auto\"><span class=\"NormalTextRun SCXW122333522 BCX0\">Como \u00e9 feita a vota\u00e7\u00e3o? \u2013<\/span><\/span><span class=\"TextRun SCXW122333522 BCX0\" lang=\"PT-BR\" xml:lang=\"PT-BR\" data-contrast=\"auto\"> <span class=\"NormalTextRun SCXW122333522 BCX0\">Est\u00e3o programadas quatro vota\u00e7\u00f5es a cada dia, duas pela manh\u00e3 e duas \u00e0 tarde. Depois de uma eventual 33\u00aa ou 34\u00aa vota\u00e7\u00e3o, haver\u00e1 um segundo turno direto e o obrigat\u00f3rio entre os dois cardeais que receberam o maior n\u00famero de votos na \u00faltima vota\u00e7\u00e3o. <\/span><\/span><span class=\"LineBreakBlob BlobObject DragDrop SCXW122333522 BCX0\"><span class=\"SCXW122333522 BCX0\">\u00a0<\/span><br class=\"SCXW122333522 BCX0\"\/><\/span><span class=\"LineBreakBlob BlobObject DragDrop SCXW122333522 BCX0\"><span class=\"SCXW122333522 BCX0\">\u00a0<\/span><br class=\"SCXW122333522 BCX0\"\/><\/span><span class=\"TextRun SCXW122333522 BCX0\" lang=\"PT-BR\" xml:lang=\"PT-BR\" data-contrast=\"auto\"><span class=\"NormalTextRun SCXW122333522 BCX0\">Mesmo nesse caso, ser\u00e1 sempre necess\u00e1ria a maioria de dois ter\u00e7os dos votos.<\/span> <span class=\"NormalTextRun SCXW122333522 BCX0\">Os dois cardeais ainda na disputa n\u00e3o poder\u00e3o participar dessa vota\u00e7\u00e3o. Se os votos para um candidato atingirem os dois ter\u00e7os dos votantes, a elei\u00e7\u00e3o do pont\u00edfice \u00e9 canonicamente v\u00e1lida.<\/span><\/span><span class=\"LineBreakBlob BlobObject DragDrop SCXW122333522 BCX0\"><span class=\"SCXW122333522 BCX0\">\u00a0<\/span><br class=\"SCXW122333522 BCX0\"\/><\/span><span class=\"LineBreakBlob BlobObject DragDrop SCXW122333522 BCX0\"><span class=\"SCXW122333522 BCX0\">\u00a0<\/span><br class=\"SCXW122333522 BCX0\"\/><\/span><span class=\"TextRun SCXW122333522 BCX0\" lang=\"PT-BR\" xml:lang=\"PT-BR\" data-contrast=\"auto\"><span class=\"NormalTextRun SCXW122333522 BCX0\">Fuma\u00e7a que sai da chamin\u00e9 \u2013 <\/span><\/span><span class=\"TextRun SCXW122333522 BCX0\" lang=\"PT-BR\" xml:lang=\"PT-BR\" data-contrast=\"auto\"><span class=\"NormalTextRun SCXW122333522 BCX0\">A estufa \u00e9 usada para queimar os votos dos cardeais aos candidatos ao papado ap\u00f3s a contagem. O voto \u00e9 dado por escrito em uma c\u00e9dula oficial do Vaticano. O material \u00e9 incinerado em seguida. A sa\u00edda de fuma\u00e7a preta pela chamin\u00e9 indica que nenhum candidato obteve os votos necess\u00e1rios, sendo iniciado um novo escrut\u00ednio.<\/span><\/span><span class=\"LineBreakBlob BlobObject DragDrop SCXW122333522 BCX0\"><span class=\"SCXW122333522 BCX0\">\u00a0<\/span><br class=\"SCXW122333522 BCX0\"\/><\/span><span class=\"LineBreakBlob BlobObject DragDrop SCXW122333522 BCX0\"><span class=\"SCXW122333522 BCX0\">\u00a0<\/span><br class=\"SCXW122333522 BCX0\"\/><\/span><span class=\"TextRun SCXW122333522 BCX0\" lang=\"PT-BR\" xml:lang=\"PT-BR\" data-contrast=\"auto\"><span class=\"NormalTextRun SCXW122333522 BCX0\">J\u00e1 a fuma\u00e7a branca na chamin\u00e9 anuncia um novo papa. \u201c\u00c9 precisamente para essa chamin\u00e9 que, nos pr\u00f3ximos dias, os olhares do mundo estar\u00e3o voltados, \u00e0 espera do t\u00e3o aguardado sinal: a fuma\u00e7a branca, que confirma a elei\u00e7\u00e3o do sucessor do Papa Francisco\u201d, segundo o <\/span><span class=\"NormalTextRun SpellingErrorV2Themed SCXW122333522 BCX0\">Vatican<\/span> <span class=\"NormalTextRun SCXW122333522 BCX0\">News<\/span><span class=\"NormalTextRun SCXW122333522 BCX0\">.<\/span> <\/span><span class=\"LineBreakBlob BlobObject DragDrop SCXW122333522 BCX0\"><span class=\"SCXW122333522 BCX0\">\u00a0<\/span><br class=\"SCXW122333522 BCX0\"\/><\/span><span class=\"LineBreakBlob BlobObject DragDrop SCXW122333522 BCX0\"><span class=\"SCXW122333522 BCX0\">\u00a0<\/span><br class=\"SCXW122333522 BCX0\"\/><\/span><span class=\"TextRun SCXW122333522 BCX0\" lang=\"PT-BR\" xml:lang=\"PT-BR\" data-contrast=\"auto\"><span class=\"NormalTextRun SCXW122333522 BCX0\">A <\/span><span class=\"NormalTextRun SCXW122333522 BCX0\">express\u00e3o <\/span><span class=\"NormalTextRun SCXW122333522 BCX0\">\u201c<\/span><span class=\"NormalTextRun SpellingErrorV2Themed SCXW122333522 BCX0\">Habemus<\/span> <span class=\"NormalTextRun SpellingErrorV2Themed SCXW122333522 BCX0\">Papam<\/span><span class=\"NormalTextRun SpellingErrorV2Themed SCXW122333522 BCX0\">\u201c<\/span><span class=\"NormalTextRun SpellingErrorV2Themed SCXW122333522 BCX0\">em<\/span><span class=\"NormalTextRun SCXW122333522 BCX0\"> latim significa \u201ctemos um papa\u201d. S\u00e3o as palavras usadas pelo \u201c<\/span><span class=\"NormalTextRun SpellingErrorV2Themed SCXW122333522 BCX0\">protodi\u00e1cono<\/span><span class=\"NormalTextRun SCXW122333522 BCX0\">\u201d do Col\u00e9gio dos Cardeais para anunciar, da loggia da Bas\u00edlica de S\u00e3o Pedro, que um novo papa foi eleito.<\/span> <span class=\"NormalTextRun SCXW122333522 BCX0\">Ele ent\u00e3o diz o nome de nascimento do novo papa e o nome que ele escolheu usar, tamb\u00e9m em latim. O atual <\/span><span class=\"NormalTextRun SpellingErrorV2Themed SCXW122333522 BCX0\">protodi\u00e1cono<\/span><span class=\"NormalTextRun SCXW122333522 BCX0\"> \u00e9 o cardeal franc\u00eas Dominique <\/span><span class=\"NormalTextRun SCXW122333522 BCX0\">Mamberti<\/span><span class=\"NormalTextRun SCXW122333522 BCX0\">. <\/span><\/span><span class=\"LineBreakBlob BlobObject DragDrop SCXW122333522 BCX0\"><span class=\"SCXW122333522 BCX0\">\u00a0<\/span><br class=\"SCXW122333522 BCX0\"\/><\/span><span class=\"LineBreakBlob BlobObject DragDrop SCXW122333522 BCX0\"><span class=\"SCXW122333522 BCX0\">\u00a0<\/span><br class=\"SCXW122333522 BCX0\"\/><\/span><\/p>\n<\/div>\n<p><br \/>\n<br \/><a href=\"https:\/\/www.tribunaribeirao.com.br\/conclave-comeca-nesta-quarta-feira\/\">Source link <\/a><\/p>\n<!-- CONTENT END 1 -->\n","protected":false},"excerpt":{"rendered":"<p>O conclave para escolher o sucessor do papa Francisco come\u00e7a nesta quarta-feira, 7 de maio. Durante esse per\u00edodo, cardeais ficam isolados e n\u00e3o podem se&#8230;<\/p>\n","protected":false},"author":1,"featured_media":69487,"comment_status":"open","ping_status":"open","sticky":false,"template":"","format":"standard","meta":{"advanced_seo_description":"","jetpack_seo_html_title":"","jetpack_seo_noindex":false,"jetpack_post_was_ever_published":false,"_jetpack_newsletter_access":"","_jetpack_dont_email_post_to_subs":false,"_jetpack_newsletter_tier_id":0,"_jetpack_memberships_contains_paywalled_content":false,"_jetpack_memberships_contains_paid_content":false,"footnotes":"","jetpack_publicize_message":"","jetpack_publicize_feature_enabled":true,"jetpack_social_post_already_shared":true,"jetpack_social_options":{"image_generator_settings":{"template":"highway","default_image_id":0,"font":"","enabled":false},"version":2}},"categories":[11],"tags":[],"class_list":["post-69486","post","type-post","status-publish","format-standard","has-post-thumbnail","hentry","category-noticias-de-ribeirao-preto-sp-e-regiao-ismael-colosi"],"jetpack_publicize_connections":[],"jetpack_featured_media_url":"https:\/\/i0.wp.com\/noticiasribeiraopreto.com.br\/wp-content\/uploads\/2025\/05\/Papa-Vatican-News.png?fit=1200%2C828&ssl=1","jetpack-related-posts":[{"id":69670,"url":"https:\/\/noticiasribeiraopreto.com.br\/index.php\/2025\/05\/08\/conclave-segundo-dia-comeca-com-fumaca-preta-e-papa-nao-foi-escolhido\/","url_meta":{"origin":69486,"position":0},"title":"Conclave: Segundo dia come\u00e7a com fuma\u00e7a preta e papa n\u00e3o foi escolhido","author":"noticiasribeiraopreto.com.br","date":"8 de May de 2025","format":false,"excerpt":"A fuma\u00e7a preta \u2013 que indica que o papa ainda n\u00e3o foi eleito \u2013 saiu ap\u00f3s a nova rodada de vota\u00e7\u00f5es nesta quinta-feira (8), segundo dia do conclave. Nesta quarta-feira (7), tamb\u00e9m houve fuma\u00e7a preta. FIQUE POR DENTRO:\u00a0AO VIVO: Acompanhe a movimenta\u00e7\u00e3o no Conclave para escolha do novo papa O\u2026","rel":"","context":"In &quot;Not\u00edcias de Ribeir\u00e3o Preto-SP e Regi\u00e3o&quot;","block_context":{"text":"Not\u00edcias de Ribeir\u00e3o Preto-SP e Regi\u00e3o","link":"https:\/\/noticiasribeiraopreto.com.br\/index.php\/category\/noticias-de-ribeirao-preto-sp-e-regiao-ismael-colosi\/"},"img":{"alt_text":"","src":"https:\/\/i0.wp.com\/noticiasribeiraopreto.com.br\/wp-content\/uploads\/2025\/05\/FUMACA-PRETA-2_2025-05-08_10-12-47.webp.webp?fit=1200%2C682&ssl=1&resize=350%2C200","width":350,"height":200,"srcset":"https:\/\/i0.wp.com\/noticiasribeiraopreto.com.br\/wp-content\/uploads\/2025\/05\/FUMACA-PRETA-2_2025-05-08_10-12-47.webp.webp?fit=1200%2C682&ssl=1&resize=350%2C200 1x, https:\/\/i0.wp.com\/noticiasribeiraopreto.com.br\/wp-content\/uploads\/2025\/05\/FUMACA-PRETA-2_2025-05-08_10-12-47.webp.webp?fit=1200%2C682&ssl=1&resize=525%2C300 1.5x, https:\/\/i0.wp.com\/noticiasribeiraopreto.com.br\/wp-content\/uploads\/2025\/05\/FUMACA-PRETA-2_2025-05-08_10-12-47.webp.webp?fit=1200%2C682&ssl=1&resize=700%2C400 2x, https:\/\/i0.wp.com\/noticiasribeiraopreto.com.br\/wp-content\/uploads\/2025\/05\/FUMACA-PRETA-2_2025-05-08_10-12-47.webp.webp?fit=1200%2C682&ssl=1&resize=1050%2C600 3x"},"classes":[]},{"id":69626,"url":"https:\/\/noticiasribeiraopreto.com.br\/index.php\/2025\/05\/07\/ao-vivo-acompanhe-a-movimentacao-no-conclave-para-escolha-do-novo-papa\/","url_meta":{"origin":69486,"position":1},"title":"AO VIVO: Acompanhe a movimenta\u00e7\u00e3o no Conclave para escolha do novo papa","author":"noticiasribeiraopreto.com.br","date":"7 de May de 2025","format":false,"excerpt":"O grupo de 133 cardeais come\u00e7a nesta quarta-feira (7) na Capela Sistina, no Vaticano, a s\u00e9rie de reuni\u00f5es fechadas do conclave para definir quem ser\u00e1 o novo papa. Os ritos foram abertos com a missa Pro eligendo Pontifice, na Bas\u00edlica de S\u00e3o Pedro. Os cardeais sa\u00edram da Casa Santa Marta\u2026","rel":"","context":"In &quot;Not\u00edcias de Ribeir\u00e3o Preto-SP e Regi\u00e3o&quot;","block_context":{"text":"Not\u00edcias de Ribeir\u00e3o Preto-SP e Regi\u00e3o","link":"https:\/\/noticiasribeiraopreto.com.br\/index.php\/category\/noticias-de-ribeirao-preto-sp-e-regiao-ismael-colosi\/"},"img":{"alt_text":"","src":"https:\/\/i0.wp.com\/noticiasribeiraopreto.com.br\/wp-content\/uploads\/2025\/05\/conclave_2025-05-07_17-51-06.webp.webp?fit=1010%2C574&ssl=1&resize=350%2C200","width":350,"height":200,"srcset":"https:\/\/i0.wp.com\/noticiasribeiraopreto.com.br\/wp-content\/uploads\/2025\/05\/conclave_2025-05-07_17-51-06.webp.webp?fit=1010%2C574&ssl=1&resize=350%2C200 1x, https:\/\/i0.wp.com\/noticiasribeiraopreto.com.br\/wp-content\/uploads\/2025\/05\/conclave_2025-05-07_17-51-06.webp.webp?fit=1010%2C574&ssl=1&resize=525%2C300 1.5x, https:\/\/i0.wp.com\/noticiasribeiraopreto.com.br\/wp-content\/uploads\/2025\/05\/conclave_2025-05-07_17-51-06.webp.webp?fit=1010%2C574&ssl=1&resize=700%2C400 2x"},"classes":[]},{"id":69735,"url":"https:\/\/noticiasribeiraopreto.com.br\/index.php\/2025\/05\/08\/robert-prevost-e-o-escolhido-no-conclave-saiba-quem-e-o-novo-papa\/","url_meta":{"origin":69486,"position":2},"title":"Robert Prevost \u00e9 o escolhido no conclave; Saiba quem \u00e9 o novo papa","author":"noticiasribeiraopreto.com.br","date":"8 de May de 2025","format":false,"excerpt":"O grupo de cardeais reunidos para o conclave na Capela Sistina escolheu nesta quinta-feira (8), o 267\u00ba papa da hist\u00f3ria, que vai suceder Francisco \u00e0 frente do Vaticano. O novo papa \u00e9 o cardeal Robert Prevost, dos Estados Unidos. O novo papa escolheu o nome Le\u00e3o XIV. Robert Prevost tem\u2026","rel":"","context":"In &quot;Not\u00edcias de Ribeir\u00e3o Preto-SP e Regi\u00e3o&quot;","block_context":{"text":"Not\u00edcias de Ribeir\u00e3o Preto-SP e Regi\u00e3o","link":"https:\/\/noticiasribeiraopreto.com.br\/index.php\/category\/noticias-de-ribeirao-preto-sp-e-regiao-ismael-colosi\/"},"img":{"alt_text":"","src":"https:\/\/i0.wp.com\/noticiasribeiraopreto.com.br\/wp-content\/uploads\/2025\/05\/prevost-1_2025-05-08_17-37-14.webp.webp?fit=1200%2C797&ssl=1&resize=350%2C200","width":350,"height":200,"srcset":"https:\/\/i0.wp.com\/noticiasribeiraopreto.com.br\/wp-content\/uploads\/2025\/05\/prevost-1_2025-05-08_17-37-14.webp.webp?fit=1200%2C797&ssl=1&resize=350%2C200 1x, https:\/\/i0.wp.com\/noticiasribeiraopreto.com.br\/wp-content\/uploads\/2025\/05\/prevost-1_2025-05-08_17-37-14.webp.webp?fit=1200%2C797&ssl=1&resize=525%2C300 1.5x, https:\/\/i0.wp.com\/noticiasribeiraopreto.com.br\/wp-content\/uploads\/2025\/05\/prevost-1_2025-05-08_17-37-14.webp.webp?fit=1200%2C797&ssl=1&resize=700%2C400 2x, https:\/\/i0.wp.com\/noticiasribeiraopreto.com.br\/wp-content\/uploads\/2025\/05\/prevost-1_2025-05-08_17-37-14.webp.webp?fit=1200%2C797&ssl=1&resize=1050%2C600 3x"},"classes":[]},{"id":69619,"url":"https:\/\/noticiasribeiraopreto.com.br\/index.php\/2025\/05\/07\/quando-sera-a-proxima-reuniao-do-conclave-2025\/","url_meta":{"origin":69486,"position":3},"title":"Quando ser\u00e1 a pr\u00f3xima reuni\u00e3o do conclave 2025?","author":"noticiasribeiraopreto.com.br","date":"7 de May de 2025","format":false,"excerpt":"A fuma\u00e7a preta solta pela chamin\u00e9 da Capela Sistina, no Vaticano, nesta quarta-feira (7), significa que o novo papa ainda n\u00e3o foi escolhido pelo conclave. A pr\u00f3xima vota\u00e7\u00e3o acontece amanh\u00e3. A partir de quinta-feira (8), ser\u00e3o realizadas quatro vota\u00e7\u00f5es por dia, sendo duas pela manh\u00e3 e outras duas \u00e0 tarde.\u2026","rel":"","context":"In &quot;Not\u00edcias de Ribeir\u00e3o Preto-SP e Regi\u00e3o&quot;","block_context":{"text":"Not\u00edcias de Ribeir\u00e3o Preto-SP e Regi\u00e3o","link":"https:\/\/noticiasribeiraopreto.com.br\/index.php\/category\/noticias-de-ribeirao-preto-sp-e-regiao-ismael-colosi\/"},"img":{"alt_text":"","src":"https:\/\/i0.wp.com\/noticiasribeiraopreto.com.br\/wp-content\/uploads\/2025\/05\/fumaca-preta_2025-05-07_19-19-53.webp.webp?fit=1200%2C729&ssl=1&resize=350%2C200","width":350,"height":200,"srcset":"https:\/\/i0.wp.com\/noticiasribeiraopreto.com.br\/wp-content\/uploads\/2025\/05\/fumaca-preta_2025-05-07_19-19-53.webp.webp?fit=1200%2C729&ssl=1&resize=350%2C200 1x, https:\/\/i0.wp.com\/noticiasribeiraopreto.com.br\/wp-content\/uploads\/2025\/05\/fumaca-preta_2025-05-07_19-19-53.webp.webp?fit=1200%2C729&ssl=1&resize=525%2C300 1.5x, https:\/\/i0.wp.com\/noticiasribeiraopreto.com.br\/wp-content\/uploads\/2025\/05\/fumaca-preta_2025-05-07_19-19-53.webp.webp?fit=1200%2C729&ssl=1&resize=700%2C400 2x, https:\/\/i0.wp.com\/noticiasribeiraopreto.com.br\/wp-content\/uploads\/2025\/05\/fumaca-preta_2025-05-07_19-19-53.webp.webp?fit=1200%2C729&ssl=1&resize=1050%2C600 3x"},"classes":[]},{"id":69708,"url":"https:\/\/noticiasribeiraopreto.com.br\/index.php\/2025\/05\/08\/fumaca-branca-conclave-define-novo-papa\/","url_meta":{"origin":69486,"position":4},"title":"Fuma\u00e7a branca: Conclave define novo papa","author":"noticiasribeiraopreto.com.br","date":"8 de May de 2025","format":false,"excerpt":"Por volta das 13h desta quinta-feira (8) o novo papa foi escolhido pelo conclave. Foi neste hor\u00e1rio que a chamin\u00e9 da Capela Sistina, no Vaticano, soltou a fuma\u00e7a branca. O sucessor de Francisco foi escolhido na quarta vota\u00e7\u00e3o deste conclave, que come\u00e7ou na quarta-feira (7). Pela manh\u00e3, novamente foi solta\u2026","rel":"","context":"In &quot;Not\u00edcias de Ribeir\u00e3o Preto-SP e Regi\u00e3o&quot;","block_context":{"text":"Not\u00edcias de Ribeir\u00e3o Preto-SP e Regi\u00e3o","link":"https:\/\/noticiasribeiraopreto.com.br\/index.php\/category\/noticias-de-ribeirao-preto-sp-e-regiao-ismael-colosi\/"},"img":{"alt_text":"","src":"https:\/\/i0.wp.com\/noticiasribeiraopreto.com.br\/wp-content\/uploads\/2025\/05\/fumaca-branca_2025-05-08_16-09-53.webp.webp?fit=1200%2C756&ssl=1&resize=350%2C200","width":350,"height":200,"srcset":"https:\/\/i0.wp.com\/noticiasribeiraopreto.com.br\/wp-content\/uploads\/2025\/05\/fumaca-branca_2025-05-08_16-09-53.webp.webp?fit=1200%2C756&ssl=1&resize=350%2C200 1x, https:\/\/i0.wp.com\/noticiasribeiraopreto.com.br\/wp-content\/uploads\/2025\/05\/fumaca-branca_2025-05-08_16-09-53.webp.webp?fit=1200%2C756&ssl=1&resize=525%2C300 1.5x, https:\/\/i0.wp.com\/noticiasribeiraopreto.com.br\/wp-content\/uploads\/2025\/05\/fumaca-branca_2025-05-08_16-09-53.webp.webp?fit=1200%2C756&ssl=1&resize=700%2C400 2x, https:\/\/i0.wp.com\/noticiasribeiraopreto.com.br\/wp-content\/uploads\/2025\/05\/fumaca-branca_2025-05-08_16-09-53.webp.webp?fit=1200%2C756&ssl=1&resize=1050%2C600 3x"},"classes":[]},{"id":69478,"url":"https:\/\/noticiasribeiraopreto.com.br\/index.php\/2025\/05\/06\/cardeal-nascido-no-interior-de-sp-leva-profecia-para-o-conclave\/","url_meta":{"origin":69486,"position":5},"title":"Cardeal nascido no interior de SP leva &#8216;profecia&#8217; para o conclave","author":"noticiasribeiraopreto.com.br","date":"6 de May de 2025","format":false,"excerpt":"O cardeal arcebispo do Rio de Janeiro, Dom Orani Jo\u00e3o Tempesta, de 74 anos, natural de S\u00e3o Jos\u00e9 do Rio Pardo \u2013 cidade a aproximadamente 130 quil\u00f4metros de Ribeir\u00e3o Preto, no interior de S\u00e3o Paulo \u2013 \u00e9 um dos sete religiosos brasileiros com direito a voto no conclave que ir\u00e1\u2026","rel":"","context":"In &quot;Not\u00edcias de Ribeir\u00e3o Preto-SP e Regi\u00e3o&quot;","block_context":{"text":"Not\u00edcias de Ribeir\u00e3o Preto-SP e Regi\u00e3o","link":"https:\/\/noticiasribeiraopreto.com.br\/index.php\/category\/noticias-de-ribeirao-preto-sp-e-regiao-ismael-colosi\/"},"img":{"alt_text":"","src":"https:\/\/i0.wp.com\/noticiasribeiraopreto.com.br\/wp-content\/uploads\/2025\/05\/DOM-ORANI-1_2025-05-06_17-41-04.webp.webp?fit=1200%2C783&ssl=1&resize=350%2C200","width":350,"height":200,"srcset":"https:\/\/i0.wp.com\/noticiasribeiraopreto.com.br\/wp-content\/uploads\/2025\/05\/DOM-ORANI-1_2025-05-06_17-41-04.webp.webp?fit=1200%2C783&ssl=1&resize=350%2C200 1x, https:\/\/i0.wp.com\/noticiasribeiraopreto.com.br\/wp-content\/uploads\/2025\/05\/DOM-ORANI-1_2025-05-06_17-41-04.webp.webp?fit=1200%2C783&ssl=1&resize=525%2C300 1.5x, https:\/\/i0.wp.com\/noticiasribeiraopreto.com.br\/wp-content\/uploads\/2025\/05\/DOM-ORANI-1_2025-05-06_17-41-04.webp.webp?fit=1200%2C783&ssl=1&resize=700%2C400 2x, https:\/\/i0.wp.com\/noticiasribeiraopreto.com.br\/wp-content\/uploads\/2025\/05\/DOM-ORANI-1_2025-05-06_17-41-04.webp.webp?fit=1200%2C783&ssl=1&resize=1050%2C600 3x"},"classes":[]}],"jetpack_sharing_enabled":true,"jetpack_shortlink":"https:\/\/wp.me\/peQAOb-i4K","_links":{"self":[{"href":"https:\/\/noticiasribeiraopreto.com.br\/index.php\/wp-json\/wp\/v2\/posts\/69486","targetHints":{"allow":["GET"]}}],"collection":[{"href":"https:\/\/noticiasribeiraopreto.com.br\/index.php\/wp-json\/wp\/v2\/posts"}],"about":[{"href":"https:\/\/noticiasribeiraopreto.com.br\/index.php\/wp-json\/wp\/v2\/types\/post"}],"author":[{"embeddable":true,"href":"https:\/\/noticiasribeiraopreto.com.br\/index.php\/wp-json\/wp\/v2\/users\/1"}],"replies":[{"embeddable":true,"href":"https:\/\/noticiasribeiraopreto.com.br\/index.php\/wp-json\/wp\/v2\/comments?post=69486"}],"version-history":[{"count":0,"href":"https:\/\/noticiasribeiraopreto.com.br\/index.php\/wp-json\/wp\/v2\/posts\/69486\/revisions"}],"wp:featuredmedia":[{"embeddable":true,"href":"https:\/\/noticiasribeiraopreto.com.br\/index.php\/wp-json\/wp\/v2\/media\/69487"}],"wp:attachment":[{"href":"https:\/\/noticiasribeiraopreto.com.br\/index.php\/wp-json\/wp\/v2\/media?parent=69486"}],"wp:term":[{"taxonomy":"category","embeddable":true,"href":"https:\/\/noticiasribeiraopreto.com.br\/index.php\/wp-json\/wp\/v2\/categories?post=69486"},{"taxonomy":"post_tag","embeddable":true,"href":"https:\/\/noticiasribeiraopreto.com.br\/index.php\/wp-json\/wp\/v2\/tags?post=69486"}],"curies":[{"name":"wp","href":"https:\/\/api.w.org\/{rel}","templated":true}]}}