{"id":69488,"date":"2025-05-06T18:20:09","date_gmt":"2025-05-06T21:20:09","guid":{"rendered":"https:\/\/noticiasribeiraopreto.com.br\/index.php\/2025\/05\/06\/jornal-da-franca-saiba-como-a-tecnologia-transforma-a-vida-e-pode-ainda-aprimorar-a-rotina-de-idosos\/"},"modified":"2025-05-06T18:20:09","modified_gmt":"2025-05-06T21:20:09","slug":"jornal-da-franca-saiba-como-a-tecnologia-transforma-a-vida-e-pode-ainda-aprimorar-a-rotina-de-idosos","status":"publish","type":"post","link":"https:\/\/noticiasribeiraopreto.com.br\/index.php\/2025\/05\/06\/jornal-da-franca-saiba-como-a-tecnologia-transforma-a-vida-e-pode-ainda-aprimorar-a-rotina-de-idosos\/","title":{"rendered":"Jornal da Franca &#8211; Saiba como a tecnologia transforma a vida e pode ainda aprimorar a rotina de idosos"},"content":{"rendered":"<div class='code-block code-block-1' style='margin: 8px 0 8px auto; text-align: right; display: block; clear: both;'>\n<p><a href=\"https:\/\/wa.link\/vpicfd\"><img data-recalc-dims=\"1\" class=\"wp-image-4922\" style=\"aspect-ratio: 2.0253164556962027; width: 561px; height: auto;\" src=\"https:\/\/i0.wp.com\/ismaelcolosi.com.br\/wp-content\/uploads\/2023\/11\/grupo-de-empregos-whatsapp-e-facebook-ismael-colosi-vagas.jpg?ssl=1\" alt=\"\" \/><\/a><\/p>\n<!-- \/wp:image -->\n<\/div>\n<p> <br \/>\n<\/p>\n<div>\n<p>Para al\u00e9m de auxiliar em tratamentos e na rotina m\u00e9dica, a tecnologia tamb\u00e9m pode trazer benef\u00edcios ao bem-estar da faixa et\u00e1ria<\/p>\n<\/p><\/div>\n<p>O acesso \u00e0 internet entre os idosos brasileiros tem crescido significativamente nos \u00faltimos anos. Segundo o Instituto Brasileiro de Geografia e Estat\u00edstica (IBGE), em 2023, cerca de 66% das pessoas com 60 anos ou mais j\u00e1 utilizavam a internet.<\/p>\n<p>Esse aumento reflete uma transforma\u00e7\u00e3o na forma como essa faixa et\u00e1ria se relaciona com o mundo digital. Mais do que um meio de comunica\u00e7\u00e3o, a tecnologia tem se tornado uma ferramenta essencial para a sa\u00fade, o lazer e a independ\u00eancia dos idosos, auxiliando desde o monitoramento de condi\u00e7\u00f5es m\u00e9dicas at\u00e9 a intera\u00e7\u00e3o social.<\/p>\n<div>\n<p>\u201cO envelhecimento ativo \u00e9 um dos pilares para garantir mais qualidade de vida, e a tecnologia tem sido uma grande aliada nesse processo. Se antes o uso de dispositivos digitais era visto como algo distante para os idosos, hoje a realidade \u00e9 diferente\u201d, explica J\u00e9ssica Ramalho, Diretora de Opera\u00e7\u00f5es (COO) e cofundadora da Acuidar, rede de cuidadores especializados.<\/p>\n<p><strong>Complemento<\/strong><\/p>\n<p>Ela explica que ferramentas como aplicativos de sa\u00fade, redes sociais e assistentes virtuais proporcionam mais autonomia e seguran\u00e7a, permitindo que eles aproveitem melhor o dia a dia e se mantenham conectados ao mundo.<\/p>\n<p>Para a especialista a tecnologia desempenha um papel fundamental na melhoria da qualidade de vida dos idosos.<\/p>\n<p>\u201cFerramentas digitais oferecem mais praticidade e seguran\u00e7a no dia a dia, al\u00e9m de manterem os idosos mentalmente ativos e socialmente conectados. A tecnologia n\u00e3o substitui o cuidado humano, mas complementa e melhora a rotina, permitindo mais autonomia e bem-estar\u201d, destaca.<\/p>\n<p>Conhe\u00e7a algumas formas de como o universo digital pode transformar a rotina da terceira idade.<\/p>\n<p><strong>Aplicativos de sa\u00fade<\/strong><\/p>\n<p>Aplicativos voltados para a sa\u00fade s\u00e3o aliados essenciais dos idosos. Plataformas que auxiliam no controle de medicamentos, registram a press\u00e3o arterial e monitoram sinais vitais garantem mais autonomia e um acompanhamento m\u00e9dico mais preciso.<\/p>\n<p>Vale ressaltar que a telemedicina se tornou uma alternativa pr\u00e1tica e segura, permitindo consultas sem deslocamento, facilitando o acesso a especialistas e reduzindo o tempo de espera para atendimento.<\/p>\n<p><strong>Conex\u00e3o com familiares<\/strong><\/p>\n<p>A tecnologia tem um papel fundamental na redu\u00e7\u00e3o da solid\u00e3o na terceira idade. Redes sociais, chamadas de v\u00eddeo e aplicativos de mensagens permitem que os idosos mantenham contato frequente com familiares e amigos, independentemente da dist\u00e2ncia.<\/p>\n<p>\u201cA intera\u00e7\u00e3o social \u00e9 essencial para o bem-estar emocional dos idosos. A tecnologia possibilita esse contato frequente, contribuindo para uma rotina mais alegre e conectada\u201d, destaca J\u00e9ssica. Essa conex\u00e3o digital fortalece os la\u00e7os afetivos e proporciona um senso de pertencimento, essencial para a sa\u00fade mental e emocional.<\/p>\n<p><strong>Mais seguran\u00e7a em casa<\/strong><\/p>\n<p>Dispositivos inteligentes oferecem mais seguran\u00e7a e praticidade no cotidiano dos idosos. Sensores de presen\u00e7a, ilumina\u00e7\u00e3o automatizada e c\u00e2meras de seguran\u00e7a ajudam a prevenir acidentes e garantem um ambiente dom\u00e9stico mais protegido.<\/p>\n<p>Al\u00e9m disso, assistentes virtuais como Alexa e Google Assistant permitem controlar dispositivos por comando de voz, facilitando tarefas di\u00e1rias, como fazer chamadas, definir lembretes e at\u00e9 acionar emerg\u00eancias.<\/p>\n<p><strong>Atividade f\u00edsica<\/strong><\/p>\n<p>A pr\u00e1tica regular de exerc\u00edcios f\u00edsicos \u00e9 essencial para o envelhecimento saud\u00e1vel, e o meio digital tem sido um grande aliado nesse processo. Aplicativos e v\u00eddeos interativos oferecem aulas de alongamento, ioga e exerc\u00edcios de baixo impacto, adaptados \u00e0s necessidades da terceira idade.<\/p>\n<p>Junto a essas op\u00e7\u00f5es, smartwatches e pulseiras inteligentes monitoram a frequ\u00eancia card\u00edaca, os passos e a qualidade do sono, incentivando h\u00e1bitos mais saud\u00e1veis e auxiliando no acompanhamento m\u00e9dico.<\/p>\n<p><strong>Aprendizado e est\u00edmulo mental<\/strong><\/p>\n<p>A inclus\u00e3o digital n\u00e3o apenas conecta os idosos ao mundo moderno, mas tamb\u00e9m estimula suas habilidades cognitivas.<\/p>\n<p>Plataformas de aprendizado online oferecem cursos sobre diversos temas, incentivando o desenvolvimento de novas habilidades e o enriquecimento cultural. Jogos de racioc\u00ednio, como palavras-cruzadas, quebra-cabe\u00e7as e aplicativos de mem\u00f3ria, ajudam a fortalecer a concentra\u00e7\u00e3o e prevenir o decl\u00ednio cognitivo.<\/p>\n<\/div>\n<p><br \/>\n<br \/><a href=\"https:\/\/www.jornaldafranca.com.br\/saiba-como-a-tecnologia-transforma-a-vida-e-pode-ainda-aprimorar-a-rotina-de-idosos\/\">Source link <\/a><\/p>\n<!-- CONTENT END 1 -->\n","protected":false},"excerpt":{"rendered":"<p>Para al\u00e9m de auxiliar em tratamentos e na rotina m\u00e9dica, a tecnologia tamb\u00e9m pode trazer benef\u00edcios ao bem-estar da faixa et\u00e1ria O acesso \u00e0 internet&#8230;<\/p>\n","protected":false},"author":1,"featured_media":69489,"comment_status":"open","ping_status":"open","sticky":false,"template":"","format":"standard","meta":{"advanced_seo_description":"","jetpack_seo_html_title":"","jetpack_seo_noindex":false,"jetpack_post_was_ever_published":false,"_jetpack_newsletter_access":"","_jetpack_dont_email_post_to_subs":false,"_jetpack_newsletter_tier_id":0,"_jetpack_memberships_contains_paywalled_content":false,"_jetpack_memberships_contains_paid_content":false,"footnotes":"","jetpack_publicize_message":"","jetpack_publicize_feature_enabled":true,"jetpack_social_post_already_shared":true,"jetpack_social_options":{"image_generator_settings":{"template":"highway","default_image_id":0,"font":"","enabled":false},"version":2}},"categories":[3597],"tags":[],"class_list":["post-69488","post","type-post","status-publish","format-standard","has-post-thumbnail","hentry","category-noticias-franca-sp"],"jetpack_publicize_connections":[],"jetpack_featured_media_url":"https:\/\/i0.wp.com\/noticiasribeiraopreto.com.br\/wp-content\/uploads\/2025\/05\/2150494665.jpg?fit=1000%2C667&ssl=1","jetpack-related-posts":[{"id":61074,"url":"https:\/\/noticiasribeiraopreto.com.br\/index.php\/2024\/12\/03\/geriatra-alerta-para-crescente-numero-de-casos-de-hiv-entre-idosos\/","url_meta":{"origin":69488,"position":0},"title":"Geriatra Alerta para Crescente N\u00famero de Casos de HIV entre Idosos","author":"noticiasribeiraopreto.com.br","date":"3 de December de 2024","format":false,"excerpt":"O aumento de casos de HIV entre idosos tem chamado a aten\u00e7\u00e3o de especialistas da \u00e1rea da sa\u00fade no Brasil. Segundo dados apresentados em um evento nacional de sa\u00fade p\u00fablica, a popula\u00e7\u00e3o acima dos 60 anos tem registrado uma alta significativa no n\u00famero de diagn\u00f3sticos nos \u00faltimos anos. A geriatra\u2026","rel":"","context":"In &quot;Not\u00edcias de Ribeir\u00e3o Preto-SP e Regi\u00e3o&quot;","block_context":{"text":"Not\u00edcias de Ribeir\u00e3o Preto-SP e Regi\u00e3o","link":"https:\/\/noticiasribeiraopreto.com.br\/index.php\/category\/noticias-de-ribeirao-preto-sp-e-regiao-ismael-colosi\/"},"img":{"alt_text":"","src":"https:\/\/i0.wp.com\/noticiasribeiraopreto.com.br\/wp-content\/uploads\/2024\/12\/cartilha-vacinahiv.webp.webp?fit=1170%2C700&ssl=1&resize=350%2C200","width":350,"height":200,"srcset":"https:\/\/i0.wp.com\/noticiasribeiraopreto.com.br\/wp-content\/uploads\/2024\/12\/cartilha-vacinahiv.webp.webp?fit=1170%2C700&ssl=1&resize=350%2C200 1x, https:\/\/i0.wp.com\/noticiasribeiraopreto.com.br\/wp-content\/uploads\/2024\/12\/cartilha-vacinahiv.webp.webp?fit=1170%2C700&ssl=1&resize=525%2C300 1.5x, https:\/\/i0.wp.com\/noticiasribeiraopreto.com.br\/wp-content\/uploads\/2024\/12\/cartilha-vacinahiv.webp.webp?fit=1170%2C700&ssl=1&resize=700%2C400 2x, https:\/\/i0.wp.com\/noticiasribeiraopreto.com.br\/wp-content\/uploads\/2024\/12\/cartilha-vacinahiv.webp.webp?fit=1170%2C700&ssl=1&resize=1050%2C600 3x"},"classes":[]},{"id":66811,"url":"https:\/\/noticiasribeiraopreto.com.br\/index.php\/2025\/04\/05\/jornal-da-franca-camara-de-franca-vota-na-terca-criacao-de-programa-de-prevencao-de-quedas-em-idosos\/","url_meta":{"origin":69488,"position":1},"title":"Jornal da Franca &#8211; C\u00e2mara de Franca vota na ter\u00e7a cria\u00e7\u00e3o de programa de preven\u00e7\u00e3o de quedas em idosos","author":"noticiasribeiraopreto.com.br","date":"5 de April de 2025","format":false,"excerpt":"compartilhar no whatsapp compartilhar no telegram compartilhar no facebook compartilhar no linkedin Projeto de Lei Ordin\u00e1ria visa reduzir riscos de quedas em idosos no munic\u00edpio de Franca A C\u00e2mara Municipal de Franca est\u00e1 prestes a votar o Projeto de Lei Ordin\u00e1ria n\u00ba 24\/2025, proposto pelo vereador Donizete da Farm\u00e1cia (MDB),\u2026","rel":"","context":"In &quot;Not\u00edcias de Franca-SP&quot;","block_context":{"text":"Not\u00edcias de Franca-SP","link":"https:\/\/noticiasribeiraopreto.com.br\/index.php\/category\/noticias-de-ribeirao-preto-sp-e-regiao-ismael-colosi\/noticias-franca-sp\/"},"img":{"alt_text":"","src":"https:\/\/i0.wp.com\/noticiasribeiraopreto.com.br\/wp-content\/uploads\/2025\/04\/IMG-20211108-WA0025.jpg?fit=930%2C558&ssl=1&resize=350%2C200","width":350,"height":200,"srcset":"https:\/\/i0.wp.com\/noticiasribeiraopreto.com.br\/wp-content\/uploads\/2025\/04\/IMG-20211108-WA0025.jpg?fit=930%2C558&ssl=1&resize=350%2C200 1x, https:\/\/i0.wp.com\/noticiasribeiraopreto.com.br\/wp-content\/uploads\/2025\/04\/IMG-20211108-WA0025.jpg?fit=930%2C558&ssl=1&resize=525%2C300 1.5x, https:\/\/i0.wp.com\/noticiasribeiraopreto.com.br\/wp-content\/uploads\/2025\/04\/IMG-20211108-WA0025.jpg?fit=930%2C558&ssl=1&resize=700%2C400 2x"},"classes":[]},{"id":70890,"url":"https:\/\/noticiasribeiraopreto.com.br\/index.php\/2025\/05\/30\/jornal-da-franca-alerta-725-dos-obitos-por-srag-estao-relacionados-a-influenza-a\/","url_meta":{"origin":69488,"position":2},"title":"Jornal da Franca &#8211; Alerta: 72,5% dos \u00f3bitos por SRAG est\u00e3o relacionados \u00e0 influenza A","author":"noticiasribeiraopreto.com.br","date":"30 de May de 2025","format":false,"excerpt":"compartilhar no whatsapp compartilhar no telegram compartilhar no facebook compartilhar no linkedin Influenza A tem sido o principal v\u00edrus respons\u00e1vel pelo aumento dos casos de SRAG entre adultos e idosos e jovens a partir dos 15 anos Vacina\u00e7\u00e3o contra gripe \u00e9 a melhor forma de evitar casos graves relacionados \u00e0\u2026","rel":"","context":"In &quot;Not\u00edcias de Franca-SP&quot;","block_context":{"text":"Not\u00edcias de Franca-SP","link":"https:\/\/noticiasribeiraopreto.com.br\/index.php\/category\/noticias-de-ribeirao-preto-sp-e-regiao-ismael-colosi\/noticias-franca-sp\/"},"img":{"alt_text":"","src":"https:\/\/i0.wp.com\/noticiasribeiraopreto.com.br\/wp-content\/uploads\/2025\/05\/1748651554_vacina-gripe.jpeg?fit=1200%2C794&ssl=1&resize=350%2C200","width":350,"height":200,"srcset":"https:\/\/i0.wp.com\/noticiasribeiraopreto.com.br\/wp-content\/uploads\/2025\/05\/1748651554_vacina-gripe.jpeg?fit=1200%2C794&ssl=1&resize=350%2C200 1x, https:\/\/i0.wp.com\/noticiasribeiraopreto.com.br\/wp-content\/uploads\/2025\/05\/1748651554_vacina-gripe.jpeg?fit=1200%2C794&ssl=1&resize=525%2C300 1.5x, https:\/\/i0.wp.com\/noticiasribeiraopreto.com.br\/wp-content\/uploads\/2025\/05\/1748651554_vacina-gripe.jpeg?fit=1200%2C794&ssl=1&resize=700%2C400 2x, https:\/\/i0.wp.com\/noticiasribeiraopreto.com.br\/wp-content\/uploads\/2025\/05\/1748651554_vacina-gripe.jpeg?fit=1200%2C794&ssl=1&resize=1050%2C600 3x"},"classes":[]},{"id":21584,"url":"https:\/\/noticiasribeiraopreto.com.br\/index.php\/2023\/12\/28\/carteira-do-idoso-viaje-de-graca-neste-fim-de-ano-saiba-como\/","url_meta":{"origin":69488,"position":3},"title":"Carteira do Idoso: Viaje de GRA\u00c7A neste Fim de Ano! Saiba como","author":"noticiasribeiraopreto.com.br","date":"28 de December de 2023","format":false,"excerpt":"A Carteira do Idoso \u00e9 uma ferramenta poderosa que abre portas para diversos benef\u00edcios para cidad\u00e3os brasileiros com mais de 60 anos. Regulamentado pela legisla\u00e7\u00e3o brasileira, este documento \u00e9 um passaporte para uma s\u00e9rie de privil\u00e9gios, como viagens gratuitas e atendimento priorit\u00e1rio. Neste fim de ano uma boa pedida \u00e9\u2026","rel":"","context":"In &quot;Vagas de Emprego em Ribeir\u00e3o Preto-SP&quot;","block_context":{"text":"Vagas de Emprego em Ribeir\u00e3o Preto-SP","link":"https:\/\/noticiasribeiraopreto.com.br\/index.php\/category\/empregos-classificados-vagas-trabalho\/vagas-de-empregos-em-ribeirao-preto-regiao-brasil\/"},"img":{"alt_text":"","src":"","width":0,"height":0},"classes":[]},{"id":38971,"url":"https:\/\/noticiasribeiraopreto.com.br\/index.php\/2024\/02\/22\/governo-federal-anunciou-novo-beneficio-no-valor-de-r-600-para-os-idosos-a-partir-de-60-anos-confira-esta-novidade\/","url_meta":{"origin":69488,"position":4},"title":"Governo Federal anunciou novo benef\u00edcio no valor de R$ 600 para os idosos a partir de 60 anos; Confira esta novidade!","author":"noticiasribeiraopreto.com.br","date":"22 de February de 2024","format":false,"excerpt":"Recentemente, o governo brasileiro anunciou uma grande novidade para os idosos: o pagamento de benef\u00edcios no valor de R$ 600. A iniciativa promete levar alegria e grande apoio financeiro a muitos idosos e contribuir para a melhoria da sua qualidade de vida. Vale destacar que, al\u00e9m dos idosos, outros brasileiros\u2026","rel":"","context":"In &quot;Dinheiro e Investimento&quot;","block_context":{"text":"Dinheiro e Investimento","link":"https:\/\/noticiasribeiraopreto.com.br\/index.php\/category\/dinheiro-e-investimento-como-fazer-como-ganhar\/"},"img":{"alt_text":"","src":"https:\/\/i0.wp.com\/noticiasribeiraopreto.com.br\/wp-content\/uploads\/2024\/02\/Novo-Beneficio-de-R_-600_00.webp.png?fit=1200%2C630&ssl=1&resize=350%2C200","width":350,"height":200,"srcset":"https:\/\/i0.wp.com\/noticiasribeiraopreto.com.br\/wp-content\/uploads\/2024\/02\/Novo-Beneficio-de-R_-600_00.webp.png?fit=1200%2C630&ssl=1&resize=350%2C200 1x, https:\/\/i0.wp.com\/noticiasribeiraopreto.com.br\/wp-content\/uploads\/2024\/02\/Novo-Beneficio-de-R_-600_00.webp.png?fit=1200%2C630&ssl=1&resize=525%2C300 1.5x, https:\/\/i0.wp.com\/noticiasribeiraopreto.com.br\/wp-content\/uploads\/2024\/02\/Novo-Beneficio-de-R_-600_00.webp.png?fit=1200%2C630&ssl=1&resize=700%2C400 2x, https:\/\/i0.wp.com\/noticiasribeiraopreto.com.br\/wp-content\/uploads\/2024\/02\/Novo-Beneficio-de-R_-600_00.webp.png?fit=1200%2C630&ssl=1&resize=1050%2C600 3x"},"classes":[]},{"id":65734,"url":"https:\/\/noticiasribeiraopreto.com.br\/index.php\/2025\/03\/23\/jornal-da-franca-terceira-idade-com-bem-estar-veja-7-cuidados-preventivos-importantes\/","url_meta":{"origin":69488,"position":5},"title":"Jornal da Franca &#8211; Terceira idade com bem-estar! Veja 7 cuidados preventivos importantes","author":"noticiasribeiraopreto.com.br","date":"23 de March de 2025","format":false,"excerpt":"compartilhar no whatsapp compartilhar no telegram compartilhar no facebook compartilhar no linkedin Quer envelhecer com sa\u00fade e disposi\u00e7\u00e3o? Ent\u00e3o siga essas dicas de cuidados na terceira idade superimportantes Cuidar da sa\u00fade para ter mais disposi\u00e7\u00e3o \u00e9 fundamental na terceira idade \u2013 foto Arquivo \u00a0 Com o envelhecimento, \u00e9 normal que\u2026","rel":"","context":"In &quot;Not\u00edcias de Franca-SP&quot;","block_context":{"text":"Not\u00edcias de Franca-SP","link":"https:\/\/noticiasribeiraopreto.com.br\/index.php\/category\/noticias-de-ribeirao-preto-sp-e-regiao-ismael-colosi\/noticias-franca-sp\/"},"img":{"alt_text":"","src":"https:\/\/i0.wp.com\/noticiasribeiraopreto.com.br\/wp-content\/uploads\/2025\/03\/idosos-felizes-freepik-scaled.jpg?fit=1200%2C857&ssl=1&resize=350%2C200","width":350,"height":200,"srcset":"https:\/\/i0.wp.com\/noticiasribeiraopreto.com.br\/wp-content\/uploads\/2025\/03\/idosos-felizes-freepik-scaled.jpg?fit=1200%2C857&ssl=1&resize=350%2C200 1x, https:\/\/i0.wp.com\/noticiasribeiraopreto.com.br\/wp-content\/uploads\/2025\/03\/idosos-felizes-freepik-scaled.jpg?fit=1200%2C857&ssl=1&resize=525%2C300 1.5x, https:\/\/i0.wp.com\/noticiasribeiraopreto.com.br\/wp-content\/uploads\/2025\/03\/idosos-felizes-freepik-scaled.jpg?fit=1200%2C857&ssl=1&resize=700%2C400 2x, https:\/\/i0.wp.com\/noticiasribeiraopreto.com.br\/wp-content\/uploads\/2025\/03\/idosos-felizes-freepik-scaled.jpg?fit=1200%2C857&ssl=1&resize=1050%2C600 3x"},"classes":[]}],"jetpack_sharing_enabled":true,"jetpack_shortlink":"https:\/\/wp.me\/peQAOb-i4M","_links":{"self":[{"href":"https:\/\/noticiasribeiraopreto.com.br\/index.php\/wp-json\/wp\/v2\/posts\/69488","targetHints":{"allow":["GET"]}}],"collection":[{"href":"https:\/\/noticiasribeiraopreto.com.br\/index.php\/wp-json\/wp\/v2\/posts"}],"about":[{"href":"https:\/\/noticiasribeiraopreto.com.br\/index.php\/wp-json\/wp\/v2\/types\/post"}],"author":[{"embeddable":true,"href":"https:\/\/noticiasribeiraopreto.com.br\/index.php\/wp-json\/wp\/v2\/users\/1"}],"replies":[{"embeddable":true,"href":"https:\/\/noticiasribeiraopreto.com.br\/index.php\/wp-json\/wp\/v2\/comments?post=69488"}],"version-history":[{"count":0,"href":"https:\/\/noticiasribeiraopreto.com.br\/index.php\/wp-json\/wp\/v2\/posts\/69488\/revisions"}],"wp:featuredmedia":[{"embeddable":true,"href":"https:\/\/noticiasribeiraopreto.com.br\/index.php\/wp-json\/wp\/v2\/media\/69489"}],"wp:attachment":[{"href":"https:\/\/noticiasribeiraopreto.com.br\/index.php\/wp-json\/wp\/v2\/media?parent=69488"}],"wp:term":[{"taxonomy":"category","embeddable":true,"href":"https:\/\/noticiasribeiraopreto.com.br\/index.php\/wp-json\/wp\/v2\/categories?post=69488"},{"taxonomy":"post_tag","embeddable":true,"href":"https:\/\/noticiasribeiraopreto.com.br\/index.php\/wp-json\/wp\/v2\/tags?post=69488"}],"curies":[{"name":"wp","href":"https:\/\/api.w.org\/{rel}","templated":true}]}}