{"id":69490,"date":"2025-05-06T19:23:22","date_gmt":"2025-05-06T22:23:22","guid":{"rendered":"https:\/\/noticiasribeiraopreto.com.br\/index.php\/2025\/05\/06\/mpf-faz-fiscalizacao-no-sistema-de-ensino-da-educacao-fundamental-em-buritizal\/"},"modified":"2025-05-06T19:23:22","modified_gmt":"2025-05-06T22:23:22","slug":"mpf-faz-fiscalizacao-no-sistema-de-ensino-da-educacao-fundamental-em-buritizal","status":"publish","type":"post","link":"https:\/\/noticiasribeiraopreto.com.br\/index.php\/2025\/05\/06\/mpf-faz-fiscalizacao-no-sistema-de-ensino-da-educacao-fundamental-em-buritizal\/","title":{"rendered":"MPF faz fiscaliza\u00e7\u00e3o no sistema de ensino da educa\u00e7\u00e3o fundamental em Buritizal"},"content":{"rendered":"<p> <br \/>\n<\/p>\n<div>\n<p>O Minist\u00e9rio P\u00fablico Federal (MPF) realizar\u00e1 uma visita a Buritizal na sexta-feira, 9 de maio, para se reunir com autoridades municipais de educa\u00e7\u00e3o e inspecionar a realidade do ensino b\u00e1sico na cidade. O objetivo \u00e9 avaliar a qualidade do servi\u00e7o p\u00fablico e detectar as melhorias que podem ser implementadas.<\/p>\n<p>O encontro com representantes da Prefeitura e da Secretaria de Educa\u00e7\u00e3o est\u00e1 agendado para as 13h30, na sede da administra\u00e7\u00e3o municipal. A programa\u00e7\u00e3o inclui tamb\u00e9m a visita a uma escola municipal, para que o MPF verifique de perto as condi\u00e7\u00f5es de ensino em Buritizal. A passagem pelo munic\u00edpio integra uma s\u00e9rie de visitas que o MPF em Franca vem fazendo a cidades da regi\u00e3o, al\u00e9m de outras medidas adotadas, com vistas ao aperfei\u00e7oamento da educa\u00e7\u00e3o b\u00e1sica.<\/p>\n<p>Os cidad\u00e3os de Buritizal e de outros munic\u00edpios que quiserem informar ao MPF irregularidades na educa\u00e7\u00e3o ou em outras \u00e1reas podem entrar em contato com a institui\u00e7\u00e3o por meio do MPF Servi\u00e7os, canal online de atendimento. Por l\u00e1, \u00e9 poss\u00edvel fazer representa\u00e7\u00f5es (den\u00fancias) e pedir informa\u00e7\u00f5es sobre investiga\u00e7\u00f5es e processos do MPF em andamento, entre outras solicita\u00e7\u00f5es. O canal funciona todos os dias, 24 horas por dia.<\/p>\n<p>Para aqueles que quiserem comparecer presencialmente, o MPF em Franca abrange Buritizal e outros 16 munic\u00edpios da regi\u00e3o. O endere\u00e7o da unidade \u00e9 Avenida Hugo Betarello, 4100 \u2013 Esplanada Primo Meneghetti \u2013 Franca. O telefone \u00e9 (16) 3012-8057.<\/p>\n<p><!-- CONTENT END 1 --><\/p><\/div>\n<p><br \/>\n<br \/><a href=\"https:\/\/www.f3noticias.com.br\/mpf-faz-fiscalizacao-no-sistema-de-ensino-da-educacao-fundamental-em-buritizal\/\">Source link <\/a><\/p>\n","protected":false},"excerpt":{"rendered":"<p>O Minist\u00e9rio P\u00fablico Federal (MPF) realizar\u00e1 uma visita a Buritizal na sexta-feira, 9 de maio, para se reunir com autoridades municipais de educa\u00e7\u00e3o e inspecionar&#8230;<\/p>\n","protected":false},"author":1,"featured_media":69491,"comment_status":"open","ping_status":"open","sticky":false,"template":"","format":"standard","meta":{"advanced_seo_description":"","jetpack_seo_html_title":"","jetpack_seo_noindex":false,"jetpack_post_was_ever_published":false,"_jetpack_newsletter_access":"","_jetpack_dont_email_post_to_subs":false,"_jetpack_newsletter_tier_id":0,"_jetpack_memberships_contains_paywalled_content":false,"_jetpack_memberships_contains_paid_content":false,"footnotes":"","jetpack_publicize_message":"","jetpack_publicize_feature_enabled":true,"jetpack_social_post_already_shared":true,"jetpack_social_options":{"image_generator_settings":{"template":"highway","default_image_id":0,"font":"","enabled":false},"version":2}},"categories":[3597],"tags":[],"class_list":["post-69490","post","type-post","status-publish","format-standard","has-post-thumbnail","hentry","category-noticias-franca-sp"],"jetpack_publicize_connections":[],"jetpack_featured_media_url":"https:\/\/i0.wp.com\/noticiasribeiraopreto.com.br\/wp-content\/uploads\/2025\/05\/buritizal.jpg?fit=600%2C337&ssl=1","jetpack-related-posts":[{"id":68793,"url":"https:\/\/noticiasribeiraopreto.com.br\/index.php\/2025\/04\/29\/jornal-da-franca-educacao-de-franca-apresenta-politicas-publicas-em-feira-internacional-de-tecnologia\/","url_meta":{"origin":69490,"position":0},"title":"Jornal da Franca &#8211; Educa\u00e7\u00e3o de Franca apresenta pol\u00edticas p\u00fablicas em Feira Internacional de Tecnologia","author":"noticiasribeiraopreto.com.br","date":"29 de April de 2025","format":false,"excerpt":"compartilhar no whatsapp compartilhar no telegram compartilhar no facebook compartilhar no linkedin Evento re\u00fane especialistas e promove a troca de experi\u00eancias sobre inova\u00e7\u00e3o no ensino Franca participa da Bett Brasil, maior evento de Educa\u00e7\u00e3o e Tecnologia da Am\u00e9rica Latina \u00a0 A Prefeitura de Franca confirmou participa\u00e7\u00e3o na Bett Brasil 2025,\u2026","rel":"","context":"In &quot;Not\u00edcias de Franca-SP&quot;","block_context":{"text":"Not\u00edcias de Franca-SP","link":"https:\/\/noticiasribeiraopreto.com.br\/index.php\/category\/noticias-de-ribeirao-preto-sp-e-regiao-ismael-colosi\/noticias-franca-sp\/"},"img":{"alt_text":"","src":"https:\/\/i0.wp.com\/noticiasribeiraopreto.com.br\/wp-content\/uploads\/2025\/04\/criancas-em-projetos-de-tecnologia.jpeg?fit=1200%2C794&ssl=1&resize=350%2C200","width":350,"height":200,"srcset":"https:\/\/i0.wp.com\/noticiasribeiraopreto.com.br\/wp-content\/uploads\/2025\/04\/criancas-em-projetos-de-tecnologia.jpeg?fit=1200%2C794&ssl=1&resize=350%2C200 1x, https:\/\/i0.wp.com\/noticiasribeiraopreto.com.br\/wp-content\/uploads\/2025\/04\/criancas-em-projetos-de-tecnologia.jpeg?fit=1200%2C794&ssl=1&resize=525%2C300 1.5x, https:\/\/i0.wp.com\/noticiasribeiraopreto.com.br\/wp-content\/uploads\/2025\/04\/criancas-em-projetos-de-tecnologia.jpeg?fit=1200%2C794&ssl=1&resize=700%2C400 2x, https:\/\/i0.wp.com\/noticiasribeiraopreto.com.br\/wp-content\/uploads\/2025\/04\/criancas-em-projetos-de-tecnologia.jpeg?fit=1200%2C794&ssl=1&resize=1050%2C600 3x"},"classes":[]},{"id":64775,"url":"https:\/\/noticiasribeiraopreto.com.br\/index.php\/2025\/03\/12\/camara-de-cristais-paulista-nao-instaura-investigacao-contra-prefeito-elson-gomes-mpf-tem-apuracao\/","url_meta":{"origin":69490,"position":1},"title":"C\u00e2mara de Cristais Paulista n\u00e3o instaura investiga\u00e7\u00e3o contra prefeito Elson Gomes; MPF tem apura\u00e7\u00e3o","author":"noticiasribeiraopreto.com.br","date":"12 de March de 2025","format":false,"excerpt":"Os vereadores de Cristais Paulista decidiram aguardar averigua\u00e7\u00e3o do Minist\u00e9rio P\u00fablico Federal e n\u00e3o instauraram comiss\u00e3o processante para investigar o prefeito da cidade, Elson Gomes. Na sess\u00e3o desta ter\u00e7a-feira (11), den\u00fancia foi apresentada na Casa de Leis sugerindo que a Prefeitura de Cristais Paulista fez movimenta\u00e7\u00f5es irregulares nas contas do\u2026","rel":"","context":"In &quot;Not\u00edcias de Franca-SP&quot;","block_context":{"text":"Not\u00edcias de Franca-SP","link":"https:\/\/noticiasribeiraopreto.com.br\/index.php\/category\/noticias-de-ribeirao-preto-sp-e-regiao-ismael-colosi\/noticias-franca-sp\/"},"img":{"alt_text":"","src":"https:\/\/i0.wp.com\/noticiasribeiraopreto.com.br\/wp-content\/uploads\/2025\/03\/Polish_20250226_171700366-scaled.jpg?fit=1200%2C1200&ssl=1&resize=350%2C200","width":350,"height":200,"srcset":"https:\/\/i0.wp.com\/noticiasribeiraopreto.com.br\/wp-content\/uploads\/2025\/03\/Polish_20250226_171700366-scaled.jpg?fit=1200%2C1200&ssl=1&resize=350%2C200 1x, https:\/\/i0.wp.com\/noticiasribeiraopreto.com.br\/wp-content\/uploads\/2025\/03\/Polish_20250226_171700366-scaled.jpg?fit=1200%2C1200&ssl=1&resize=525%2C300 1.5x, https:\/\/i0.wp.com\/noticiasribeiraopreto.com.br\/wp-content\/uploads\/2025\/03\/Polish_20250226_171700366-scaled.jpg?fit=1200%2C1200&ssl=1&resize=700%2C400 2x, https:\/\/i0.wp.com\/noticiasribeiraopreto.com.br\/wp-content\/uploads\/2025\/03\/Polish_20250226_171700366-scaled.jpg?fit=1200%2C1200&ssl=1&resize=1050%2C600 3x"},"classes":[]},{"id":65752,"url":"https:\/\/noticiasribeiraopreto.com.br\/index.php\/2025\/03\/24\/jornal-da-franca-educacao-infantil-ganha-forca-com-1o-encontro-formativo-em-franca\/","url_meta":{"origin":69490,"position":2},"title":"Jornal da Franca &#8211; Educa\u00e7\u00e3o Infantil ganha for\u00e7a com 1\u00ba Encontro Formativo em Franca","author":"noticiasribeiraopreto.com.br","date":"24 de March de 2025","format":false,"excerpt":"compartilhar no whatsapp compartilhar no telegram compartilhar no facebook compartilhar no linkedin Evento reuniu quase mil educadores para aprimorar o ensino em creches Mais de mil educadores participaram do 1\u00ba Encontro formativo para profissionais da Educa\u00e7\u00e3o Infantil Na \u00faltima sexta-feira, 21 de mar\u00e7o, aconteceu o 1\u00ba \u2018Encontro Formativo\u2019, um evento\u2026","rel":"","context":"In &quot;Not\u00edcias de Franca-SP&quot;","block_context":{"text":"Not\u00edcias de Franca-SP","link":"https:\/\/noticiasribeiraopreto.com.br\/index.php\/category\/noticias-de-ribeirao-preto-sp-e-regiao-ismael-colosi\/noticias-franca-sp\/"},"img":{"alt_text":"","src":"https:\/\/i0.wp.com\/noticiasribeiraopreto.com.br\/wp-content\/uploads\/2025\/03\/formacao-creches.jpeg?fit=1200%2C794&ssl=1&resize=350%2C200","width":350,"height":200,"srcset":"https:\/\/i0.wp.com\/noticiasribeiraopreto.com.br\/wp-content\/uploads\/2025\/03\/formacao-creches.jpeg?fit=1200%2C794&ssl=1&resize=350%2C200 1x, https:\/\/i0.wp.com\/noticiasribeiraopreto.com.br\/wp-content\/uploads\/2025\/03\/formacao-creches.jpeg?fit=1200%2C794&ssl=1&resize=525%2C300 1.5x, https:\/\/i0.wp.com\/noticiasribeiraopreto.com.br\/wp-content\/uploads\/2025\/03\/formacao-creches.jpeg?fit=1200%2C794&ssl=1&resize=700%2C400 2x, https:\/\/i0.wp.com\/noticiasribeiraopreto.com.br\/wp-content\/uploads\/2025\/03\/formacao-creches.jpeg?fit=1200%2C794&ssl=1&resize=1050%2C600 3x"},"classes":[]},{"id":70145,"url":"https:\/\/noticiasribeiraopreto.com.br\/index.php\/2025\/05\/23\/jornal-da-franca-franca-abrira-200-novas-vagas-para-contratacao-em-creches-municipais\/","url_meta":{"origin":69490,"position":3},"title":"Jornal da Franca &#8211; Franca abrir\u00e1 200 novas vagas para contrata\u00e7\u00e3o em creches municipais","author":"noticiasribeiraopreto.com.br","date":"23 de May de 2025","format":false,"excerpt":"compartilhar no whatsapp compartilhar no telegram compartilhar no facebook compartilhar no linkedin Prefeitura anuncia chamamento p\u00fablico para profissionais da educa\u00e7\u00e3o ainda em 2025 Secretaria de Educa\u00e7\u00e3o deve abrir chamamento p\u00fablico ainda em 2025 \u00a0 A Prefeitura de Franca, por meio da Secretaria de Educa\u00e7\u00e3o, vai abrir um novo chamamento p\u00fablico\u2026","rel":"","context":"In &quot;Not\u00edcias de Franca-SP&quot;","block_context":{"text":"Not\u00edcias de Franca-SP","link":"https:\/\/noticiasribeiraopreto.com.br\/index.php\/category\/noticias-de-ribeirao-preto-sp-e-regiao-ismael-colosi\/noticias-franca-sp\/"},"img":{"alt_text":"","src":"https:\/\/i0.wp.com\/noticiasribeiraopreto.com.br\/wp-content\/uploads\/2025\/05\/secretaria-de-educacao-de-franca-entrada-scaled.jpg?fit=1200%2C795&ssl=1&resize=350%2C200","width":350,"height":200,"srcset":"https:\/\/i0.wp.com\/noticiasribeiraopreto.com.br\/wp-content\/uploads\/2025\/05\/secretaria-de-educacao-de-franca-entrada-scaled.jpg?fit=1200%2C795&ssl=1&resize=350%2C200 1x, https:\/\/i0.wp.com\/noticiasribeiraopreto.com.br\/wp-content\/uploads\/2025\/05\/secretaria-de-educacao-de-franca-entrada-scaled.jpg?fit=1200%2C795&ssl=1&resize=525%2C300 1.5x, https:\/\/i0.wp.com\/noticiasribeiraopreto.com.br\/wp-content\/uploads\/2025\/05\/secretaria-de-educacao-de-franca-entrada-scaled.jpg?fit=1200%2C795&ssl=1&resize=700%2C400 2x, https:\/\/i0.wp.com\/noticiasribeiraopreto.com.br\/wp-content\/uploads\/2025\/05\/secretaria-de-educacao-de-franca-entrada-scaled.jpg?fit=1200%2C795&ssl=1&resize=1050%2C600 3x"},"classes":[]},{"id":67194,"url":"https:\/\/noticiasribeiraopreto.com.br\/index.php\/2025\/04\/10\/mpf-pede-a-suspensao-do-concurso-atual-do-tribunal-regional-federal-da-3a-regiao\/","url_meta":{"origin":69490,"position":4},"title":"MPF pede a suspens\u00e3o do concurso atual do Tribunal Regional Federal da 3\u00aa Regi\u00e3o","author":"noticiasribeiraopreto.com.br","date":"10 de April de 2025","format":false,"excerpt":"O Minist\u00e9rio P\u00fablico Federal (MPF) ajuizou uma a\u00e7\u00e3o civil p\u00fablica que pede a suspens\u00e3o do concurso mais recente do Tribunal Regional Federal da 3\u00aa Regi\u00e3o (TRF3) para a admiss\u00e3o de novos servidores. De acordo com a a\u00e7\u00e3o, a convoca\u00e7\u00e3o de candidatos negros e pessoas com defici\u00eancia aprovados desrespeitou as regras\u2026","rel":"","context":"In &quot;Not\u00edcias de Franca-SP&quot;","block_context":{"text":"Not\u00edcias de Franca-SP","link":"https:\/\/noticiasribeiraopreto.com.br\/index.php\/category\/noticias-de-ribeirao-preto-sp-e-regiao-ismael-colosi\/noticias-franca-sp\/"},"img":{"alt_text":"","src":"https:\/\/i0.wp.com\/noticiasribeiraopreto.com.br\/wp-content\/uploads\/2025\/04\/concurso-e1675352637632.jpg?fit=700%2C467&ssl=1&resize=350%2C200","width":350,"height":200,"srcset":"https:\/\/i0.wp.com\/noticiasribeiraopreto.com.br\/wp-content\/uploads\/2025\/04\/concurso-e1675352637632.jpg?fit=700%2C467&ssl=1&resize=350%2C200 1x, https:\/\/i0.wp.com\/noticiasribeiraopreto.com.br\/wp-content\/uploads\/2025\/04\/concurso-e1675352637632.jpg?fit=700%2C467&ssl=1&resize=525%2C300 1.5x, https:\/\/i0.wp.com\/noticiasribeiraopreto.com.br\/wp-content\/uploads\/2025\/04\/concurso-e1675352637632.jpg?fit=700%2C467&ssl=1&resize=700%2C400 2x"},"classes":[]},{"id":66150,"url":"https:\/\/noticiasribeiraopreto.com.br\/index.php\/2025\/03\/28\/mpf-faz-fiscalizacao-de-procuradores-em-sp-e-abre-espaco-para-receber-elogios-e-reclamacoes-da-populacao\/","url_meta":{"origin":69490,"position":5},"title":"MPF faz fiscaliza\u00e7\u00e3o de procuradores em SP e abre espa\u00e7o para receber elogios e reclama\u00e7\u00f5es da popula\u00e7\u00e3o","author":"noticiasribeiraopreto.com.br","date":"28 de March de 2025","format":false,"excerpt":"A Corregedoria do MPF prestar\u00e1 atendimento aos cidad\u00e3os que queiram registrar reclama\u00e7\u00f5es, cr\u00edticas ou elogios sobre a atua\u00e7\u00e3o de procuradores da Rep\u00fablica lotados no estado de S\u00e3o Paulo. As reuni\u00f5es online ser\u00e3o realizadas no dia 7 de maio, das 11h \u00e0s 17h, por meio da plataforma Zoom. Os interessados devem\u2026","rel":"","context":"In &quot;Not\u00edcias de Franca-SP&quot;","block_context":{"text":"Not\u00edcias de Franca-SP","link":"https:\/\/noticiasribeiraopreto.com.br\/index.php\/category\/noticias-de-ribeirao-preto-sp-e-regiao-ismael-colosi\/noticias-franca-sp\/"},"img":{"alt_text":"","src":"https:\/\/i0.wp.com\/noticiasribeiraopreto.com.br\/wp-content\/uploads\/2025\/03\/MPF.jpg?fit=1024%2C683&ssl=1&resize=350%2C200","width":350,"height":200,"srcset":"https:\/\/i0.wp.com\/noticiasribeiraopreto.com.br\/wp-content\/uploads\/2025\/03\/MPF.jpg?fit=1024%2C683&ssl=1&resize=350%2C200 1x, https:\/\/i0.wp.com\/noticiasribeiraopreto.com.br\/wp-content\/uploads\/2025\/03\/MPF.jpg?fit=1024%2C683&ssl=1&resize=525%2C300 1.5x, https:\/\/i0.wp.com\/noticiasribeiraopreto.com.br\/wp-content\/uploads\/2025\/03\/MPF.jpg?fit=1024%2C683&ssl=1&resize=700%2C400 2x"},"classes":[]}],"jetpack_sharing_enabled":true,"jetpack_shortlink":"https:\/\/wp.me\/peQAOb-i4O","_links":{"self":[{"href":"https:\/\/noticiasribeiraopreto.com.br\/index.php\/wp-json\/wp\/v2\/posts\/69490","targetHints":{"allow":["GET"]}}],"collection":[{"href":"https:\/\/noticiasribeiraopreto.com.br\/index.php\/wp-json\/wp\/v2\/posts"}],"about":[{"href":"https:\/\/noticiasribeiraopreto.com.br\/index.php\/wp-json\/wp\/v2\/types\/post"}],"author":[{"embeddable":true,"href":"https:\/\/noticiasribeiraopreto.com.br\/index.php\/wp-json\/wp\/v2\/users\/1"}],"replies":[{"embeddable":true,"href":"https:\/\/noticiasribeiraopreto.com.br\/index.php\/wp-json\/wp\/v2\/comments?post=69490"}],"version-history":[{"count":0,"href":"https:\/\/noticiasribeiraopreto.com.br\/index.php\/wp-json\/wp\/v2\/posts\/69490\/revisions"}],"wp:featuredmedia":[{"embeddable":true,"href":"https:\/\/noticiasribeiraopreto.com.br\/index.php\/wp-json\/wp\/v2\/media\/69491"}],"wp:attachment":[{"href":"https:\/\/noticiasribeiraopreto.com.br\/index.php\/wp-json\/wp\/v2\/media?parent=69490"}],"wp:term":[{"taxonomy":"category","embeddable":true,"href":"https:\/\/noticiasribeiraopreto.com.br\/index.php\/wp-json\/wp\/v2\/categories?post=69490"},{"taxonomy":"post_tag","embeddable":true,"href":"https:\/\/noticiasribeiraopreto.com.br\/index.php\/wp-json\/wp\/v2\/tags?post=69490"}],"curies":[{"name":"wp","href":"https:\/\/api.w.org\/{rel}","templated":true}]}}