{"id":69492,"date":"2025-05-06T19:29:23","date_gmt":"2025-05-06T22:29:23","guid":{"rendered":"https:\/\/noticiasribeiraopreto.com.br\/index.php\/2025\/05\/06\/rp-tem-93-areas-publicas-adotadas\/"},"modified":"2025-05-06T19:29:23","modified_gmt":"2025-05-06T22:29:23","slug":"rp-tem-93-areas-publicas-adotadas","status":"publish","type":"post","link":"https:\/\/noticiasribeiraopreto.com.br\/index.php\/2025\/05\/06\/rp-tem-93-areas-publicas-adotadas\/","title":{"rendered":"RP tem 93 \u00e1reas p\u00fablicas adotadas\u00a0"},"content":{"rendered":"<div class='code-block code-block-1' style='margin: 8px 0 8px auto; text-align: right; display: block; clear: both;'>\n<p><a href=\"https:\/\/wa.link\/vpicfd\"><img data-recalc-dims=\"1\" class=\"wp-image-4922\" style=\"aspect-ratio: 2.0253164556962027; width: 561px; height: auto;\" src=\"https:\/\/i0.wp.com\/ismaelcolosi.com.br\/wp-content\/uploads\/2023\/11\/grupo-de-empregos-whatsapp-e-facebook-ismael-colosi-vagas.jpg?ssl=1\" alt=\"\" \/><\/a><\/p>\n<!-- \/wp:image -->\n<\/div>\n<p> <br \/>\n<\/p>\n<div>\n<p><span data-contrast=\"auto\">Ribeir\u00e3o Preto tem atualmente 93 locais p\u00fablicos, como pra\u00e7as e canteiros centrais de avenidas, adotados por empresas e pessoas jur\u00eddicas para conserva\u00e7\u00e3o por meio do Programa Verde Cidade, em v\u00e1rias regi\u00f5es como na avenida Doutor Francisco Junqueira (Centro), Presidente Vargas (Zona Sul) e a avenida Ant\u00f4nio da Costa Lima, no Quintino Facci I (Norte). <\/span><\/p>\n<p><span data-contrast=\"auto\">Parques como o Ecol\u00f3gico Doutor Luiz Carlos Raya, na Zona Sul, tamb\u00e9m participam do programa. Os espa\u00e7os preservados, regra geral, ficam localizados em frente \u00e0s empresas adotantes. Os dados s\u00e3o da Secretaria Municipal de Infraestrutura, respons\u00e1vel pela zeladoria da cidade.<\/span><\/p>\n<p><span data-contrast=\"auto\">Revelam, que somente neste ano, houve crescimento de 15% no n\u00famero de ado\u00e7\u00f5es \u2013 significa que 14 empresas aderiram ao Programa Verde Cidade e adotaram 14 espa\u00e7os.\u00a0 <\/span><\/p>\n<p><span data-contrast=\"auto\">Segundo a secretaria, para tornar mais efetiva a participa\u00e7\u00e3o da popula\u00e7\u00e3o no cuidado com o meio ambiente e \u00e1reas verdes, promovendo a responsabilidade socioambiental, a atual gest\u00e3o est\u00e1 trabalhando na reestrutura\u00e7\u00e3o do programa. <\/span><\/p>\n<p><span data-contrast=\"auto\">Por\u00e9m, o que ser\u00e1 feito n\u00e3o foi divulgado. Atualmente, cada empresa interessada pode adotar mais de uma \u00e1rea, com prazo de dura\u00e7\u00e3o inicial da parceria de um ano, podendo ser renovada em at\u00e9 cinco anos. Para assegurar a execu\u00e7\u00e3o correta do contrato, a Secretaria de Infraestrutura realiza vistorias e fiscaliza\u00e7\u00f5es, para verificar se o adotante est\u00e1 cumprindo o estabelecido na parceria.<\/span><\/p>\n<p><span data-contrast=\"auto\">Em contrapartida pela preserva\u00e7\u00e3o, recupera\u00e7\u00e3o, arboriza\u00e7\u00e3o e manuten\u00e7\u00e3o desses espa\u00e7os a empresa pode divulgar sua marca por meio de placas. Para canteiros centrais de avenidas \u00e9 permitida uma placa a cada 60 metros lineares de canteiro conservado. <\/span><\/p>\n<p><span data-contrast=\"auto\">Para pra\u00e7as e \u00e1reas verdes \u00e9 permitida uma placa a cada mil metro quadrados\u00a0 e para parques urbanos uma placa a cada dez mil m\u00b2. O padr\u00e3o das placas \u00e9 60 cent\u00edmetros de altura por 90 cent\u00edmetros de largura. O termo de parceria n\u00e3o representa nenhum tipo de concess\u00e3o dos respectivos bens p\u00fablicos, que permanecem de propriedade do munic\u00edpio.<\/span><br \/>\u2014\u2014<\/p>\n<p>Jornal Tribuna Ribeir\u00e3o<\/p>\n<p>Um Jornal com a cara de Ribeir\u00e3o!<\/p>\n<p>Impresso | WEB | Redes sociais<\/p>\n<p>\u00a0<\/p>\n<p>Tribuna Ribeir\u00e3o \u2013 Fone: (16) 3632-2200 \u2013 Whatsapp: (16) 98161-8743<\/p>\n<p>Av. Bar\u00e3o do Bananal, 880 \u2013 Jardim Anhanguera, Ribeir\u00e3o Preto<\/p>\n<p>\u00a0<\/p>\n<p>@tribunaribeirao @jornaltribuna<\/p>\n<p>@jornaltribunaribeirao @jornalribeiraopreto<\/p>\n<p>@noticiasribeiraopreto @meiamaratona<\/p>\n<p>@meiamaratonainternacionalderibeiraopreto<\/p>\n<p>@meiamaratonatribunaribeirao<\/p>\n<p>\u00a0<\/p>\n<p>#TribunaRibeir\u00e3o #News #Not\u00edcia #Ribeir\u00e3oPreto #Not\u00edciasDeRibeir\u00e3oPreto #ClassificadosTribunaRibeir\u00e3o #Jornalismo #ClassificadosRibeir\u00e3o<\/p>\n<p><span data-ccp-props=\"{}\">\u00a0<\/span><\/p>\n<\/div>\n<p><br \/>\n<br \/><a href=\"https:\/\/www.tribunaribeirao.com.br\/rp-tem-93-areas-publicas-adotadas\/\">Source link <\/a><\/p>\n<!-- CONTENT END 1 -->\n","protected":false},"excerpt":{"rendered":"<p>Ribeir\u00e3o Preto tem atualmente 93 locais p\u00fablicos, como pra\u00e7as e canteiros centrais de avenidas, adotados por empresas e pessoas jur\u00eddicas para conserva\u00e7\u00e3o por meio do&#8230;<\/p>\n","protected":false},"author":1,"featured_media":69493,"comment_status":"open","ping_status":"open","sticky":false,"template":"","format":"standard","meta":{"advanced_seo_description":"","jetpack_seo_html_title":"","jetpack_seo_noindex":false,"jetpack_post_was_ever_published":false,"_jetpack_newsletter_access":"","_jetpack_dont_email_post_to_subs":false,"_jetpack_newsletter_tier_id":0,"_jetpack_memberships_contains_paywalled_content":false,"_jetpack_memberships_contains_paid_content":false,"footnotes":"","jetpack_publicize_message":"","jetpack_publicize_feature_enabled":true,"jetpack_social_post_already_shared":true,"jetpack_social_options":{"image_generator_settings":{"template":"highway","default_image_id":0,"font":"","enabled":false},"version":2}},"categories":[11],"tags":[],"class_list":["post-69492","post","type-post","status-publish","format-standard","has-post-thumbnail","hentry","category-noticias-de-ribeirao-preto-sp-e-regiao-ismael-colosi"],"jetpack_publicize_connections":[],"jetpack_featured_media_url":"https:\/\/i0.wp.com\/noticiasribeiraopreto.com.br\/wp-content\/uploads\/2025\/05\/VerdeRP-Var-Alfredo-Risk.jpg?fit=1440%2C750&ssl=1","jetpack-related-posts":[{"id":84710,"url":"https:\/\/noticiasribeiraopreto.com.br\/index.php\/2026\/04\/14\/saiba-como-funcionara-a-adocao-de-pracas-e-canteiros-com-a-nova-lei-de-ribeirao-preto\/","url_meta":{"origin":69492,"position":0},"title":"Saiba como funcionar\u00e1 a ado\u00e7\u00e3o de pra\u00e7as e canteiros com a nova lei de Ribeir\u00e3o Preto","author":"noticiasribeiraopreto.com.br","date":"14 de April de 2026","format":false,"excerpt":"Ler o resumo da not\u00edcia Ricardo Silva sancionou a lei 15.223\/2026, criando o programa RP + Verde em Ribeir\u00e3o Preto. A lei permite parcerias de pessoas f\u00edsicas, jur\u00eddicas e empres\u00e1rios individuais para manuten\u00e7\u00e3o de \u00e1reas verdes. Propostas devem ser enviadas \u00e0 Secretaria de Infraestrutura e Zeladoria pelo site com projeto\u2026","rel":"","context":"In &quot;Not\u00edcias de Ribeir\u00e3o Preto-SP e Regi\u00e3o&quot;","block_context":{"text":"Not\u00edcias de Ribeir\u00e3o Preto-SP e Regi\u00e3o","link":"https:\/\/noticiasribeiraopreto.com.br\/index.php\/category\/noticias-de-ribeirao-preto-sp-e-regiao-ismael-colosi\/"},"img":{"alt_text":"","src":"https:\/\/i0.wp.com\/noticiasribeiraopreto.com.br\/wp-content\/uploads\/2026\/04\/praca-barao-bonfim_2026-04-14_20-33-21.webp.webp?fit=1200%2C800&ssl=1&resize=350%2C200","width":350,"height":200,"srcset":"https:\/\/i0.wp.com\/noticiasribeiraopreto.com.br\/wp-content\/uploads\/2026\/04\/praca-barao-bonfim_2026-04-14_20-33-21.webp.webp?fit=1200%2C800&ssl=1&resize=350%2C200 1x, https:\/\/i0.wp.com\/noticiasribeiraopreto.com.br\/wp-content\/uploads\/2026\/04\/praca-barao-bonfim_2026-04-14_20-33-21.webp.webp?fit=1200%2C800&ssl=1&resize=525%2C300 1.5x, https:\/\/i0.wp.com\/noticiasribeiraopreto.com.br\/wp-content\/uploads\/2026\/04\/praca-barao-bonfim_2026-04-14_20-33-21.webp.webp?fit=1200%2C800&ssl=1&resize=700%2C400 2x, https:\/\/i0.wp.com\/noticiasribeiraopreto.com.br\/wp-content\/uploads\/2026\/04\/praca-barao-bonfim_2026-04-14_20-33-21.webp.webp?fit=1200%2C800&ssl=1&resize=1050%2C600 3x"},"classes":[]},{"id":77461,"url":"https:\/\/noticiasribeiraopreto.com.br\/index.php\/2025\/09\/19\/semaforos-inteligentes-na-mira-de-cpi\/","url_meta":{"origin":69492,"position":1},"title":"Sem\u00e1foros inteligentes na mira de CPI","author":"noticiasribeiraopreto.com.br","date":"19 de September de 2025","format":false,"excerpt":"C\u00e2mara deve investigar porque a primeira fase do sistema de monitoramento n\u00e3o foi conclu\u00edda; prazo venceu em maio deste ano\u2028 \u2028A primeira etapa de implanta\u00e7\u00e3o dos sem\u00e1foros inteligentes \u2013 Sistema Inteligente de Transporte (SIT, \u201cIntelligent Transport System\u201d, em ingl\u00eas, o ITS) \u2013 de Ribeir\u00e3o Preto ser\u00e1 objeto de uma Comiss\u00e3o\u2026","rel":"","context":"In &quot;Not\u00edcias de Ribeir\u00e3o Preto-SP e Regi\u00e3o&quot;","block_context":{"text":"Not\u00edcias de Ribeir\u00e3o Preto-SP e Regi\u00e3o","link":"https:\/\/noticiasribeiraopreto.com.br\/index.php\/category\/noticias-de-ribeirao-preto-sp-e-regiao-ismael-colosi\/"},"img":{"alt_text":"","src":"https:\/\/i0.wp.com\/noticiasribeiraopreto.com.br\/wp-content\/uploads\/2025\/09\/Transerp-Alfredo-Risk-scaled.jpg?fit=1170%2C780&ssl=1&resize=350%2C200","width":350,"height":200,"srcset":"https:\/\/i0.wp.com\/noticiasribeiraopreto.com.br\/wp-content\/uploads\/2025\/09\/Transerp-Alfredo-Risk-scaled.jpg?fit=1170%2C780&ssl=1&resize=350%2C200 1x, https:\/\/i0.wp.com\/noticiasribeiraopreto.com.br\/wp-content\/uploads\/2025\/09\/Transerp-Alfredo-Risk-scaled.jpg?fit=1170%2C780&ssl=1&resize=525%2C300 1.5x, https:\/\/i0.wp.com\/noticiasribeiraopreto.com.br\/wp-content\/uploads\/2025\/09\/Transerp-Alfredo-Risk-scaled.jpg?fit=1170%2C780&ssl=1&resize=700%2C400 2x, https:\/\/i0.wp.com\/noticiasribeiraopreto.com.br\/wp-content\/uploads\/2025\/09\/Transerp-Alfredo-Risk-scaled.jpg?fit=1170%2C780&ssl=1&resize=1050%2C600 3x"},"classes":[]},{"id":77694,"url":"https:\/\/noticiasribeiraopreto.com.br\/index.php\/2025\/09\/24\/vereadores-instalam-cpi-dos-semaforos\/","url_meta":{"origin":69492,"position":2},"title":"Vereadores instalam \u2028CPI dos Sem\u00e1foros","author":"noticiasribeiraopreto.com.br","date":"24 de September de 2025","format":false,"excerpt":"C\u00e2mara deve investigar porque a primeira fase do sistema de monitoramento n\u00e3o foi conclu\u00edda; prazo venceu em maio deste ano\u2028\u2028 A Comiss\u00e3o Parlamentar de Inqu\u00e9rito (CPI) criada para investigar poss\u00edveis irregularidades na implanta\u00e7\u00e3o da primeira fase dos sem\u00e1foros inteligentes \u2013 Sistema Inteligente de Transporte (SIT, \u201cIntelligent Transport System\u201d, em ingl\u00eas,\u2026","rel":"","context":"In &quot;Not\u00edcias de Ribeir\u00e3o Preto-SP e Regi\u00e3o&quot;","block_context":{"text":"Not\u00edcias de Ribeir\u00e3o Preto-SP e Regi\u00e3o","link":"https:\/\/noticiasribeiraopreto.com.br\/index.php\/category\/noticias-de-ribeirao-preto-sp-e-regiao-ismael-colosi\/"},"img":{"alt_text":"","src":"https:\/\/i0.wp.com\/noticiasribeiraopreto.com.br\/wp-content\/uploads\/2025\/09\/Transerp-CPI-Alfredo-Risk-scaled.jpg?fit=1170%2C780&ssl=1&resize=350%2C200","width":350,"height":200,"srcset":"https:\/\/i0.wp.com\/noticiasribeiraopreto.com.br\/wp-content\/uploads\/2025\/09\/Transerp-CPI-Alfredo-Risk-scaled.jpg?fit=1170%2C780&ssl=1&resize=350%2C200 1x, https:\/\/i0.wp.com\/noticiasribeiraopreto.com.br\/wp-content\/uploads\/2025\/09\/Transerp-CPI-Alfredo-Risk-scaled.jpg?fit=1170%2C780&ssl=1&resize=525%2C300 1.5x, https:\/\/i0.wp.com\/noticiasribeiraopreto.com.br\/wp-content\/uploads\/2025\/09\/Transerp-CPI-Alfredo-Risk-scaled.jpg?fit=1170%2C780&ssl=1&resize=700%2C400 2x, https:\/\/i0.wp.com\/noticiasribeiraopreto.com.br\/wp-content\/uploads\/2025\/09\/Transerp-CPI-Alfredo-Risk-scaled.jpg?fit=1170%2C780&ssl=1&resize=1050%2C600 3x"},"classes":[]},{"id":69265,"url":"https:\/\/noticiasribeiraopreto.com.br\/index.php\/2025\/05\/04\/acoes-tentam-conscientizar-motoristas-tribuna-ribeirao\/","url_meta":{"origin":69492,"position":3},"title":"A\u00e7\u00f5es tentam conscientizar motoristas\u00a0 &#8211; Tribuna Ribeir\u00e3o","author":"noticiasribeiraopreto.com.br","date":"4 de May de 2025","format":false,"excerpt":"Para tentar diminuir os acidentes de tr\u00e2nsito e reduzir o n\u00famero de infra\u00e7\u00f5es registradas em Ribeir\u00e3o Preto a RP Mobi, empresa municipal respons\u00e1vel pelo gerenciamento do tr\u00e2nsito na cidade, intensificou as a\u00e7\u00f5es educativas junto a motoristas e pedestres com a cria\u00e7\u00e3o do Programa de Educa\u00e7\u00e3o para o Tr\u00e2nsito Educa Mobi.\u00a0\u00a0\u2026","rel":"","context":"In &quot;Not\u00edcias de Ribeir\u00e3o Preto-SP e Regi\u00e3o&quot;","block_context":{"text":"Not\u00edcias de Ribeir\u00e3o Preto-SP e Regi\u00e3o","link":"https:\/\/noticiasribeiraopreto.com.br\/index.php\/category\/noticias-de-ribeirao-preto-sp-e-regiao-ismael-colosi\/"},"img":{"alt_text":"","src":"https:\/\/i0.wp.com\/noticiasribeiraopreto.com.br\/wp-content\/uploads\/2025\/05\/1-blitz-transito.jpg?fit=1000%2C666&ssl=1&resize=350%2C200","width":350,"height":200,"srcset":"https:\/\/i0.wp.com\/noticiasribeiraopreto.com.br\/wp-content\/uploads\/2025\/05\/1-blitz-transito.jpg?fit=1000%2C666&ssl=1&resize=350%2C200 1x, https:\/\/i0.wp.com\/noticiasribeiraopreto.com.br\/wp-content\/uploads\/2025\/05\/1-blitz-transito.jpg?fit=1000%2C666&ssl=1&resize=525%2C300 1.5x, https:\/\/i0.wp.com\/noticiasribeiraopreto.com.br\/wp-content\/uploads\/2025\/05\/1-blitz-transito.jpg?fit=1000%2C666&ssl=1&resize=700%2C400 2x"},"classes":[]},{"id":41493,"url":"https:\/\/noticiasribeiraopreto.com.br\/index.php\/2024\/03\/08\/galhos-e-folhas-deixados-em-rua-e-avenida-da-zona-sul-causam-acumulo-de-agua-parada\/","url_meta":{"origin":69492,"position":4},"title":"Galhos e folhas deixados em rua e avenida da zona Sul causam ac\u00famulo de \u00e1gua parada","author":"noticiasribeiraopreto.com.br","date":"8 de March de 2024","format":false,"excerpt":"Moradores t\u00eam demonstrado preocupa\u00e7\u00e3o com a prolifera\u00e7\u00e3o do mosquito da dengue, aumentando os casos na cidade 8 de mar\u00e7o de 2024 | 13:26 1Por: Adalberto LuqueAp\u00f3s realiza\u00e7\u00e3o de poda em \u00e1rvores da Rua Arc\u00e2ngelo Vendr\u00fasculo e Avenida Professor M\u00e1rio Autuori, City Ribeir\u00e3o, zona Sul da cidade, um novo problema tem\u2026","rel":"","context":"In &quot;Not\u00edcias de Ribeir\u00e3o Preto-SP e Regi\u00e3o&quot;","block_context":{"text":"Not\u00edcias de Ribeir\u00e3o Preto-SP e Regi\u00e3o","link":"https:\/\/noticiasribeiraopreto.com.br\/index.php\/category\/noticias-de-ribeirao-preto-sp-e-regiao-ismael-colosi\/"},"img":{"alt_text":"","src":"https:\/\/i0.wp.com\/noticiasribeiraopreto.com.br\/wp-content\/uploads\/2024\/03\/00-08-mar-2024-bueiro-entupido-city-01-foto-barbosa-jr-scaled.jpg?fit=1000%2C562&ssl=1&resize=350%2C200","width":350,"height":200,"srcset":"https:\/\/i0.wp.com\/noticiasribeiraopreto.com.br\/wp-content\/uploads\/2024\/03\/00-08-mar-2024-bueiro-entupido-city-01-foto-barbosa-jr-scaled.jpg?fit=1000%2C562&ssl=1&resize=350%2C200 1x, https:\/\/i0.wp.com\/noticiasribeiraopreto.com.br\/wp-content\/uploads\/2024\/03\/00-08-mar-2024-bueiro-entupido-city-01-foto-barbosa-jr-scaled.jpg?fit=1000%2C562&ssl=1&resize=525%2C300 1.5x, https:\/\/i0.wp.com\/noticiasribeiraopreto.com.br\/wp-content\/uploads\/2024\/03\/00-08-mar-2024-bueiro-entupido-city-01-foto-barbosa-jr-scaled.jpg?fit=1000%2C562&ssl=1&resize=700%2C400 2x"},"classes":[]},{"id":23946,"url":"https:\/\/noticiasribeiraopreto.com.br\/index.php\/2024\/01\/03\/guarda-civil-diz-ser-inviavel-base-na-nove-de-julho\/","url_meta":{"origin":69492,"position":5},"title":"Guarda Civil diz ser invi\u00e1vel base na Nove de Julho\u00a0","author":"noticiasribeiraopreto.com.br","date":"3 de January de 2024","format":false,"excerpt":"A Guarda Civil Metropolitana (GCM) de Ribeir\u00e3o Preto afirmou ser invi\u00e1vel instalar uma base da corpora\u00e7\u00e3o na Avenida Nove de Julho, zona Sul da cidade, como deseja o Conselho de Preserva\u00e7\u00e3o do Patrim\u00f4nio Cultural (Conppac) de Ribeir\u00e3o Preto. A reposta foi dada no dia 18 de dezembro, por meio de\u2026","rel":"","context":"In &quot;Not\u00edcias de Ribeir\u00e3o Preto-SP e Regi\u00e3o&quot;","block_context":{"text":"Not\u00edcias de Ribeir\u00e3o Preto-SP e Regi\u00e3o","link":"https:\/\/noticiasribeiraopreto.com.br\/index.php\/category\/noticias-de-ribeirao-preto-sp-e-regiao-ismael-colosi\/"},"img":{"alt_text":"","src":"https:\/\/i0.wp.com\/noticiasribeiraopreto.com.br\/wp-content\/uploads\/2024\/01\/2-nove-de-julho-risk-2-scaled.jpg?fit=967%2C645&ssl=1&resize=350%2C200","width":350,"height":200,"srcset":"https:\/\/i0.wp.com\/noticiasribeiraopreto.com.br\/wp-content\/uploads\/2024\/01\/2-nove-de-julho-risk-2-scaled.jpg?fit=967%2C645&ssl=1&resize=350%2C200 1x, https:\/\/i0.wp.com\/noticiasribeiraopreto.com.br\/wp-content\/uploads\/2024\/01\/2-nove-de-julho-risk-2-scaled.jpg?fit=967%2C645&ssl=1&resize=525%2C300 1.5x, https:\/\/i0.wp.com\/noticiasribeiraopreto.com.br\/wp-content\/uploads\/2024\/01\/2-nove-de-julho-risk-2-scaled.jpg?fit=967%2C645&ssl=1&resize=700%2C400 2x"},"classes":[]}],"jetpack_sharing_enabled":true,"jetpack_shortlink":"https:\/\/wp.me\/peQAOb-i4Q","_links":{"self":[{"href":"https:\/\/noticiasribeiraopreto.com.br\/index.php\/wp-json\/wp\/v2\/posts\/69492","targetHints":{"allow":["GET"]}}],"collection":[{"href":"https:\/\/noticiasribeiraopreto.com.br\/index.php\/wp-json\/wp\/v2\/posts"}],"about":[{"href":"https:\/\/noticiasribeiraopreto.com.br\/index.php\/wp-json\/wp\/v2\/types\/post"}],"author":[{"embeddable":true,"href":"https:\/\/noticiasribeiraopreto.com.br\/index.php\/wp-json\/wp\/v2\/users\/1"}],"replies":[{"embeddable":true,"href":"https:\/\/noticiasribeiraopreto.com.br\/index.php\/wp-json\/wp\/v2\/comments?post=69492"}],"version-history":[{"count":0,"href":"https:\/\/noticiasribeiraopreto.com.br\/index.php\/wp-json\/wp\/v2\/posts\/69492\/revisions"}],"wp:featuredmedia":[{"embeddable":true,"href":"https:\/\/noticiasribeiraopreto.com.br\/index.php\/wp-json\/wp\/v2\/media\/69493"}],"wp:attachment":[{"href":"https:\/\/noticiasribeiraopreto.com.br\/index.php\/wp-json\/wp\/v2\/media?parent=69492"}],"wp:term":[{"taxonomy":"category","embeddable":true,"href":"https:\/\/noticiasribeiraopreto.com.br\/index.php\/wp-json\/wp\/v2\/categories?post=69492"},{"taxonomy":"post_tag","embeddable":true,"href":"https:\/\/noticiasribeiraopreto.com.br\/index.php\/wp-json\/wp\/v2\/tags?post=69492"}],"curies":[{"name":"wp","href":"https:\/\/api.w.org\/{rel}","templated":true}]}}