{"id":69494,"date":"2025-05-06T19:33:22","date_gmt":"2025-05-06T22:33:22","guid":{"rendered":"https:\/\/noticiasribeiraopreto.com.br\/index.php\/2025\/05\/06\/acidente-de-transito-deixa-rodovia-anhanguera-parcialmente-interditada-em-ribeirao\/"},"modified":"2025-05-06T19:33:22","modified_gmt":"2025-05-06T22:33:22","slug":"acidente-de-transito-deixa-rodovia-anhanguera-parcialmente-interditada-em-ribeirao","status":"publish","type":"post","link":"https:\/\/noticiasribeiraopreto.com.br\/index.php\/2025\/05\/06\/acidente-de-transito-deixa-rodovia-anhanguera-parcialmente-interditada-em-ribeirao\/","title":{"rendered":"Acidente de tr\u00e2nsito deixa rodovia Anhanguera parcialmente interditada em Ribeir\u00e3o"},"content":{"rendered":"<p> <br \/>\n<\/p>\n<div data-td-block-uid=\"tdi_95\">\n<div class=\"tdb-block-inner td-fix-index\">\n<p>Um acidente de tr\u00e2nsito provocou a<strong> interdi\u00e7\u00e3o de parte da rodovia Anhanguera (SP-330)<\/strong>, pr\u00f3ximo ao km 308, em <strong>Ribeir\u00e3o Preto<\/strong>, na noite desta ter\u00e7a-feira (6).<\/p>\n<p>De acordo com as <strong>primeiras informa\u00e7\u00f5es<\/strong> do CCI (Centro de Controle de Informa\u00e7\u00f5es) da Artesp, trata-se de uma <strong>colis\u00e3o envolvendo um \u00f4nibus, uma moto, um carro e um utilit\u00e1rio<\/strong>.<\/p>\n<p><mark style=\"background-color:#fcb900\" class=\"has-inline-color\"><strong>Ainda n\u00e3o h\u00e1 informa\u00e7\u00f5es sobre v\u00edtimas ou sobre a din\u00e2mica do acidente.<\/strong><\/mark> Quem passa pelo local deve redobrar a aten\u00e7\u00e3o.<\/p>\n<p>Conforme a <strong>Arteris ViaPaulista<\/strong>, concession\u00e1ria respons\u00e1vel pela trecho, foi necess\u00e1rio interditar a faixa esquerda na pista sentido interior.<\/p>\n<blockquote class=\"twitter-tweet\">\n<p lang=\"pt\" dir=\"ltr\">\u26a0\ufe0fAten\u00e7\u00e3o!\u26a0\ufe0f<\/p>\n<p>Acidente no km 308 da SP-330 (Rodovia Anhanguera), em Ribeir\u00e3o Preto, interdita a faixa esquerda na pista sentido interior.<\/p>\n<p>\ud83d\ude97Fila de 3 quil\u00f4metros.<\/p>\n<p>Equipes da concession\u00e1ria atuam no atendimento. <a href=\"https:\/\/t.co\/ypTjnynr5W\">pic.twitter.com\/ypTjnynr5W<\/a><\/p>\n<p>\u2014 Arteris ViaPaulista (@Arteris_VP) <a href=\"https:\/\/twitter.com\/Arteris_VP\/status\/1919872104163357050?ref_src=twsrc%5Etfw\">May 6, 2025<\/a><\/p><\/blockquote>\n<p><!-- CONTENT END 1 -->\n<\/div>\n<\/div>\n<p><script async src=\"\/\/platform.twitter.com\/widgets.js\" charset=\"utf-8\"><\/script><br \/>\n<br \/><br \/>\n<br \/><a href=\"https:\/\/www.acidadeon.com\/ribeiraopreto\/cotidiano\/acidente-de-transito-deixa-rodovia-anhanguera-parcialmente-interditada-em-ribeirao\/\">Source link <\/a><\/p>\n","protected":false},"excerpt":{"rendered":"<p>Um acidente de tr\u00e2nsito provocou a interdi\u00e7\u00e3o de parte da rodovia Anhanguera (SP-330), pr\u00f3ximo ao km 308, em Ribeir\u00e3o Preto, na noite desta ter\u00e7a-feira (6)&#8230;.<\/p>\n","protected":false},"author":1,"featured_media":69495,"comment_status":"open","ping_status":"open","sticky":false,"template":"","format":"standard","meta":{"advanced_seo_description":"","jetpack_seo_html_title":"","jetpack_seo_noindex":false,"jetpack_post_was_ever_published":false,"_jetpack_newsletter_access":"","_jetpack_dont_email_post_to_subs":false,"_jetpack_newsletter_tier_id":0,"_jetpack_memberships_contains_paywalled_content":false,"_jetpack_memberships_contains_paid_content":false,"footnotes":"","jetpack_publicize_message":"","jetpack_publicize_feature_enabled":true,"jetpack_social_post_already_shared":true,"jetpack_social_options":{"image_generator_settings":{"template":"highway","default_image_id":0,"font":"","enabled":false},"version":2}},"categories":[11],"tags":[],"class_list":["post-69494","post","type-post","status-publish","format-standard","has-post-thumbnail","hentry","category-noticias-de-ribeirao-preto-sp-e-regiao-ismael-colosi"],"jetpack_publicize_connections":[],"jetpack_featured_media_url":"https:\/\/i0.wp.com\/noticiasribeiraopreto.com.br\/wp-content\/uploads\/2025\/05\/download-18_2025-05-06_21-57-06.webp.webp?fit=640%2C352&ssl=1","jetpack-related-posts":[{"id":61124,"url":"https:\/\/noticiasribeiraopreto.com.br\/index.php\/2024\/12\/04\/acidente-complica-transito-na-rodovia-anhanguera-veja-video\/","url_meta":{"origin":69494,"position":0},"title":"Acidente complica tr\u00e2nsito na rodovia Anhanguera; Veja v\u00eddeo","author":"noticiasribeiraopreto.com.br","date":"4 de December de 2024","format":false,"excerpt":"Um acidente provoca reflexos no tr\u00e2nsito na manh\u00e3 desta quarta-feira (4), na\u00a0pista sentido\u00a0Sul\u00a0(Capital) da rodovia\u00a0Anhanguera\u00a0(SP-330), na altura de S\u00e3o Joaquim da Barra, regi\u00e3o de Ribeir\u00e3o Preto. Assista ao v\u00eddeo abaixo. Segundo as primeiras informa\u00e7\u00f5es da concession\u00e1ria Entrevias, a ocorr\u00eancia evolve dois caminh\u00f5es. Ainda conforme a concession\u00e1ria, uma faixa da rodovia\u2026","rel":"","context":"In &quot;Not\u00edcias de Ribeir\u00e3o Preto-SP e Regi\u00e3o&quot;","block_context":{"text":"Not\u00edcias de Ribeir\u00e3o Preto-SP e Regi\u00e3o","link":"https:\/\/noticiasribeiraopreto.com.br\/index.php\/category\/noticias-de-ribeirao-preto-sp-e-regiao-ismael-colosi\/"},"img":{"alt_text":"","src":"https:\/\/i0.wp.com\/noticiasribeiraopreto.com.br\/wp-content\/uploads\/2024\/12\/ACIDENTE_2024-12-04_12-25-46_jpg_2024-12-04_12-25-47.webp.webp?fit=1200%2C914&ssl=1&resize=350%2C200","width":350,"height":200,"srcset":"https:\/\/i0.wp.com\/noticiasribeiraopreto.com.br\/wp-content\/uploads\/2024\/12\/ACIDENTE_2024-12-04_12-25-46_jpg_2024-12-04_12-25-47.webp.webp?fit=1200%2C914&ssl=1&resize=350%2C200 1x, https:\/\/i0.wp.com\/noticiasribeiraopreto.com.br\/wp-content\/uploads\/2024\/12\/ACIDENTE_2024-12-04_12-25-46_jpg_2024-12-04_12-25-47.webp.webp?fit=1200%2C914&ssl=1&resize=525%2C300 1.5x, https:\/\/i0.wp.com\/noticiasribeiraopreto.com.br\/wp-content\/uploads\/2024\/12\/ACIDENTE_2024-12-04_12-25-46_jpg_2024-12-04_12-25-47.webp.webp?fit=1200%2C914&ssl=1&resize=700%2C400 2x, https:\/\/i0.wp.com\/noticiasribeiraopreto.com.br\/wp-content\/uploads\/2024\/12\/ACIDENTE_2024-12-04_12-25-46_jpg_2024-12-04_12-25-47.webp.webp?fit=1200%2C914&ssl=1&resize=1050%2C600 3x"},"classes":[]},{"id":76669,"url":"https:\/\/noticiasribeiraopreto.com.br\/index.php\/2025\/09\/03\/acidente-de-transito-deixa-rodovia-anhanguera-parcialmente-interditada\/","url_meta":{"origin":69494,"position":1},"title":"Acidente de tr\u00e2nsito deixa rodovia Anhanguera parcialmente interditada","author":"noticiasribeiraopreto.com.br","date":"3 de September de 2025","format":false,"excerpt":"Um acidente de tr\u00e2nsito provocou a interdi\u00e7\u00e3o de parte da rodovia Anhanguera (SP-330), pr\u00f3ximo ao km 351, em Sales Oliveira, regi\u00e3o de Ribeir\u00e3o Preto, na manh\u00e3 desta quarta-feira (3). De acordo com as informa\u00e7\u00f5es do CCI (Centro de Controle de Informa\u00e7\u00f5es) da Artesp, uma carreta seguia no sentido sul da\u2026","rel":"","context":"In &quot;Not\u00edcias de Ribeir\u00e3o Preto-SP e Regi\u00e3o&quot;","block_context":{"text":"Not\u00edcias de Ribeir\u00e3o Preto-SP e Regi\u00e3o","link":"https:\/\/noticiasribeiraopreto.com.br\/index.php\/category\/noticias-de-ribeirao-preto-sp-e-regiao-ismael-colosi\/"},"img":{"alt_text":"","src":"https:\/\/i0.wp.com\/noticiasribeiraopreto.com.br\/wp-content\/uploads\/2025\/09\/download-31_2025-09-03_11-07-05.webp.webp?fit=801%2C454&ssl=1&resize=350%2C200","width":350,"height":200,"srcset":"https:\/\/i0.wp.com\/noticiasribeiraopreto.com.br\/wp-content\/uploads\/2025\/09\/download-31_2025-09-03_11-07-05.webp.webp?fit=801%2C454&ssl=1&resize=350%2C200 1x, https:\/\/i0.wp.com\/noticiasribeiraopreto.com.br\/wp-content\/uploads\/2025\/09\/download-31_2025-09-03_11-07-05.webp.webp?fit=801%2C454&ssl=1&resize=525%2C300 1.5x, https:\/\/i0.wp.com\/noticiasribeiraopreto.com.br\/wp-content\/uploads\/2025\/09\/download-31_2025-09-03_11-07-05.webp.webp?fit=801%2C454&ssl=1&resize=700%2C400 2x"},"classes":[]},{"id":74590,"url":"https:\/\/noticiasribeiraopreto.com.br\/index.php\/2025\/07\/25\/acidente-com-5-veiculos-trava-transito-na-anhanguera-na-regiao-de-ribeirao-preto-fotos\/","url_meta":{"origin":69494,"position":2},"title":"Acidente com 5 ve\u00edculos trava tr\u00e2nsito na Anhanguera na regi\u00e3o de Ribeir\u00e3o Preto; Fotos","author":"noticiasribeiraopreto.com.br","date":"25 de July de 2025","format":false,"excerpt":"Um grave acidente travou o tr\u00e2nsito na pista sentido sul (Capital) da rodovia Anhanguera (SP-330), na manh\u00e3 desta sexta-feira (25), em Cravinhos, na regi\u00e3o de Ribeir\u00e3o Preto.\u00a0 Segundo as informa\u00e7\u00f5es,\u00a0cinco ve\u00edculos \u2013 quatro caminh\u00f5es e um carro \u2013 se envolveram em um engavetamento. H\u00e1 pelo menos tr\u00eas v\u00edtimas, entre as\u2026","rel":"","context":"In &quot;Not\u00edcias de Ribeir\u00e3o Preto-SP e Regi\u00e3o&quot;","block_context":{"text":"Not\u00edcias de Ribeir\u00e3o Preto-SP e Regi\u00e3o","link":"https:\/\/noticiasribeiraopreto.com.br\/index.php\/category\/noticias-de-ribeirao-preto-sp-e-regiao-ismael-colosi\/"},"img":{"alt_text":"","src":"https:\/\/i0.wp.com\/noticiasribeiraopreto.com.br\/wp-content\/uploads\/2025\/07\/WhatsApp-Image-2025-07-25-at-08.16.18_2025-07-25_11-32-30.webp.webp?fit=1200%2C900&ssl=1&resize=350%2C200","width":350,"height":200,"srcset":"https:\/\/i0.wp.com\/noticiasribeiraopreto.com.br\/wp-content\/uploads\/2025\/07\/WhatsApp-Image-2025-07-25-at-08.16.18_2025-07-25_11-32-30.webp.webp?fit=1200%2C900&ssl=1&resize=350%2C200 1x, https:\/\/i0.wp.com\/noticiasribeiraopreto.com.br\/wp-content\/uploads\/2025\/07\/WhatsApp-Image-2025-07-25-at-08.16.18_2025-07-25_11-32-30.webp.webp?fit=1200%2C900&ssl=1&resize=525%2C300 1.5x, https:\/\/i0.wp.com\/noticiasribeiraopreto.com.br\/wp-content\/uploads\/2025\/07\/WhatsApp-Image-2025-07-25-at-08.16.18_2025-07-25_11-32-30.webp.webp?fit=1200%2C900&ssl=1&resize=700%2C400 2x, https:\/\/i0.wp.com\/noticiasribeiraopreto.com.br\/wp-content\/uploads\/2025\/07\/WhatsApp-Image-2025-07-25-at-08.16.18_2025-07-25_11-32-30.webp.webp?fit=1200%2C900&ssl=1&resize=1050%2C600 3x"},"classes":[]},{"id":84354,"url":"https:\/\/noticiasribeiraopreto.com.br\/index.php\/2026\/04\/08\/acidente-envolve-carreta-na-anhanguera-na-regiao-de-ribeirao-preto\/","url_meta":{"origin":69494,"position":3},"title":"Acidente envolve carreta na Anhanguera na regi\u00e3o de Ribeir\u00e3o Preto","author":"noticiasribeiraopreto.com.br","date":"8 de April de 2026","format":false,"excerpt":"Ler o resumo da not\u00edcia Acidente envolvendo uma carreta ocorreu na rodovia Anhanguera (SP-330), em Orl\u00e2ndia, a 50 km de Ribeir\u00e3o Preto, nesta quarta-feira (8). A carreta com um cont\u00eainer tombou na pista sentido norte (interior), e equipes da concession\u00e1ria Entrevias atuam no local. A rodovia ficou interdida por uma\u2026","rel":"","context":"In &quot;Not\u00edcias de Ribeir\u00e3o Preto-SP e Regi\u00e3o&quot;","block_context":{"text":"Not\u00edcias de Ribeir\u00e3o Preto-SP e Regi\u00e3o","link":"https:\/\/noticiasribeiraopreto.com.br\/index.php\/category\/noticias-de-ribeirao-preto-sp-e-regiao-ismael-colosi\/"},"img":{"alt_text":"","src":"https:\/\/i0.wp.com\/noticiasribeiraopreto.com.br\/wp-content\/uploads\/2026\/04\/WhatsApp-Image-2026-04-08-at-07.52.54_2026-04-08_11-04-57.webp.webp?fit=1200%2C900&ssl=1&resize=350%2C200","width":350,"height":200,"srcset":"https:\/\/i0.wp.com\/noticiasribeiraopreto.com.br\/wp-content\/uploads\/2026\/04\/WhatsApp-Image-2026-04-08-at-07.52.54_2026-04-08_11-04-57.webp.webp?fit=1200%2C900&ssl=1&resize=350%2C200 1x, https:\/\/i0.wp.com\/noticiasribeiraopreto.com.br\/wp-content\/uploads\/2026\/04\/WhatsApp-Image-2026-04-08-at-07.52.54_2026-04-08_11-04-57.webp.webp?fit=1200%2C900&ssl=1&resize=525%2C300 1.5x, https:\/\/i0.wp.com\/noticiasribeiraopreto.com.br\/wp-content\/uploads\/2026\/04\/WhatsApp-Image-2026-04-08-at-07.52.54_2026-04-08_11-04-57.webp.webp?fit=1200%2C900&ssl=1&resize=700%2C400 2x, https:\/\/i0.wp.com\/noticiasribeiraopreto.com.br\/wp-content\/uploads\/2026\/04\/WhatsApp-Image-2026-04-08-at-07.52.54_2026-04-08_11-04-57.webp.webp?fit=1200%2C900&ssl=1&resize=1050%2C600 3x"},"classes":[]},{"id":63390,"url":"https:\/\/noticiasribeiraopreto.com.br\/index.php\/2025\/02\/12\/acidente-provoca-interdicao-de-trecho-da-rodovia-anhanguera\/","url_meta":{"origin":69494,"position":4},"title":"Acidente provoca interdi\u00e7\u00e3o de trecho da rodovia Anhanguera","author":"noticiasribeiraopreto.com.br","date":"12 de February de 2025","format":false,"excerpt":"Um trecho da rodovia Anhanguera (SP-330), pr\u00f3ximo ao bairro Ribeir\u00e3o Verde, na zona Leste de Ribeir\u00e3o Preto, precisou ser interditado na manh\u00e3 desta segunda-feira (10), ap\u00f3s um acidente de tr\u00e2nsito. De acordo com a apura\u00e7\u00e3o da CBN Ribeir\u00e3o, um carro com uma carretinha acoplada na parte traseira bateu no guard-rail\u2026","rel":"","context":"In &quot;Not\u00edcias de Ribeir\u00e3o Preto-SP e Regi\u00e3o&quot;","block_context":{"text":"Not\u00edcias de Ribeir\u00e3o Preto-SP e Regi\u00e3o","link":"https:\/\/noticiasribeiraopreto.com.br\/index.php\/category\/noticias-de-ribeirao-preto-sp-e-regiao-ismael-colosi\/"},"img":{"alt_text":"","src":"https:\/\/i0.wp.com\/noticiasribeiraopreto.com.br\/wp-content\/uploads\/2025\/02\/Copia-de-Copia-de-Copia-de-TAMANHO-EXATO-PARA-FOTOS-NO-SISTEMA-NOVO-2025-02-12T083605.040_2025-02-12_11-41-08_png_2025-02-12_11-41-08.webp.webp?fit=1200%2C675&ssl=1&resize=350%2C200","width":350,"height":200,"srcset":"https:\/\/i0.wp.com\/noticiasribeiraopreto.com.br\/wp-content\/uploads\/2025\/02\/Copia-de-Copia-de-Copia-de-TAMANHO-EXATO-PARA-FOTOS-NO-SISTEMA-NOVO-2025-02-12T083605.040_2025-02-12_11-41-08_png_2025-02-12_11-41-08.webp.webp?fit=1200%2C675&ssl=1&resize=350%2C200 1x, https:\/\/i0.wp.com\/noticiasribeiraopreto.com.br\/wp-content\/uploads\/2025\/02\/Copia-de-Copia-de-Copia-de-TAMANHO-EXATO-PARA-FOTOS-NO-SISTEMA-NOVO-2025-02-12T083605.040_2025-02-12_11-41-08_png_2025-02-12_11-41-08.webp.webp?fit=1200%2C675&ssl=1&resize=525%2C300 1.5x, https:\/\/i0.wp.com\/noticiasribeiraopreto.com.br\/wp-content\/uploads\/2025\/02\/Copia-de-Copia-de-Copia-de-TAMANHO-EXATO-PARA-FOTOS-NO-SISTEMA-NOVO-2025-02-12T083605.040_2025-02-12_11-41-08_png_2025-02-12_11-41-08.webp.webp?fit=1200%2C675&ssl=1&resize=700%2C400 2x, https:\/\/i0.wp.com\/noticiasribeiraopreto.com.br\/wp-content\/uploads\/2025\/02\/Copia-de-Copia-de-Copia-de-TAMANHO-EXATO-PARA-FOTOS-NO-SISTEMA-NOVO-2025-02-12T083605.040_2025-02-12_11-41-08_png_2025-02-12_11-41-08.webp.webp?fit=1200%2C675&ssl=1&resize=1050%2C600 3x"},"classes":[]},{"id":60755,"url":"https:\/\/noticiasribeiraopreto.com.br\/index.php\/2024\/11\/24\/acidente-entre-carro-e-caminhao-interdita-anhanguera-na-regiao-de-ribeirao-preto\/","url_meta":{"origin":69494,"position":5},"title":"Acidente entre carro e caminh\u00e3o\u00a0interdita\u00a0Anhanguera\u00a0na regi\u00e3o de Ribeir\u00e3o\u00a0Preto","author":"noticiasribeiraopreto.com.br","date":"24 de November de 2024","format":false,"excerpt":"Um acidente entre um carro e um caminh\u00e3o deixou a rodovia\u00a0Anhanguera\u00a0(SP-330) aproximadamente uma hora interditada na tarde deste domingo (24), no km 328, em Jardin\u00f3polis, na regi\u00e3o de Ribeir\u00e3o Preto. Apesar do transtorno e danos, ningu\u00e9m ficou ferido. Segundo informa\u00e7\u00f5es da PMR (Pol\u00edcia Militar Rodovi\u00e1ria) e da\u00a0concession\u00e1ria Entrevias, o motorista\u2026","rel":"","context":"In &quot;Not\u00edcias de Ribeir\u00e3o Preto-SP e Regi\u00e3o&quot;","block_context":{"text":"Not\u00edcias de Ribeir\u00e3o Preto-SP e Regi\u00e3o","link":"https:\/\/noticiasribeiraopreto.com.br\/index.php\/category\/noticias-de-ribeirao-preto-sp-e-regiao-ismael-colosi\/"},"img":{"alt_text":"","src":"https:\/\/i0.wp.com\/noticiasribeiraopreto.com.br\/wp-content\/uploads\/2024\/11\/WhatsApp-Image-2024-11-24-at-21.09.42_2024-11-25_00-40-30_jpeg_2024-11-25_00-40-30.webp.webp?fit=1200%2C1018&ssl=1&resize=350%2C200","width":350,"height":200,"srcset":"https:\/\/i0.wp.com\/noticiasribeiraopreto.com.br\/wp-content\/uploads\/2024\/11\/WhatsApp-Image-2024-11-24-at-21.09.42_2024-11-25_00-40-30_jpeg_2024-11-25_00-40-30.webp.webp?fit=1200%2C1018&ssl=1&resize=350%2C200 1x, https:\/\/i0.wp.com\/noticiasribeiraopreto.com.br\/wp-content\/uploads\/2024\/11\/WhatsApp-Image-2024-11-24-at-21.09.42_2024-11-25_00-40-30_jpeg_2024-11-25_00-40-30.webp.webp?fit=1200%2C1018&ssl=1&resize=525%2C300 1.5x, https:\/\/i0.wp.com\/noticiasribeiraopreto.com.br\/wp-content\/uploads\/2024\/11\/WhatsApp-Image-2024-11-24-at-21.09.42_2024-11-25_00-40-30_jpeg_2024-11-25_00-40-30.webp.webp?fit=1200%2C1018&ssl=1&resize=700%2C400 2x, https:\/\/i0.wp.com\/noticiasribeiraopreto.com.br\/wp-content\/uploads\/2024\/11\/WhatsApp-Image-2024-11-24-at-21.09.42_2024-11-25_00-40-30_jpeg_2024-11-25_00-40-30.webp.webp?fit=1200%2C1018&ssl=1&resize=1050%2C600 3x"},"classes":[]}],"jetpack_sharing_enabled":true,"jetpack_shortlink":"https:\/\/wp.me\/peQAOb-i4S","_links":{"self":[{"href":"https:\/\/noticiasribeiraopreto.com.br\/index.php\/wp-json\/wp\/v2\/posts\/69494","targetHints":{"allow":["GET"]}}],"collection":[{"href":"https:\/\/noticiasribeiraopreto.com.br\/index.php\/wp-json\/wp\/v2\/posts"}],"about":[{"href":"https:\/\/noticiasribeiraopreto.com.br\/index.php\/wp-json\/wp\/v2\/types\/post"}],"author":[{"embeddable":true,"href":"https:\/\/noticiasribeiraopreto.com.br\/index.php\/wp-json\/wp\/v2\/users\/1"}],"replies":[{"embeddable":true,"href":"https:\/\/noticiasribeiraopreto.com.br\/index.php\/wp-json\/wp\/v2\/comments?post=69494"}],"version-history":[{"count":0,"href":"https:\/\/noticiasribeiraopreto.com.br\/index.php\/wp-json\/wp\/v2\/posts\/69494\/revisions"}],"wp:featuredmedia":[{"embeddable":true,"href":"https:\/\/noticiasribeiraopreto.com.br\/index.php\/wp-json\/wp\/v2\/media\/69495"}],"wp:attachment":[{"href":"https:\/\/noticiasribeiraopreto.com.br\/index.php\/wp-json\/wp\/v2\/media?parent=69494"}],"wp:term":[{"taxonomy":"category","embeddable":true,"href":"https:\/\/noticiasribeiraopreto.com.br\/index.php\/wp-json\/wp\/v2\/categories?post=69494"},{"taxonomy":"post_tag","embeddable":true,"href":"https:\/\/noticiasribeiraopreto.com.br\/index.php\/wp-json\/wp\/v2\/tags?post=69494"}],"curies":[{"name":"wp","href":"https:\/\/api.w.org\/{rel}","templated":true}]}}