{"id":69496,"date":"2025-05-06T19:40:58","date_gmt":"2025-05-06T22:40:58","guid":{"rendered":"https:\/\/noticiasribeiraopreto.com.br\/index.php\/2025\/05\/06\/sogra-estava-procurando-por-chumbinho-15-dias-antes-da-morte-de-professora-afirma-delegado\/"},"modified":"2025-05-06T19:40:58","modified_gmt":"2025-05-06T22:40:58","slug":"sogra-estava-procurando-por-chumbinho-15-dias-antes-da-morte-de-professora-afirma-delegado","status":"publish","type":"post","link":"https:\/\/noticiasribeiraopreto.com.br\/index.php\/2025\/05\/06\/sogra-estava-procurando-por-chumbinho-15-dias-antes-da-morte-de-professora-afirma-delegado\/","title":{"rendered":"Sogra estava procurando por chumbinho 15 dias antes da morte de professora, afirma delegado"},"content":{"rendered":"<p> <br \/>\n<\/p>\n<div>\n<p>A Pol\u00edcia Civil de Ribeir\u00e3o Preto prendeu, na tarde desta ter\u00e7a-feira (6), o<strong> m\u00e9dico Luiz Antonio Garnica<\/strong> e sua m\u00e3e, Elizabete. Ambos s\u00e3o suspeitos de envolvimento na <strong>morte por envenenamento de Larissa Talle Le\u00f4ncio Rodrigues<\/strong>, professora de pilates encontrada morta em 22 de mar\u00e7o no apartamento onde morava, em Ribeir\u00e3o Preto.<\/p>\n<p>De acordo com o <strong>delegado Dr. Fernando Bravo<\/strong>, respons\u00e1vel pelas investiga\u00e7\u00f5es do caso, a pris\u00e3o ocorreu ap\u00f3s a conclus\u00e3o do <strong>laudo toxicol\u00f3gico<\/strong>, que detectou a presen\u00e7a do veneno conhecido popularmente como <em><strong>chumbinho<\/strong> <\/em>no corpo da v\u00edtima. <\/p>\n<p>Segundo o delegado, a \u00faltima pessoa a ver Larissa com vida foi a sogra. Ele tamb\u00e9m confirmou que uma testemunha ouviu <strong>Elizabete Garnica procurando por chumbinho para comprar aproximadamente 15 dias antes da morte<\/strong>. <\/p>\n<figure class=\"wp-block-pullquote\">\n<blockquote>\n<p>Ontem, n\u00f3s conseguimos encontrar tamb\u00e9m uma testemunha que relatou que a sogra estava procurando por chumbinho para comprar, aproximadamente 15 dias antes da morte. Ent\u00e3o, isso nos trouxe a certeza de que ela, juntamente com o filho, matou a Larissa<\/p>\n<p><cite>explica o delegado<\/cite><\/p><\/blockquote>\n<\/figure>\n<p>Durante a apura\u00e7\u00e3o, o delegado afirma que a pol\u00edcia trabalhou com cautela e baseou-se em provas t\u00e9cnicas e testemunhais.<\/p>\n<p><em>\u201cN\u00f3s tivemos muita cautela desde o in\u00edcio, porque precisamos de provas t\u00e9cnicas para apurar e apontar um crime mais grave para algu\u00e9m. No decorrer das investiga\u00e7\u00f5es, ouvimos diversas testemunhas, que levantaram suspeitas de que a causa pudesse ter sido um homic\u00eddio\u201d<\/em>, explicou Dr. Bravo.<\/p>\n<p><strong>Inicialmente, o m\u00e9dico Luiz Antonio Garnica foi tratado como testemunha.<\/strong> Ele relatou, conforme o boletim de ocorr\u00eancia, que encontrou a esposa desfalecida no banheiro ao chegar em casa. Em seguida, a levou at\u00e9 a cama e iniciou manobras de emerg\u00eancia at\u00e9 a chegada do Servi\u00e7o de Atendimento M\u00f3vel de Urg\u00eancia (Samu), que constatou o \u00f3bito no local.<\/p>\n<hr class=\"wp-block-separator has-alpha-channel-opacity\"\/>\n<p>SAIBA MAIS<br \/>Caso Larissa: Marido e sogra s\u00e3o presos suspeitos pela morte de professora\u00a0em\u00a0Ribeir\u00e3o<\/p>\n<h2 class=\"wp-block-heading\"><strong>FIQUE ON<\/strong><\/h2>\n<p>Fique ligado em tudo que acontece em Ribeir\u00e3o Preto e regi\u00e3o. Siga os perfis do<strong>\u00a0acidade on\u00a0<\/strong>no\u00a0<a href=\"https:\/\/www.instagram.com\/acidadeonribeirao\">Instagram<\/a>\u00a0e no\u00a0<a href=\"https:\/\/www.facebook.com\/acidadeonribeirao\/\">Facebook<\/a>. <mark style=\"background-color:#ffffff\" class=\"has-inline-color has-white-color\">, no entanto<\/mark><\/p>\n<p>Receba not\u00edcias do\u00a0<strong>acidade on\u00a0<\/strong>no WhatsApp.\u00a0<a href=\"https:\/\/chat.whatsapp.com\/BjKQZ9oJwlz8VVT50NuePq\">Para entrar no grupo, basta clicar aqui.<\/a> <mark style=\"background-color:#ffffff\" class=\"has-inline-color has-white-color\">, contudo<\/mark><\/p>\n<p>Fa\u00e7a uma den\u00fancia ou sugira uma reportagem sobre Ribeir\u00e3o Preto e regi\u00e3o pelo WhatsApp: 16 99117 7802.<\/p>\n<p>VEJA TAMB\u00c9M<br \/>Veja como est\u00e1 parque aqu\u00e1tico de Ribeir\u00e3o abandonado h\u00e1 17 anos<\/p>\n<p><!-- CONTENT END 1 -->\n<\/div>\n<p><script async src=\"\/\/www.instagram.com\/embed.js\"><\/script><br \/>\n<br \/><br \/>\n<br \/><a href=\"https:\/\/www.acidadeon.com\/ribeiraopreto\/cotidiano\/sogra-estava-procurando-por-chumbinho-15-dias-antes-da-morte-de-professora-afirma-delegado\/\">Source link <\/a><\/p>\n","protected":false},"excerpt":{"rendered":"<p>A Pol\u00edcia Civil de Ribeir\u00e3o Preto prendeu, na tarde desta ter\u00e7a-feira (6), o m\u00e9dico Luiz Antonio Garnica e sua m\u00e3e, Elizabete. Ambos s\u00e3o suspeitos de&#8230;<\/p>\n","protected":false},"author":1,"featured_media":69497,"comment_status":"open","ping_status":"open","sticky":false,"template":"","format":"standard","meta":{"advanced_seo_description":"","jetpack_seo_html_title":"","jetpack_seo_noindex":false,"jetpack_post_was_ever_published":false,"_jetpack_newsletter_access":"","_jetpack_dont_email_post_to_subs":false,"_jetpack_newsletter_tier_id":0,"_jetpack_memberships_contains_paywalled_content":false,"_jetpack_memberships_contains_paid_content":false,"footnotes":"","jetpack_publicize_message":"","jetpack_publicize_feature_enabled":true,"jetpack_social_post_already_shared":true,"jetpack_social_options":{"image_generator_settings":{"template":"highway","default_image_id":0,"font":"","enabled":false},"version":2}},"categories":[11],"tags":[],"class_list":["post-69496","post","type-post","status-publish","format-standard","has-post-thumbnail","hentry","category-noticias-de-ribeirao-preto-sp-e-regiao-ismael-colosi"],"jetpack_publicize_connections":[],"jetpack_featured_media_url":"https:\/\/i0.wp.com\/noticiasribeiraopreto.com.br\/wp-content\/uploads\/2025\/05\/Copia-de-Copia-de-Copia-de-TAMANHO-EXATO-PARA-FOTOS-NO-SISTEMA-NOVO-45_2025-05-06_21-21-57.webp.webp?fit=1200%2C675&ssl=1","jetpack-related-posts":[{"id":69586,"url":"https:\/\/noticiasribeiraopreto.com.br\/index.php\/2025\/05\/07\/caso-larissa-sogra-tem-alta-de-hospital-apos-passar-mal-ao-ser-presa-em-ribeirao-preto\/","url_meta":{"origin":69496,"position":0},"title":"Caso Larissa: Sogra tem alta de hospital ap\u00f3s passar mal ao ser presa em Ribeir\u00e3o Preto","author":"noticiasribeiraopreto.com.br","date":"7 de May de 2025","format":false,"excerpt":"A sogra da professora encontrada morta em um apartamento na zona Sul de Ribeir\u00e3o Preto deixou o hospital, ap\u00f3s receber alta na madrugada desta quarta-feira (7), em Ribeir\u00e3o Preto. Elizabete Arraba\u00e7a Garnica havia passado mal ao ser presa pela Pol\u00edcia Civil nesta ter\u00e7a-feira (6), suspeita de envolvimento na morte por\u2026","rel":"","context":"In &quot;Not\u00edcias de Ribeir\u00e3o Preto-SP e Regi\u00e3o&quot;","block_context":{"text":"Not\u00edcias de Ribeir\u00e3o Preto-SP e Regi\u00e3o","link":"https:\/\/noticiasribeiraopreto.com.br\/index.php\/category\/noticias-de-ribeirao-preto-sp-e-regiao-ismael-colosi\/"},"img":{"alt_text":"","src":"https:\/\/i0.wp.com\/noticiasribeiraopreto.com.br\/wp-content\/uploads\/2025\/05\/WhatsApp-Image-2025-05-07-at-08.08.58_2025-05-07_11-09-16.webp.webp?fit=1200%2C675&ssl=1&resize=350%2C200","width":350,"height":200,"srcset":"https:\/\/i0.wp.com\/noticiasribeiraopreto.com.br\/wp-content\/uploads\/2025\/05\/WhatsApp-Image-2025-05-07-at-08.08.58_2025-05-07_11-09-16.webp.webp?fit=1200%2C675&ssl=1&resize=350%2C200 1x, https:\/\/i0.wp.com\/noticiasribeiraopreto.com.br\/wp-content\/uploads\/2025\/05\/WhatsApp-Image-2025-05-07-at-08.08.58_2025-05-07_11-09-16.webp.webp?fit=1200%2C675&ssl=1&resize=525%2C300 1.5x, https:\/\/i0.wp.com\/noticiasribeiraopreto.com.br\/wp-content\/uploads\/2025\/05\/WhatsApp-Image-2025-05-07-at-08.08.58_2025-05-07_11-09-16.webp.webp?fit=1200%2C675&ssl=1&resize=700%2C400 2x, https:\/\/i0.wp.com\/noticiasribeiraopreto.com.br\/wp-content\/uploads\/2025\/05\/WhatsApp-Image-2025-05-07-at-08.08.58_2025-05-07_11-09-16.webp.webp?fit=1200%2C675&ssl=1&resize=1050%2C600 3x"},"classes":[]},{"id":69596,"url":"https:\/\/noticiasribeiraopreto.com.br\/index.php\/2025\/05\/07\/nao-tenho-culpa-de-nada-diz-sogra-da-professora-larissa-apos-prisao-em-ribeirao\/","url_meta":{"origin":69496,"position":1},"title":"\u2018N\u00e3o tenho culpa de nada\u2019, diz sogra da professora Larissa ap\u00f3s pris\u00e3o em Ribeir\u00e3o","author":"noticiasribeiraopreto.com.br","date":"7 de May de 2025","format":false,"excerpt":"Elizabete Arraba\u00e7a, sogra da professora Larissa Talle Le\u00f4ncio Rodrigues, morta no \u00faltimo m\u00eas de mar\u00e7o, em Ribeir\u00e3o Preto, se manifestou nesta quarta-feira (7) sobre a pris\u00e3o ocorrida ontem. Elizabete afirma que n\u00e3o tem culpa. \u201cN\u00e3o tenho culpa de nada, gente. Para com isso. \u00c9 pecado. Voc\u00eas est\u00e3o fazendo isso. \u00c9\u2026","rel":"","context":"In &quot;Not\u00edcias de Ribeir\u00e3o Preto-SP e Regi\u00e3o&quot;","block_context":{"text":"Not\u00edcias de Ribeir\u00e3o Preto-SP e Regi\u00e3o","link":"https:\/\/noticiasribeiraopreto.com.br\/index.php\/category\/noticias-de-ribeirao-preto-sp-e-regiao-ismael-colosi\/"},"img":{"alt_text":"","src":"https:\/\/i0.wp.com\/noticiasribeiraopreto.com.br\/wp-content\/uploads\/2025\/05\/elizabeth_2025-05-07_16-18-11.webp.webp?fit=1200%2C700&ssl=1&resize=350%2C200","width":350,"height":200,"srcset":"https:\/\/i0.wp.com\/noticiasribeiraopreto.com.br\/wp-content\/uploads\/2025\/05\/elizabeth_2025-05-07_16-18-11.webp.webp?fit=1200%2C700&ssl=1&resize=350%2C200 1x, https:\/\/i0.wp.com\/noticiasribeiraopreto.com.br\/wp-content\/uploads\/2025\/05\/elizabeth_2025-05-07_16-18-11.webp.webp?fit=1200%2C700&ssl=1&resize=525%2C300 1.5x, https:\/\/i0.wp.com\/noticiasribeiraopreto.com.br\/wp-content\/uploads\/2025\/05\/elizabeth_2025-05-07_16-18-11.webp.webp?fit=1200%2C700&ssl=1&resize=700%2C400 2x, https:\/\/i0.wp.com\/noticiasribeiraopreto.com.br\/wp-content\/uploads\/2025\/05\/elizabeth_2025-05-07_16-18-11.webp.webp?fit=1200%2C700&ssl=1&resize=1050%2C600 3x"},"classes":[]},{"id":71261,"url":"https:\/\/noticiasribeiraopreto.com.br\/index.php\/2025\/06\/04\/caso-larissa-sogra-da-professora-diz-que-a-nora-tomou-remedio-com-chumbinho\/","url_meta":{"origin":69496,"position":2},"title":"Caso Larissa: sogra da professora diz que a nora tomou rem\u00e9dio com chumbinho","author":"noticiasribeiraopreto.com.br","date":"4 de June de 2025","format":false,"excerpt":"A sogra da professora Larissa Talle Le\u00f4ncio Rodrigues, Elizabete Arraba\u00e7a, disse que a nora tomou rem\u00e9dio com chumbinho. Larissa foi encontrada morta no \u00faltimo dia 22 de mar\u00e7o no apartamento em que morava com o marido, o m\u00e9dico Luiz Ant\u00f4nio Garnica, no Jardim Bot\u00e2nico, na zona Sul de Ribeir\u00e3o Preto.\u2026","rel":"","context":"In &quot;Not\u00edcias de Ribeir\u00e3o Preto-SP e Regi\u00e3o&quot;","block_context":{"text":"Not\u00edcias de Ribeir\u00e3o Preto-SP e Regi\u00e3o","link":"https:\/\/noticiasribeiraopreto.com.br\/index.php\/category\/noticias-de-ribeirao-preto-sp-e-regiao-ismael-colosi\/"},"img":{"alt_text":"","src":"https:\/\/i0.wp.com\/noticiasribeiraopreto.com.br\/wp-content\/uploads\/2025\/05\/Copia-de-Copia-de-Copia-de-TAMANHO-EXATO-PARA-FOTOS-NO-SISTEMA-NOVO-45_2025-05-06_21-21-57.webp.webp?fit=1200%2C675&ssl=1&resize=350%2C200","width":350,"height":200,"srcset":"https:\/\/i0.wp.com\/noticiasribeiraopreto.com.br\/wp-content\/uploads\/2025\/05\/Copia-de-Copia-de-Copia-de-TAMANHO-EXATO-PARA-FOTOS-NO-SISTEMA-NOVO-45_2025-05-06_21-21-57.webp.webp?fit=1200%2C675&ssl=1&resize=350%2C200 1x, https:\/\/i0.wp.com\/noticiasribeiraopreto.com.br\/wp-content\/uploads\/2025\/05\/Copia-de-Copia-de-Copia-de-TAMANHO-EXATO-PARA-FOTOS-NO-SISTEMA-NOVO-45_2025-05-06_21-21-57.webp.webp?fit=1200%2C675&ssl=1&resize=525%2C300 1.5x, https:\/\/i0.wp.com\/noticiasribeiraopreto.com.br\/wp-content\/uploads\/2025\/05\/Copia-de-Copia-de-Copia-de-TAMANHO-EXATO-PARA-FOTOS-NO-SISTEMA-NOVO-45_2025-05-06_21-21-57.webp.webp?fit=1200%2C675&ssl=1&resize=700%2C400 2x, https:\/\/i0.wp.com\/noticiasribeiraopreto.com.br\/wp-content\/uploads\/2025\/05\/Copia-de-Copia-de-Copia-de-TAMANHO-EXATO-PARA-FOTOS-NO-SISTEMA-NOVO-45_2025-05-06_21-21-57.webp.webp?fit=1200%2C675&ssl=1&resize=1050%2C600 3x"},"classes":[]},{"id":73316,"url":"https:\/\/noticiasribeiraopreto.com.br\/index.php\/2025\/06\/29\/envenenamento-por-chumbinho-entenda-a-ligacao-entre-as-mortes-de-larissa-e-nathalia\/","url_meta":{"origin":69496,"position":3},"title":"Envenenamento por chumbinho: entenda a liga\u00e7\u00e3o entre as mortes de Larissa e Nath\u00e1lia","author":"noticiasribeiraopreto.com.br","date":"29 de June de 2025","format":false,"excerpt":"A Pol\u00edcia Civil e o Minist\u00e9rio P\u00fablico investigam Elizabete Arraba\u00e7a por suspeita de envolvimento nas mortes da filha, Nath\u00e1lia Garnica, e da nora, a professora de pilates Larissa Rodrigues. Elizabete esteve com as v\u00edtimas um dia antes das mortes; inicialmente, as autoridades trataram os casos como naturais. No entanto, exames\u2026","rel":"","context":"In &quot;Not\u00edcias de Ribeir\u00e3o Preto-SP e Regi\u00e3o&quot;","block_context":{"text":"Not\u00edcias de Ribeir\u00e3o Preto-SP e Regi\u00e3o","link":"https:\/\/noticiasribeiraopreto.com.br\/index.php\/category\/noticias-de-ribeirao-preto-sp-e-regiao-ismael-colosi\/"},"img":{"alt_text":"","src":"https:\/\/i0.wp.com\/noticiasribeiraopreto.com.br\/wp-content\/uploads\/2025\/06\/Copia-de-Copia-de-Copia-de-TAMANHO-EXATO-PARA-FOTOS-NO-SISTEMA-NOVO-2025-06-29T115635.342_2025-06-29_14-57-44.webp.webp?fit=1200%2C675&ssl=1&resize=350%2C200","width":350,"height":200,"srcset":"https:\/\/i0.wp.com\/noticiasribeiraopreto.com.br\/wp-content\/uploads\/2025\/06\/Copia-de-Copia-de-Copia-de-TAMANHO-EXATO-PARA-FOTOS-NO-SISTEMA-NOVO-2025-06-29T115635.342_2025-06-29_14-57-44.webp.webp?fit=1200%2C675&ssl=1&resize=350%2C200 1x, https:\/\/i0.wp.com\/noticiasribeiraopreto.com.br\/wp-content\/uploads\/2025\/06\/Copia-de-Copia-de-Copia-de-TAMANHO-EXATO-PARA-FOTOS-NO-SISTEMA-NOVO-2025-06-29T115635.342_2025-06-29_14-57-44.webp.webp?fit=1200%2C675&ssl=1&resize=525%2C300 1.5x, https:\/\/i0.wp.com\/noticiasribeiraopreto.com.br\/wp-content\/uploads\/2025\/06\/Copia-de-Copia-de-Copia-de-TAMANHO-EXATO-PARA-FOTOS-NO-SISTEMA-NOVO-2025-06-29T115635.342_2025-06-29_14-57-44.webp.webp?fit=1200%2C675&ssl=1&resize=700%2C400 2x, https:\/\/i0.wp.com\/noticiasribeiraopreto.com.br\/wp-content\/uploads\/2025\/06\/Copia-de-Copia-de-Copia-de-TAMANHO-EXATO-PARA-FOTOS-NO-SISTEMA-NOVO-2025-06-29T115635.342_2025-06-29_14-57-44.webp.webp?fit=1200%2C675&ssl=1&resize=1050%2C600 3x"},"classes":[]},{"id":70729,"url":"https:\/\/noticiasribeiraopreto.com.br\/index.php\/2025\/05\/29\/gilmar-mendes-vai-decidir-se-sogra-de-larissa-seguira-presa-ou-ganhara-liberdade\/","url_meta":{"origin":69496,"position":4},"title":"Gilmar Mendes vai decidir se sogra de Larissa seguir\u00e1 presa ou ganhar\u00e1 liberdade","author":"noticiasribeiraopreto.com.br","date":"29 de May de 2025","format":false,"excerpt":"A defesa de Elizabete Arraba\u00e7a, m\u00e3e do m\u00e9dico Luiz Ant\u00f4nio Garnica, e sogra da professora Larissa Talle Le\u00f4ncio Rodrigues, entrou com pedido de liberdade no STF (Supremo Tribunal Federal). O habeas corpus deu entrada na \u00faltima quarta-feira (29) e ser\u00e1 analisado pelo ministro Gilmar Mendes. Segundo o advogado Bruno Corr\u00eaa,\u2026","rel":"","context":"In &quot;Not\u00edcias de Ribeir\u00e3o Preto-SP e Regi\u00e3o&quot;","block_context":{"text":"Not\u00edcias de Ribeir\u00e3o Preto-SP e Regi\u00e3o","link":"https:\/\/noticiasribeiraopreto.com.br\/index.php\/category\/noticias-de-ribeirao-preto-sp-e-regiao-ismael-colosi\/"},"img":{"alt_text":"","src":"https:\/\/i0.wp.com\/noticiasribeiraopreto.com.br\/wp-content\/uploads\/2025\/05\/gilmar-elizabete_2025-05-29_14-32-04.webp.webp?fit=1200%2C674&ssl=1&resize=350%2C200","width":350,"height":200,"srcset":"https:\/\/i0.wp.com\/noticiasribeiraopreto.com.br\/wp-content\/uploads\/2025\/05\/gilmar-elizabete_2025-05-29_14-32-04.webp.webp?fit=1200%2C674&ssl=1&resize=350%2C200 1x, https:\/\/i0.wp.com\/noticiasribeiraopreto.com.br\/wp-content\/uploads\/2025\/05\/gilmar-elizabete_2025-05-29_14-32-04.webp.webp?fit=1200%2C674&ssl=1&resize=525%2C300 1.5x, https:\/\/i0.wp.com\/noticiasribeiraopreto.com.br\/wp-content\/uploads\/2025\/05\/gilmar-elizabete_2025-05-29_14-32-04.webp.webp?fit=1200%2C674&ssl=1&resize=700%2C400 2x, https:\/\/i0.wp.com\/noticiasribeiraopreto.com.br\/wp-content\/uploads\/2025\/05\/gilmar-elizabete_2025-05-29_14-32-04.webp.webp?fit=1200%2C674&ssl=1&resize=1050%2C600 3x"},"classes":[]},{"id":71290,"url":"https:\/\/noticiasribeiraopreto.com.br\/index.php\/2025\/06\/04\/leia-a-integra-da-carta-escrita-na-cadeia-pela-sogra-suspeita-de-matar-larissa-envenenada\/","url_meta":{"origin":69496,"position":5},"title":"Leia a \u00edntegra da carta escrita na cadeia pela sogra suspeita de matar Larissa envenenada","author":"noticiasribeiraopreto.com.br","date":"4 de June de 2025","format":false,"excerpt":"A sogra da professora\u00a0Larissa Talle Le\u00f4ncio Rodrigues,\u00a0Elizabete Arraba\u00e7a, disse em uma carta escrita na cadeia e encaminhada \u00e0 Justi\u00e7a que a nora tomou rem\u00e9dio com chumbinho. Leia a carta na \u00edntegra abaixo. LEIA MAIS >>> Caso Larissa: sogra da professora diz que a nora tomou rem\u00e9dio com chumbinho Larissa foi\u2026","rel":"","context":"In &quot;Not\u00edcias de Ribeir\u00e3o Preto-SP e Regi\u00e3o&quot;","block_context":{"text":"Not\u00edcias de Ribeir\u00e3o Preto-SP e Regi\u00e3o","link":"https:\/\/noticiasribeiraopreto.com.br\/index.php\/category\/noticias-de-ribeirao-preto-sp-e-regiao-ismael-colosi\/"},"img":{"alt_text":"","src":"https:\/\/i0.wp.com\/noticiasribeiraopreto.com.br\/wp-content\/uploads\/2025\/05\/WhatsApp-Image-2025-05-07-at-08.08.58_2025-05-07_11-09-16.webp.webp?fit=1200%2C675&ssl=1&resize=350%2C200","width":350,"height":200,"srcset":"https:\/\/i0.wp.com\/noticiasribeiraopreto.com.br\/wp-content\/uploads\/2025\/05\/WhatsApp-Image-2025-05-07-at-08.08.58_2025-05-07_11-09-16.webp.webp?fit=1200%2C675&ssl=1&resize=350%2C200 1x, https:\/\/i0.wp.com\/noticiasribeiraopreto.com.br\/wp-content\/uploads\/2025\/05\/WhatsApp-Image-2025-05-07-at-08.08.58_2025-05-07_11-09-16.webp.webp?fit=1200%2C675&ssl=1&resize=525%2C300 1.5x, https:\/\/i0.wp.com\/noticiasribeiraopreto.com.br\/wp-content\/uploads\/2025\/05\/WhatsApp-Image-2025-05-07-at-08.08.58_2025-05-07_11-09-16.webp.webp?fit=1200%2C675&ssl=1&resize=700%2C400 2x, https:\/\/i0.wp.com\/noticiasribeiraopreto.com.br\/wp-content\/uploads\/2025\/05\/WhatsApp-Image-2025-05-07-at-08.08.58_2025-05-07_11-09-16.webp.webp?fit=1200%2C675&ssl=1&resize=1050%2C600 3x"},"classes":[]}],"jetpack_sharing_enabled":true,"jetpack_shortlink":"https:\/\/wp.me\/peQAOb-i4U","_links":{"self":[{"href":"https:\/\/noticiasribeiraopreto.com.br\/index.php\/wp-json\/wp\/v2\/posts\/69496","targetHints":{"allow":["GET"]}}],"collection":[{"href":"https:\/\/noticiasribeiraopreto.com.br\/index.php\/wp-json\/wp\/v2\/posts"}],"about":[{"href":"https:\/\/noticiasribeiraopreto.com.br\/index.php\/wp-json\/wp\/v2\/types\/post"}],"author":[{"embeddable":true,"href":"https:\/\/noticiasribeiraopreto.com.br\/index.php\/wp-json\/wp\/v2\/users\/1"}],"replies":[{"embeddable":true,"href":"https:\/\/noticiasribeiraopreto.com.br\/index.php\/wp-json\/wp\/v2\/comments?post=69496"}],"version-history":[{"count":0,"href":"https:\/\/noticiasribeiraopreto.com.br\/index.php\/wp-json\/wp\/v2\/posts\/69496\/revisions"}],"wp:featuredmedia":[{"embeddable":true,"href":"https:\/\/noticiasribeiraopreto.com.br\/index.php\/wp-json\/wp\/v2\/media\/69497"}],"wp:attachment":[{"href":"https:\/\/noticiasribeiraopreto.com.br\/index.php\/wp-json\/wp\/v2\/media?parent=69496"}],"wp:term":[{"taxonomy":"category","embeddable":true,"href":"https:\/\/noticiasribeiraopreto.com.br\/index.php\/wp-json\/wp\/v2\/categories?post=69496"},{"taxonomy":"post_tag","embeddable":true,"href":"https:\/\/noticiasribeiraopreto.com.br\/index.php\/wp-json\/wp\/v2\/tags?post=69496"}],"curies":[{"name":"wp","href":"https:\/\/api.w.org\/{rel}","templated":true}]}}