{"id":69498,"date":"2025-05-06T19:47:24","date_gmt":"2025-05-06T22:47:24","guid":{"rendered":"https:\/\/noticiasribeiraopreto.com.br\/index.php\/2025\/05\/06\/cursos-do-ifsp-em-ribeirao-preto-serao-definidos-por-audiencias-publicas\/"},"modified":"2025-05-06T19:47:24","modified_gmt":"2025-05-06T22:47:24","slug":"cursos-do-ifsp-em-ribeirao-preto-serao-definidos-por-audiencias-publicas","status":"publish","type":"post","link":"https:\/\/noticiasribeiraopreto.com.br\/index.php\/2025\/05\/06\/cursos-do-ifsp-em-ribeirao-preto-serao-definidos-por-audiencias-publicas\/","title":{"rendered":"Cursos do IFSP em Ribeir\u00e3o Preto ser\u00e3o definidos por audi\u00eancias p\u00fablicas"},"content":{"rendered":"<p> <br \/>\n<\/p>\n<div data-td-block-uid=\"tdi_95\">\n<div class=\"tdb-block-inner td-fix-index\">\n<p>Tr\u00eas audi\u00eancias p\u00fablicas v\u00e3o definir os cursos do<strong><a href=\"https:\/\/www.ifsp.edu.br\/\"> IFSP (Instituto Federal de S\u00e3o Paulo)<\/a><\/strong> no campus de <strong>Ribeir\u00e3o Preto.<\/strong> A unidade est\u00e1 sendo constru\u00edda no terreno da antiga Cian\u00ea, nos Campos El\u00edseos.<\/p>\n<p><mark style=\"background-color:#fcb900\" class=\"has-inline-color has-black-color\">A obra teve in\u00edcio em janeiro e est\u00e1 or\u00e7ada em R$ 29.226.976,24. <\/mark>A construtora Carvalho Costa &amp; Silva LTDA, de Barretos, \u00e9 respons\u00e1vel pela execu\u00e7\u00e3o. A primeira reuni\u00e3o da comiss\u00e3o oficial que conduzir\u00e1 o processo de defini\u00e7\u00e3o dos cursos aconteceu na \u00faltima segunda-feira (5).<\/p>\n<p>De acordo com o coordenador da implanta\u00e7\u00e3o do campus Ribeir\u00e3o Preto, a primeira audi\u00eancia p\u00fablica est\u00e1 marcada para o dia 22 de maio.<\/p>\n<p>\u201cO objetivo \u00e9 ouvir a popula\u00e7\u00e3o, as associa\u00e7\u00f5es de classe dos setores produtivos, sociais e culturais, institui\u00e7\u00f5es de ensino p\u00fablicas e privadas, entre outras entidades representativas, para que a defini\u00e7\u00e3o dos cursos seja acertada, de acordo com a voca\u00e7\u00e3o e as necessidades do munic\u00edpio\u201d, disse Paulo Sergio Calefi.<\/p>\n<p>SAIBA MAIS<br \/>Ribeir\u00e3o Preto amplia oferta de voos para S\u00e3o Paulo; veja os hor\u00e1rios<\/p>\n<h2 class=\"wp-block-heading\"><strong>FIQUE ON<\/strong><\/h2>\n<p>Fique ligado em tudo que acontece em Ribeir\u00e3o Preto e regi\u00e3o. Siga os perfis do<strong>\u00a0acidade on\u00a0<\/strong>no\u00a0<a href=\"https:\/\/www.instagram.com\/acidadeonribeirao\">Instagram<\/a>\u00a0e no\u00a0<a href=\"https:\/\/www.facebook.com\/acidadeonribeirao\/\">Facebook<\/a>.<\/p>\n<p>Receba not\u00edcias do\u00a0<strong>acidade on\u00a0<\/strong>no WhatsApp.\u00a0<a href=\"https:\/\/chat.whatsapp.com\/BjKQZ9oJwlz8VVT50NuePq\">Para entrar no grupo, basta clicar aqui.<\/a><\/p>\n<p>Fa\u00e7a uma den\u00fancia ou sugira uma reportagem sobre Ribeir\u00e3o Preto e regi\u00e3o pelo WhatsApp: 16 99117 7802.<\/p>\n<p>VEJA TAMB\u00c9M<br \/>Veja como est\u00e1 parque aqu\u00e1tico de Ribeir\u00e3o abandonado h\u00e1 17 anos<\/p>\n<p><!-- CONTENT END 1 -->\n<\/div>\n<\/div>\n<p><script async src=\"\/\/www.instagram.com\/embed.js\"><\/script><br \/>\n<br \/><br \/>\n<br \/><a href=\"https:\/\/www.acidadeon.com\/ribeiraopreto\/politica\/cursos-do-ifsp-em-ribeirao-preto-serao-definidos-por-audiencias-publicas\/\">Source link <\/a><\/p>\n","protected":false},"excerpt":{"rendered":"<p>Tr\u00eas audi\u00eancias p\u00fablicas v\u00e3o definir os cursos do IFSP (Instituto Federal de S\u00e3o Paulo) no campus de Ribeir\u00e3o Preto. A unidade est\u00e1 sendo constru\u00edda no&#8230;<\/p>\n","protected":false},"author":1,"featured_media":62999,"comment_status":"open","ping_status":"open","sticky":false,"template":"","format":"standard","meta":{"advanced_seo_description":"","jetpack_seo_html_title":"","jetpack_seo_noindex":false,"jetpack_post_was_ever_published":false,"_jetpack_newsletter_access":"","_jetpack_dont_email_post_to_subs":false,"_jetpack_newsletter_tier_id":0,"_jetpack_memberships_contains_paywalled_content":false,"_jetpack_memberships_contains_paid_content":false,"footnotes":"","jetpack_publicize_message":"","jetpack_publicize_feature_enabled":true,"jetpack_social_post_already_shared":true,"jetpack_social_options":{"image_generator_settings":{"template":"highway","default_image_id":0,"font":"","enabled":false},"version":2}},"categories":[11],"tags":[],"class_list":["post-69498","post","type-post","status-publish","format-standard","has-post-thumbnail","hentry","category-noticias-de-ribeirao-preto-sp-e-regiao-ismael-colosi"],"jetpack_publicize_connections":[],"jetpack_featured_media_url":"https:\/\/i0.wp.com\/noticiasribeiraopreto.com.br\/wp-content\/uploads\/2025\/01\/ciane_2025-01-30_16-55-49_jpg_2025-01-30_16-55-49.webp.webp?fit=1359%2C846&ssl=1","jetpack-related-posts":[{"id":72985,"url":"https:\/\/noticiasribeiraopreto.com.br\/index.php\/2025\/06\/23\/ribeirao-preto-recebe-segunda-audiencia-publica-sobre-cursos-do-ifsp\/","url_meta":{"origin":69498,"position":0},"title":"Ribeir\u00e3o Preto recebe segunda audi\u00eancia p\u00fablica sobre cursos do IFSP","author":"noticiasribeiraopreto.com.br","date":"23 de June de 2025","format":false,"excerpt":"A segunda audi\u00eancia p\u00fablica para definir os cursos que ser\u00e3o ofertados na futura unidade do IFSP (Instituto Federal de S\u00e3o Paulo) em Ribeir\u00e3o Preto acontece no dia 10 de julho, \u00e0s 19h30, na C\u00e2mara Municipal. Aberta ao p\u00fablico, a audi\u00eancia integra a segunda fase do processo de implanta\u00e7\u00e3o do campus\u2026","rel":"","context":"In &quot;Not\u00edcias de Ribeir\u00e3o Preto-SP e Regi\u00e3o&quot;","block_context":{"text":"Not\u00edcias de Ribeir\u00e3o Preto-SP e Regi\u00e3o","link":"https:\/\/noticiasribeiraopreto.com.br\/index.php\/category\/noticias-de-ribeirao-preto-sp-e-regiao-ismael-colosi\/"},"img":{"alt_text":"","src":"https:\/\/i0.wp.com\/noticiasribeiraopreto.com.br\/wp-content\/uploads\/2025\/06\/ifsp-campus_2025-05-15_20-42-45.webp.webp?fit=1200%2C798&ssl=1&resize=350%2C200","width":350,"height":200,"srcset":"https:\/\/i0.wp.com\/noticiasribeiraopreto.com.br\/wp-content\/uploads\/2025\/06\/ifsp-campus_2025-05-15_20-42-45.webp.webp?fit=1200%2C798&ssl=1&resize=350%2C200 1x, https:\/\/i0.wp.com\/noticiasribeiraopreto.com.br\/wp-content\/uploads\/2025\/06\/ifsp-campus_2025-05-15_20-42-45.webp.webp?fit=1200%2C798&ssl=1&resize=525%2C300 1.5x, https:\/\/i0.wp.com\/noticiasribeiraopreto.com.br\/wp-content\/uploads\/2025\/06\/ifsp-campus_2025-05-15_20-42-45.webp.webp?fit=1200%2C798&ssl=1&resize=700%2C400 2x, https:\/\/i0.wp.com\/noticiasribeiraopreto.com.br\/wp-content\/uploads\/2025\/06\/ifsp-campus_2025-05-15_20-42-45.webp.webp?fit=1200%2C798&ssl=1&resize=1050%2C600 3x"},"classes":[]},{"id":74569,"url":"https:\/\/noticiasribeiraopreto.com.br\/index.php\/2025\/07\/24\/ribeirao-preto-recebe-terceira-audiencia-publica-para-definir-cursos-do-ifsp\/","url_meta":{"origin":69498,"position":1},"title":"Ribeir\u00e3o Preto recebe terceira audi\u00eancia p\u00fablica para definir cursos do IFSP","author":"noticiasribeiraopreto.com.br","date":"24 de July de 2025","format":false,"excerpt":"O IFSP (Instituto Federal de Educa\u00e7\u00e3o, Ci\u00eancia e Tecnologia de S\u00e3o Paulo) marcou a data da terceira audi\u00eancia p\u00fablica para discuss\u00e3o dos eixos tecnol\u00f3gicos e cursos do campus de Ribeir\u00e3o Preto. A audi\u00eancia est\u00e1 marcada para o dia 12 de agosto, a partir das 19h, no Cineclube Cauim, localizado na\u2026","rel":"","context":"In &quot;Not\u00edcias de Ribeir\u00e3o Preto-SP e Regi\u00e3o&quot;","block_context":{"text":"Not\u00edcias de Ribeir\u00e3o Preto-SP e Regi\u00e3o","link":"https:\/\/noticiasribeiraopreto.com.br\/index.php\/category\/noticias-de-ribeirao-preto-sp-e-regiao-ismael-colosi\/"},"img":{"alt_text":"","src":"https:\/\/i0.wp.com\/noticiasribeiraopreto.com.br\/wp-content\/uploads\/2025\/07\/ciane_2025-07-24_20-41-17.webp.webp?fit=1200%2C798&ssl=1&resize=350%2C200","width":350,"height":200,"srcset":"https:\/\/i0.wp.com\/noticiasribeiraopreto.com.br\/wp-content\/uploads\/2025\/07\/ciane_2025-07-24_20-41-17.webp.webp?fit=1200%2C798&ssl=1&resize=350%2C200 1x, https:\/\/i0.wp.com\/noticiasribeiraopreto.com.br\/wp-content\/uploads\/2025\/07\/ciane_2025-07-24_20-41-17.webp.webp?fit=1200%2C798&ssl=1&resize=525%2C300 1.5x, https:\/\/i0.wp.com\/noticiasribeiraopreto.com.br\/wp-content\/uploads\/2025\/07\/ciane_2025-07-24_20-41-17.webp.webp?fit=1200%2C798&ssl=1&resize=700%2C400 2x, https:\/\/i0.wp.com\/noticiasribeiraopreto.com.br\/wp-content\/uploads\/2025\/07\/ciane_2025-07-24_20-41-17.webp.webp?fit=1200%2C798&ssl=1&resize=1050%2C600 3x"},"classes":[]},{"id":75683,"url":"https:\/\/noticiasribeiraopreto.com.br\/index.php\/2025\/08\/13\/ifsp-divulga-primeiros-cursos-do-novo-campus-em-ribeirao-preto\/","url_meta":{"origin":69498,"position":2},"title":"IFSP divulga primeiros cursos do novo campus em Ribeir\u00e3o Preto","author":"noticiasribeiraopreto.com.br","date":"13 de August de 2025","format":false,"excerpt":"O IFSP (Instituto Federal de S\u00e3o Paulo) anunciou, nesta ter\u00e7a-feira (12), os primeiros cursos que ser\u00e3o oferecidos na futura unidade de Ribeir\u00e3o Preto, em constru\u00e7\u00e3o no terreno da antiga f\u00e1brica Cian\u00ea, no bairro Campos El\u00edseos, na zona Norte da cidade. A informa\u00e7\u00e3o foi divulgada durante a terceira audi\u00eancia p\u00fablica promovida\u2026","rel":"","context":"In &quot;Not\u00edcias de Ribeir\u00e3o Preto-SP e Regi\u00e3o&quot;","block_context":{"text":"Not\u00edcias de Ribeir\u00e3o Preto-SP e Regi\u00e3o","link":"https:\/\/noticiasribeiraopreto.com.br\/index.php\/category\/noticias-de-ribeirao-preto-sp-e-regiao-ismael-colosi\/"},"img":{"alt_text":"","src":"https:\/\/i0.wp.com\/noticiasribeiraopreto.com.br\/wp-content\/uploads\/2025\/08\/ciane_2025-01-30_16-55-49_jpg_2025-01-30_16-55-49.webp.webp?fit=1200%2C747&ssl=1&resize=350%2C200","width":350,"height":200,"srcset":"https:\/\/i0.wp.com\/noticiasribeiraopreto.com.br\/wp-content\/uploads\/2025\/08\/ciane_2025-01-30_16-55-49_jpg_2025-01-30_16-55-49.webp.webp?fit=1200%2C747&ssl=1&resize=350%2C200 1x, https:\/\/i0.wp.com\/noticiasribeiraopreto.com.br\/wp-content\/uploads\/2025\/08\/ciane_2025-01-30_16-55-49_jpg_2025-01-30_16-55-49.webp.webp?fit=1200%2C747&ssl=1&resize=525%2C300 1.5x, https:\/\/i0.wp.com\/noticiasribeiraopreto.com.br\/wp-content\/uploads\/2025\/08\/ciane_2025-01-30_16-55-49_jpg_2025-01-30_16-55-49.webp.webp?fit=1200%2C747&ssl=1&resize=700%2C400 2x, https:\/\/i0.wp.com\/noticiasribeiraopreto.com.br\/wp-content\/uploads\/2025\/08\/ciane_2025-01-30_16-55-49_jpg_2025-01-30_16-55-49.webp.webp?fit=1200%2C747&ssl=1&resize=1050%2C600 3x"},"classes":[]},{"id":70330,"url":"https:\/\/noticiasribeiraopreto.com.br\/index.php\/2025\/05\/25\/veja-imagens-de-como-sera-o-campus-do-ifsp-em-ribeirao-preto\/","url_meta":{"origin":69498,"position":3},"title":"Veja imagens de como ser\u00e1 o campus do IFSP em Ribeir\u00e3o Preto","author":"noticiasribeiraopreto.com.br","date":"25 de May de 2025","format":false,"excerpt":"O IFSP (Instituto Federal de Ribeir\u00e3o Preto) vai inaugurar um novo campus em Ribeir\u00e3o Preto e instalar na unidade na antiga f\u00e1brica Cian\u00ea, no bairro Campos El\u00edseos, zona Norte da cidade \u2013 veja o projeto arquitet\u00f4nico abaixo. O espa\u00e7o contar\u00e1 com dois barrac\u00f5es que passar\u00e3o por reforma, sendo que a\u2026","rel":"","context":"In &quot;Not\u00edcias de Ribeir\u00e3o Preto-SP e Regi\u00e3o&quot;","block_context":{"text":"Not\u00edcias de Ribeir\u00e3o Preto-SP e Regi\u00e3o","link":"https:\/\/noticiasribeiraopreto.com.br\/index.php\/category\/noticias-de-ribeirao-preto-sp-e-regiao-ismael-colosi\/"},"img":{"alt_text":"","src":"https:\/\/i0.wp.com\/noticiasribeiraopreto.com.br\/wp-content\/uploads\/2024\/03\/AnyConv.com__CIANE.webp.webp?fit=981%2C545&ssl=1&resize=350%2C200","width":350,"height":200,"srcset":"https:\/\/i0.wp.com\/noticiasribeiraopreto.com.br\/wp-content\/uploads\/2024\/03\/AnyConv.com__CIANE.webp.webp?fit=981%2C545&ssl=1&resize=350%2C200 1x, https:\/\/i0.wp.com\/noticiasribeiraopreto.com.br\/wp-content\/uploads\/2024\/03\/AnyConv.com__CIANE.webp.webp?fit=981%2C545&ssl=1&resize=525%2C300 1.5x, https:\/\/i0.wp.com\/noticiasribeiraopreto.com.br\/wp-content\/uploads\/2024\/03\/AnyConv.com__CIANE.webp.webp?fit=981%2C545&ssl=1&resize=700%2C400 2x"},"classes":[]},{"id":66633,"url":"https:\/\/noticiasribeiraopreto.com.br\/index.php\/2025\/04\/03\/ifsp-inicia-construcao-de-campus-em-ribeirao-preto\/","url_meta":{"origin":69498,"position":4},"title":"IFSP inicia constru\u00e7\u00e3o de campus em Ribeir\u00e3o Preto","author":"noticiasribeiraopreto.com.br","date":"3 de April de 2025","format":false,"excerpt":"Come\u00e7aram as obras para constru\u00e7\u00e3o do campus do Instituto Federal de S\u00e3o Paulo (IFSP) em Ribeir\u00e3o Preto. A informa\u00e7\u00e3o est\u00e1 confirmada com a assessoria da institui\u00e7\u00e3o. Anunciada em mar\u00e7o de 2024, pelo presidente Luiz In\u00e1cio Lula da Silva (PT), a institui\u00e7\u00e3o aguardava a aprova\u00e7\u00e3o da LOA (Lei Or\u00e7ament\u00e1ria Anual) de\u2026","rel":"","context":"In &quot;Not\u00edcias de Ribeir\u00e3o Preto-SP e Regi\u00e3o&quot;","block_context":{"text":"Not\u00edcias de Ribeir\u00e3o Preto-SP e Regi\u00e3o","link":"https:\/\/noticiasribeiraopreto.com.br\/index.php\/category\/noticias-de-ribeirao-preto-sp-e-regiao-ismael-colosi\/"},"img":{"alt_text":"","src":"https:\/\/i0.wp.com\/noticiasribeiraopreto.com.br\/wp-content\/uploads\/2025\/01\/ciane_2025-01-30_16-55-49_jpg_2025-01-30_16-55-49.webp.webp?fit=1200%2C747&ssl=1&resize=350%2C200","width":350,"height":200,"srcset":"https:\/\/i0.wp.com\/noticiasribeiraopreto.com.br\/wp-content\/uploads\/2025\/01\/ciane_2025-01-30_16-55-49_jpg_2025-01-30_16-55-49.webp.webp?fit=1200%2C747&ssl=1&resize=350%2C200 1x, https:\/\/i0.wp.com\/noticiasribeiraopreto.com.br\/wp-content\/uploads\/2025\/01\/ciane_2025-01-30_16-55-49_jpg_2025-01-30_16-55-49.webp.webp?fit=1200%2C747&ssl=1&resize=525%2C300 1.5x, https:\/\/i0.wp.com\/noticiasribeiraopreto.com.br\/wp-content\/uploads\/2025\/01\/ciane_2025-01-30_16-55-49_jpg_2025-01-30_16-55-49.webp.webp?fit=1200%2C747&ssl=1&resize=700%2C400 2x, https:\/\/i0.wp.com\/noticiasribeiraopreto.com.br\/wp-content\/uploads\/2025\/01\/ciane_2025-01-30_16-55-49_jpg_2025-01-30_16-55-49.webp.webp?fit=1200%2C747&ssl=1&resize=1050%2C600 3x"},"classes":[]},{"id":62998,"url":"https:\/\/noticiasribeiraopreto.com.br\/index.php\/2025\/01\/30\/ifsp-contrata-empresa-para-construcao-do-campus-ribeirao-preto-veja-o-valor\/","url_meta":{"origin":69498,"position":5},"title":"IFSP contrata empresa para constru\u00e7\u00e3o do campus Ribeir\u00e3o Preto; Veja o valor","author":"noticiasribeiraopreto.com.br","date":"30 de January de 2025","format":false,"excerpt":"Foi publicado no DOU (Di\u00e1rio Oficial da Uni\u00e3o) desta quinta-feira (30) o extrato da contrata\u00e7\u00e3o da respons\u00e1vel pela obra do campus do IFSP (Instituto Federal de S\u00e3o Paulo) em Ribeir\u00e3o Preto. A obra est\u00e1 or\u00e7ada em R$ 29.226.976,24 e ser\u00e1 realizada pela construtora Carvalho Costa & Silva LTDA, de Barretos.\u2026","rel":"","context":"In &quot;Not\u00edcias de Ribeir\u00e3o Preto-SP e Regi\u00e3o&quot;","block_context":{"text":"Not\u00edcias de Ribeir\u00e3o Preto-SP e Regi\u00e3o","link":"https:\/\/noticiasribeiraopreto.com.br\/index.php\/category\/noticias-de-ribeirao-preto-sp-e-regiao-ismael-colosi\/"},"img":{"alt_text":"","src":"https:\/\/i0.wp.com\/noticiasribeiraopreto.com.br\/wp-content\/uploads\/2025\/01\/ciane_2025-01-30_16-55-49_jpg_2025-01-30_16-55-49.webp.webp?fit=1200%2C747&ssl=1&resize=350%2C200","width":350,"height":200,"srcset":"https:\/\/i0.wp.com\/noticiasribeiraopreto.com.br\/wp-content\/uploads\/2025\/01\/ciane_2025-01-30_16-55-49_jpg_2025-01-30_16-55-49.webp.webp?fit=1200%2C747&ssl=1&resize=350%2C200 1x, https:\/\/i0.wp.com\/noticiasribeiraopreto.com.br\/wp-content\/uploads\/2025\/01\/ciane_2025-01-30_16-55-49_jpg_2025-01-30_16-55-49.webp.webp?fit=1200%2C747&ssl=1&resize=525%2C300 1.5x, https:\/\/i0.wp.com\/noticiasribeiraopreto.com.br\/wp-content\/uploads\/2025\/01\/ciane_2025-01-30_16-55-49_jpg_2025-01-30_16-55-49.webp.webp?fit=1200%2C747&ssl=1&resize=700%2C400 2x, https:\/\/i0.wp.com\/noticiasribeiraopreto.com.br\/wp-content\/uploads\/2025\/01\/ciane_2025-01-30_16-55-49_jpg_2025-01-30_16-55-49.webp.webp?fit=1200%2C747&ssl=1&resize=1050%2C600 3x"},"classes":[]}],"jetpack_sharing_enabled":true,"jetpack_shortlink":"https:\/\/wp.me\/peQAOb-i4W","_links":{"self":[{"href":"https:\/\/noticiasribeiraopreto.com.br\/index.php\/wp-json\/wp\/v2\/posts\/69498","targetHints":{"allow":["GET"]}}],"collection":[{"href":"https:\/\/noticiasribeiraopreto.com.br\/index.php\/wp-json\/wp\/v2\/posts"}],"about":[{"href":"https:\/\/noticiasribeiraopreto.com.br\/index.php\/wp-json\/wp\/v2\/types\/post"}],"author":[{"embeddable":true,"href":"https:\/\/noticiasribeiraopreto.com.br\/index.php\/wp-json\/wp\/v2\/users\/1"}],"replies":[{"embeddable":true,"href":"https:\/\/noticiasribeiraopreto.com.br\/index.php\/wp-json\/wp\/v2\/comments?post=69498"}],"version-history":[{"count":0,"href":"https:\/\/noticiasribeiraopreto.com.br\/index.php\/wp-json\/wp\/v2\/posts\/69498\/revisions"}],"wp:featuredmedia":[{"embeddable":true,"href":"https:\/\/noticiasribeiraopreto.com.br\/index.php\/wp-json\/wp\/v2\/media\/62999"}],"wp:attachment":[{"href":"https:\/\/noticiasribeiraopreto.com.br\/index.php\/wp-json\/wp\/v2\/media?parent=69498"}],"wp:term":[{"taxonomy":"category","embeddable":true,"href":"https:\/\/noticiasribeiraopreto.com.br\/index.php\/wp-json\/wp\/v2\/categories?post=69498"},{"taxonomy":"post_tag","embeddable":true,"href":"https:\/\/noticiasribeiraopreto.com.br\/index.php\/wp-json\/wp\/v2\/tags?post=69498"}],"curies":[{"name":"wp","href":"https:\/\/api.w.org\/{rel}","templated":true}]}}