{"id":69499,"date":"2025-05-06T19:54:02","date_gmt":"2025-05-06T22:54:02","guid":{"rendered":"https:\/\/noticiasribeiraopreto.com.br\/index.php\/2025\/05\/06\/marido-e-sogra-de-professora-envenenada-sao-presos\/"},"modified":"2025-05-06T19:54:02","modified_gmt":"2025-05-06T22:54:02","slug":"marido-e-sogra-de-professora-envenenada-sao-presos","status":"publish","type":"post","link":"https:\/\/noticiasribeiraopreto.com.br\/index.php\/2025\/05\/06\/marido-e-sogra-de-professora-envenenada-sao-presos\/","title":{"rendered":"Marido e sogra de professora envenenada s\u00e3o presos"},"content":{"rendered":"<div class='code-block code-block-1' style='margin: 8px 0 8px auto; text-align: right; display: block; clear: both;'>\n<p><a href=\"https:\/\/wa.link\/vpicfd\"><img data-recalc-dims=\"1\" class=\"wp-image-4922\" style=\"aspect-ratio: 2.0253164556962027; width: 561px; height: auto;\" src=\"https:\/\/i0.wp.com\/ismaelcolosi.com.br\/wp-content\/uploads\/2023\/11\/grupo-de-empregos-whatsapp-e-facebook-ismael-colosi-vagas.jpg?ssl=1\" alt=\"\" \/><\/a><\/p>\n<!-- \/wp:image -->\n<\/div>\n<p> <br \/>\n<\/p>\n<div>\n<p>Por: Adalberto Luque<\/p>\n<p>O m\u00e9dico ortopedista Luiz Ant\u00f4nio Garnica, de 38 anos e sua m\u00e3e Elizabete Eug\u00eanio Arraba\u00e7a Garnica, de 67 anos, foram presos na tarde desta ter\u00e7a-feira (6), suspeitos de terem envenenado a professora de pilates Larissa Talle Le\u00f4ncio Rodrigues, de 37 anos.<\/p>\n<p>Ela foi encontrada morta em seu apartamento, na rua Ign\u00e1cio Ferreira, Jardim Bot\u00e2nico, zona Sul de Ribeir\u00e3o Preto, na manh\u00e3 de 22 de mar\u00e7o. Quem a encontrou foi seu marido. Eram casados h\u00e1 18 anos.<\/p>\n<p>A pris\u00e3o ocorreu depois que o exame toxicol\u00f3gico realizado no corpo da v\u00edtima constatou envenenamento por um veneno popularmente conhecido por chumbinho. M\u00e3e e filho j\u00e1 eram investigados e, antes mesmo da conclus\u00e3o dos laudos, a Pol\u00edcia Civil havia apreendido celulares e notebooks dos suspeitos \u2013 embora ainda constassem como testemunhas no inqu\u00e9rito.<\/p>\n<figure id=\"attachment_424960\" aria-describedby=\"caption-attachment-424960\" style=\"width: 1599px\" class=\"wp-caption alignnone\"><img data-recalc-dims=\"1\" fetchpriority=\"high\" decoding=\"async\" class=\"size-full wp-image-424960\" src=\"https:\/\/i0.wp.com\/www.tribunaribeirao.com.br\/wp-content\/uploads\/2025\/05\/06-mai-2025-envenenamentoprofessora2.jpg?resize=1599%2C1066&#038;ssl=1\" alt=\"\" width=\"1599\" height=\"1066\" srcset=\"https:\/\/www.tribunaribeirao.com.br\/wp-content\/uploads\/2025\/05\/06-mai-2025-envenenamentoprofessora2.jpg 1599w, https:\/\/www.tribunaribeirao.com.br\/wp-content\/uploads\/2025\/05\/06-mai-2025-envenenamentoprofessora2-300x200.jpg 300w, https:\/\/www.tribunaribeirao.com.br\/wp-content\/uploads\/2025\/05\/06-mai-2025-envenenamentoprofessora2-1024x683.jpg 1024w, https:\/\/www.tribunaribeirao.com.br\/wp-content\/uploads\/2025\/05\/06-mai-2025-envenenamentoprofessora2-768x512.jpg 768w, https:\/\/www.tribunaribeirao.com.br\/wp-content\/uploads\/2025\/05\/06-mai-2025-envenenamentoprofessora2-1536x1024.jpg 1536w, https:\/\/www.tribunaribeirao.com.br\/wp-content\/uploads\/2025\/05\/06-mai-2025-envenenamentoprofessora2-480x320.jpg 480w, https:\/\/www.tribunaribeirao.com.br\/wp-content\/uploads\/2025\/05\/06-mai-2025-envenenamentoprofessora2-280x186.jpg 280w, https:\/\/www.tribunaribeirao.com.br\/wp-content\/uploads\/2025\/05\/06-mai-2025-envenenamentoprofessora2-960x640.jpg 960w, https:\/\/www.tribunaribeirao.com.br\/wp-content\/uploads\/2025\/05\/06-mai-2025-envenenamentoprofessora2-600x400.jpg 600w, https:\/\/www.tribunaribeirao.com.br\/wp-content\/uploads\/2025\/05\/06-mai-2025-envenenamentoprofessora2-585x390.jpg 585w\" sizes=\"(max-width: 1599px) 100vw, 1599px\"\/><figcaption id=\"caption-attachment-424960\" class=\"wp-caption-text\">Durante a coletiva, foram revelados detalhes da investiga\u00e7\u00e3o que apontou se tratar de homic\u00eddio (Foto: Alfredo Risk)<\/figcaption><\/figure>\n<p>Garnica foi preso na sua cl\u00ednica m\u00e9dica, no Jardim Calif\u00f3rnia. A m\u00e3e foi presa em seu apartamento, no Jardim Iraj\u00e1, ambos na zona Sul da cidade. Os dois foram levados para a Delegacia de Homic\u00eddios da Divis\u00e3o Especializada de Investiga\u00e7\u00f5es Criminais (DEIC), no Centro de Ribeir\u00e3o Preto.<\/p>\n<p>Segundo o delegado Fernando Bravo, respons\u00e1vel pelas investiga\u00e7\u00f5es, assim que foi constatado o envenenamento, foi pedida a pris\u00e3o tempor\u00e1ria, acatada pela Justi\u00e7a. Os dois ficar\u00e3o presos por 30 dias, para n\u00e3o atrapalhar o curso das investiga\u00e7\u00f5es.<\/p>\n<figure id=\"attachment_424961\" aria-describedby=\"caption-attachment-424961\" style=\"width: 1599px\" class=\"wp-caption alignnone\"><img data-recalc-dims=\"1\" loading=\"lazy\" decoding=\"async\" class=\"size-full wp-image-424961\" src=\"https:\/\/i0.wp.com\/www.tribunaribeirao.com.br\/wp-content\/uploads\/2025\/05\/06-mai-2025-envenenamentoprofessora3.jpg?resize=1599%2C1066&#038;ssl=1\" alt=\"\" width=\"1599\" height=\"1066\" srcset=\"https:\/\/www.tribunaribeirao.com.br\/wp-content\/uploads\/2025\/05\/06-mai-2025-envenenamentoprofessora3.jpg 1599w, https:\/\/www.tribunaribeirao.com.br\/wp-content\/uploads\/2025\/05\/06-mai-2025-envenenamentoprofessora3-300x200.jpg 300w, https:\/\/www.tribunaribeirao.com.br\/wp-content\/uploads\/2025\/05\/06-mai-2025-envenenamentoprofessora3-1024x683.jpg 1024w, https:\/\/www.tribunaribeirao.com.br\/wp-content\/uploads\/2025\/05\/06-mai-2025-envenenamentoprofessora3-768x512.jpg 768w, https:\/\/www.tribunaribeirao.com.br\/wp-content\/uploads\/2025\/05\/06-mai-2025-envenenamentoprofessora3-1536x1024.jpg 1536w, https:\/\/www.tribunaribeirao.com.br\/wp-content\/uploads\/2025\/05\/06-mai-2025-envenenamentoprofessora3-480x320.jpg 480w, https:\/\/www.tribunaribeirao.com.br\/wp-content\/uploads\/2025\/05\/06-mai-2025-envenenamentoprofessora3-280x186.jpg 280w, https:\/\/www.tribunaribeirao.com.br\/wp-content\/uploads\/2025\/05\/06-mai-2025-envenenamentoprofessora3-960x640.jpg 960w, https:\/\/www.tribunaribeirao.com.br\/wp-content\/uploads\/2025\/05\/06-mai-2025-envenenamentoprofessora3-600x400.jpg 600w, https:\/\/www.tribunaribeirao.com.br\/wp-content\/uploads\/2025\/05\/06-mai-2025-envenenamentoprofessora3-585x390.jpg 585w\" sizes=\"auto, (max-width: 1599px) 100vw, 1599px\"\/><figcaption id=\"caption-attachment-424961\" class=\"wp-caption-text\">Segundo Bravo, o depoimento de uma amiga da suspeita ajudou a esclarecer o caso: ela foi procurada por Elizabete, que queria ajuda para comprar chumbinho (Foto: Alfredo Risk)<\/figcaption><\/figure>\n<p>O delegado revelou que o depoimento de uma testemunha, prestado nesta segunda-feira (5) foi primordial para os rumos tomados. \u201cOntem n\u00f3s conseguimos encontrar uma testemunha que relatou que a sogra estava procurando o chumbinho para comprar, aproximadamente 15 dias antes da morte, ent\u00e3o isso nos trouxe uma seguran\u00e7a que ela, juntamente com o filho, mataram a Larissa\u201d, disse Bravo.<\/p>\n<p><strong>Irm\u00e3 envenenada<\/strong><\/p>\n<p>O Bravo confirmou que a Pol\u00edcia Civil vai passar a investigar a morte da irm\u00e3 do m\u00e9dico, que tinha 42 anos quando morreu. Segundo o delegado, as circunst\u00e2ncias s\u00e3o semelhantes: a m\u00e3e ligou, um m\u00e9dico fez massagem card\u00edaca e n\u00e3o conseguiu reanimar a mulher, que era saud\u00e1vel.<\/p>\n<p>Bravo adiantou que deve pedir a exuma\u00e7\u00e3o imediata do corpo da irm\u00e3 de Garnica. O corpo da irm\u00e3 do m\u00e9dico foi sepultado em Pontal, onde ela morava.. Se for constatar a presen\u00e7a de chumbinho ou outra subst\u00e2ncia, novo inqu\u00e9rito ser\u00e1 instaurado.<\/p>\n<figure id=\"attachment_424962\" aria-describedby=\"caption-attachment-424962\" style=\"width: 1599px\" class=\"wp-caption alignnone\"><img data-recalc-dims=\"1\" loading=\"lazy\" decoding=\"async\" class=\"size-full wp-image-424962\" src=\"https:\/\/i0.wp.com\/www.tribunaribeirao.com.br\/wp-content\/uploads\/2025\/05\/06-mai-2025-envenenamentoprofessora4.jpg?resize=1599%2C1066&#038;ssl=1\" alt=\"\" width=\"1599\" height=\"1066\" srcset=\"https:\/\/www.tribunaribeirao.com.br\/wp-content\/uploads\/2025\/05\/06-mai-2025-envenenamentoprofessora4.jpg 1599w, https:\/\/www.tribunaribeirao.com.br\/wp-content\/uploads\/2025\/05\/06-mai-2025-envenenamentoprofessora4-300x200.jpg 300w, https:\/\/www.tribunaribeirao.com.br\/wp-content\/uploads\/2025\/05\/06-mai-2025-envenenamentoprofessora4-1024x683.jpg 1024w, https:\/\/www.tribunaribeirao.com.br\/wp-content\/uploads\/2025\/05\/06-mai-2025-envenenamentoprofessora4-768x512.jpg 768w, https:\/\/www.tribunaribeirao.com.br\/wp-content\/uploads\/2025\/05\/06-mai-2025-envenenamentoprofessora4-1536x1024.jpg 1536w, https:\/\/www.tribunaribeirao.com.br\/wp-content\/uploads\/2025\/05\/06-mai-2025-envenenamentoprofessora4-480x320.jpg 480w, https:\/\/www.tribunaribeirao.com.br\/wp-content\/uploads\/2025\/05\/06-mai-2025-envenenamentoprofessora4-280x186.jpg 280w, https:\/\/www.tribunaribeirao.com.br\/wp-content\/uploads\/2025\/05\/06-mai-2025-envenenamentoprofessora4-960x640.jpg 960w, https:\/\/www.tribunaribeirao.com.br\/wp-content\/uploads\/2025\/05\/06-mai-2025-envenenamentoprofessora4-600x400.jpg 600w, https:\/\/www.tribunaribeirao.com.br\/wp-content\/uploads\/2025\/05\/06-mai-2025-envenenamentoprofessora4-585x390.jpg 585w\" sizes=\"auto, (max-width: 1599px) 100vw, 1599px\"\/><figcaption id=\"caption-attachment-424962\" class=\"wp-caption-text\">O promotor Nicolino disse que os dois podem responder por homic\u00eddio com qualificantes, o que resultaria em penas maiores (Foto: Alfredo Risk)<\/figcaption><\/figure>\n<p>O promotor Marcus T\u00falio Nicolino disse que os dois podem responder por homic\u00eddio com qualificantes e que a pena, que seria entre 12 e 30 anos de pris\u00e3o, pode ser maior. A reportagem n\u00e3o conseguiu contato com a defesa de Elizabete.<\/p>\n<p>O advogado do m\u00e9dico, J\u00falio Mossin, disse n\u00e3o ter nada a declarar, pois n\u00e3o teve acesso aos autos, ao laudo toxicol\u00f3gico, nem mesmo \u00e0 ordem de pris\u00e3o. \u201cEssa pris\u00e3o n\u00e3o tem cabimento, meu cliente \u00e9 inocente e vamos buscar sua liberdade\u201d, disse Mossin.<\/p>\n<p>Garnica seguiu para o IML, para fazer exame de corpo de delito. Depois seria levado para a cadeia p\u00fablica de Santa Rosa de Viterbo, onde vai aguardar audi\u00eancia de cust\u00f3dia na manh\u00e3 desta quarta-feira (7).<\/p>\n<figure id=\"attachment_424963\" aria-describedby=\"caption-attachment-424963\" style=\"width: 1599px\" class=\"wp-caption alignnone\"><img data-recalc-dims=\"1\" loading=\"lazy\" decoding=\"async\" class=\"size-full wp-image-424963\" src=\"https:\/\/i0.wp.com\/www.tribunaribeirao.com.br\/wp-content\/uploads\/2025\/05\/06-mai-2025-envenenamentoprofessora5.jpg?resize=1599%2C1066&#038;ssl=1\" alt=\"\" width=\"1599\" height=\"1066\" srcset=\"https:\/\/www.tribunaribeirao.com.br\/wp-content\/uploads\/2025\/05\/06-mai-2025-envenenamentoprofessora5.jpg 1599w, https:\/\/www.tribunaribeirao.com.br\/wp-content\/uploads\/2025\/05\/06-mai-2025-envenenamentoprofessora5-300x200.jpg 300w, https:\/\/www.tribunaribeirao.com.br\/wp-content\/uploads\/2025\/05\/06-mai-2025-envenenamentoprofessora5-1024x683.jpg 1024w, https:\/\/www.tribunaribeirao.com.br\/wp-content\/uploads\/2025\/05\/06-mai-2025-envenenamentoprofessora5-768x512.jpg 768w, https:\/\/www.tribunaribeirao.com.br\/wp-content\/uploads\/2025\/05\/06-mai-2025-envenenamentoprofessora5-1536x1024.jpg 1536w, https:\/\/www.tribunaribeirao.com.br\/wp-content\/uploads\/2025\/05\/06-mai-2025-envenenamentoprofessora5-480x320.jpg 480w, https:\/\/www.tribunaribeirao.com.br\/wp-content\/uploads\/2025\/05\/06-mai-2025-envenenamentoprofessora5-280x186.jpg 280w, https:\/\/www.tribunaribeirao.com.br\/wp-content\/uploads\/2025\/05\/06-mai-2025-envenenamentoprofessora5-960x640.jpg 960w, https:\/\/www.tribunaribeirao.com.br\/wp-content\/uploads\/2025\/05\/06-mai-2025-envenenamentoprofessora5-600x400.jpg 600w, https:\/\/www.tribunaribeirao.com.br\/wp-content\/uploads\/2025\/05\/06-mai-2025-envenenamentoprofessora5-585x390.jpg 585w\" sizes=\"auto, (max-width: 1599px) 100vw, 1599px\"\/><figcaption id=\"caption-attachment-424963\" class=\"wp-caption-text\">Elizabete passou mal na delegacia e precisou ser transferida para um hospital particular, onde ficar\u00e1 internada com escolta policial, pois est\u00e1 presa (Foto: Alfredo Risk)<\/figcaption><\/figure>\n<p>J\u00e1 Elizabete passou mal na DEIC e precisou ser socorrida. Socorristas do Servi\u00e7o de Atendimento M\u00f3vel de Urg\u00eancia (SAMU) prestaram atendimento e levaram a mulher para um hospital particular na cidade. Ela ficaria internada com escolta. Havia suspeita de um AVC, mas isso n\u00e3o foi confirmado.<\/p>\n<p><strong>Relembre o caso<\/strong><\/p>\n<p>De acordo com o primeiro boletim de ocorr\u00eancia do caso, o marido teria chegado ao apartamento e localizou o corpo de Larissa ca\u00eddo no ch\u00e3o do banheiro. Colocou o corpo sobre a cama do casal, acionou o Servi\u00e7o de Atendimento M\u00f3vel de Urg\u00eancia (SAMU), a Guarda Civil Metropolitana (GCM) e iniciou massagens card\u00edacas.<\/p>\n<p>O SAMU apenas constatou a morte da mulher. A sogra de Larissa tamb\u00e9m apareceu no im\u00f3vel. O corpo foi levado para o Instituto M\u00e9dico Legal, para ser necropsiado.<\/p>\n<figure id=\"attachment_424964\" aria-describedby=\"caption-attachment-424964\" style=\"width: 759px\" class=\"wp-caption alignnone\"><img data-recalc-dims=\"1\" loading=\"lazy\" decoding=\"async\" class=\"size-full wp-image-424964\" src=\"https:\/\/i0.wp.com\/www.tribunaribeirao.com.br\/wp-content\/uploads\/2025\/05\/06-mai-2025-professorabotanico6.jpg?resize=759%2C771&#038;ssl=1\" alt=\"\" width=\"759\" height=\"771\" srcset=\"https:\/\/www.tribunaribeirao.com.br\/wp-content\/uploads\/2025\/05\/06-mai-2025-professorabotanico6.jpg 759w, https:\/\/www.tribunaribeirao.com.br\/wp-content\/uploads\/2025\/05\/06-mai-2025-professorabotanico6-295x300.jpg 295w, https:\/\/www.tribunaribeirao.com.br\/wp-content\/uploads\/2025\/05\/06-mai-2025-professorabotanico6-394x400.jpg 394w, https:\/\/www.tribunaribeirao.com.br\/wp-content\/uploads\/2025\/05\/06-mai-2025-professorabotanico6-585x594.jpg 585w\" sizes=\"auto, (max-width: 759px) 100vw, 759px\"\/><figcaption id=\"caption-attachment-424964\" class=\"wp-caption-text\">Laudo toxicol\u00f3gico concluiu que Larissa foi morta por envenenamento causado por chumbinho (Foto: Redes Sociais)<\/figcaption><\/figure>\n<p>Um guarda civil municipal prestou depoimento e disse que estranhou o comportamento de Garnica no dia da morte de Larissa. Segundo o agente de seguran\u00e7a, o marido da professora e a sua m\u00e3e tentaram limpar o quarto do apartamento.<\/p>\n<p>O m\u00e9dico ainda teria pedido para tomar banho antes de conversar com os policiais e sua m\u00e3e teria sugerido que ele trocasse de roupa. O marido ainda teria dito que pretendia cremar o corpo da esposa.<\/p>\n<p><strong>No cinema<\/strong><\/p>\n<p>A Pol\u00edcia Civil ouviu v\u00e1rias testemunhas, entre socorristas e amigos do casal e da v\u00edtima. Uma das pessoas ouvidas disse ter um relacionamento com o marido da professora h\u00e1 mais de um ano.<\/p>\n<p>No inqu\u00e9rito, a mulher teria dito que, na noite em que Larissa morreu, eles teriam ido ao cinema em um Shopping, onde foram fotografados juntos. Depois passaram a noite juntos. No dia seguinte, o m\u00e9dico saiu do apartamento da mulher por volta de 09h00 e, por volta de 10h30, ligou dizendo que encontrou sua esposa morta.<\/p>\n<p>Segundo o delegado respons\u00e1vel pelas investiga\u00e7\u00f5es, isso pode ter sido uma forma de criar um \u00e1libi para tentar inocentar o suspeito. Ele disse que celular e notebook da namorada do m\u00e9dico foram apreendidos e ser\u00e3o periciados.<\/p>\n<p><strong>V\u00f4mitos e diarr\u00e9ia<\/strong><\/p>\n<p>Outra testemunha foi uma prima de Larissa que, em depoimento, relatou que a professora teria localizado uma caixa de brinquedos sexuais e uma rolha. Larissa chegou a enviar fotos, que a prima repassou para os investigadores anexarem ao depoimento.<\/p>\n<p>A professora tamb\u00e9m confidenciou \u00e0 prima estar desconfiando que o marido teria um relacionamento extraconjugal. Contou que a professora foi at\u00e9 o endere\u00e7o da mulher com quem o m\u00e9dico se relacionava e filmou o carro dele entrando na garagem do condom\u00ednio. Tamb\u00e9m relatou que a professora ficou doente dias antes da morte, com diarreia e v\u00f4mitos, sendo medicada pelo marido e a sogra mandou sopa para ajudar na recupera\u00e7\u00e3o.<\/p>\n<p>J\u00e1 um amigo da professora disse ter ouvido que a mulher com quem o m\u00e9dico se relacionava era frequentadora da academia onde Larissa dava aulas. Ele disse que a professora chegou a pedir div\u00f3rcio, mas o marido n\u00e3o aceitou.<\/p>\n<p>O amigo mencionou que, no dia 16 de mar\u00e7o, ouviu da professora que ela teria comido um doce, sem saber dizer a origem. Depois teve tremedeiras, v\u00f4mitos e diarreia e, no mesmo dia, teria sido medicada pelo marido, que tamb\u00e9m trouxe uma sopa, que teria sido preparada pela sogra da professora.<\/p>\n<p>A m\u00e3e do m\u00e9dico declarou ter ido ao apartamento do casal na v\u00e9spera da morte da professora. Teria ouvido da nora que o filho estaria tendo um relacionamento extraconjugal. O delegado acredita que a mulher possa ter administrado o chumbinho nas sopas que levara para a nora.<\/p>\n<p><strong>Advogado da fam\u00edlia<\/strong><\/p>\n<p>O advogado da fam\u00edlia disse que, neste primeiro momento, em respeito \u00e0 fam\u00edlia que est\u00e1 muito abalada e \u00e0 mem\u00f3ria de Larissa, n\u00e3o vai se pronunciar. O pai de Larissa estaria muito abalado com tudo. No final de 2024 ele perdeu a esposa, m\u00e3e de Larissa, que morreu em mar\u00e7o deste ano.<\/p>\n<\/div>\n<p><br \/>\n<br \/><a href=\"https:\/\/www.tribunaribeirao.com.br\/marido-e-sogra-de-professora-envenenada-sao-presos\/\">Source link <\/a><\/p>\n<!-- CONTENT END 1 -->\n","protected":false},"excerpt":{"rendered":"<p>Por: Adalberto Luque O m\u00e9dico ortopedista Luiz Ant\u00f4nio Garnica, de 38 anos e sua m\u00e3e Elizabete Eug\u00eanio Arraba\u00e7a Garnica, de 67 anos, foram presos na&#8230;<\/p>\n","protected":false},"author":1,"featured_media":69500,"comment_status":"open","ping_status":"open","sticky":false,"template":"","format":"standard","meta":{"advanced_seo_description":"","jetpack_seo_html_title":"","jetpack_seo_noindex":false,"jetpack_post_was_ever_published":false,"_jetpack_newsletter_access":"","_jetpack_dont_email_post_to_subs":false,"_jetpack_newsletter_tier_id":0,"_jetpack_memberships_contains_paywalled_content":false,"_jetpack_memberships_contains_paid_content":false,"footnotes":"","jetpack_publicize_message":"","jetpack_publicize_feature_enabled":true,"jetpack_social_post_already_shared":true,"jetpack_social_options":{"image_generator_settings":{"template":"highway","default_image_id":0,"font":"","enabled":false},"version":2}},"categories":[11],"tags":[],"class_list":["post-69499","post","type-post","status-publish","format-standard","has-post-thumbnail","hentry","category-noticias-de-ribeirao-preto-sp-e-regiao-ismael-colosi"],"jetpack_publicize_connections":[],"jetpack_featured_media_url":"https:\/\/i0.wp.com\/noticiasribeiraopreto.com.br\/wp-content\/uploads\/2025\/05\/06-mai-2025-envenenamentoprofessora1.jpg?fit=552%2C503&ssl=1","jetpack-related-posts":[{"id":69484,"url":"https:\/\/noticiasribeiraopreto.com.br\/index.php\/2025\/05\/06\/marido-e-mae-sao-presos-suspeitos-pela-morte-de-larissa\/","url_meta":{"origin":69499,"position":0},"title":"Marido e m\u00e3e s\u00e3o presos suspeitos pela morte de Larissa","author":"noticiasribeiraopreto.com.br","date":"6 de May de 2025","format":false,"excerpt":"6 de maio de 2025 17:335 Compartilhar0 A Pol\u00edcia Civil prendeu nesta ter\u00e7a-feira (6) o m\u00e9dico Luiz Ant\u00f4nio Garnica e sua m\u00e3e, Elizabeth Eug\u00eanio, suspeitos de envolvimento na morte da professora Larissa Talle Le\u00f4ncio Rodrigues, de 37 anos, encontrada morta em seu apartamento em Ribeir\u00e3o Preto no dia 22 de\u2026","rel":"","context":"In &quot;Not\u00edcias de Ribeir\u00e3o Preto-SP e Regi\u00e3o&quot;","block_context":{"text":"Not\u00edcias de Ribeir\u00e3o Preto-SP e Regi\u00e3o","link":"https:\/\/noticiasribeiraopreto.com.br\/index.php\/category\/noticias-de-ribeirao-preto-sp-e-regiao-ismael-colosi\/"},"img":{"alt_text":"","src":"https:\/\/i0.wp.com\/noticiasribeiraopreto.com.br\/wp-content\/uploads\/2025\/05\/1746563812_05-mai-2025-professorabotanico2.jpg?fit=476%2C380&ssl=1&resize=350%2C200","width":350,"height":200},"classes":[]},{"id":69811,"url":"https:\/\/noticiasribeiraopreto.com.br\/index.php\/2025\/05\/09\/policia-apura-se-houve-movimentacao-na-conta-de-professora-envenenada\/","url_meta":{"origin":69499,"position":1},"title":"Pol\u00edcia apura se houve movimenta\u00e7\u00e3o na conta de professora envenenada","author":"noticiasribeiraopreto.com.br","date":"9 de May de 2025","format":false,"excerpt":"Por: Adalberto Luque A Pol\u00edcia Civil est\u00e1 investigando para ver se houve movimenta\u00e7\u00e3o na conta banc\u00e1ria da professora Larissa Talle Le\u00f4ncio Rodrigues, de 37 anos, morta em 22 de mar\u00e7o por envenenamento. A v\u00edtima havia recebido h\u00e1 pouco tempo um dinheiro relativo \u00e0 ap\u00f3lice de vida de sua m\u00e3e, que\u2026","rel":"","context":"In &quot;Not\u00edcias de Ribeir\u00e3o Preto-SP e Regi\u00e3o&quot;","block_context":{"text":"Not\u00edcias de Ribeir\u00e3o Preto-SP e Regi\u00e3o","link":"https:\/\/noticiasribeiraopreto.com.br\/index.php\/category\/noticias-de-ribeirao-preto-sp-e-regiao-ismael-colosi\/"},"img":{"alt_text":"","src":"https:\/\/i0.wp.com\/noticiasribeiraopreto.com.br\/wp-content\/uploads\/2025\/05\/Larissa-5.jpg?fit=363%2C454&ssl=1&resize=350%2C200","width":350,"height":200},"classes":[]},{"id":71175,"url":"https:\/\/noticiasribeiraopreto.com.br\/index.php\/2025\/06\/03\/caso-larissa-elizabete-muda-de-cadeia\/","url_meta":{"origin":69499,"position":2},"title":"Caso Larissa: Elizabete muda de cadeia","author":"noticiasribeiraopreto.com.br","date":"3 de June de 2025","format":false,"excerpt":"Idosa n\u00e3o obteve autoriza\u00e7\u00e3o para pris\u00e3o domiciliar, mas seguiu para outra unidade prisional que tem acompanhamento mais efetivo da sa\u00fade das detentas 3 de junho de 2025 12:382 Compartilhar0 Por: Adalberto Luque Elizabete Eug\u00eanio Arraba\u00e7a Garnica, de 67 anos, suspeita de ter matado a professora de pilates Larissa Talle Le\u00f4ncio\u2026","rel":"","context":"In &quot;Not\u00edcias de Ribeir\u00e3o Preto-SP e Regi\u00e3o&quot;","block_context":{"text":"Not\u00edcias de Ribeir\u00e3o Preto-SP e Regi\u00e3o","link":"https:\/\/noticiasribeiraopreto.com.br\/index.php\/category\/noticias-de-ribeirao-preto-sp-e-regiao-ismael-colosi\/"},"img":{"alt_text":"","src":"https:\/\/i0.wp.com\/noticiasribeiraopreto.com.br\/wp-content\/uploads\/2025\/06\/06-mai-2025-envenenamentoprofessora5.jpg?fit=1200%2C800&ssl=1&resize=350%2C200","width":350,"height":200,"srcset":"https:\/\/i0.wp.com\/noticiasribeiraopreto.com.br\/wp-content\/uploads\/2025\/06\/06-mai-2025-envenenamentoprofessora5.jpg?fit=1200%2C800&ssl=1&resize=350%2C200 1x, https:\/\/i0.wp.com\/noticiasribeiraopreto.com.br\/wp-content\/uploads\/2025\/06\/06-mai-2025-envenenamentoprofessora5.jpg?fit=1200%2C800&ssl=1&resize=525%2C300 1.5x, https:\/\/i0.wp.com\/noticiasribeiraopreto.com.br\/wp-content\/uploads\/2025\/06\/06-mai-2025-envenenamentoprofessora5.jpg?fit=1200%2C800&ssl=1&resize=700%2C400 2x, https:\/\/i0.wp.com\/noticiasribeiraopreto.com.br\/wp-content\/uploads\/2025\/06\/06-mai-2025-envenenamentoprofessora5.jpg?fit=1200%2C800&ssl=1&resize=1050%2C600 3x"},"classes":[]},{"id":71071,"url":"https:\/\/noticiasribeiraopreto.com.br\/index.php\/2025\/06\/02\/caso-larissa-delegado-pede-prorrogacao-de-prisao-temporaria\/","url_meta":{"origin":69499,"position":3},"title":"Caso Larissa: Delegado pede prorroga\u00e7\u00e3o de pris\u00e3o tempor\u00e1ria","author":"noticiasribeiraopreto.com.br","date":"2 de June de 2025","format":false,"excerpt":"Minist\u00e9rio P\u00fablico j\u00e1 deu aval \u00e0 amplia\u00e7\u00e3o do prazo de deten\u00e7\u00e3o de marido e sogra da v\u00edtima e Justi\u00e7a deve definir se acata ou n\u00e3o 2 de junho de 2025 13:064 Compartilhar0 Por: Adalberto Luque A Pol\u00edcia Civil requisitou mais 30 dias de prazo da pris\u00e3o tempor\u00e1ria do m\u00e9dico Luiz\u2026","rel":"","context":"In &quot;Not\u00edcias de Ribeir\u00e3o Preto-SP e Regi\u00e3o&quot;","block_context":{"text":"Not\u00edcias de Ribeir\u00e3o Preto-SP e Regi\u00e3o","link":"https:\/\/noticiasribeiraopreto.com.br\/index.php\/category\/noticias-de-ribeirao-preto-sp-e-regiao-ismael-colosi\/"},"img":{"alt_text":"","src":"https:\/\/i0.wp.com\/noticiasribeiraopreto.com.br\/wp-content\/uploads\/2025\/06\/garnica_elisabete.jpg?fit=720%2C656&ssl=1&resize=350%2C200","width":350,"height":200,"srcset":"https:\/\/i0.wp.com\/noticiasribeiraopreto.com.br\/wp-content\/uploads\/2025\/06\/garnica_elisabete.jpg?fit=720%2C656&ssl=1&resize=350%2C200 1x, https:\/\/i0.wp.com\/noticiasribeiraopreto.com.br\/wp-content\/uploads\/2025\/06\/garnica_elisabete.jpg?fit=720%2C656&ssl=1&resize=525%2C300 1.5x, https:\/\/i0.wp.com\/noticiasribeiraopreto.com.br\/wp-content\/uploads\/2025\/06\/garnica_elisabete.jpg?fit=720%2C656&ssl=1&resize=700%2C400 2x"},"classes":[]},{"id":73398,"url":"https:\/\/noticiasribeiraopreto.com.br\/index.php\/2025\/07\/01\/ministerio-publico-denuncia-marido-e-sogra-por-morte-de-professora-em-ribeirao-preto\/","url_meta":{"origin":69499,"position":4},"title":"Minist\u00e9rio P\u00fablico denuncia marido e sogra por morte de professora em Ribeir\u00e3o Preto","author":"noticiasribeiraopreto.com.br","date":"1 de July de 2025","format":false,"excerpt":"O MP (Minist\u00e9rio P\u00fablico) denunciou \u00e0 Justi\u00e7a, nesta ter\u00e7a-feira (1\u00ba), o m\u00e9dico Luiz Ant\u00f4nio Garnica e sua m\u00e3e, Elizabete Arraba\u00e7a, pela morte da professora Larissa Rodrigues, envenenada em mar\u00e7o deste ano em Ribeir\u00e3o Preto. >>>FIQUE POR DENTRO:\u00a0Confira a cobertura completa sobre o caso Larissa O promotor Marcos T\u00falio Nicolino afirma\u2026","rel":"","context":"In &quot;Not\u00edcias de Ribeir\u00e3o Preto-SP e Regi\u00e3o&quot;","block_context":{"text":"Not\u00edcias de Ribeir\u00e3o Preto-SP e Regi\u00e3o","link":"https:\/\/noticiasribeiraopreto.com.br\/index.php\/category\/noticias-de-ribeirao-preto-sp-e-regiao-ismael-colosi\/"},"img":{"alt_text":"","src":"https:\/\/i0.wp.com\/noticiasribeiraopreto.com.br\/wp-content\/uploads\/2025\/07\/Copia-de-Copia-de-Copia-de-TAMANHO-EXATO-PARA-FOTOS-NO-SISTEMA-NOVO-2025-07-01T135245.697_2025-07-01_16-52-51.webp.webp?fit=1200%2C675&ssl=1&resize=350%2C200","width":350,"height":200,"srcset":"https:\/\/i0.wp.com\/noticiasribeiraopreto.com.br\/wp-content\/uploads\/2025\/07\/Copia-de-Copia-de-Copia-de-TAMANHO-EXATO-PARA-FOTOS-NO-SISTEMA-NOVO-2025-07-01T135245.697_2025-07-01_16-52-51.webp.webp?fit=1200%2C675&ssl=1&resize=350%2C200 1x, https:\/\/i0.wp.com\/noticiasribeiraopreto.com.br\/wp-content\/uploads\/2025\/07\/Copia-de-Copia-de-Copia-de-TAMANHO-EXATO-PARA-FOTOS-NO-SISTEMA-NOVO-2025-07-01T135245.697_2025-07-01_16-52-51.webp.webp?fit=1200%2C675&ssl=1&resize=525%2C300 1.5x, https:\/\/i0.wp.com\/noticiasribeiraopreto.com.br\/wp-content\/uploads\/2025\/07\/Copia-de-Copia-de-Copia-de-TAMANHO-EXATO-PARA-FOTOS-NO-SISTEMA-NOVO-2025-07-01T135245.697_2025-07-01_16-52-51.webp.webp?fit=1200%2C675&ssl=1&resize=700%2C400 2x, https:\/\/i0.wp.com\/noticiasribeiraopreto.com.br\/wp-content\/uploads\/2025\/07\/Copia-de-Copia-de-Copia-de-TAMANHO-EXATO-PARA-FOTOS-NO-SISTEMA-NOVO-2025-07-01T135245.697_2025-07-01_16-52-51.webp.webp?fit=1200%2C675&ssl=1&resize=1050%2C600 3x"},"classes":[]},{"id":70603,"url":"https:\/\/noticiasribeiraopreto.com.br\/index.php\/2025\/05\/28\/caso-larissa-justica-quer-ouvir-diretor-da-cadeia-onde-esta-elizabete\/","url_meta":{"origin":69499,"position":5},"title":"Caso Larissa: Justi\u00e7a quer ouvir diretor da cadeia onde est\u00e1 Elizabete","author":"noticiasribeiraopreto.com.br","date":"28 de May de 2025","format":false,"excerpt":"Medida \u00e9 para avaliar pedido da defesa para mudar de pris\u00e3o preventiva para pris\u00e3o domiciliar por conta da sa\u00fade da sogra da v\u00edtima 28 de maio de 2025 10:1528 de maio de 2025 10:187 Compartilhar2 Por: Adalberto Luque A Justi\u00e7a deu prazo de 24 horas para que o diretor da\u2026","rel":"","context":"In &quot;Not\u00edcias de Ribeir\u00e3o Preto-SP e Regi\u00e3o&quot;","block_context":{"text":"Not\u00edcias de Ribeir\u00e3o Preto-SP e Regi\u00e3o","link":"https:\/\/noticiasribeiraopreto.com.br\/index.php\/category\/noticias-de-ribeirao-preto-sp-e-regiao-ismael-colosi\/"},"img":{"alt_text":"","src":"https:\/\/i0.wp.com\/noticiasribeiraopreto.com.br\/wp-content\/uploads\/2025\/05\/06-mai-2025-envenenamentoprofessora5.jpg?fit=1200%2C800&ssl=1&resize=350%2C200","width":350,"height":200,"srcset":"https:\/\/i0.wp.com\/noticiasribeiraopreto.com.br\/wp-content\/uploads\/2025\/05\/06-mai-2025-envenenamentoprofessora5.jpg?fit=1200%2C800&ssl=1&resize=350%2C200 1x, https:\/\/i0.wp.com\/noticiasribeiraopreto.com.br\/wp-content\/uploads\/2025\/05\/06-mai-2025-envenenamentoprofessora5.jpg?fit=1200%2C800&ssl=1&resize=525%2C300 1.5x, https:\/\/i0.wp.com\/noticiasribeiraopreto.com.br\/wp-content\/uploads\/2025\/05\/06-mai-2025-envenenamentoprofessora5.jpg?fit=1200%2C800&ssl=1&resize=700%2C400 2x, https:\/\/i0.wp.com\/noticiasribeiraopreto.com.br\/wp-content\/uploads\/2025\/05\/06-mai-2025-envenenamentoprofessora5.jpg?fit=1200%2C800&ssl=1&resize=1050%2C600 3x"},"classes":[]}],"jetpack_sharing_enabled":true,"jetpack_shortlink":"https:\/\/wp.me\/peQAOb-i4X","_links":{"self":[{"href":"https:\/\/noticiasribeiraopreto.com.br\/index.php\/wp-json\/wp\/v2\/posts\/69499","targetHints":{"allow":["GET"]}}],"collection":[{"href":"https:\/\/noticiasribeiraopreto.com.br\/index.php\/wp-json\/wp\/v2\/posts"}],"about":[{"href":"https:\/\/noticiasribeiraopreto.com.br\/index.php\/wp-json\/wp\/v2\/types\/post"}],"author":[{"embeddable":true,"href":"https:\/\/noticiasribeiraopreto.com.br\/index.php\/wp-json\/wp\/v2\/users\/1"}],"replies":[{"embeddable":true,"href":"https:\/\/noticiasribeiraopreto.com.br\/index.php\/wp-json\/wp\/v2\/comments?post=69499"}],"version-history":[{"count":0,"href":"https:\/\/noticiasribeiraopreto.com.br\/index.php\/wp-json\/wp\/v2\/posts\/69499\/revisions"}],"wp:featuredmedia":[{"embeddable":true,"href":"https:\/\/noticiasribeiraopreto.com.br\/index.php\/wp-json\/wp\/v2\/media\/69500"}],"wp:attachment":[{"href":"https:\/\/noticiasribeiraopreto.com.br\/index.php\/wp-json\/wp\/v2\/media?parent=69499"}],"wp:term":[{"taxonomy":"category","embeddable":true,"href":"https:\/\/noticiasribeiraopreto.com.br\/index.php\/wp-json\/wp\/v2\/categories?post=69499"},{"taxonomy":"post_tag","embeddable":true,"href":"https:\/\/noticiasribeiraopreto.com.br\/index.php\/wp-json\/wp\/v2\/tags?post=69499"}],"curies":[{"name":"wp","href":"https:\/\/api.w.org\/{rel}","templated":true}]}}