{"id":69501,"date":"2025-05-06T19:57:50","date_gmt":"2025-05-06T22:57:50","guid":{"rendered":"https:\/\/noticiasribeiraopreto.com.br\/index.php\/2025\/05\/06\/caso-larissa-marido-e-sogra-sao-presos-suspeitos-pela-morte-de-professora-em-ribeirao\/"},"modified":"2025-05-06T19:57:50","modified_gmt":"2025-05-06T22:57:50","slug":"caso-larissa-marido-e-sogra-sao-presos-suspeitos-pela-morte-de-professora-em-ribeirao","status":"publish","type":"post","link":"https:\/\/noticiasribeiraopreto.com.br\/index.php\/2025\/05\/06\/caso-larissa-marido-e-sogra-sao-presos-suspeitos-pela-morte-de-professora-em-ribeirao\/","title":{"rendered":"Caso Larissa: Marido e sogra s\u00e3o presos suspeitos pela morte de professora\u00a0em\u00a0Ribeir\u00e3o"},"content":{"rendered":"<p> <br \/>\n<\/p>\n<div>\n<p>Na tarde desta ter\u00e7a-feira (6), a <strong>Pol\u00edcia Civil de Ribeir\u00e3o Preto decretou a pris\u00e3o do m\u00e9dico Luiz Antonio Garnica e de sua m\u00e3e<\/strong>, <strong>Elizabete<\/strong>. Eles s\u00e3o marido e sogra de Larissa Talle Le\u00f4ncio Rodrigues, professora de pilates encontrada morta no dia 22 de mar\u00e7o em um apartamento no Jardim Bot\u00e2nico.<\/p>\n<p>Inicialmente, <mark style=\"background-color:#fcb900\" class=\"has-inline-color\">Luiz Antonio Garnica foi considerado testemunha no caso.<\/mark> Segundo o<strong> boletim de ocorr\u00eancia<\/strong>, ele afirmou ter encontrado Larissa desfalecida no banheiro ao chegar em casa. O m\u00e9dico contou que a levou at\u00e9 a cama e <strong>iniciou manobras de emerg\u00eancia at\u00e9 a chegada do Servi\u00e7o de Atendimento M\u00f3vel de Urg\u00eancia (Samu)<\/strong>, que constatou a morte no local.<\/p>\n<h2 class=\"wp-block-heading\"><strong>Envenenamento<\/strong><\/h2>\n<p>A Pol\u00edcia Civil investiga a possibilidade de envenenamento. Uma fonte ligada ao caso informou \u00e0 <em>EPTV <\/em>que o suposto veneno pode ter sido chumbinho. A confirma\u00e7\u00e3o depende da conclus\u00e3o do laudo toxicol\u00f3gico.<\/p>\n<p>Durante a investiga\u00e7\u00e3o, uma prima de Larissa relatou que a professora apresentou sintomas como diarreia e v\u00f4mito semanas antes da morte. Um amigo tamb\u00e9m declarou que, dias antes do \u00f3bito, Larissa mencionou ter comido um doce e, logo ap\u00f3s, passou mal com tremores, diarreia e v\u00f4mito.<\/p>\n<p>O promotor Marcus T\u00falio Nicolino afirmou que aguarda o laudo toxicol\u00f3gico e declarou que, at\u00e9 o momento, n\u00e3o h\u00e1 ind\u00edcios de suic\u00eddio. Segundo ele, h\u00e1 possibilidade de a morte ter ocorrido por envenenamento, o que refor\u00e7a a linha de investiga\u00e7\u00e3o da Pol\u00edcia Civil.<\/p>\n<hr class=\"wp-block-separator has-alpha-channel-opacity\"\/>\n<p>SAIBA MAIS<\/p>\n<p>M\u00e3es t\u00eam entrada gratuita em parque aqu\u00e1tico no fim de semana; Veja onde <mark style=\"background-color:#ffffff\" class=\"has-inline-color has-white-color\">contudo,<\/mark><\/p>\n<h2 class=\"wp-block-heading\"><strong>FIQUE ON<\/strong><\/h2>\n<p>Fique ligado em tudo que acontece em Ribeir\u00e3o Preto e regi\u00e3o. Siga os perfis do<strong>\u00a0acidade on\u00a0<\/strong>no<a href=\"https:\/\/www.instagram.com\/acidadeonribeirao\">\u00a0Instagram<\/a>\u00a0e no\u00a0<a href=\"https:\/\/www.facebook.com\/acidadeonribeirao\/\">Facebook.<\/a> <mark style=\"background-color:#ffffff\" class=\"has-inline-color has-white-color\">, por\u00e9m<\/mark><\/p>\n<p>Receba not\u00edcias do\u00a0<strong>acidade on\u00a0<\/strong>no WhatsApp.\u00a0<a href=\"https:\/\/chat.whatsapp.com\/BjKQZ9oJwlz8VVT50NuePq\">Para entrar no grupo, basta clicar aqui.<\/a> <mark style=\"background-color:#ffffff\" class=\"has-inline-color has-white-color\">, no entanto<\/mark><\/p>\n<p>Fa\u00e7a uma den\u00fancia ou sugira uma reportagem sobre Ribeir\u00e3o Preto e regi\u00e3o pelo WhatsApp: 16 99117 7802.<\/p>\n<p>VEJA TAMB\u00c9M<\/p>\n<p>O que Madonna escreveu no livro de ouro do Copacabana Palace? <mark style=\"background-color:#ffffff\" class=\"has-inline-color has-white-color\">contudo,<\/mark><\/p>\n<p><!-- CONTENT END 1 -->\n<\/div>\n<p><script async src=\"\/\/www.instagram.com\/embed.js\"><\/script><br \/>\n<br \/><br \/>\n<br \/><a href=\"https:\/\/www.acidadeon.com\/ribeiraopreto\/cotidiano\/caso-larissa-marido-e-sogra-sao-presos-suspeitos-pela-morte-de-professora-em-ribeirao\/\">Source link <\/a><\/p>\n","protected":false},"excerpt":{"rendered":"<p>Na tarde desta ter\u00e7a-feira (6), a Pol\u00edcia Civil de Ribeir\u00e3o Preto decretou a pris\u00e3o do m\u00e9dico Luiz Antonio Garnica e de sua m\u00e3e, Elizabete. Eles&#8230;<\/p>\n","protected":false},"author":1,"featured_media":69502,"comment_status":"open","ping_status":"open","sticky":false,"template":"","format":"standard","meta":{"advanced_seo_description":"","jetpack_seo_html_title":"","jetpack_seo_noindex":false,"jetpack_post_was_ever_published":false,"_jetpack_newsletter_access":"","_jetpack_dont_email_post_to_subs":false,"_jetpack_newsletter_tier_id":0,"_jetpack_memberships_contains_paywalled_content":false,"_jetpack_memberships_contains_paid_content":false,"footnotes":"","jetpack_publicize_message":"","jetpack_publicize_feature_enabled":true,"jetpack_social_post_already_shared":true,"jetpack_social_options":{"image_generator_settings":{"template":"highway","default_image_id":0,"font":"","enabled":false},"version":2}},"categories":[11],"tags":[],"class_list":["post-69501","post","type-post","status-publish","format-standard","has-post-thumbnail","hentry","category-noticias-de-ribeirao-preto-sp-e-regiao-ismael-colosi"],"jetpack_publicize_connections":[],"jetpack_featured_media_url":"https:\/\/i0.wp.com\/noticiasribeiraopreto.com.br\/wp-content\/uploads\/2025\/05\/Copia-de-Copia-de-Copia-de-TAMANHO-EXATO-PARA-FOTOS-NO-SISTEMA-NOVO-44_2025-05-06_19-58-00.webp.webp?fit=1200%2C675&ssl=1","jetpack-related-posts":[{"id":71163,"url":"https:\/\/noticiasribeiraopreto.com.br\/index.php\/2025\/06\/03\/caso-larissa-sogra-da-professora-e-transferida-para-penitenciaria\/","url_meta":{"origin":69501,"position":0},"title":"Caso Larissa: Sogra da professora \u00e9 transferida para penitenci\u00e1ria","author":"noticiasribeiraopreto.com.br","date":"3 de June de 2025","format":false,"excerpt":"A sogra da professora Larissa Talle Le\u00f4ncio Rodrigues, Elizabete Arraba\u00e7a, foi transferida da cadeia de S\u00e3o Joaquim da Barra para Penitenci\u00e1ria Feminina de Mogi-Gua\u00e7u, nesta ter\u00e7a-feira (3). Elizabete \u00e9 suspeita de envolvimento na morte de Larissa, em Ribeir\u00e3o Preto, no \u00faltimo m\u00eas de mar\u00e7o. Al\u00e9m dela, tamb\u00e9m est\u00e1 preso o\u2026","rel":"","context":"In &quot;Not\u00edcias de Ribeir\u00e3o Preto-SP e Regi\u00e3o&quot;","block_context":{"text":"Not\u00edcias de Ribeir\u00e3o Preto-SP e Regi\u00e3o","link":"https:\/\/noticiasribeiraopreto.com.br\/index.php\/category\/noticias-de-ribeirao-preto-sp-e-regiao-ismael-colosi\/"},"img":{"alt_text":"","src":"https:\/\/i0.wp.com\/noticiasribeiraopreto.com.br\/wp-content\/uploads\/2025\/05\/elizabeth_2025-05-07_16-18-11.webp.webp?fit=1200%2C700&ssl=1&resize=350%2C200","width":350,"height":200,"srcset":"https:\/\/i0.wp.com\/noticiasribeiraopreto.com.br\/wp-content\/uploads\/2025\/05\/elizabeth_2025-05-07_16-18-11.webp.webp?fit=1200%2C700&ssl=1&resize=350%2C200 1x, https:\/\/i0.wp.com\/noticiasribeiraopreto.com.br\/wp-content\/uploads\/2025\/05\/elizabeth_2025-05-07_16-18-11.webp.webp?fit=1200%2C700&ssl=1&resize=525%2C300 1.5x, https:\/\/i0.wp.com\/noticiasribeiraopreto.com.br\/wp-content\/uploads\/2025\/05\/elizabeth_2025-05-07_16-18-11.webp.webp?fit=1200%2C700&ssl=1&resize=700%2C400 2x, https:\/\/i0.wp.com\/noticiasribeiraopreto.com.br\/wp-content\/uploads\/2025\/05\/elizabeth_2025-05-07_16-18-11.webp.webp?fit=1200%2C700&ssl=1&resize=1050%2C600 3x"},"classes":[]},{"id":76940,"url":"https:\/\/noticiasribeiraopreto.com.br\/index.php\/2025\/09\/09\/caso-larissa-justica-ouve-testemunhas-sobre-morte-de-professora-por-envenenamento\/","url_meta":{"origin":69501,"position":1},"title":"Caso Larissa: Justi\u00e7a ouve testemunhas sobre morte de professora por envenenamento","author":"noticiasribeiraopreto.com.br","date":"9 de September de 2025","format":false,"excerpt":"A Justi\u00e7a de Ribeir\u00e3o Preto come\u00e7a a ouvir, nesta ter\u00e7a-feira (9), as testemunhas de acusa\u00e7\u00e3o no caso da professora Larissa Rodrigues, de 37 anos, morta por envenenamento em mar\u00e7o. Os r\u00e9us s\u00e3o a sogra, Elizabete Arraba\u00e7a, e o marido, o m\u00e9dico Luiz Garnica, que est\u00e3o presos desde maio e negam\u2026","rel":"","context":"In &quot;Not\u00edcias de Ribeir\u00e3o Preto-SP e Regi\u00e3o&quot;","block_context":{"text":"Not\u00edcias de Ribeir\u00e3o Preto-SP e Regi\u00e3o","link":"https:\/\/noticiasribeiraopreto.com.br\/index.php\/category\/noticias-de-ribeirao-preto-sp-e-regiao-ismael-colosi\/"},"img":{"alt_text":"","src":"https:\/\/i0.wp.com\/noticiasribeiraopreto.com.br\/wp-content\/uploads\/2025\/07\/Copia-de-Copia-de-Copia-de-TAMANHO-EXATO-PARA-FOTOS-NO-SISTEMA-NOVO-2025-07-01T135245.697_2025-07-01_16-52-51.webp.webp?fit=1200%2C675&ssl=1&resize=350%2C200","width":350,"height":200,"srcset":"https:\/\/i0.wp.com\/noticiasribeiraopreto.com.br\/wp-content\/uploads\/2025\/07\/Copia-de-Copia-de-Copia-de-TAMANHO-EXATO-PARA-FOTOS-NO-SISTEMA-NOVO-2025-07-01T135245.697_2025-07-01_16-52-51.webp.webp?fit=1200%2C675&ssl=1&resize=350%2C200 1x, https:\/\/i0.wp.com\/noticiasribeiraopreto.com.br\/wp-content\/uploads\/2025\/07\/Copia-de-Copia-de-Copia-de-TAMANHO-EXATO-PARA-FOTOS-NO-SISTEMA-NOVO-2025-07-01T135245.697_2025-07-01_16-52-51.webp.webp?fit=1200%2C675&ssl=1&resize=525%2C300 1.5x, https:\/\/i0.wp.com\/noticiasribeiraopreto.com.br\/wp-content\/uploads\/2025\/07\/Copia-de-Copia-de-Copia-de-TAMANHO-EXATO-PARA-FOTOS-NO-SISTEMA-NOVO-2025-07-01T135245.697_2025-07-01_16-52-51.webp.webp?fit=1200%2C675&ssl=1&resize=700%2C400 2x, https:\/\/i0.wp.com\/noticiasribeiraopreto.com.br\/wp-content\/uploads\/2025\/07\/Copia-de-Copia-de-Copia-de-TAMANHO-EXATO-PARA-FOTOS-NO-SISTEMA-NOVO-2025-07-01T135245.697_2025-07-01_16-52-51.webp.webp?fit=1200%2C675&ssl=1&resize=1050%2C600 3x"},"classes":[]},{"id":78600,"url":"https:\/\/noticiasribeiraopreto.com.br\/index.php\/2025\/10\/14\/caso-larissa-marido-e-sogra-da-professora-morta-em-ribeirao-preto-prestam-depoimento\/","url_meta":{"origin":69501,"position":2},"title":"Caso Larissa: Marido e sogra da professora morta em Ribeir\u00e3o Preto prestam depoimento","author":"noticiasribeiraopreto.com.br","date":"14 de October de 2025","format":false,"excerpt":"A Justi\u00e7a de Ribeir\u00e3o Preto realiza nesta ter\u00e7a-feira (14) a \u00faltima audi\u00eancia de instru\u00e7\u00e3o do caso da professora Larissa Rodrigues, morta em mar\u00e7o deste ano por envenenamento. Os acusados pela morte da professora s\u00e3o o marido, Luiz Ant\u00f4nio Garnica, e a sogra de Larissa, Elizabete Arraba\u00e7a. Pela manh\u00e3, foram ouvidas\u2026","rel":"","context":"In &quot;Not\u00edcias de Ribeir\u00e3o Preto-SP e Regi\u00e3o&quot;","block_context":{"text":"Not\u00edcias de Ribeir\u00e3o Preto-SP e Regi\u00e3o","link":"https:\/\/noticiasribeiraopreto.com.br\/index.php\/category\/noticias-de-ribeirao-preto-sp-e-regiao-ismael-colosi\/"},"img":{"alt_text":"","src":"https:\/\/i0.wp.com\/noticiasribeiraopreto.com.br\/wp-content\/uploads\/2025\/06\/Copia-de-Copia-de-Copia-de-TAMANHO-EXATO-PARA-FOTOS-NO-SISTEMA-NOVO-45_2025-05-06_21-21-57.webp.webp?fit=1200%2C675&ssl=1&resize=350%2C200","width":350,"height":200,"srcset":"https:\/\/i0.wp.com\/noticiasribeiraopreto.com.br\/wp-content\/uploads\/2025\/06\/Copia-de-Copia-de-Copia-de-TAMANHO-EXATO-PARA-FOTOS-NO-SISTEMA-NOVO-45_2025-05-06_21-21-57.webp.webp?fit=1200%2C675&ssl=1&resize=350%2C200 1x, https:\/\/i0.wp.com\/noticiasribeiraopreto.com.br\/wp-content\/uploads\/2025\/06\/Copia-de-Copia-de-Copia-de-TAMANHO-EXATO-PARA-FOTOS-NO-SISTEMA-NOVO-45_2025-05-06_21-21-57.webp.webp?fit=1200%2C675&ssl=1&resize=525%2C300 1.5x, https:\/\/i0.wp.com\/noticiasribeiraopreto.com.br\/wp-content\/uploads\/2025\/06\/Copia-de-Copia-de-Copia-de-TAMANHO-EXATO-PARA-FOTOS-NO-SISTEMA-NOVO-45_2025-05-06_21-21-57.webp.webp?fit=1200%2C675&ssl=1&resize=700%2C400 2x, https:\/\/i0.wp.com\/noticiasribeiraopreto.com.br\/wp-content\/uploads\/2025\/06\/Copia-de-Copia-de-Copia-de-TAMANHO-EXATO-PARA-FOTOS-NO-SISTEMA-NOVO-45_2025-05-06_21-21-57.webp.webp?fit=1200%2C675&ssl=1&resize=1050%2C600 3x"},"classes":[]},{"id":78439,"url":"https:\/\/noticiasribeiraopreto.com.br\/index.php\/2025\/10\/10\/caso-larissa-medico-legista-e-amante-do-marido-da-vitima-sao-ouvidos-pela-justica\/","url_meta":{"origin":69501,"position":3},"title":"Caso Larissa: M\u00e9dico legista e amante do marido da v\u00edtima s\u00e3o ouvidos pela Justi\u00e7a","author":"noticiasribeiraopreto.com.br","date":"10 de October de 2025","format":false,"excerpt":"Acontece nesta sexta-feira (10) no F\u00f3rum de Ribeir\u00e3o Preto a segunda audi\u00eancia de instru\u00e7\u00e3o, no qual s\u00e3o ouvidas testemunhas do caso da professora Larissa Rodrigues, morta em mar\u00e7o deste ano por envenenamento. Os acusados pela morte da professora s\u00e3o o marido, Luiz Ant\u00f4nio Garnica, e a sogra de Larissa, Elizabete\u2026","rel":"","context":"In &quot;Not\u00edcias de Ribeir\u00e3o Preto-SP e Regi\u00e3o&quot;","block_context":{"text":"Not\u00edcias de Ribeir\u00e3o Preto-SP e Regi\u00e3o","link":"https:\/\/noticiasribeiraopreto.com.br\/index.php\/category\/noticias-de-ribeirao-preto-sp-e-regiao-ismael-colosi\/"},"img":{"alt_text":"","src":"https:\/\/i0.wp.com\/noticiasribeiraopreto.com.br\/wp-content\/uploads\/2025\/07\/Copia-de-Copia-de-Copia-de-TAMANHO-EXATO-PARA-FOTOS-NO-SISTEMA-NOVO-2025-07-01T135245.697_2025-07-01_16-52-51.webp.webp?fit=1200%2C675&ssl=1&resize=350%2C200","width":350,"height":200,"srcset":"https:\/\/i0.wp.com\/noticiasribeiraopreto.com.br\/wp-content\/uploads\/2025\/07\/Copia-de-Copia-de-Copia-de-TAMANHO-EXATO-PARA-FOTOS-NO-SISTEMA-NOVO-2025-07-01T135245.697_2025-07-01_16-52-51.webp.webp?fit=1200%2C675&ssl=1&resize=350%2C200 1x, https:\/\/i0.wp.com\/noticiasribeiraopreto.com.br\/wp-content\/uploads\/2025\/07\/Copia-de-Copia-de-Copia-de-TAMANHO-EXATO-PARA-FOTOS-NO-SISTEMA-NOVO-2025-07-01T135245.697_2025-07-01_16-52-51.webp.webp?fit=1200%2C675&ssl=1&resize=525%2C300 1.5x, https:\/\/i0.wp.com\/noticiasribeiraopreto.com.br\/wp-content\/uploads\/2025\/07\/Copia-de-Copia-de-Copia-de-TAMANHO-EXATO-PARA-FOTOS-NO-SISTEMA-NOVO-2025-07-01T135245.697_2025-07-01_16-52-51.webp.webp?fit=1200%2C675&ssl=1&resize=700%2C400 2x, https:\/\/i0.wp.com\/noticiasribeiraopreto.com.br\/wp-content\/uploads\/2025\/07\/Copia-de-Copia-de-Copia-de-TAMANHO-EXATO-PARA-FOTOS-NO-SISTEMA-NOVO-2025-07-01T135245.697_2025-07-01_16-52-51.webp.webp?fit=1200%2C675&ssl=1&resize=1050%2C600 3x"},"classes":[]},{"id":69496,"url":"https:\/\/noticiasribeiraopreto.com.br\/index.php\/2025\/05\/06\/sogra-estava-procurando-por-chumbinho-15-dias-antes-da-morte-de-professora-afirma-delegado\/","url_meta":{"origin":69501,"position":4},"title":"Sogra estava procurando por chumbinho 15 dias antes da morte de professora, afirma delegado","author":"noticiasribeiraopreto.com.br","date":"6 de May de 2025","format":false,"excerpt":"A Pol\u00edcia Civil de Ribeir\u00e3o Preto prendeu, na tarde desta ter\u00e7a-feira (6), o m\u00e9dico Luiz Antonio Garnica e sua m\u00e3e, Elizabete. Ambos s\u00e3o suspeitos de envolvimento na morte por envenenamento de Larissa Talle Le\u00f4ncio Rodrigues, professora de pilates encontrada morta em 22 de mar\u00e7o no apartamento onde morava, em Ribeir\u00e3o\u2026","rel":"","context":"In &quot;Not\u00edcias de Ribeir\u00e3o Preto-SP e Regi\u00e3o&quot;","block_context":{"text":"Not\u00edcias de Ribeir\u00e3o Preto-SP e Regi\u00e3o","link":"https:\/\/noticiasribeiraopreto.com.br\/index.php\/category\/noticias-de-ribeirao-preto-sp-e-regiao-ismael-colosi\/"},"img":{"alt_text":"","src":"https:\/\/i0.wp.com\/noticiasribeiraopreto.com.br\/wp-content\/uploads\/2025\/05\/Copia-de-Copia-de-Copia-de-TAMANHO-EXATO-PARA-FOTOS-NO-SISTEMA-NOVO-45_2025-05-06_21-21-57.webp.webp?fit=1200%2C675&ssl=1&resize=350%2C200","width":350,"height":200,"srcset":"https:\/\/i0.wp.com\/noticiasribeiraopreto.com.br\/wp-content\/uploads\/2025\/05\/Copia-de-Copia-de-Copia-de-TAMANHO-EXATO-PARA-FOTOS-NO-SISTEMA-NOVO-45_2025-05-06_21-21-57.webp.webp?fit=1200%2C675&ssl=1&resize=350%2C200 1x, https:\/\/i0.wp.com\/noticiasribeiraopreto.com.br\/wp-content\/uploads\/2025\/05\/Copia-de-Copia-de-Copia-de-TAMANHO-EXATO-PARA-FOTOS-NO-SISTEMA-NOVO-45_2025-05-06_21-21-57.webp.webp?fit=1200%2C675&ssl=1&resize=525%2C300 1.5x, https:\/\/i0.wp.com\/noticiasribeiraopreto.com.br\/wp-content\/uploads\/2025\/05\/Copia-de-Copia-de-Copia-de-TAMANHO-EXATO-PARA-FOTOS-NO-SISTEMA-NOVO-45_2025-05-06_21-21-57.webp.webp?fit=1200%2C675&ssl=1&resize=700%2C400 2x, https:\/\/i0.wp.com\/noticiasribeiraopreto.com.br\/wp-content\/uploads\/2025\/05\/Copia-de-Copia-de-Copia-de-TAMANHO-EXATO-PARA-FOTOS-NO-SISTEMA-NOVO-45_2025-05-06_21-21-57.webp.webp?fit=1200%2C675&ssl=1&resize=1050%2C600 3x"},"classes":[]},{"id":73226,"url":"https:\/\/noticiasribeiraopreto.com.br\/index.php\/2025\/06\/27\/caso-larissa-marido-e-sogra-sao-indiciados-por-morte-de-professora-envenenada-em-ribeirao\/","url_meta":{"origin":69501,"position":5},"title":"Caso Larissa: Marido e sogra s\u00e3o indiciados por morte de professora envenenada em Ribeir\u00e3o","author":"noticiasribeiraopreto.com.br","date":"27 de June de 2025","format":false,"excerpt":"A Pol\u00edcia Civil concluiu, nesta sexta-feira (27), a investiga\u00e7\u00e3o sobre a morte da professora de pilates Larissa Rodrigues, envenenada em mar\u00e7o deste ano em Ribeir\u00e3o Preto. >>>FIQUE POR DENTRO: Confira a cobertura completa sobre o caso Larissa Durante coletiva de imprensa, os delegados Fernando Bravo e Jos\u00e9 Carvalho de Ara\u00fajo\u2026","rel":"","context":"In &quot;Not\u00edcias de Ribeir\u00e3o Preto-SP e Regi\u00e3o&quot;","block_context":{"text":"Not\u00edcias de Ribeir\u00e3o Preto-SP e Regi\u00e3o","link":"https:\/\/noticiasribeiraopreto.com.br\/index.php\/category\/noticias-de-ribeirao-preto-sp-e-regiao-ismael-colosi\/"},"img":{"alt_text":"","src":"https:\/\/i0.wp.com\/noticiasribeiraopreto.com.br\/wp-content\/uploads\/2025\/06\/larissa_2025-05-09_12-39-48.webp.webp?fit=974%2C585&ssl=1&resize=350%2C200","width":350,"height":200,"srcset":"https:\/\/i0.wp.com\/noticiasribeiraopreto.com.br\/wp-content\/uploads\/2025\/06\/larissa_2025-05-09_12-39-48.webp.webp?fit=974%2C585&ssl=1&resize=350%2C200 1x, https:\/\/i0.wp.com\/noticiasribeiraopreto.com.br\/wp-content\/uploads\/2025\/06\/larissa_2025-05-09_12-39-48.webp.webp?fit=974%2C585&ssl=1&resize=525%2C300 1.5x, https:\/\/i0.wp.com\/noticiasribeiraopreto.com.br\/wp-content\/uploads\/2025\/06\/larissa_2025-05-09_12-39-48.webp.webp?fit=974%2C585&ssl=1&resize=700%2C400 2x"},"classes":[]}],"jetpack_sharing_enabled":true,"jetpack_shortlink":"https:\/\/wp.me\/peQAOb-i4Z","_links":{"self":[{"href":"https:\/\/noticiasribeiraopreto.com.br\/index.php\/wp-json\/wp\/v2\/posts\/69501","targetHints":{"allow":["GET"]}}],"collection":[{"href":"https:\/\/noticiasribeiraopreto.com.br\/index.php\/wp-json\/wp\/v2\/posts"}],"about":[{"href":"https:\/\/noticiasribeiraopreto.com.br\/index.php\/wp-json\/wp\/v2\/types\/post"}],"author":[{"embeddable":true,"href":"https:\/\/noticiasribeiraopreto.com.br\/index.php\/wp-json\/wp\/v2\/users\/1"}],"replies":[{"embeddable":true,"href":"https:\/\/noticiasribeiraopreto.com.br\/index.php\/wp-json\/wp\/v2\/comments?post=69501"}],"version-history":[{"count":0,"href":"https:\/\/noticiasribeiraopreto.com.br\/index.php\/wp-json\/wp\/v2\/posts\/69501\/revisions"}],"wp:featuredmedia":[{"embeddable":true,"href":"https:\/\/noticiasribeiraopreto.com.br\/index.php\/wp-json\/wp\/v2\/media\/69502"}],"wp:attachment":[{"href":"https:\/\/noticiasribeiraopreto.com.br\/index.php\/wp-json\/wp\/v2\/media?parent=69501"}],"wp:term":[{"taxonomy":"category","embeddable":true,"href":"https:\/\/noticiasribeiraopreto.com.br\/index.php\/wp-json\/wp\/v2\/categories?post=69501"},{"taxonomy":"post_tag","embeddable":true,"href":"https:\/\/noticiasribeiraopreto.com.br\/index.php\/wp-json\/wp\/v2\/tags?post=69501"}],"curies":[{"name":"wp","href":"https:\/\/api.w.org\/{rel}","templated":true}]}}