{"id":69503,"date":"2025-05-06T20:05:53","date_gmt":"2025-05-06T23:05:53","guid":{"rendered":"https:\/\/noticiasribeiraopreto.com.br\/index.php\/2025\/05\/06\/dia-das-maes-impulsiona-vendas-em-ribeirao-veja-como-se-proteger-de-fraudes\/"},"modified":"2025-05-06T20:05:53","modified_gmt":"2025-05-06T23:05:53","slug":"dia-das-maes-impulsiona-vendas-em-ribeirao-veja-como-se-proteger-de-fraudes","status":"publish","type":"post","link":"https:\/\/noticiasribeiraopreto.com.br\/index.php\/2025\/05\/06\/dia-das-maes-impulsiona-vendas-em-ribeirao-veja-como-se-proteger-de-fraudes\/","title":{"rendered":"Dia das M\u00e3es impulsiona vendas em Ribeir\u00e3o; Veja como se proteger de fraudes"},"content":{"rendered":"<p> <br \/>\n<\/p>\n<div>\n<p>Celebrado neste domingo (11), o <strong>Dia das M\u00e3es<\/strong> deve movimentar o com\u00e9rcio de todo o pa\u00eds. Em <strong>Ribeir\u00e3o Preto<\/strong>, por exemplo, um levantamento do <strong>Sincovarp (Sindicato do Com\u00e9rcio Varejista)<\/strong> e da <strong>CDL RP (C\u00e2mara de Dirigentes Lojistas)<\/strong>, projeta <strong>alta de 1,5% nas vendas de maio<\/strong> de 2025.<\/p>\n<p>\u00c9 importante ressaltar que, embora o <strong>Dia das M\u00e3es<\/strong> seja considerado a <strong>segunda data mais importante do varejo<\/strong>, o otimismo no munic\u00edpio se deve tamb\u00e9m a outros dois fatores: <strong>Agrishow <\/strong>e <strong>Ribeir\u00e3o Rodeo Music<\/strong>.<\/p>\n<h2 class=\"wp-block-heading\"><strong>O que as pessoas v\u00e3o comprar?<\/strong><\/h2>\n<p>Ainda de acordo com o levantamento, <mark style=\"background-color:#fcb900\" class=\"has-inline-color\"><strong>81% dos consumidores ribeir\u00e3o-pretanos<\/strong> pretendem ir \u00e0s compras para o <strong>Dia das M\u00e3es<\/strong><\/mark>. O t\u00edquete m\u00e9dio do presente deve variar de <strong>R$ 200 <\/strong>a <strong>R$ 300<\/strong>. Entre os presentes mais procurados est\u00e3o:<\/p>\n<ul class=\"wp-block-list\">\n<li>Produtos como joias (+33,7%)<\/li>\n<\/ul>\n<p>Al\u00e9m desses j\u00e1 citados, tamb\u00e9m devem ser campe\u00f5es de procura: <strong>roupas<\/strong>, <strong>cal\u00e7ados<\/strong>, <strong>acess\u00f3rios<\/strong>, <strong>flores<\/strong>, <strong>artigos de decora\u00e7\u00e3o<\/strong>, <strong>eletr\u00f4nicos <\/strong>e <strong>eletrodom\u00e9sticos<\/strong>. A data tamb\u00e9m deve trazer movimenta\u00e7\u00e3o importante no setor de restaurantes e bares.<\/p>\n<h2 class=\"wp-block-heading\"><strong>Vai comprar online? Veja como se proteger<\/strong><\/h2>\n<p>Devido \u00e0 expectativa de vendas \u2013 um atrativo consider\u00e1vel para os golpistas \u2013 a <strong>ABBC (Associa\u00e7\u00e3o Brasileira de Bancos)<\/strong> lan\u00e7ou a campanha \u201cTem Cara de Golpe\u201d, destacando algumas das <strong>fraudes <\/strong>mais comuns praticadas pelos estelionat\u00e1rios e com orienta\u00e7\u00f5es para a seguran\u00e7a das compras.<\/p>\n<p>A principal dica da associa\u00e7\u00e3o \u00e9 para que os consumidores <strong>ativem os mecanismos de seguran\u00e7a<\/strong> em seus dispositivos, como a autentica\u00e7\u00e3o em duas etapas, a prote\u00e7\u00e3o de aplicativos banc\u00e1rios e o bloqueio remoto.<\/p>\n<h3 class=\"wp-block-heading\"><strong>Veja quais s\u00e3o os golpes mais comuns durante o Dia das M\u00e3es:<\/strong><\/h3>\n<h4 class=\"wp-block-heading\"><strong><mark style=\"background-color:#fcb900\" class=\"has-inline-color\">Entrega de brindes ou presentes com maquininha manipulada<\/mark><\/strong><\/h4>\n<p>A entrega de brindes ou presentes na resid\u00eancia das v\u00edtimas <strong>pode ser o in\u00edcio de uma tentativa de fraude<\/strong>. Os golpistas se passam por representantes de lojas de roupas, perfumarias ou supermercados, com a alega\u00e7\u00e3o de que a pessoa ganhou um presente ou brinde especial pelo <strong>Dia das M\u00e3es<\/strong>.<\/p>\n<p>Para finalizar a entrega, podem pedir o pagamento de uma suposta taxa \u2013 cuja \u00fanica forma de pagamento \u00e9 por cart\u00e3o de cr\u00e9dito ou d\u00e9bito \u2013 e ent\u00e3o apresentam uma maquininha de cart\u00e3o com o visor quebrado ou pouco vis\u00edvel, levando a v\u00edtima a pagar um valor muito maior do que o informado.<\/p>\n<h4 class=\"wp-block-heading\"><strong><mark style=\"background-color:#fcb900\" class=\"has-inline-color\">Golpe do falso pedido online<\/mark><\/strong><\/h4>\n<p>Com a populariza\u00e7\u00e3o das compras online, <strong>golpes envolvendo falsos sites de e-commerce aumentam significativamente <\/strong>durante o per\u00edodo do <strong>Dia das M\u00e3es<\/strong>. Os criminosos criam sites falsos ou clonam p\u00e1ginas de lojas conhecidas, oferecendo grandes descontos para atrair consumidores.<\/p>\n<p>Ap\u00f3s o pagamento \u2013 geralmente por Pix \u2013 o produto n\u00e3o \u00e9 entregue, e os dados da v\u00edtima e do cart\u00e3o banc\u00e1rio podem ser utilizados em transa\u00e7\u00f5es indevidas. H\u00e1 casos em que os golpistas orientam a v\u00edtima a <strong>realizar o pagamento por meio de boleto<\/strong>, mas o recurso \u00e9 destinado a contas controladas pela quadrilha, e o produto nunca \u00e9 entregue.<\/p>\n<p>Para evitar esse tipo de situa\u00e7\u00e3o, \u00e9 fundamental verificar a reputa\u00e7\u00e3o do site, conferir se h\u00e1 certificados de seguran\u00e7a e preferir compras em lojas reconhecidas, digitando o endere\u00e7o da p\u00e1gina oficial diretamente no navegador. <strong>Antes de pagar um boleto, \u00e9 essencial conferir todos os dados do benefici\u00e1rio.<\/strong><\/p>\n<h4 class=\"wp-block-heading\"><strong><mark style=\"background-color:#fcb900\" class=\"has-inline-color\">Golpe da falsa central de atendimento<\/mark><\/strong><\/h4>\n<p>Neste caso, os criminosos <strong>entram em contato com consumidores<\/strong> se passando por funcion\u00e1rios de institui\u00e7\u00f5es financeiras ou operadoras de cart\u00e3o de cr\u00e9dito. Alegam que houve uma tentativa de compra suspeita ou pedem a confirma\u00e7\u00e3o de dados banc\u00e1rios.<\/p>\n<p>A partir dessas informa\u00e7\u00f5es, os golpistas podem acessar contas, realizar transfer\u00eancias ou fazer compras com os dados dos cart\u00f5es. Os bancos n\u00e3o solicitam senhas, dados do cart\u00e3o de cr\u00e9dito ou c\u00f3digos de seguran\u00e7a por telefone. Qualquer contato suspeito deve ser ignorado e o consumidor deve procurar o canal oficial da institui\u00e7\u00e3o financeira.<\/p>\n<h4 class=\"wp-block-heading\"><strong><mark style=\"background-color:#fcb900\" class=\"has-inline-color\">Golpe com mensagens de texto falsas (SMS)<\/mark><\/strong><\/h4>\n<p>Diariamente, <strong>golpistas enviam milh\u00f5es de mensagens de texto falsas<\/strong>, sempre com alguma abordagem urgente, como: \u201cresgate agora os pontos do seu cart\u00e3o de cr\u00e9dito\u201d, \u201cacesse este link e confira uma promo\u00e7\u00e3o imperd\u00edvel que preparamos para voc\u00ea\u201d ou \u201ccompra aprovada no seu cart\u00e3o de cr\u00e9dito, clique aqui para cancelar\u201d.<\/p>\n<p>Ao clicar nesses links fraudulentos, a v\u00edtima \u00e9 redirecionada para uma p\u00e1gina muito semelhante \u00e0 de uma loja ou institui\u00e7\u00e3o financeira verdadeira.<\/p>\n<p>Os criminosos podem solicitar o preenchimento de formul\u00e1rios com dados como CPF, telefone, n\u00famero do cart\u00e3o, ag\u00eancia, conta, senha e at\u00e9 uma selfie. Com essas informa\u00e7\u00f5es, conseguem causar preju\u00edzos financeiros consider\u00e1veis \u00e0s v\u00edtimas.<\/p>\n<p>Na d\u00favida, fale diretamente com seu gerente ou com a central de atendimento oficial da sua institui\u00e7\u00e3o financeira.<\/p>\n<h2 class=\"wp-block-heading\"><strong>O que fazer se eu cair em um golpe?<\/strong><\/h2>\n<p>No caso de cair em um <strong>golpe<\/strong>, o consumidor deve notificar imediatamente o banco ou a operadora de cart\u00e3o pelos canais oficiais, al\u00e9m de registrar um <strong>boletim de ocorr\u00eancia<\/strong>.<\/p>\n<p>Assim, uma outra recomenda\u00e7\u00e3o \u00e9 comunicar a operadora de telefonia em caso de smartphone roubado, perdido ou furtado. Tamb\u00e9m deve-se bloquear completamente o dispositivo para evitar o uso indevido de aplicativos financeiros.<\/p>\n<p><em>*Com informa\u00e7\u00f5es da Ag\u00eancia Brasil<\/em><\/p>\n<hr class=\"wp-block-separator has-alpha-channel-opacity\"\/>\n<p>SAIBA MAIS<\/p>\n<p>M\u00e3es t\u00eam entrada gratuita em parque aqu\u00e1tico no fim de semana; Veja onde <mark style=\"background-color:#ffffff\" class=\"has-inline-color has-white-color\">contudo,<\/mark><\/p>\n<h2 class=\"wp-block-heading\"><strong>FIQUE ON<\/strong><\/h2>\n<p>Fique ligado em tudo que acontece em Ribeir\u00e3o Preto e regi\u00e3o. Siga os perfis do<strong>\u00a0acidade on\u00a0<\/strong>no<a href=\"https:\/\/www.instagram.com\/acidadeonribeirao\">\u00a0Instagram<\/a>\u00a0e no\u00a0<a href=\"https:\/\/www.facebook.com\/acidadeonribeirao\/\">Facebook.<\/a><\/p>\n<p>Receba not\u00edcias do\u00a0<strong>acidade on\u00a0<\/strong>no WhatsApp.\u00a0<a href=\"https:\/\/chat.whatsapp.com\/BjKQZ9oJwlz8VVT50NuePq\">Para entrar no grupo, basta clicar aqui.<\/a><\/p>\n<p>Fa\u00e7a uma den\u00fancia ou sugira uma reportagem sobre Ribeir\u00e3o Preto e regi\u00e3o pelo WhatsApp: 16 99117 7802.<\/p>\n<p>VEJA TAMB\u00c9M<\/p>\n<p>O que Madonna escreveu no livro de ouro do Copacabana Palace? <mark style=\"background-color:#ffffff\" class=\"has-inline-color has-white-color\">contudo,<\/mark><\/p>\n<p><!-- CONTENT END 1 -->\n<\/div>\n<p><script async src=\"\/\/www.instagram.com\/embed.js\"><\/script><br \/>\n<br \/><br \/>\n<br \/><a href=\"https:\/\/www.acidadeon.com\/ribeiraopreto\/economia\/dia-das-maes-impulsiona-vendas-em-ribeirao-veja-como-se-proteger-de-fraudes\/\">Source link <\/a><\/p>\n","protected":false},"excerpt":{"rendered":"<p>Celebrado neste domingo (11), o Dia das M\u00e3es deve movimentar o com\u00e9rcio de todo o pa\u00eds. Em Ribeir\u00e3o Preto, por exemplo, um levantamento do Sincovarp&#8230;<\/p>\n","protected":false},"author":1,"featured_media":69504,"comment_status":"open","ping_status":"open","sticky":false,"template":"","format":"standard","meta":{"advanced_seo_description":"","jetpack_seo_html_title":"","jetpack_seo_noindex":false,"jetpack_post_was_ever_published":false,"_jetpack_newsletter_access":"","_jetpack_dont_email_post_to_subs":false,"_jetpack_newsletter_tier_id":0,"_jetpack_memberships_contains_paywalled_content":false,"_jetpack_memberships_contains_paid_content":false,"footnotes":"","jetpack_publicize_message":"","jetpack_publicize_feature_enabled":true,"jetpack_social_post_already_shared":true,"jetpack_social_options":{"image_generator_settings":{"template":"highway","default_image_id":0,"font":"","enabled":false},"version":2}},"categories":[11],"tags":[],"class_list":["post-69503","post","type-post","status-publish","format-standard","has-post-thumbnail","hentry","category-noticias-de-ribeirao-preto-sp-e-regiao-ismael-colosi"],"jetpack_publicize_connections":[],"jetpack_featured_media_url":"https:\/\/i0.wp.com\/noticiasribeiraopreto.com.br\/wp-content\/uploads\/2025\/05\/caged.jpg?fit=1623%2C1080&ssl=1","jetpack-related-posts":[{"id":69829,"url":"https:\/\/noticiasribeiraopreto.com.br\/index.php\/2025\/05\/09\/lojas-atenderao-ate-as-22-horas\/","url_meta":{"origin":69503,"position":0},"title":"Lojas atender\u00e3o at\u00e9 as 22 horas \u00a0","author":"noticiasribeiraopreto.com.br","date":"9 de May de 2025","format":false,"excerpt":"9 de maio de 2025 15:079 de maio de 2025 15:0910 Compartilhar0 Presidente do Sincovarp, Paulo Cesar Garcia Lopes (Divulga\u00e7\u00e3o) O Sindicato do Com\u00e9rcio Varejista de Ribeir\u00e3o e Regi\u00e3o (Sincovarp) \u2013 atende 43 cidades \u2013 e a C\u00e2mara de Dirigentes Lojistas (CDL RP) anunciam que a abertura do varejo tradicional\u2026","rel":"","context":"In &quot;Not\u00edcias de Ribeir\u00e3o Preto-SP e Regi\u00e3o&quot;","block_context":{"text":"Not\u00edcias de Ribeir\u00e3o Preto-SP e Regi\u00e3o","link":"https:\/\/noticiasribeiraopreto.com.br\/index.php\/category\/noticias-de-ribeirao-preto-sp-e-regiao-ismael-colosi\/"},"img":{"alt_text":"","src":"https:\/\/i0.wp.com\/noticiasribeiraopreto.com.br\/wp-content\/uploads\/2025\/05\/ComercioRP-Alfredo-Risk-2-scaled.jpg?fit=1200%2C800&ssl=1&resize=350%2C200","width":350,"height":200,"srcset":"https:\/\/i0.wp.com\/noticiasribeiraopreto.com.br\/wp-content\/uploads\/2025\/05\/ComercioRP-Alfredo-Risk-2-scaled.jpg?fit=1200%2C800&ssl=1&resize=350%2C200 1x, https:\/\/i0.wp.com\/noticiasribeiraopreto.com.br\/wp-content\/uploads\/2025\/05\/ComercioRP-Alfredo-Risk-2-scaled.jpg?fit=1200%2C800&ssl=1&resize=525%2C300 1.5x, https:\/\/i0.wp.com\/noticiasribeiraopreto.com.br\/wp-content\/uploads\/2025\/05\/ComercioRP-Alfredo-Risk-2-scaled.jpg?fit=1200%2C800&ssl=1&resize=700%2C400 2x, https:\/\/i0.wp.com\/noticiasribeiraopreto.com.br\/wp-content\/uploads\/2025\/05\/ComercioRP-Alfredo-Risk-2-scaled.jpg?fit=1200%2C800&ssl=1&resize=1050%2C600 3x"},"classes":[]},{"id":80267,"url":"https:\/\/noticiasribeiraopreto.com.br\/index.php\/2025\/11\/18\/black-friday-deve-aumentar-vendas-do-comercio-de-ribeirao-preto-em-ate-7\/","url_meta":{"origin":69503,"position":1},"title":"Black Friday deve aumentar vendas do com\u00e9rcio de Ribeir\u00e3o Preto em at\u00e9 7%","author":"noticiasribeiraopreto.com.br","date":"18 de November de 2025","format":false,"excerpt":"A Black Friday, que acontece no dia 28 de novembro, deve aumentar as vendas do com\u00e9rcio de Ribeir\u00e3o Preto em at\u00e9 7%, segundo levantamento do Centro de Pesquisas do Varejo, do Sincovarp. O ticket-m\u00e9dio pago pelo consumidor na cidade deve variar entre R$ 300 e R$ 350, para produtos de\u2026","rel":"","context":"In &quot;Not\u00edcias de Ribeir\u00e3o Preto-SP e Regi\u00e3o&quot;","block_context":{"text":"Not\u00edcias de Ribeir\u00e3o Preto-SP e Regi\u00e3o","link":"https:\/\/noticiasribeiraopreto.com.br\/index.php\/category\/noticias-de-ribeirao-preto-sp-e-regiao-ismael-colosi\/"},"img":{"alt_text":"","src":"https:\/\/i0.wp.com\/noticiasribeiraopreto.com.br\/wp-content\/uploads\/2024\/12\/CALCADAO_2024-06-18_13-51-25_jpg_2024-06-18_13-51-25.webp.webp?fit=1200%2C756&ssl=1&resize=350%2C200","width":350,"height":200,"srcset":"https:\/\/i0.wp.com\/noticiasribeiraopreto.com.br\/wp-content\/uploads\/2024\/12\/CALCADAO_2024-06-18_13-51-25_jpg_2024-06-18_13-51-25.webp.webp?fit=1200%2C756&ssl=1&resize=350%2C200 1x, https:\/\/i0.wp.com\/noticiasribeiraopreto.com.br\/wp-content\/uploads\/2024\/12\/CALCADAO_2024-06-18_13-51-25_jpg_2024-06-18_13-51-25.webp.webp?fit=1200%2C756&ssl=1&resize=525%2C300 1.5x, https:\/\/i0.wp.com\/noticiasribeiraopreto.com.br\/wp-content\/uploads\/2024\/12\/CALCADAO_2024-06-18_13-51-25_jpg_2024-06-18_13-51-25.webp.webp?fit=1200%2C756&ssl=1&resize=700%2C400 2x, https:\/\/i0.wp.com\/noticiasribeiraopreto.com.br\/wp-content\/uploads\/2024\/12\/CALCADAO_2024-06-18_13-51-25_jpg_2024-06-18_13-51-25.webp.webp?fit=1200%2C756&ssl=1&resize=1050%2C600 3x"},"classes":[]},{"id":49443,"url":"https:\/\/noticiasribeiraopreto.com.br\/index.php\/2024\/05\/10\/area-azul-em-ribeirao-preto-sera-gratuita-na-vespera-do-dia-das-maes\/","url_meta":{"origin":69503,"position":2},"title":"\u00c1rea Azul em Ribeir\u00e3o Preto ser\u00e1 gratuita na v\u00e9spera do \u2018Dia das M\u00e3es\u2019","author":"noticiasribeiraopreto.com.br","date":"10 de May de 2024","format":false,"excerpt":"A cobran\u00e7a do estacionamento na \u00c1rea Azul da regi\u00e3o Central de Ribeir\u00e3o Preto e imedia\u00e7\u00f5es das avenidas Saudade e Dom Pedro I ser\u00e1 suspensa neste s\u00e1bado (11), v\u00e9spera do \u201cDia das M\u00e3es\u201d. O an\u00fancio foi feito na tarde desta sexta-feira (10) pela Acirp (Associa\u00e7\u00e3o Comercial e Industrial de Ribeir\u00e3o Preto),\u2026","rel":"","context":"In &quot;Not\u00edcias de Ribeir\u00e3o Preto-SP e Regi\u00e3o&quot;","block_context":{"text":"Not\u00edcias de Ribeir\u00e3o Preto-SP e Regi\u00e3o","link":"https:\/\/noticiasribeiraopreto.com.br\/index.php\/category\/noticias-de-ribeirao-preto-sp-e-regiao-ismael-colosi\/"},"img":{"alt_text":"","src":"https:\/\/i0.wp.com\/noticiasribeiraopreto.com.br\/wp-content\/uploads\/2024\/05\/area-azul-saudade-22_2024-05-10_19-01-22_jpg_2024-05-10_19-01-22.webp.webp?fit=960%2C693&ssl=1&resize=350%2C200","width":350,"height":200,"srcset":"https:\/\/i0.wp.com\/noticiasribeiraopreto.com.br\/wp-content\/uploads\/2024\/05\/area-azul-saudade-22_2024-05-10_19-01-22_jpg_2024-05-10_19-01-22.webp.webp?fit=960%2C693&ssl=1&resize=350%2C200 1x, https:\/\/i0.wp.com\/noticiasribeiraopreto.com.br\/wp-content\/uploads\/2024\/05\/area-azul-saudade-22_2024-05-10_19-01-22_jpg_2024-05-10_19-01-22.webp.webp?fit=960%2C693&ssl=1&resize=525%2C300 1.5x, https:\/\/i0.wp.com\/noticiasribeiraopreto.com.br\/wp-content\/uploads\/2024\/05\/area-azul-saudade-22_2024-05-10_19-01-22_jpg_2024-05-10_19-01-22.webp.webp?fit=960%2C693&ssl=1&resize=700%2C400 2x"},"classes":[]},{"id":69604,"url":"https:\/\/noticiasribeiraopreto.com.br\/index.php\/2025\/05\/07\/dia-das-maes-em-ribeirao-preto-movimento-nos-restaurantes-e-bares-deve-crescer-30\/","url_meta":{"origin":69503,"position":3},"title":"Dia das M\u00e3es em Ribeir\u00e3o Preto: movimento nos restaurantes e bares deve crescer 30%","author":"noticiasribeiraopreto.com.br","date":"7 de May de 2025","format":false,"excerpt":"O Dia das M\u00e3es, comemorado no pr\u00f3ximo domingo (11), deve aumentar em 30% o movimento em bares e restaurantes de Ribeir\u00e3o Preto. A estimativa \u00e9 da Abrasel (Associa\u00e7\u00e3o Brasileira de Bares e Restaurantes) Alta Mogiana, que prev\u00ea o aumento em compara\u00e7\u00e3o com os domingos convencionais. A estimativa tem como base\u2026","rel":"","context":"In &quot;Not\u00edcias de Ribeir\u00e3o Preto-SP e Regi\u00e3o&quot;","block_context":{"text":"Not\u00edcias de Ribeir\u00e3o Preto-SP e Regi\u00e3o","link":"https:\/\/noticiasribeiraopreto.com.br\/index.php\/category\/noticias-de-ribeirao-preto-sp-e-regiao-ismael-colosi\/"},"img":{"alt_text":"","src":"https:\/\/i0.wp.com\/noticiasribeiraopreto.com.br\/wp-content\/uploads\/2025\/05\/restaurantes_2025-05-07_14-57-27.webp.webp?fit=1117%2C744&ssl=1&resize=350%2C200","width":350,"height":200,"srcset":"https:\/\/i0.wp.com\/noticiasribeiraopreto.com.br\/wp-content\/uploads\/2025\/05\/restaurantes_2025-05-07_14-57-27.webp.webp?fit=1117%2C744&ssl=1&resize=350%2C200 1x, https:\/\/i0.wp.com\/noticiasribeiraopreto.com.br\/wp-content\/uploads\/2025\/05\/restaurantes_2025-05-07_14-57-27.webp.webp?fit=1117%2C744&ssl=1&resize=525%2C300 1.5x, https:\/\/i0.wp.com\/noticiasribeiraopreto.com.br\/wp-content\/uploads\/2025\/05\/restaurantes_2025-05-07_14-57-27.webp.webp?fit=1117%2C744&ssl=1&resize=700%2C400 2x, https:\/\/i0.wp.com\/noticiasribeiraopreto.com.br\/wp-content\/uploads\/2025\/05\/restaurantes_2025-05-07_14-57-27.webp.webp?fit=1117%2C744&ssl=1&resize=1050%2C600 3x"},"classes":[]},{"id":42446,"url":"https:\/\/noticiasribeiraopreto.com.br\/index.php\/2024\/03\/14\/rp-comercio-cresce-31-em-fevereiro\/","url_meta":{"origin":69503,"position":4},"title":"RP: Com\u00e9rcio cresce 3,1% em fevereiro\u00a0","author":"noticiasribeiraopreto.com.br","date":"14 de March de 2024","format":false,"excerpt":"Depois de registrar crescimento m\u00e9dio de 0,72% no acumulado do ano passado, em compara\u00e7\u00e3o com 2022, as vendas nas lojas ribeir\u00e3o-pretanas dispararam 7,3% em janeiro e, em fevereiro, cresceram 3,1% em rela\u00e7\u00e3o ao mesmo per\u00edodo de 2023, aponta levantamento do Centro de Pesquisas do Varejo (CPV), mantido pelo Sindicato do\u2026","rel":"","context":"In &quot;Not\u00edcias de Ribeir\u00e3o Preto-SP e Regi\u00e3o&quot;","block_context":{"text":"Not\u00edcias de Ribeir\u00e3o Preto-SP e Regi\u00e3o","link":"https:\/\/noticiasribeiraopreto.com.br\/index.php\/category\/noticias-de-ribeirao-preto-sp-e-regiao-ismael-colosi\/"},"img":{"alt_text":"","src":"https:\/\/i0.wp.com\/noticiasribeiraopreto.com.br\/wp-content\/uploads\/2024\/03\/8fdb1231-4850-46f2-86dd-055bc4f20df7.jpg?fit=620%2C351&ssl=1&resize=350%2C200","width":350,"height":200,"srcset":"https:\/\/i0.wp.com\/noticiasribeiraopreto.com.br\/wp-content\/uploads\/2024\/03\/8fdb1231-4850-46f2-86dd-055bc4f20df7.jpg?fit=620%2C351&ssl=1&resize=350%2C200 1x, https:\/\/i0.wp.com\/noticiasribeiraopreto.com.br\/wp-content\/uploads\/2024\/03\/8fdb1231-4850-46f2-86dd-055bc4f20df7.jpg?fit=620%2C351&ssl=1&resize=525%2C300 1.5x"},"classes":[]},{"id":49571,"url":"https:\/\/noticiasribeiraopreto.com.br\/index.php\/2024\/05\/11\/parques-aquaticos-da-regiao-terao-entrada-gratuita-no-dia-das-maes-veja-quais-sao\/","url_meta":{"origin":69503,"position":5},"title":"Parques aqu\u00e1ticos da regi\u00e3o ter\u00e3o entrada gratuita no Dia das M\u00e3es; Veja quais s\u00e3o","author":"noticiasribeiraopreto.com.br","date":"11 de May de 2024","format":false,"excerpt":"Para celebrar o Dia das M\u00e3es, dois parques aqu\u00e1ticos da regi\u00e3o de Ribeir\u00e3o Preto ter\u00e3o entrada gratuita, neste domingo (12), para as mulheres que possu\u00edrem filhos \u2013 veja abaixo. A promo\u00e7\u00e3o \u00e9 v\u00e1lida para Hot Beach, na cidade de Ol\u00edmpia, e para o Barretos Country Park, que fica em Barretos.\u2026","rel":"","context":"In &quot;Not\u00edcias de Ribeir\u00e3o Preto-SP e Regi\u00e3o&quot;","block_context":{"text":"Not\u00edcias de Ribeir\u00e3o Preto-SP e Regi\u00e3o","link":"https:\/\/noticiasribeiraopreto.com.br\/index.php\/category\/noticias-de-ribeirao-preto-sp-e-regiao-ismael-colosi\/"},"img":{"alt_text":"","src":"https:\/\/i0.wp.com\/noticiasribeiraopreto.com.br\/wp-content\/uploads\/2024\/05\/parents-teaching-theri-daughter-swim-looking-involved_2024-05-11_15-47-08_jpg_2024-05-11_15-47-11-scaled.webp.webp?fit=1200%2C798&ssl=1&resize=350%2C200","width":350,"height":200,"srcset":"https:\/\/i0.wp.com\/noticiasribeiraopreto.com.br\/wp-content\/uploads\/2024\/05\/parents-teaching-theri-daughter-swim-looking-involved_2024-05-11_15-47-08_jpg_2024-05-11_15-47-11-scaled.webp.webp?fit=1200%2C798&ssl=1&resize=350%2C200 1x, https:\/\/i0.wp.com\/noticiasribeiraopreto.com.br\/wp-content\/uploads\/2024\/05\/parents-teaching-theri-daughter-swim-looking-involved_2024-05-11_15-47-08_jpg_2024-05-11_15-47-11-scaled.webp.webp?fit=1200%2C798&ssl=1&resize=525%2C300 1.5x, https:\/\/i0.wp.com\/noticiasribeiraopreto.com.br\/wp-content\/uploads\/2024\/05\/parents-teaching-theri-daughter-swim-looking-involved_2024-05-11_15-47-08_jpg_2024-05-11_15-47-11-scaled.webp.webp?fit=1200%2C798&ssl=1&resize=700%2C400 2x, https:\/\/i0.wp.com\/noticiasribeiraopreto.com.br\/wp-content\/uploads\/2024\/05\/parents-teaching-theri-daughter-swim-looking-involved_2024-05-11_15-47-08_jpg_2024-05-11_15-47-11-scaled.webp.webp?fit=1200%2C798&ssl=1&resize=1050%2C600 3x"},"classes":[]}],"jetpack_sharing_enabled":true,"jetpack_shortlink":"https:\/\/wp.me\/peQAOb-i51","_links":{"self":[{"href":"https:\/\/noticiasribeiraopreto.com.br\/index.php\/wp-json\/wp\/v2\/posts\/69503","targetHints":{"allow":["GET"]}}],"collection":[{"href":"https:\/\/noticiasribeiraopreto.com.br\/index.php\/wp-json\/wp\/v2\/posts"}],"about":[{"href":"https:\/\/noticiasribeiraopreto.com.br\/index.php\/wp-json\/wp\/v2\/types\/post"}],"author":[{"embeddable":true,"href":"https:\/\/noticiasribeiraopreto.com.br\/index.php\/wp-json\/wp\/v2\/users\/1"}],"replies":[{"embeddable":true,"href":"https:\/\/noticiasribeiraopreto.com.br\/index.php\/wp-json\/wp\/v2\/comments?post=69503"}],"version-history":[{"count":0,"href":"https:\/\/noticiasribeiraopreto.com.br\/index.php\/wp-json\/wp\/v2\/posts\/69503\/revisions"}],"wp:featuredmedia":[{"embeddable":true,"href":"https:\/\/noticiasribeiraopreto.com.br\/index.php\/wp-json\/wp\/v2\/media\/69504"}],"wp:attachment":[{"href":"https:\/\/noticiasribeiraopreto.com.br\/index.php\/wp-json\/wp\/v2\/media?parent=69503"}],"wp:term":[{"taxonomy":"category","embeddable":true,"href":"https:\/\/noticiasribeiraopreto.com.br\/index.php\/wp-json\/wp\/v2\/categories?post=69503"},{"taxonomy":"post_tag","embeddable":true,"href":"https:\/\/noticiasribeiraopreto.com.br\/index.php\/wp-json\/wp\/v2\/tags?post=69503"}],"curies":[{"name":"wp","href":"https:\/\/api.w.org\/{rel}","templated":true}]}}