{"id":69505,"date":"2025-05-06T20:26:34","date_gmt":"2025-05-06T23:26:34","guid":{"rendered":"https:\/\/noticiasribeiraopreto.com.br\/index.php\/2025\/05\/06\/jornal-da-franca-veja-as-tres-cervejas-brasileiras-ficaram-entre-as-melhores-em-concurso-mundial\/"},"modified":"2025-05-06T20:26:34","modified_gmt":"2025-05-06T23:26:34","slug":"jornal-da-franca-veja-as-tres-cervejas-brasileiras-ficaram-entre-as-melhores-em-concurso-mundial","status":"publish","type":"post","link":"https:\/\/noticiasribeiraopreto.com.br\/index.php\/2025\/05\/06\/jornal-da-franca-veja-as-tres-cervejas-brasileiras-ficaram-entre-as-melhores-em-concurso-mundial\/","title":{"rendered":"Jornal da Franca &#8211; Veja as tr\u00eas cervejas brasileiras ficaram entre as melhores em concurso mundial"},"content":{"rendered":"<p> <br \/>\n<\/p>\n<div>\n\t                            <a class=\"mb-1\" href=\"https:\/\/api.whatsapp.com\/send?text=Olha essa Not\u00edcia no Jornal da Franca.%0D%0D*Veja as tr\u00eas cervejas brasileiras ficaram entre as melhores em concurso mundial*%0D%0Dclique na url abaixo%0Dhttps:\/\/www.jornaldafranca.com.br\/veja-as-tres-cervejas-brasileiras-ficaram-entre-as-melhores-do-mundo-em-2025\/\" target=\"_blank\"><span class=\"text-12 badge badge-pill badge-success\"><i class=\"fa fa-whatsapp\"\/> compartilhar no whatsapp<\/span><\/a><\/p>\n<p>\t                            <a class=\"mb-1\" href=\"https:\/\/telegram.me\/share\/url?url=https:\/\/www.jornaldafranca.com.br\/veja-as-tres-cervejas-brasileiras-ficaram-entre-as-melhores-do-mundo-em-2025\/&amp;text=Olha essa Not\u00edcia no Jornal da Franca.\" target=\"_blank\"><span class=\"text-12 badge badge-pill badge-info\"><i class=\"fa fa-telegram\"\/> compartilhar no telegram<\/span><\/a><\/p>\n<p>\t                            <a class=\"mb-1\" href=\"https:\/\/www.facebook.com\/sharer\/sharer.php?u=https:\/\/www.jornaldafranca.com.br\/veja-as-tres-cervejas-brasileiras-ficaram-entre-as-melhores-do-mundo-em-2025\/\" target=\"_blank\"><span class=\"text-12 badge badge-pill badge-primary\"><i class=\"fa fa-facebook\"\/> compartilhar no facebook<\/span><\/a><\/p>\n<p>\t                            <a class=\"mb-1\" href=\"https:\/\/www.linkedin.com\/shareArticle?mini=true&amp;url=https:\/\/www.jornaldafranca.com.br\/veja-as-tres-cervejas-brasileiras-ficaram-entre-as-melhores-do-mundo-em-2025\/&amp;title=Veja as tr\u00eas cervejas brasileiras ficaram entre as melhores em concurso mundial&amp;source=JORNAL DA FRANCA\" target=\"_blank\"><span class=\"text-12 badge badge-pill badge-secondary\"><i class=\"fa fa-linkedin\"\/> compartilhar no linkedin<\/span><\/a><\/p>\n<div class=\"lead text-20\">\n<p>Nada de grandes marcas: as cervejas que ficaram entre as melhores do mundo s\u00e3o artesanais, produzidas no interior de S\u00e3o Paulo e no Paran\u00e1<\/p>\n<\/p><\/div>\n<p class=\"second_blur_0\"><img data-recalc-dims=\"1\" decoding=\"async\" src=\"https:\/\/i0.wp.com\/www.jornaldafranca.com.br\/wp-content\/uploads\/2025\/05\/01-Canoa-Quebrada.jpg?ssl=1\" alt=\"\"\/><\/p>\n<p class=\"second_blur_0\">Tr\u00eas cervejas artesanais brasileiras foram premiadas no\u00a0maior concurso cervejeiro do mundo\u00a0e trouxeram para a casa\u00a0medalhas de ouro. Os resultados foram divulgados na \u00faltima quinta-feira (1\u00ba) e fazem parte da edi\u00e7\u00e3o de 2025 do\u00a0World Beer Cup, realizado em Indian\u00e1polis, nos Estados Unidos.<\/p>\n<div id=\"mid2\" class=\"custom__ad__element\" data-google-query-id=\"CMKeroyvjI0DFcRI3QIdHNgkpg\">\n<p>A cervejaria 277 Craft Beer, de Foz do Igua\u00e7u (PR), emplacou duas cervejas no campeonato. A cerveja Quadruppel 277\u00a0levou a melhor na categoria Belgian-Style Strong Specialty Ale e a\u00a0Canoa Quebrada\u00a0foi o destaque na categoria Gose.<\/p>\n<\/div>\n<p>J\u00e1 a Sim! Cerveja, de Campinas (SP), ganhou a honraria m\u00e1xima na categoria Specialty Non-Alcohol Beer com o r\u00f3tulo\u00a0Melancia SOUR\u2019n Salt. A cervejaria artesanal consta como a primeira do pa\u00eds focada integralmente na produ\u00e7\u00e3o de cervejas sem \u00e1lcool com uma planta pr\u00f3pria.<\/p>\n<p>As avalia\u00e7\u00f5es da\u00a016\u00aa edi\u00e7\u00e3o do World Beer Cup\u00a0foram feitas por um painel de 265 ju\u00edzes de 37 pa\u00edses. No total, foram avaliadas 8.375 cervejas de 1.761 cervejarias de 49 pa\u00edses. Como resultado, 334 r\u00f3tulos foram premiados em 112 categorias de estilos de cerveja.<\/p>\n<p><strong>As ganhadoras brasileiras<\/strong><\/p>\n<p>A\u00a0Quadrupel 277 bateu outras 37 cervejas na categoria \u201cCerveja de Estilo Belga Forte Especial\u201d, em tradu\u00e7\u00e3o para o portugu\u00eas. Ela corresponde a uma cerveja escura e intensa com aroma de calda de frutas passas, como t\u00e2maras e ameixas.<\/p>\n<p>Tem tamb\u00e9m notas de vinho do porto e passa por 12 meses de matura\u00e7\u00e3o em barril de Castanheira, cujo uso foi feito previamente para o envelhecimento de cacha\u00e7a. Recebe ainda adi\u00e7\u00e3o de melado.<\/p>\n<div id=\"mid3\" class=\"custom__ad__element\" data-google-query-id=\"CIfJ15OvjI0DFWNouAQdt5IHvQ\">\n<div id=\"notsy_container_50936775\" class=\"CNB_VIDEO_GAM\" data-notsy-container-index=\"1\" data-notsy-mapped-container=\"1\">\n<div id=\"video_20574-container\" class=\"nts-container\" data-mobile=\"0\">\n<div id=\"video_20574-sub-container\" class=\"ym-video--sub-container\">\n<div id=\"video_20574-float-container\" class=\"nts-float-container ym-float-container__sticky\">\n<div class=\"ym-video--player-container\">\n<div id=\"video_20574\" class=\"video-js vjs-default-skin vjs-big-play-centered vjs-paused video_20574-dimensions vjs-fluid vjs-controls-enabled vjs-workinghover vjs-v7 vjs-user-active\" lang=\"pt-br\" tabindex=\"-1\" role=\"region\" aria-label=\"Video Player\">\n<div id=\"video_20574_ima-ad-container\" class=\"video_20574_ima-ad-container ima-ad-container\">\n<p>J\u00e1 a Canoa Quebrada\u00a0\u00e9 inspirada no estilo gose alem\u00e3o, que indica cervejas com leve acidez e com toque salgado. Ela foi a melhor entre as 45 cervejas inscritas na categoria. Clara e com maltes de trigo e cevada, ela tem baixo amargor, \u00e9 \u00e1cida e possui um final salgado. Al\u00e9m disso, foi abrasileirada com a adi\u00e7\u00e3o de caju.<\/p>\n<\/div>\n<\/div>\n<\/div>\n<\/div>\n<\/div>\n<\/div>\n<\/div>\n<\/div>\n<p>Em 2024, a Canoa Quebrada havia ficado com a\u00a0medalha de prata entre \u201cas melhores da melhores\u201d na 4\u00aa Copa Cerveja Brasil, realizada pela Associa\u00e7\u00e3o Brasileira de Cerveja Artesanal (Abracerva). Ambos os r\u00f3tulos da 277 Craft Beer podem ser experimentadas no\u00a0<strong><a href=\"https:\/\/www.instagram.com\/277craftbeer\/\" target=\"_blank\" rel=\"noopener\">bar da cervejaria<\/a><\/strong>\u00a0no centro de Foz do Igua\u00e7u.<\/p>\n<p><strong>Sem \u00e1lcool<\/strong><\/p>\n<p><img data-recalc-dims=\"1\" decoding=\"async\" src=\"https:\/\/i0.wp.com\/www.jornaldafranca.com.br\/wp-content\/uploads\/2025\/05\/02-Sem-alcool.jpg?ssl=1\" alt=\"\"\/>Por fim, a\u00a0Melancia SOUR\u2019n Salt, produzida pela Sim! Cerveja no\u00a0interior de S\u00e3o Paulo, ficou com a medalha de ouro entre as 35 inscri\u00e7\u00f5es da categoria \u201cCerveja especial sem \u00e1lcool\u201d.<\/p>\n<p>Ela \u00e9 avermelhada e levemente turva, em que leva \u00e1gua, malte de cevada, l\u00fapulo, melancia, hibisco e levedura. Seu sabor combina acidez e um toque de sal. Segundo a cervejaria, o r\u00f3tulo harmoniza com frutos do mar, saladas e carnes gordurosas.<\/p>\n<p>A latinha de 350 ml \u00e9 vendida no\u00a0<strong><a href=\"https:\/\/loja.simcerveja.com.br\/sim-cerveja-sem-alcool-melancia-sour-n-salt\" target=\"_blank\" rel=\"noopener\">e-commerce da cervejaria<\/a><\/strong>\u00a0por R$ 17,90 \u2013 o kit com seis unidades sai por R$ 102. Vale ressaltar que a legisla\u00e7\u00e3o brasileira permite que cervejas sem \u00e1lcool apresentem conte\u00fado alco\u00f3lico de at\u00e9 0,5% em volume. A Melancia SOUR\u2019n Salt apresenta 0,3%.<\/p>\n<p>Segundo not\u00edcia da<a href=\"https:\/\/www.cnnbrasil.com.br\/viagemegastronomia\/gastronomia\/tres-cervejas-brasileiras-estao-entre-as-melhores-do-mundo-em-2025\/#goog_rewarded\" target=\"_blank\" rel=\"noopener\"><strong> CNN Brasil<\/strong><\/a>, o World Beer Cup \u00e9 realizado anualmente pela Brewers Association, entidade que re\u00fane cervejarias independentes dos Estados Unidos. Esta \u00e9 a 16\u00aa edi\u00e7\u00e3o do evento, que \u00e9 considerado o maior concurso cervejeiro do mundo.<\/p>\n<p>De acordo com a organiza\u00e7\u00e3o da competi\u00e7\u00e3o, as cinco categorias de estilos de cervejas que mais receberam inscri\u00e7\u00f5es neste ano foram:<\/p>\n<p>Juicy ou Hazy India Pale Ale: 290 inscri\u00e7\u00f5es;<\/p>\n<p>West Coast-Style India Pale: 253 inscri\u00e7\u00f5es;<\/p>\n<p>American-Style India Pale Ale: 208 inscri\u00e7\u00f5es;<\/p>\n<p>German-Style Pilsener: 186 inscri\u00e7\u00f5es;<\/p>\n<p>Hoppy Lager: 155 inscri\u00e7\u00f5es.<\/p>\n<p><!-- CONTENT END 1 --><\/p>\n<hr\/><\/div>\n<p><script async src=\"\/\/www.instagram.com\/embed.js\"><\/script><br \/>\n<br \/><br \/>\n<br \/><a href=\"https:\/\/www.jornaldafranca.com.br\/veja-as-tres-cervejas-brasileiras-ficaram-entre-as-melhores-do-mundo-em-2025\/\">Source link <\/a><\/p>\n","protected":false},"excerpt":{"rendered":"<p>compartilhar no whatsapp compartilhar no telegram compartilhar no facebook compartilhar no linkedin Nada de grandes marcas: as cervejas que ficaram entre as melhores do mundo&#8230;<\/p>\n","protected":false},"author":1,"featured_media":69506,"comment_status":"open","ping_status":"open","sticky":false,"template":"","format":"standard","meta":{"advanced_seo_description":"","jetpack_seo_html_title":"","jetpack_seo_noindex":false,"jetpack_post_was_ever_published":false,"_jetpack_newsletter_access":"","_jetpack_dont_email_post_to_subs":false,"_jetpack_newsletter_tier_id":0,"_jetpack_memberships_contains_paywalled_content":false,"_jetpack_memberships_contains_paid_content":false,"footnotes":"","jetpack_publicize_message":"","jetpack_publicize_feature_enabled":true,"jetpack_social_post_already_shared":true,"jetpack_social_options":{"image_generator_settings":{"template":"highway","default_image_id":0,"font":"","enabled":false},"version":2}},"categories":[3597],"tags":[],"class_list":["post-69505","post","type-post","status-publish","format-standard","has-post-thumbnail","hentry","category-noticias-franca-sp"],"jetpack_publicize_connections":[],"jetpack_featured_media_url":"https:\/\/i0.wp.com\/noticiasribeiraopreto.com.br\/wp-content\/uploads\/2025\/05\/01-Canoa-Quebrada.jpg?fit=850%2C477&ssl=1","jetpack-related-posts":[{"id":73017,"url":"https:\/\/noticiasribeiraopreto.com.br\/index.php\/2025\/06\/24\/jornal-da-franca-clima-sera-de-frio-porem-agradavel-e-fresco-em-franca-nesta-terca-deve-chover\/","url_meta":{"origin":69505,"position":0},"title":"Jornal da Franca &#8211; Clima ser\u00e1 de frio, por\u00e9m agrad\u00e1vel e fresco em Franca nesta ter\u00e7a: deve chover","author":"noticiasribeiraopreto.com.br","date":"24 de June de 2025","format":false,"excerpt":"compartilhar no whatsapp compartilhar no telegram compartilhar no facebook compartilhar no linkedin Cidade tem previs\u00e3o de chuva de at\u00e9 12 mil\u00edmetros A previs\u00e3o do tempo para Franca indica um dia agrad\u00e1vel, com temperatura m\u00ednima de 5\u00b0C e m\u00e1xima de 22\u00b0C. H\u00e1 grande possibilidade de chuva, com volume de at\u00e9 12\u2026","rel":"","context":"In &quot;Not\u00edcias de Franca-SP&quot;","block_context":{"text":"Not\u00edcias de Franca-SP","link":"https:\/\/noticiasribeiraopreto.com.br\/index.php\/category\/noticias-de-ribeirao-preto-sp-e-regiao-ismael-colosi\/noticias-franca-sp\/"},"img":{"alt_text":"","src":"https:\/\/i0.wp.com\/noticiasribeiraopreto.com.br\/wp-content\/uploads\/2025\/06\/1750758766_Franca.jpeg?fit=1200%2C806&ssl=1&resize=350%2C200","width":350,"height":200,"srcset":"https:\/\/i0.wp.com\/noticiasribeiraopreto.com.br\/wp-content\/uploads\/2025\/06\/1750758766_Franca.jpeg?fit=1200%2C806&ssl=1&resize=350%2C200 1x, https:\/\/i0.wp.com\/noticiasribeiraopreto.com.br\/wp-content\/uploads\/2025\/06\/1750758766_Franca.jpeg?fit=1200%2C806&ssl=1&resize=525%2C300 1.5x, https:\/\/i0.wp.com\/noticiasribeiraopreto.com.br\/wp-content\/uploads\/2025\/06\/1750758766_Franca.jpeg?fit=1200%2C806&ssl=1&resize=700%2C400 2x, https:\/\/i0.wp.com\/noticiasribeiraopreto.com.br\/wp-content\/uploads\/2025\/06\/1750758766_Franca.jpeg?fit=1200%2C806&ssl=1&resize=1050%2C600 3x"},"classes":[]},{"id":69340,"url":"https:\/\/noticiasribeiraopreto.com.br\/index.php\/2025\/05\/05\/jornal-da-franca-implantacao-de-escola-civico-militar-em-franca-e-tema-de-debates-na-camara-municipal\/","url_meta":{"origin":69505,"position":1},"title":"Jornal da Franca &#8211; Implanta\u00e7\u00e3o de escola c\u00edvico-militar em Franca \u00e9 tema de debates na C\u00e2mara Municipal","author":"noticiasribeiraopreto.com.br","date":"5 de May de 2025","format":false,"excerpt":"compartilhar no whatsapp compartilhar no telegram compartilhar no facebook compartilhar no linkedin Mun\u00edcipe agradece apoio de vereadores e parlamentares para que Franca fosse contemplada com o modelo educacional A implanta\u00e7\u00e3o do Programa das Escolas C\u00edvico-Militares em Franca, pauta defendida pela direita, foi tema abordado durante a sess\u00e3o ordin\u00e1ria da C\u00e2mara\u2026","rel":"","context":"In &quot;Not\u00edcias de Franca-SP&quot;","block_context":{"text":"Not\u00edcias de Franca-SP","link":"https:\/\/noticiasribeiraopreto.com.br\/index.php\/category\/noticias-de-ribeirao-preto-sp-e-regiao-ismael-colosi\/noticias-franca-sp\/"},"img":{"alt_text":"","src":"https:\/\/i0.wp.com\/noticiasribeiraopreto.com.br\/wp-content\/uploads\/2025\/05\/1746449336_plenariodiagonal_0.jpg?fit=930%2C558&ssl=1&resize=350%2C200","width":350,"height":200,"srcset":"https:\/\/i0.wp.com\/noticiasribeiraopreto.com.br\/wp-content\/uploads\/2025\/05\/1746449336_plenariodiagonal_0.jpg?fit=930%2C558&ssl=1&resize=350%2C200 1x, https:\/\/i0.wp.com\/noticiasribeiraopreto.com.br\/wp-content\/uploads\/2025\/05\/1746449336_plenariodiagonal_0.jpg?fit=930%2C558&ssl=1&resize=525%2C300 1.5x, https:\/\/i0.wp.com\/noticiasribeiraopreto.com.br\/wp-content\/uploads\/2025\/05\/1746449336_plenariodiagonal_0.jpg?fit=930%2C558&ssl=1&resize=700%2C400 2x"},"classes":[]},{"id":70143,"url":"https:\/\/noticiasribeiraopreto.com.br\/index.php\/2025\/05\/23\/jornal-da-franca-chegou-a-sexta-feira-dia-sera-seco-mas-sem-muito-frio-em-franca-e-regiao\/","url_meta":{"origin":69505,"position":2},"title":"Jornal da Franca &#8211; Chegou a sexta-feira! Dia ser\u00e1 seco, mas sem muito frio em Franca e regi\u00e3o","author":"noticiasribeiraopreto.com.br","date":"23 de May de 2025","format":false,"excerpt":"compartilhar no whatsapp compartilhar no telegram compartilhar no facebook compartilhar no linkedin Previs\u00e3o do tempo para Franca nesta sexta-feira indica temperaturas amenas e c\u00e9u parcialmente nublado A sexta-feira chegou e a previs\u00e3o do tempo para Franca \u00e9 de um dia agrad\u00e1vel, com temperaturas amenas e c\u00e9u parcialmente nublado. De acordo\u2026","rel":"","context":"In &quot;Not\u00edcias de Franca-SP&quot;","block_context":{"text":"Not\u00edcias de Franca-SP","link":"https:\/\/noticiasribeiraopreto.com.br\/index.php\/category\/noticias-de-ribeirao-preto-sp-e-regiao-ismael-colosi\/noticias-franca-sp\/"},"img":{"alt_text":"","src":"https:\/\/i0.wp.com\/noticiasribeiraopreto.com.br\/wp-content\/uploads\/2025\/05\/campanha-do-agasalho.jpg?fit=1086%2C652&ssl=1&resize=350%2C200","width":350,"height":200,"srcset":"https:\/\/i0.wp.com\/noticiasribeiraopreto.com.br\/wp-content\/uploads\/2025\/05\/campanha-do-agasalho.jpg?fit=1086%2C652&ssl=1&resize=350%2C200 1x, https:\/\/i0.wp.com\/noticiasribeiraopreto.com.br\/wp-content\/uploads\/2025\/05\/campanha-do-agasalho.jpg?fit=1086%2C652&ssl=1&resize=525%2C300 1.5x, https:\/\/i0.wp.com\/noticiasribeiraopreto.com.br\/wp-content\/uploads\/2025\/05\/campanha-do-agasalho.jpg?fit=1086%2C652&ssl=1&resize=700%2C400 2x, https:\/\/i0.wp.com\/noticiasribeiraopreto.com.br\/wp-content\/uploads\/2025\/05\/campanha-do-agasalho.jpg?fit=1086%2C652&ssl=1&resize=1050%2C600 3x"},"classes":[]},{"id":69220,"url":"https:\/\/noticiasribeiraopreto.com.br\/index.php\/2025\/05\/03\/jornal-da-franca-socorristas-que-salvaram-crianca-em-franca-recebem-mocao-de-aplausos-da-camara\/","url_meta":{"origin":69505,"position":3},"title":"Jornal da Franca &#8211; Socorristas que salvaram crian\u00e7a em Franca\u00a0recebem Mo\u00e7\u00e3o de Aplausos da C\u00e2mara","author":"noticiasribeiraopreto.com.br","date":"3 de May de 2025","format":false,"excerpt":"compartilhar no whatsapp compartilhar no telegram compartilhar no facebook compartilhar no linkedin Mo\u00e7\u00e3o reconhece trabalho de equipe de sa\u00fade que atuou no salvamento de beb\u00ea A C\u00e2mara aprovou a Mo\u00e7\u00e3o de Aplausos n\u00ba 41 de 2025, de autoria do vereador Walker Bombeiro da Libras, para a equipe de sa\u00fade da\u2026","rel":"","context":"In &quot;Not\u00edcias de Franca-SP&quot;","block_context":{"text":"Not\u00edcias de Franca-SP","link":"https:\/\/noticiasribeiraopreto.com.br\/index.php\/category\/noticias-de-ribeirao-preto-sp-e-regiao-ismael-colosi\/noticias-franca-sp\/"},"img":{"alt_text":"","src":"https:\/\/i0.wp.com\/noticiasribeiraopreto.com.br\/wp-content\/uploads\/2025\/05\/mocaoravi17sessao.jpg?fit=1000%2C562&ssl=1&resize=350%2C200","width":350,"height":200,"srcset":"https:\/\/i0.wp.com\/noticiasribeiraopreto.com.br\/wp-content\/uploads\/2025\/05\/mocaoravi17sessao.jpg?fit=1000%2C562&ssl=1&resize=350%2C200 1x, https:\/\/i0.wp.com\/noticiasribeiraopreto.com.br\/wp-content\/uploads\/2025\/05\/mocaoravi17sessao.jpg?fit=1000%2C562&ssl=1&resize=525%2C300 1.5x, https:\/\/i0.wp.com\/noticiasribeiraopreto.com.br\/wp-content\/uploads\/2025\/05\/mocaoravi17sessao.jpg?fit=1000%2C562&ssl=1&resize=700%2C400 2x"},"classes":[]},{"id":67863,"url":"https:\/\/noticiasribeiraopreto.com.br\/index.php\/2025\/04\/19\/jornal-da-franca-sesi-franca-quer-vencer-o-cordoba-e-deixar-a-champions-league-de-cabeca-erguida\/","url_meta":{"origin":69505,"position":4},"title":"Jornal da Franca &#8211; Sesi Franca quer vencer o C\u00f3rdoba e deixar a Champions League de cabe\u00e7a erguida","author":"noticiasribeiraopreto.com.br","date":"19 de April de 2025","format":false,"excerpt":"compartilhar no whatsapp compartilhar no telegram compartilhar no facebook compartilhar no linkedin Jogo de hoje servir\u00e1 para a equipe se reencontrar e encerrar campeonato honrosamente O Sesi Franca ainda procura se reencontrar ap\u00f3s a elimina\u00e7\u00e3o contra o Flamengo pelas semifinais da Champions League, por 91 a 65, na noite desta\u2026","rel":"","context":"In &quot;Not\u00edcias de Franca-SP&quot;","block_context":{"text":"Not\u00edcias de Franca-SP","link":"https:\/\/noticiasribeiraopreto.com.br\/index.php\/category\/noticias-de-ribeirao-preto-sp-e-regiao-ismael-colosi\/noticias-franca-sp\/"},"img":{"alt_text":"","src":"https:\/\/i0.wp.com\/noticiasribeiraopreto.com.br\/wp-content\/uploads\/2025\/04\/IMG_20250418_111654.jpg?fit=1080%2C710&ssl=1&resize=350%2C200","width":350,"height":200,"srcset":"https:\/\/i0.wp.com\/noticiasribeiraopreto.com.br\/wp-content\/uploads\/2025\/04\/IMG_20250418_111654.jpg?fit=1080%2C710&ssl=1&resize=350%2C200 1x, https:\/\/i0.wp.com\/noticiasribeiraopreto.com.br\/wp-content\/uploads\/2025\/04\/IMG_20250418_111654.jpg?fit=1080%2C710&ssl=1&resize=525%2C300 1.5x, https:\/\/i0.wp.com\/noticiasribeiraopreto.com.br\/wp-content\/uploads\/2025\/04\/IMG_20250418_111654.jpg?fit=1080%2C710&ssl=1&resize=700%2C400 2x, https:\/\/i0.wp.com\/noticiasribeiraopreto.com.br\/wp-content\/uploads\/2025\/04\/IMG_20250418_111654.jpg?fit=1080%2C710&ssl=1&resize=1050%2C600 3x"},"classes":[]},{"id":72002,"url":"https:\/\/noticiasribeiraopreto.com.br\/index.php\/2025\/06\/12\/jornal-da-franca-cinco-partidas-movimentam-a-rodada-da-copa-franca-de-basquete-neste-domingo-15\/","url_meta":{"origin":69505,"position":5},"title":"Jornal da Franca &#8211; Cinco partidas movimentam a rodada da Copa Franca de Basquete neste domingo, 15","author":"noticiasribeiraopreto.com.br","date":"12 de June de 2025","format":false,"excerpt":"compartilhar no whatsapp compartilhar no telegram compartilhar no facebook compartilhar no linkedin Secretaria de Esporte e Cultura de Franca promove competi\u00e7\u00e3o com 28 equipes participantes Jogos acontecem no Gin\u00e1sio Pedroc\u00e3o a partir das 8h30, reunindo equipes da regi\u00e3o \u00a0 A tradicional Copa Franca de Basquete ter\u00e1 mais uma rodada neste\u2026","rel":"","context":"In &quot;Not\u00edcias de Franca-SP&quot;","block_context":{"text":"Not\u00edcias de Franca-SP","link":"https:\/\/noticiasribeiraopreto.com.br\/index.php\/category\/noticias-de-ribeirao-preto-sp-e-regiao-ismael-colosi\/noticias-franca-sp\/"},"img":{"alt_text":"","src":"https:\/\/i0.wp.com\/noticiasribeiraopreto.com.br\/wp-content\/uploads\/2025\/06\/Copa-Basquete.jpeg?fit=1200%2C802&ssl=1&resize=350%2C200","width":350,"height":200,"srcset":"https:\/\/i0.wp.com\/noticiasribeiraopreto.com.br\/wp-content\/uploads\/2025\/06\/Copa-Basquete.jpeg?fit=1200%2C802&ssl=1&resize=350%2C200 1x, https:\/\/i0.wp.com\/noticiasribeiraopreto.com.br\/wp-content\/uploads\/2025\/06\/Copa-Basquete.jpeg?fit=1200%2C802&ssl=1&resize=525%2C300 1.5x, https:\/\/i0.wp.com\/noticiasribeiraopreto.com.br\/wp-content\/uploads\/2025\/06\/Copa-Basquete.jpeg?fit=1200%2C802&ssl=1&resize=700%2C400 2x, https:\/\/i0.wp.com\/noticiasribeiraopreto.com.br\/wp-content\/uploads\/2025\/06\/Copa-Basquete.jpeg?fit=1200%2C802&ssl=1&resize=1050%2C600 3x"},"classes":[]}],"jetpack_sharing_enabled":true,"jetpack_shortlink":"https:\/\/wp.me\/peQAOb-i53","_links":{"self":[{"href":"https:\/\/noticiasribeiraopreto.com.br\/index.php\/wp-json\/wp\/v2\/posts\/69505","targetHints":{"allow":["GET"]}}],"collection":[{"href":"https:\/\/noticiasribeiraopreto.com.br\/index.php\/wp-json\/wp\/v2\/posts"}],"about":[{"href":"https:\/\/noticiasribeiraopreto.com.br\/index.php\/wp-json\/wp\/v2\/types\/post"}],"author":[{"embeddable":true,"href":"https:\/\/noticiasribeiraopreto.com.br\/index.php\/wp-json\/wp\/v2\/users\/1"}],"replies":[{"embeddable":true,"href":"https:\/\/noticiasribeiraopreto.com.br\/index.php\/wp-json\/wp\/v2\/comments?post=69505"}],"version-history":[{"count":0,"href":"https:\/\/noticiasribeiraopreto.com.br\/index.php\/wp-json\/wp\/v2\/posts\/69505\/revisions"}],"wp:featuredmedia":[{"embeddable":true,"href":"https:\/\/noticiasribeiraopreto.com.br\/index.php\/wp-json\/wp\/v2\/media\/69506"}],"wp:attachment":[{"href":"https:\/\/noticiasribeiraopreto.com.br\/index.php\/wp-json\/wp\/v2\/media?parent=69505"}],"wp:term":[{"taxonomy":"category","embeddable":true,"href":"https:\/\/noticiasribeiraopreto.com.br\/index.php\/wp-json\/wp\/v2\/categories?post=69505"},{"taxonomy":"post_tag","embeddable":true,"href":"https:\/\/noticiasribeiraopreto.com.br\/index.php\/wp-json\/wp\/v2\/tags?post=69505"}],"curies":[{"name":"wp","href":"https:\/\/api.w.org\/{rel}","templated":true}]}}