{"id":69507,"date":"2025-05-06T21:27:40","date_gmt":"2025-05-07T00:27:40","guid":{"rendered":"https:\/\/noticiasribeiraopreto.com.br\/index.php\/2025\/05\/06\/20-dos-consumidores-ja-se-endividaram-com-presentes-para-o-dia-das-maes-aponta-procon-sp\/"},"modified":"2025-05-06T21:27:40","modified_gmt":"2025-05-07T00:27:40","slug":"20-dos-consumidores-ja-se-endividaram-com-presentes-para-o-dia-das-maes-aponta-procon-sp","status":"publish","type":"post","link":"https:\/\/noticiasribeiraopreto.com.br\/index.php\/2025\/05\/06\/20-dos-consumidores-ja-se-endividaram-com-presentes-para-o-dia-das-maes-aponta-procon-sp\/","title":{"rendered":"20% dos consumidores j\u00e1 se endividaram com presentes para o Dia das M\u00e3es, aponta Procon-SP"},"content":{"rendered":"<p> <br \/>\n<\/p>\n<div>\n<p>Um em cada cinco consumidores paulistas (20,8%) que pretendem adquirir produtos no Dia das M\u00e3es este ano j\u00e1 se endividaram ao comprar um presente para esta data, de acordo com consulta virtual do Procon-SP. Decretada h\u00e1 93 anos no pa\u00eds, esta \u00e9 uma das datas mais importantes para o com\u00e9rcio varejista brasileiro, junto com o Natal e a Black Friday.<\/p>\n<p>O levantamento tamb\u00e9m apontou que 56,1% dos entrevistados preferem o uso do cart\u00e3o de cr\u00e9dito para presentear as suas m\u00e3es, o que requer alguns cuidados para que a compra n\u00e3o se transforme em d\u00edvida. Especialistas do Procon-SP recomendam que o consumidor deve evitar compras por impulsos para n\u00e3o comprometer o seu or\u00e7amento, al\u00e9m de se planejar e pesquisar bastante.<\/p>\n<p>A consulta, que teve objetivo de verificar a inten\u00e7\u00e3o de compra dos consumidores nesta data, considerou as respostas de 464 consumidores que acessaram o site da Funda\u00e7\u00e3o entre 25 de mar\u00e7o e 17 de abril.<\/p>\n<p>Prefer\u00eancias de compras<br \/>Em uma lista estimulada de 18 produtos, as tr\u00eas primeiras escolhas por quem costuma presentear as m\u00e3es nesta data s\u00e3o: perfumes e artigos de beleza e cosm\u00e9ticos (11,7%), roupas (11,2%), al\u00e9m de cal\u00e7ados, bolsas e acess\u00f3rios (8,9%).<\/p>\n<p>\u201cNesse sentido, observamos que os consumidores cada vez mais d\u00e3o prefer\u00eancia a presentes de uso pessoal e de alto valor simb\u00f3lico, pois enfatizam a personalidade e autoestima de suas m\u00e3es\u201d, destaca a diretora Adjunta de Estudos e Pesquisas do Procon-SP, Elaine da Cruz.<\/p>\n<p>Ela complementa que tais op\u00e7\u00f5es corroboram que quase um ter\u00e7o dos respondentes preveem comprar presentes de at\u00e9 R$ 100,00. J\u00e1 no final da lista de itens, encontram-se eletrodom\u00e9sticos, utens\u00edlios dosm\u00e9ticos ou artigos de inform\u00e1tica, incluindo o celular \u2013 todos abaixo de 4,5% das op\u00e7\u00f5es escolhidas.<\/p>\n<p>Rela\u00e7\u00f5es de consumo<br \/>Para esta data, os consumidores confirmam realizar pesquisas pr\u00e9vias de valores (82,9%) em compras entre R$ 100,00 e R$ 500,00 (56,9%), realizar pagamentos atrav\u00e9s de cart\u00e3o de cr\u00e9dito (56,1%) ou Pix (23,0%), e optando por comprar em lojas f\u00edsicas (52,4%) \u2013 dado interessante, em fun\u00e7\u00e3o do crescimento do e-commerce.<\/p>\n<p>Em fun\u00e7\u00e3o da relev\u00e2ncia da data, os especialistas do Procon-SP orientam para que os consumidores pesquisem bastante antes de comprar e observem com aten\u00e7\u00e3o os pre\u00e7os e condi\u00e7\u00f5es de pagamento e parcelamento.<\/p>\n<p>Nas compras on-line, aten\u00e7\u00e3o para os prazos de entrega, j\u00e1 que por haver grande volume de pedidos, as empresas podem ter problemas de log\u00edstica para entregar os produtos comprados no prazo.<\/p>\n<p>Lembrando que, a partir da data da compra ou do recebimento do produto, vale o direito ao arrependimento em sete dias para desistir da compra.<\/p>\n<p><strong>Promo\u00e7\u00e3o do F3 Not\u00edcias com parceiros<\/strong><\/p>\n<p>Tr\u00eas super presentes para sua m\u00e3e no Sorteio Especial da promo\u00e7\u00e3o do F3 Not\u00edcias com parceiros!<\/p>\n<p>Promo\u00e7\u00e3o que oferece um super presente para sua m\u00e3e!<\/p>\n<p>Participe da promo\u00e7\u00e3o do Dia das M\u00e3es do F3 Not\u00edcias com o Instituto Bianchini Peixoto, Nanda Store e Ana Paula Pod\u00f3loga. O sorteio \u00e9 no dia 9\/5!<\/p>\n<p>Acesse <a href=\"https:\/\/www.instagram.com\/p\/DJAltkLsgTC\/?igsh=MTFrNmgxcXgyMTRrZA==\" target=\"_blank\" rel=\"noopener\"><strong>https:\/\/www.instagram.com\/p\/DJAltkLsgTC\/?igsh=MTFrNmgxcXgyMTRrZA==<\/strong><\/a> e boa sorte!<\/p>\n<p><!-- CONTENT END 1 --><\/p><\/div>\n<p><script async src=\"\/\/www.instagram.com\/embed.js\"><\/script><br \/>\n<br \/><br \/>\n<br \/><a href=\"https:\/\/www.f3noticias.com.br\/20-dos-consumidores-ja-se-endividaram-com-presentes-para-o-dia-das-maes-aponta-procon-sp\/\">Source link <\/a><\/p>\n","protected":false},"excerpt":{"rendered":"<p>Um em cada cinco consumidores paulistas (20,8%) que pretendem adquirir produtos no Dia das M\u00e3es este ano j\u00e1 se endividaram ao comprar um presente para&#8230;<\/p>\n","protected":false},"author":1,"featured_media":69508,"comment_status":"open","ping_status":"open","sticky":false,"template":"","format":"standard","meta":{"advanced_seo_description":"","jetpack_seo_html_title":"","jetpack_seo_noindex":false,"jetpack_post_was_ever_published":false,"_jetpack_newsletter_access":"","_jetpack_dont_email_post_to_subs":false,"_jetpack_newsletter_tier_id":0,"_jetpack_memberships_contains_paywalled_content":false,"_jetpack_memberships_contains_paid_content":false,"footnotes":"","jetpack_publicize_message":"","jetpack_publicize_feature_enabled":true,"jetpack_social_post_already_shared":true,"jetpack_social_options":{"image_generator_settings":{"template":"highway","default_image_id":0,"font":"","enabled":false},"version":2}},"categories":[3597],"tags":[],"class_list":["post-69507","post","type-post","status-publish","format-standard","has-post-thumbnail","hentry","category-noticias-franca-sp"],"jetpack_publicize_connections":[],"jetpack_featured_media_url":"https:\/\/i0.wp.com\/noticiasribeiraopreto.com.br\/wp-content\/uploads\/2025\/05\/loja-nanda-avenida-e1713993152402.jpeg?fit=700%2C525&ssl=1","jetpack-related-posts":[{"id":61877,"url":"https:\/\/noticiasribeiraopreto.com.br\/index.php\/2024\/12\/26\/vai-precisar-trocar-o-presente-de-natal-procon-sp-orienta\/","url_meta":{"origin":69507,"position":0},"title":"Vai precisar trocar o presente de Natal? Procon-SP orienta","author":"noticiasribeiraopreto.com.br","date":"26 de December de 2024","format":false,"excerpt":"A troca de presentes ap\u00f3s o Natal, que n\u00e3o serviram ou agradaram os gostos, n\u00e3o \u00e9 uma obriga\u00e7\u00e3o do comerciante, segundo o Procon-SP. De acordo com o C\u00f3digo de Defesa do Consumidor, as lojas nem sempre s\u00e3o obrigadas a fazer troca de um produto que n\u00e3o agradou ou n\u00e3o serviu.\u2026","rel":"","context":"In &quot;Not\u00edcias de Ribeir\u00e3o Preto-SP e Regi\u00e3o&quot;","block_context":{"text":"Not\u00edcias de Ribeir\u00e3o Preto-SP e Regi\u00e3o","link":"https:\/\/noticiasribeiraopreto.com.br\/index.php\/category\/noticias-de-ribeirao-preto-sp-e-regiao-ismael-colosi\/"},"img":{"alt_text":"","src":"https:\/\/i0.wp.com\/noticiasribeiraopreto.com.br\/wp-content\/uploads\/2024\/12\/calcadao_ribeirao_1024x576_08052021130028.jpg?fit=1024%2C575&ssl=1&resize=350%2C200","width":350,"height":200,"srcset":"https:\/\/i0.wp.com\/noticiasribeiraopreto.com.br\/wp-content\/uploads\/2024\/12\/calcadao_ribeirao_1024x576_08052021130028.jpg?fit=1024%2C575&ssl=1&resize=350%2C200 1x, https:\/\/i0.wp.com\/noticiasribeiraopreto.com.br\/wp-content\/uploads\/2024\/12\/calcadao_ribeirao_1024x576_08052021130028.jpg?fit=1024%2C575&ssl=1&resize=525%2C300 1.5x, https:\/\/i0.wp.com\/noticiasribeiraopreto.com.br\/wp-content\/uploads\/2024\/12\/calcadao_ribeirao_1024x576_08052021130028.jpg?fit=1024%2C575&ssl=1&resize=700%2C400 2x"},"classes":[]},{"id":5519,"url":"https:\/\/noticiasribeiraopreto.com.br\/index.php\/2023\/11\/23\/vai-aproveitar-a-black-friday-veja-78-sites-para-evitar-compras-de-acordo-com-o-procon\/","url_meta":{"origin":69507,"position":1},"title":"Vai aproveitar a Black Friday? Veja 78 sites para evitar compras, de acordo com o Procon","author":"noticiasribeiraopreto.com.br","date":"23 de November de 2023","format":false,"excerpt":"A Funda\u00e7\u00e3o de Prote\u00e7\u00e3o e Defesa do Consumidor (Procon-SP) listou\u00a078\u00a0sites\u00a0que devem ser evitados\u00a0para compras online, 13 deles ainda est\u00e3o no ar. Os nomes fazem parte da se\u00e7\u00e3o Evite esses Sites, feita ap\u00f3s procedimentos internos que envolvem a pesquisa e a tentativa de contato com as empresas reclamadas. O alerta chama\u2026","rel":"","context":"In &quot;Not\u00edcias de Ribeir\u00e3o Preto-SP e Regi\u00e3o&quot;","block_context":{"text":"Not\u00edcias de Ribeir\u00e3o Preto-SP e Regi\u00e3o","link":"https:\/\/noticiasribeiraopreto.com.br\/index.php\/category\/noticias-de-ribeirao-preto-sp-e-regiao-ismael-colosi\/"},"img":{"alt_text":"","src":"https:\/\/i0.wp.com\/noticiasribeiraopreto.com.br\/wp-content\/uploads\/2023\/11\/20220619_113047810_celular_telefone_1200x675_10032022080644.jpg?fit=1200%2C675&ssl=1&resize=350%2C200","width":350,"height":200,"srcset":"https:\/\/i0.wp.com\/noticiasribeiraopreto.com.br\/wp-content\/uploads\/2023\/11\/20220619_113047810_celular_telefone_1200x675_10032022080644.jpg?fit=1200%2C675&ssl=1&resize=350%2C200 1x, https:\/\/i0.wp.com\/noticiasribeiraopreto.com.br\/wp-content\/uploads\/2023\/11\/20220619_113047810_celular_telefone_1200x675_10032022080644.jpg?fit=1200%2C675&ssl=1&resize=525%2C300 1.5x, https:\/\/i0.wp.com\/noticiasribeiraopreto.com.br\/wp-content\/uploads\/2023\/11\/20220619_113047810_celular_telefone_1200x675_10032022080644.jpg?fit=1200%2C675&ssl=1&resize=700%2C400 2x, https:\/\/i0.wp.com\/noticiasribeiraopreto.com.br\/wp-content\/uploads\/2023\/11\/20220619_113047810_celular_telefone_1200x675_10032022080644.jpg?fit=1200%2C675&ssl=1&resize=1050%2C600 3x"},"classes":[]},{"id":20709,"url":"https:\/\/noticiasribeiraopreto.com.br\/index.php\/2023\/12\/26\/procon-explica-o-que-fazer-para-a-troca-de-presentes-do-natal\/","url_meta":{"origin":69507,"position":2},"title":"Procon explica o que fazer para a troca de presentes do Natal","author":"noticiasribeiraopreto.com.br","date":"26 de December de 2023","format":false,"excerpt":"26 de dezembro de 2023 | 10:0026 de dezembro de 2023 | 9:13 0O Natal passou, mas ficaram aqueles presentes que as pessoas ganham muitas vezes na cor errada, fora do gosto ou do tamanho. O Procon lembra, no entanto, que nenhuma loja \u00e9 obrigada a trocar o produto se\u2026","rel":"","context":"In &quot;Not\u00edcias de Ribeir\u00e3o Preto-SP e Regi\u00e3o&quot;","block_context":{"text":"Not\u00edcias de Ribeir\u00e3o Preto-SP e Regi\u00e3o","link":"https:\/\/noticiasribeiraopreto.com.br\/index.php\/category\/noticias-de-ribeirao-preto-sp-e-regiao-ismael-colosi\/"},"img":{"alt_text":"","src":"https:\/\/i0.wp.com\/noticiasribeiraopreto.com.br\/wp-content\/uploads\/2023\/12\/9ddea4b2-616c-408b-918d-06929d5e2441-scaled.jpg?fit=1000%2C598&ssl=1&resize=350%2C200","width":350,"height":200,"srcset":"https:\/\/i0.wp.com\/noticiasribeiraopreto.com.br\/wp-content\/uploads\/2023\/12\/9ddea4b2-616c-408b-918d-06929d5e2441-scaled.jpg?fit=1000%2C598&ssl=1&resize=350%2C200 1x, https:\/\/i0.wp.com\/noticiasribeiraopreto.com.br\/wp-content\/uploads\/2023\/12\/9ddea4b2-616c-408b-918d-06929d5e2441-scaled.jpg?fit=1000%2C598&ssl=1&resize=525%2C300 1.5x, https:\/\/i0.wp.com\/noticiasribeiraopreto.com.br\/wp-content\/uploads\/2023\/12\/9ddea4b2-616c-408b-918d-06929d5e2441-scaled.jpg?fit=1000%2C598&ssl=1&resize=700%2C400 2x"},"classes":[]},{"id":67607,"url":"https:\/\/noticiasribeiraopreto.com.br\/index.php\/2025\/04\/16\/jornal-da-franca-cobrancas-indevidas-lideram-reclamacoes-de-consumidores-no-procon-franca\/","url_meta":{"origin":69507,"position":3},"title":"Jornal da Franca &#8211; Cobran\u00e7as indevidas lideram reclama\u00e7\u00f5es de consumidores no Procon Franca","author":"noticiasribeiraopreto.com.br","date":"16 de April de 2025","format":false,"excerpt":"compartilhar no whatsapp compartilhar no telegram compartilhar no facebook compartilhar no linkedin Procon Franca refor\u00e7a orienta\u00e7\u00f5es para evitar preju\u00edzos e golpes em aposentadorias Cobran\u00e7as financeiras e golpes preocupam moradores; idosos s\u00e3o as maiores v\u00edtimas \u00a0 O Procon Franca registrou, s\u00f3 no primeiro trimestre deste ano, mais de 1.473 atendimentos \u2014\u2026","rel":"","context":"In &quot;Not\u00edcias de Franca-SP&quot;","block_context":{"text":"Not\u00edcias de Franca-SP","link":"https:\/\/noticiasribeiraopreto.com.br\/index.php\/category\/noticias-de-ribeirao-preto-sp-e-regiao-ismael-colosi\/noticias-franca-sp\/"},"img":{"alt_text":"","src":"https:\/\/i0.wp.com\/noticiasribeiraopreto.com.br\/wp-content\/uploads\/2025\/04\/atendimento-Procon.jpeg?fit=1200%2C794&ssl=1&resize=350%2C200","width":350,"height":200,"srcset":"https:\/\/i0.wp.com\/noticiasribeiraopreto.com.br\/wp-content\/uploads\/2025\/04\/atendimento-Procon.jpeg?fit=1200%2C794&ssl=1&resize=350%2C200 1x, https:\/\/i0.wp.com\/noticiasribeiraopreto.com.br\/wp-content\/uploads\/2025\/04\/atendimento-Procon.jpeg?fit=1200%2C794&ssl=1&resize=525%2C300 1.5x, https:\/\/i0.wp.com\/noticiasribeiraopreto.com.br\/wp-content\/uploads\/2025\/04\/atendimento-Procon.jpeg?fit=1200%2C794&ssl=1&resize=700%2C400 2x, https:\/\/i0.wp.com\/noticiasribeiraopreto.com.br\/wp-content\/uploads\/2025\/04\/atendimento-Procon.jpeg?fit=1200%2C794&ssl=1&resize=1050%2C600 3x"},"classes":[]},{"id":21012,"url":"https:\/\/noticiasribeiraopreto.com.br\/index.php\/2023\/12\/26\/procon-explica-o-que-fazer-para-a-troca-de-presentes-do-natal-2\/","url_meta":{"origin":69507,"position":4},"title":"Procon explica o que fazer para a troca de presentes do Natal","author":"noticiasribeiraopreto.com.br","date":"26 de December de 2023","format":false,"excerpt":"O Natal passou, mas ficaram aqueles presentes que as pessoas ganham muitas vezes na cor errada, fora do gosto ou do tamanho. Cr\u00e9ditos: Ag\u00eancia Brasil\/Rovena Rosa Procon explica o que fazer para a troca de presentes do Natal O Procon lembra, no entanto, que nenhuma loja \u00e9 obrigada a trocar\u2026","rel":"","context":"In &quot;Variedades&quot;","block_context":{"text":"Variedades","link":"https:\/\/noticiasribeiraopreto.com.br\/index.php\/category\/variedades\/"},"img":{"alt_text":"","src":"https:\/\/i0.wp.com\/noticiasribeiraopreto.com.br\/wp-content\/uploads\/2023\/12\/procon-explica-o-que-fazer-para-a-troca-de-presentes-do-natal.png?fit=1200%2C638&ssl=1&resize=350%2C200","width":350,"height":200,"srcset":"https:\/\/i0.wp.com\/noticiasribeiraopreto.com.br\/wp-content\/uploads\/2023\/12\/procon-explica-o-que-fazer-para-a-troca-de-presentes-do-natal.png?fit=1200%2C638&ssl=1&resize=350%2C200 1x, https:\/\/i0.wp.com\/noticiasribeiraopreto.com.br\/wp-content\/uploads\/2023\/12\/procon-explica-o-que-fazer-para-a-troca-de-presentes-do-natal.png?fit=1200%2C638&ssl=1&resize=525%2C300 1.5x, https:\/\/i0.wp.com\/noticiasribeiraopreto.com.br\/wp-content\/uploads\/2023\/12\/procon-explica-o-que-fazer-para-a-troca-de-presentes-do-natal.png?fit=1200%2C638&ssl=1&resize=700%2C400 2x, https:\/\/i0.wp.com\/noticiasribeiraopreto.com.br\/wp-content\/uploads\/2023\/12\/procon-explica-o-que-fazer-para-a-troca-de-presentes-do-natal.png?fit=1200%2C638&ssl=1&resize=1050%2C600 3x"},"classes":[]},{"id":42348,"url":"https:\/\/noticiasribeiraopreto.com.br\/index.php\/2024\/03\/14\/procon-movel-ficara-estacionado-no-calcadao-rp-nesta-quinta-14\/","url_meta":{"origin":69507,"position":5},"title":"Procon M\u00f3vel ficar\u00e1 estacionado no Cal\u00e7ad\u00e3o RP nesta quinta, 14","author":"noticiasribeiraopreto.com.br","date":"14 de March de 2024","format":false,"excerpt":"14 de mar\u00e7o de 2024 | 8:3013 de mar\u00e7o de 2024 | 15:57 0Os consumidores de Ribeir\u00e3o Preto poder\u00e3o participar nesta quinta-feira, 14, no cal\u00e7ad\u00e3o da Pra\u00e7a Central, de uma a\u00e7\u00e3o de conscientiza\u00e7\u00e3o promovida pelo Procon-SP na \u201cSemana do Consumidor\u201d.O Procon M\u00f3vel ficar\u00e1 estacionado no local, no per\u00edodo das 9h\u2026","rel":"","context":"In &quot;Not\u00edcias de Ribeir\u00e3o Preto-SP e Regi\u00e3o&quot;","block_context":{"text":"Not\u00edcias de Ribeir\u00e3o Preto-SP e Regi\u00e3o","link":"https:\/\/noticiasribeiraopreto.com.br\/index.php\/category\/noticias-de-ribeirao-preto-sp-e-regiao-ismael-colosi\/"},"img":{"alt_text":"","src":"https:\/\/i0.wp.com\/noticiasribeiraopreto.com.br\/wp-content\/uploads\/2024\/03\/onibus_procon_-_foto_guilherme_sircili_11_-scaled.jpg?fit=968%2C645&ssl=1&resize=350%2C200","width":350,"height":200,"srcset":"https:\/\/i0.wp.com\/noticiasribeiraopreto.com.br\/wp-content\/uploads\/2024\/03\/onibus_procon_-_foto_guilherme_sircili_11_-scaled.jpg?fit=968%2C645&ssl=1&resize=350%2C200 1x, https:\/\/i0.wp.com\/noticiasribeiraopreto.com.br\/wp-content\/uploads\/2024\/03\/onibus_procon_-_foto_guilherme_sircili_11_-scaled.jpg?fit=968%2C645&ssl=1&resize=525%2C300 1.5x, https:\/\/i0.wp.com\/noticiasribeiraopreto.com.br\/wp-content\/uploads\/2024\/03\/onibus_procon_-_foto_guilherme_sircili_11_-scaled.jpg?fit=968%2C645&ssl=1&resize=700%2C400 2x"},"classes":[]}],"jetpack_sharing_enabled":true,"jetpack_shortlink":"https:\/\/wp.me\/peQAOb-i55","_links":{"self":[{"href":"https:\/\/noticiasribeiraopreto.com.br\/index.php\/wp-json\/wp\/v2\/posts\/69507","targetHints":{"allow":["GET"]}}],"collection":[{"href":"https:\/\/noticiasribeiraopreto.com.br\/index.php\/wp-json\/wp\/v2\/posts"}],"about":[{"href":"https:\/\/noticiasribeiraopreto.com.br\/index.php\/wp-json\/wp\/v2\/types\/post"}],"author":[{"embeddable":true,"href":"https:\/\/noticiasribeiraopreto.com.br\/index.php\/wp-json\/wp\/v2\/users\/1"}],"replies":[{"embeddable":true,"href":"https:\/\/noticiasribeiraopreto.com.br\/index.php\/wp-json\/wp\/v2\/comments?post=69507"}],"version-history":[{"count":0,"href":"https:\/\/noticiasribeiraopreto.com.br\/index.php\/wp-json\/wp\/v2\/posts\/69507\/revisions"}],"wp:featuredmedia":[{"embeddable":true,"href":"https:\/\/noticiasribeiraopreto.com.br\/index.php\/wp-json\/wp\/v2\/media\/69508"}],"wp:attachment":[{"href":"https:\/\/noticiasribeiraopreto.com.br\/index.php\/wp-json\/wp\/v2\/media?parent=69507"}],"wp:term":[{"taxonomy":"category","embeddable":true,"href":"https:\/\/noticiasribeiraopreto.com.br\/index.php\/wp-json\/wp\/v2\/categories?post=69507"},{"taxonomy":"post_tag","embeddable":true,"href":"https:\/\/noticiasribeiraopreto.com.br\/index.php\/wp-json\/wp\/v2\/tags?post=69507"}],"curies":[{"name":"wp","href":"https:\/\/api.w.org\/{rel}","templated":true}]}}