{"id":69512,"date":"2025-05-06T23:34:22","date_gmt":"2025-05-07T02:34:22","guid":{"rendered":"https:\/\/noticiasribeiraopreto.com.br\/index.php\/2025\/05\/06\/video-apos-quase-r-25-milhoes-e-atrasos-veja-situacao-de-praca-cartao-postal-de-franca\/"},"modified":"2025-05-06T23:34:22","modified_gmt":"2025-05-07T02:34:22","slug":"video-apos-quase-r-25-milhoes-e-atrasos-veja-situacao-de-praca-cartao-postal-de-franca","status":"publish","type":"post","link":"https:\/\/noticiasribeiraopreto.com.br\/index.php\/2025\/05\/06\/video-apos-quase-r-25-milhoes-e-atrasos-veja-situacao-de-praca-cartao-postal-de-franca\/","title":{"rendered":"V\u00eddeo: Ap\u00f3s quase R$ 2,5 milh\u00f5es e atrasos, veja situa\u00e7\u00e3o de pra\u00e7a cart\u00e3o postal de Franca"},"content":{"rendered":"<p> <br \/>\n<\/p>\n<div>\n<p>A Pra\u00e7a Nossa Senhora da Concei\u00e7\u00e3o, no cora\u00e7\u00e3o de Franca, ainda n\u00e3o teve suas obras conclu\u00eddas. Os gastos alcan\u00e7am quase R$ 2,5 milh\u00f5es e o projeto era ter o local pronto para os 200 anos da cidade, em novembro de 2024. Incluindo a licita\u00e7\u00e3o, a Prefeitura de Franca come\u00e7ou essa etapa de altera\u00e7\u00e3o em um dos principais cart\u00f5es postais da cidade em 2023.<\/p>\n<p>As obras em si tiveram in\u00edcio em janeiro de 2024, mas o governo municipal n\u00e3o conseguiu concluir, mesmo passados 15 meses.<\/p>\n<p>N\u00e3o houve uma fiscaliza\u00e7\u00e3o do Legislativo de Franca que tamb\u00e9m averiguasse a situa\u00e7\u00e3o da obra.<\/p>\n<p>Quem mora na regi\u00e3o ou trabalha ainda coleciona hist\u00f3rias de pessoas que ca\u00edram no local e se machucaram. Al\u00e9m disso, a pra\u00e7a tem abrigado pessoas moradoras de rua, que est\u00e3o espalhando colch\u00e3o em alguns locais.<\/p>\n<p>A obras envolvem o processo n\u00ba 20616\/22, Concorr\u00eancia n\u00ba 05\/23 e acontecem no entorno das ruas Monsenhor Rosa, Major Claudiano, do Com\u00e9rcio, Marechal Deodoro, General Teles, Volunt\u00e1rios da Franca e Saldanha Marinho, no Centro de Franca.<\/p>\n<p>A empresa que foi contratada pelo governo municipal \u00e9 a Terra Incorporadora e Construtora Ltda.<\/p>\n<p>O prazo para execu\u00e7\u00e3o da reforma das pra\u00e7as Nossa Senhora da Concei\u00e7\u00e3o e Bar\u00e3o era de at\u00e9 180 dias, em torno de 6 meses, a partir de janeiro deste ano. Por\u00e9m, a empresa contratada n\u00e3o conseguiu o cumprimento e a Prefeitura de Franca, respons\u00e1vel pela fiscaliza\u00e7\u00e3o do contrato, tamb\u00e9m n\u00e3o teve medidas que compensassem a situa\u00e7\u00e3o.<\/p>\n<p><!-- CONTENT END 1 --><\/p><\/div>\n<p><br \/>\n<br \/><a href=\"https:\/\/www.f3noticias.com.br\/video-apos-quase-r-25-milhoes-e-atrasos-veja-situacao-de-praca-cartao-postal-de-franca\/\">Source link <\/a><\/p>\n","protected":false},"excerpt":{"rendered":"<p>A Pra\u00e7a Nossa Senhora da Concei\u00e7\u00e3o, no cora\u00e7\u00e3o de Franca, ainda n\u00e3o teve suas obras conclu\u00eddas. Os gastos alcan\u00e7am quase R$ 2,5 milh\u00f5es e o&#8230;<\/p>\n","protected":false},"author":1,"featured_media":69513,"comment_status":"open","ping_status":"open","sticky":false,"template":"","format":"standard","meta":{"advanced_seo_description":"","jetpack_seo_html_title":"","jetpack_seo_noindex":false,"jetpack_post_was_ever_published":false,"_jetpack_newsletter_access":"","_jetpack_dont_email_post_to_subs":false,"_jetpack_newsletter_tier_id":0,"_jetpack_memberships_contains_paywalled_content":false,"_jetpack_memberships_contains_paid_content":false,"footnotes":"","jetpack_publicize_message":"","jetpack_publicize_feature_enabled":true,"jetpack_social_post_already_shared":true,"jetpack_social_options":{"image_generator_settings":{"template":"highway","default_image_id":0,"font":"","enabled":false},"version":2}},"categories":[3597],"tags":[],"class_list":["post-69512","post","type-post","status-publish","format-standard","has-post-thumbnail","hentry","category-noticias-franca-sp"],"jetpack_publicize_connections":[],"jetpack_featured_media_url":"https:\/\/i0.wp.com\/noticiasribeiraopreto.com.br\/wp-content\/uploads\/2025\/05\/Screenshot_20250506_204232_Gallery.jpg?fit=1525%2C1079&ssl=1","jetpack-related-posts":[{"id":69805,"url":"https:\/\/noticiasribeiraopreto.com.br\/index.php\/2025\/05\/09\/empresa-contratada-pela-prefeitura-de-franca-para-obras-em-praca-nao-paga-contas-de-agua\/","url_meta":{"origin":69512,"position":0},"title":"Empresa contratada pela Prefeitura de Franca para obras em pra\u00e7a n\u00e3o paga contas de \u00e1gua","author":"noticiasribeiraopreto.com.br","date":"9 de May de 2025","format":false,"excerpt":"Os taxistas que trabalham h\u00e1 d\u00e9cadas na Pra\u00e7a Nossa Senhora da Concei\u00e7\u00e3o, no Centro de Franca, est\u00e3o na imin\u00eancia de ter o abastecimento de \u00e1gua cortado por que a empresa contratada pela Prefeitura de Franca para fazer a reforma no local n\u00e3o pagou duas contas. Uma delas tem valor de\u2026","rel":"","context":"In &quot;Not\u00edcias de Franca-SP&quot;","block_context":{"text":"Not\u00edcias de Franca-SP","link":"https:\/\/noticiasribeiraopreto.com.br\/index.php\/category\/noticias-de-ribeirao-preto-sp-e-regiao-ismael-colosi\/noticias-franca-sp\/"},"img":{"alt_text":"","src":"https:\/\/i0.wp.com\/noticiasribeiraopreto.com.br\/wp-content\/uploads\/2025\/05\/1746802205_logo.png?fit=1200%2C630&ssl=1&resize=350%2C200","width":350,"height":200,"srcset":"https:\/\/i0.wp.com\/noticiasribeiraopreto.com.br\/wp-content\/uploads\/2025\/05\/1746802205_logo.png?fit=1200%2C630&ssl=1&resize=350%2C200 1x, https:\/\/i0.wp.com\/noticiasribeiraopreto.com.br\/wp-content\/uploads\/2025\/05\/1746802205_logo.png?fit=1200%2C630&ssl=1&resize=525%2C300 1.5x, https:\/\/i0.wp.com\/noticiasribeiraopreto.com.br\/wp-content\/uploads\/2025\/05\/1746802205_logo.png?fit=1200%2C630&ssl=1&resize=700%2C400 2x, https:\/\/i0.wp.com\/noticiasribeiraopreto.com.br\/wp-content\/uploads\/2025\/05\/1746802205_logo.png?fit=1200%2C630&ssl=1&resize=1050%2C600 3x"},"classes":[]},{"id":70038,"url":"https:\/\/noticiasribeiraopreto.com.br\/index.php\/2025\/05\/22\/depois-de-problemas-na-praca-nossa-senhora-da-conceicao-agora-e-praca-barao-que-sera-fechada\/","url_meta":{"origin":69512,"position":1},"title":"Depois de problemas na pra\u00e7a Nossa Senhora da Concei\u00e7\u00e3o, agora \u00e9 pra\u00e7a Bar\u00e3o que ser\u00e1 fechada","author":"noticiasribeiraopreto.com.br","date":"22 de May de 2025","format":false,"excerpt":"As obras de remodela\u00e7\u00e3o do Centro de Franca ainda v\u00e3o continuar e agora a pra\u00e7a Bar\u00e3o vai ser fechada. Essas obras foram feitas na pra\u00e7a Nossa Senhora da Concei\u00e7\u00e3o e tiveram v\u00e1rios problemas, atrasos. Quem mora na regi\u00e3o, tem com\u00e9rcio ou trabalha diz estar preocupado. Na instala\u00e7\u00e3o de tapumes, houve\u2026","rel":"","context":"In &quot;Not\u00edcias de Franca-SP&quot;","block_context":{"text":"Not\u00edcias de Franca-SP","link":"https:\/\/noticiasribeiraopreto.com.br\/index.php\/category\/noticias-de-ribeirao-preto-sp-e-regiao-ismael-colosi\/noticias-franca-sp\/"},"img":{"alt_text":"","src":"https:\/\/i0.wp.com\/noticiasribeiraopreto.com.br\/wp-content\/uploads\/2025\/05\/Screenshot_20250520_190846_Gallery.jpg?fit=1200%2C755&ssl=1&resize=350%2C200","width":350,"height":200,"srcset":"https:\/\/i0.wp.com\/noticiasribeiraopreto.com.br\/wp-content\/uploads\/2025\/05\/Screenshot_20250520_190846_Gallery.jpg?fit=1200%2C755&ssl=1&resize=350%2C200 1x, https:\/\/i0.wp.com\/noticiasribeiraopreto.com.br\/wp-content\/uploads\/2025\/05\/Screenshot_20250520_190846_Gallery.jpg?fit=1200%2C755&ssl=1&resize=525%2C300 1.5x, https:\/\/i0.wp.com\/noticiasribeiraopreto.com.br\/wp-content\/uploads\/2025\/05\/Screenshot_20250520_190846_Gallery.jpg?fit=1200%2C755&ssl=1&resize=700%2C400 2x, https:\/\/i0.wp.com\/noticiasribeiraopreto.com.br\/wp-content\/uploads\/2025\/05\/Screenshot_20250520_190846_Gallery.jpg?fit=1200%2C755&ssl=1&resize=1050%2C600 3x"},"classes":[]},{"id":68373,"url":"https:\/\/noticiasribeiraopreto.com.br\/index.php\/2025\/04\/24\/jornal-da-franca-globo-ja-classifica-pirataria-como-situacao-endemica-com-prejuizo-de-bilhoes\/","url_meta":{"origin":69512,"position":2},"title":"Jornal da Franca &#8211; Globo j\u00e1 classifica pirataria como situa\u00e7\u00e3o end\u00eamica, com preju\u00edzo de bilh\u00f5es","author":"noticiasribeiraopreto.com.br","date":"24 de April de 2025","format":false,"excerpt":"compartilhar no whatsapp compartilhar no telegram compartilhar no facebook compartilhar no linkedin Segundo os levantamentos, em 2024, o preju\u00edzo com transmiss\u00f5es ilegais em TV por assinatura ultrapassou R$ 12 bilh\u00f5es. A conta n\u00e3o fecha. De acordo com dados divulgados pela Globo, 80% das pessoas que assistem ao Premiere \u2014 canal\u2026","rel":"","context":"In &quot;Not\u00edcias de Franca-SP&quot;","block_context":{"text":"Not\u00edcias de Franca-SP","link":"https:\/\/noticiasribeiraopreto.com.br\/index.php\/category\/noticias-de-ribeirao-preto-sp-e-regiao-ismael-colosi\/noticias-franca-sp\/"},"img":{"alt_text":"","src":"https:\/\/i0.wp.com\/noticiasribeiraopreto.com.br\/wp-content\/uploads\/2025\/04\/21935.jpg?fit=1000%2C667&ssl=1&resize=350%2C200","width":350,"height":200,"srcset":"https:\/\/i0.wp.com\/noticiasribeiraopreto.com.br\/wp-content\/uploads\/2025\/04\/21935.jpg?fit=1000%2C667&ssl=1&resize=350%2C200 1x, https:\/\/i0.wp.com\/noticiasribeiraopreto.com.br\/wp-content\/uploads\/2025\/04\/21935.jpg?fit=1000%2C667&ssl=1&resize=525%2C300 1.5x, https:\/\/i0.wp.com\/noticiasribeiraopreto.com.br\/wp-content\/uploads\/2025\/04\/21935.jpg?fit=1000%2C667&ssl=1&resize=700%2C400 2x"},"classes":[]},{"id":70128,"url":"https:\/\/noticiasribeiraopreto.com.br\/index.php\/2025\/05\/22\/balanco-de-4-meses-da-prefeitura-de-franca-mostra-gasto-de-28-com-pessoal-e-menos-1-para-investimento\/","url_meta":{"origin":69512,"position":3},"title":"Balan\u00e7o de 4 meses da Prefeitura de Franca mostra gasto de 28% com pessoal e menos 1% para investimento","author":"noticiasribeiraopreto.com.br","date":"22 de May de 2025","format":false,"excerpt":"A administra\u00e7\u00e3o do prefeito Alexandre Ferreira (MDB) gastou entre janeiro e abril de 2025 o total de R$ 129.208.557,57 com pessoal e encargos sociais, enquanto destinou R$ 1.055.937,79 para realizar investimentos em Franca. Esses dados foram apresentados no demonstrativo da despesa do m\u00eas de abril de 2025, divulgado no Di\u00e1rio\u2026","rel":"","context":"In &quot;Not\u00edcias de Franca-SP&quot;","block_context":{"text":"Not\u00edcias de Franca-SP","link":"https:\/\/noticiasribeiraopreto.com.br\/index.php\/category\/noticias-de-ribeirao-preto-sp-e-regiao-ismael-colosi\/noticias-franca-sp\/"},"img":{"alt_text":"","src":"https:\/\/i0.wp.com\/noticiasribeiraopreto.com.br\/wp-content\/uploads\/2025\/05\/alexandre-ferreira.jpg?fit=600%2C400&ssl=1&resize=350%2C200","width":350,"height":200,"srcset":"https:\/\/i0.wp.com\/noticiasribeiraopreto.com.br\/wp-content\/uploads\/2025\/05\/alexandre-ferreira.jpg?fit=600%2C400&ssl=1&resize=350%2C200 1x, https:\/\/i0.wp.com\/noticiasribeiraopreto.com.br\/wp-content\/uploads\/2025\/05\/alexandre-ferreira.jpg?fit=600%2C400&ssl=1&resize=525%2C300 1.5x"},"classes":[]},{"id":70532,"url":"https:\/\/noticiasribeiraopreto.com.br\/index.php\/2025\/05\/27\/obras-de-r-362-milhoes-da-sabesp-vai-desativar-lagoas-de-esgoto-em-4-bairros-de-franca\/","url_meta":{"origin":69512,"position":4},"title":"Obras de R$ 362 milh\u00f5es da Sabesp vai desativar lagoas de esgoto em 4 bairros de Franca","author":"noticiasribeiraopreto.com.br","date":"27 de May de 2025","format":false,"excerpt":"A Sabesp investir\u00e1, at\u00e9 2029, um total de R$ 362 milh\u00f5es em Franca. O aporte ser\u00e1 destinado a obras e a\u00e7\u00f5es de amplia\u00e7\u00e3o e inova\u00e7\u00e3o nos sistemas de abastecimento de \u00e1gua, coleta e tratamento de esgoto de todo o munic\u00edpio. O an\u00fancio dos investimentos foi feito durante reuni\u00e3o realizada na\u2026","rel":"","context":"In &quot;Not\u00edcias de Franca-SP&quot;","block_context":{"text":"Not\u00edcias de Franca-SP","link":"https:\/\/noticiasribeiraopreto.com.br\/index.php\/category\/noticias-de-ribeirao-preto-sp-e-regiao-ismael-colosi\/noticias-franca-sp\/"},"img":{"alt_text":"","src":"https:\/\/i0.wp.com\/noticiasribeiraopreto.com.br\/wp-content\/uploads\/2025\/05\/sabesp-e1693591920553.jpg?fit=700%2C525&ssl=1&resize=350%2C200","width":350,"height":200,"srcset":"https:\/\/i0.wp.com\/noticiasribeiraopreto.com.br\/wp-content\/uploads\/2025\/05\/sabesp-e1693591920553.jpg?fit=700%2C525&ssl=1&resize=350%2C200 1x, https:\/\/i0.wp.com\/noticiasribeiraopreto.com.br\/wp-content\/uploads\/2025\/05\/sabesp-e1693591920553.jpg?fit=700%2C525&ssl=1&resize=525%2C300 1.5x, https:\/\/i0.wp.com\/noticiasribeiraopreto.com.br\/wp-content\/uploads\/2025\/05\/sabesp-e1693591920553.jpg?fit=700%2C525&ssl=1&resize=700%2C400 2x"},"classes":[]},{"id":68543,"url":"https:\/\/noticiasribeiraopreto.com.br\/index.php\/2025\/04\/26\/jornal-da-franca-governo-de-sp-conclui-145-obras-em-escolas-e-creches-na-regiao-de-franca-em-27-meses\/","url_meta":{"origin":69512,"position":5},"title":"Jornal da Franca &#8211; Governo de SP conclui 145 obras em escolas e creches na regi\u00e3o de Franca em 27 meses","author":"noticiasribeiraopreto.com.br","date":"26 de April de 2025","format":false,"excerpt":"compartilhar no whatsapp compartilhar no telegram compartilhar no facebook compartilhar no linkedin No per\u00edodo, foram investidos mais de R$ 118 milh\u00f5es; benfeitorias impactam a rotina escolar de cerca de 61 mil estudantes O Governo de S\u00e3o Paulo entregou 4.479 obras em escolas e creches no per\u00edodo entre janeiro de 2023\u2026","rel":"","context":"In &quot;Not\u00edcias de Franca-SP&quot;","block_context":{"text":"Not\u00edcias de Franca-SP","link":"https:\/\/noticiasribeiraopreto.com.br\/index.php\/category\/noticias-de-ribeirao-preto-sp-e-regiao-ismael-colosi\/noticias-franca-sp\/"},"img":{"alt_text":"","src":"https:\/\/i0.wp.com\/noticiasribeiraopreto.com.br\/wp-content\/uploads\/2025\/04\/5fb8b260-6adf-40fd-9258-0e2f4030e241.jpg?fit=1200%2C800&ssl=1&resize=350%2C200","width":350,"height":200,"srcset":"https:\/\/i0.wp.com\/noticiasribeiraopreto.com.br\/wp-content\/uploads\/2025\/04\/5fb8b260-6adf-40fd-9258-0e2f4030e241.jpg?fit=1200%2C800&ssl=1&resize=350%2C200 1x, https:\/\/i0.wp.com\/noticiasribeiraopreto.com.br\/wp-content\/uploads\/2025\/04\/5fb8b260-6adf-40fd-9258-0e2f4030e241.jpg?fit=1200%2C800&ssl=1&resize=525%2C300 1.5x, https:\/\/i0.wp.com\/noticiasribeiraopreto.com.br\/wp-content\/uploads\/2025\/04\/5fb8b260-6adf-40fd-9258-0e2f4030e241.jpg?fit=1200%2C800&ssl=1&resize=700%2C400 2x, https:\/\/i0.wp.com\/noticiasribeiraopreto.com.br\/wp-content\/uploads\/2025\/04\/5fb8b260-6adf-40fd-9258-0e2f4030e241.jpg?fit=1200%2C800&ssl=1&resize=1050%2C600 3x"},"classes":[]}],"jetpack_sharing_enabled":true,"jetpack_shortlink":"https:\/\/wp.me\/peQAOb-i5a","_links":{"self":[{"href":"https:\/\/noticiasribeiraopreto.com.br\/index.php\/wp-json\/wp\/v2\/posts\/69512","targetHints":{"allow":["GET"]}}],"collection":[{"href":"https:\/\/noticiasribeiraopreto.com.br\/index.php\/wp-json\/wp\/v2\/posts"}],"about":[{"href":"https:\/\/noticiasribeiraopreto.com.br\/index.php\/wp-json\/wp\/v2\/types\/post"}],"author":[{"embeddable":true,"href":"https:\/\/noticiasribeiraopreto.com.br\/index.php\/wp-json\/wp\/v2\/users\/1"}],"replies":[{"embeddable":true,"href":"https:\/\/noticiasribeiraopreto.com.br\/index.php\/wp-json\/wp\/v2\/comments?post=69512"}],"version-history":[{"count":0,"href":"https:\/\/noticiasribeiraopreto.com.br\/index.php\/wp-json\/wp\/v2\/posts\/69512\/revisions"}],"wp:featuredmedia":[{"embeddable":true,"href":"https:\/\/noticiasribeiraopreto.com.br\/index.php\/wp-json\/wp\/v2\/media\/69513"}],"wp:attachment":[{"href":"https:\/\/noticiasribeiraopreto.com.br\/index.php\/wp-json\/wp\/v2\/media?parent=69512"}],"wp:term":[{"taxonomy":"category","embeddable":true,"href":"https:\/\/noticiasribeiraopreto.com.br\/index.php\/wp-json\/wp\/v2\/categories?post=69512"},{"taxonomy":"post_tag","embeddable":true,"href":"https:\/\/noticiasribeiraopreto.com.br\/index.php\/wp-json\/wp\/v2\/tags?post=69512"}],"curies":[{"name":"wp","href":"https:\/\/api.w.org\/{rel}","templated":true}]}}