{"id":69516,"date":"2025-05-07T01:35:47","date_gmt":"2025-05-07T04:35:47","guid":{"rendered":"https:\/\/noticiasribeiraopreto.com.br\/index.php\/2025\/05\/07\/concurso-para-a-policia-militar-abre-20-vagas-para-franca-e-cidades-da-regiao\/"},"modified":"2025-05-07T01:35:47","modified_gmt":"2025-05-07T04:35:47","slug":"concurso-para-a-policia-militar-abre-20-vagas-para-franca-e-cidades-da-regiao","status":"publish","type":"post","link":"https:\/\/noticiasribeiraopreto.com.br\/index.php\/2025\/05\/07\/concurso-para-a-policia-militar-abre-20-vagas-para-franca-e-cidades-da-regiao\/","title":{"rendered":"Concurso para a Pol\u00edcia Militar abre 20 vagas para Franca e cidades da regi\u00e3o"},"content":{"rendered":"<p> <br \/>\n<\/p>\n<div>\n<p>A Pol\u00edcia Militar divulgou, nesta ter\u00e7a-feira (6), o edital para contratar 2,2 mil policiais militares da reserva para cargos administrativos. A publica\u00e7\u00e3o foi feita no Di\u00e1rio Oficial do Estado (DOE). A medida, autorizada pelo Governo de S\u00e3o Paulo no final do ano passado, vai permitir que os policiais da ativa, que atualmente exercem fun\u00e7\u00f5es internas nas unidades da PM, possam refor\u00e7ar o policiamento nas ruas. H\u00e1 vagas para Franca (14), Batatais (2), Ituverava (2), Orl\u00e2ndia (2). No caso de Franca, s\u00e3o vagas para a Pol\u00edcia Militar, a Pol\u00edcia Militar Ambiental e os Bombeiros.<\/p>\n<p>Os militares aposentados que foram para a reserva e desejam voltar a colaborar com a institui\u00e7\u00e3o podem se inscrever entre 12 de maio e 2 de junho. Para isso, os interessados precisam preencher uma ficha de inscri\u00e7\u00e3o e entregar nas unidades de interesse. <a href=\"https:\/\/doe.sp.gov.br\/executivo\/secretaria-da-seguranca-publica\/edital-de-chamamento-20250505123316182221053828\" target=\"_blank\" rel=\"noopener\"><strong>Saiba mais sobre os procedimentos aqui<\/strong><\/a>.<\/p>\n<p>O secret\u00e1rio da Seguran\u00e7a P\u00fablica, Guilherme Derrite, enfatizou que essa \u00e9 uma medida importante para \u201cliberar mais policiais do quadro de combatente para o servi\u00e7o operacional\u201d, o que representa mais uma etapa para recompor o efetivo da Pol\u00edcia Militar no estado.<\/p>\n<p>As vagas, espalhadas por todos os munic\u00edpios do estado paulista, s\u00e3o apenas para pra\u00e7as, ou seja, para aqueles que se aposentaram em cargos de soldados, cabos, sargentos ou sub-tenentes. Ser\u00e1 dada prioridade aos policiais que possuem experi\u00eancia em cargos administrativos.<\/p>\n<p>Os selecionados devem trabalhar oito horas por dia e t\u00eam direito a f\u00e9rias. O edital ainda estipula que os policiais da reserva s\u00f3 podem permanecer no servi\u00e7o administrativo por at\u00e9 um ano, mas \u00e9 poss\u00edvel prorrogar o prazo.<\/p>\n<p>Policial ativo x inativo<br \/>Apesar de contribuir novamente com o trabalho da Pol\u00edcia Militar, o policial da reserva que optar por atuar em fun\u00e7\u00f5es administrativas seguir\u00e1 sendo inativo, ent\u00e3o ele n\u00e3o poder\u00e1 usar farda ou concorrer a promo\u00e7\u00f5es, por exemplo.<\/p>\n<p>Policiais que est\u00e3o na reserva s\u00e3o aqueles que contribu\u00edram o tempo m\u00ednimo na institui\u00e7\u00e3o e decidiram se aposentar, tornando-se inativos.<\/p>\n<p>Al\u00e9m disso, o capit\u00e3o Gustavo Maciel, da Subsecretaria de Acompanhamento de Projetos Estrat\u00e9gicos (Sape), da Secretaria da Seguran\u00e7a P\u00fablica (SSP), explicou que o militar \u00e9 diferente de um servidor p\u00fablico \u201cque se aposenta e perde um v\u00ednculo com a institui\u00e7\u00e3o\u201d, sendo benefici\u00e1rio do sistema de previd\u00eancia do Estado.<\/p>\n<p>\u201cPor lei, o policial militar quando se aposenta continua vinculado com a institui\u00e7\u00e3o, mas est\u00e1 inativo, mesmo assim, ele ainda responde pelo c\u00f3digo militar, ent\u00e3o se cometer alguma transgress\u00e3o disciplinar vai responder por isso com base no regulamento. Outros aposentados rompem totalmente o v\u00ednculo com a entidade ou empresa na qual trabalhou\u201d, explicou.<\/p>\n<p><!-- CONTENT END 1 --><\/p><\/div>\n<p><br \/>\n<br \/><a href=\"https:\/\/www.f3noticias.com.br\/concurso-para-a-policia-militar-abre-20-vagas-para-franca-e-cidades-da-regiao\/\">Source link <\/a><\/p>\n","protected":false},"excerpt":{"rendered":"<p>A Pol\u00edcia Militar divulgou, nesta ter\u00e7a-feira (6), o edital para contratar 2,2 mil policiais militares da reserva para cargos administrativos. A publica\u00e7\u00e3o foi feita no&#8230;<\/p>\n","protected":false},"author":1,"featured_media":69517,"comment_status":"open","ping_status":"open","sticky":false,"template":"","format":"standard","meta":{"advanced_seo_description":"","jetpack_seo_html_title":"","jetpack_seo_noindex":false,"jetpack_post_was_ever_published":false,"_jetpack_newsletter_access":"","_jetpack_dont_email_post_to_subs":false,"_jetpack_newsletter_tier_id":0,"_jetpack_memberships_contains_paywalled_content":false,"_jetpack_memberships_contains_paid_content":false,"footnotes":"","jetpack_publicize_message":"","jetpack_publicize_feature_enabled":true,"jetpack_social_post_already_shared":true,"jetpack_social_options":{"image_generator_settings":{"template":"highway","default_image_id":0,"font":"","enabled":false},"version":2}},"categories":[3597],"tags":[],"class_list":["post-69516","post","type-post","status-publish","format-standard","has-post-thumbnail","hentry","category-noticias-franca-sp"],"jetpack_publicize_connections":[],"jetpack_featured_media_url":"https:\/\/i0.wp.com\/noticiasribeiraopreto.com.br\/wp-content\/uploads\/2025\/05\/policia-militar.jpg?fit=1024%2C687&ssl=1","jetpack-related-posts":[{"id":69574,"url":"https:\/\/noticiasribeiraopreto.com.br\/index.php\/2025\/05\/07\/jornal-da-franca-governo-de-sp-vai-contratar-22-mil-policiais-da-reserva-para-cargos-administrativos\/","url_meta":{"origin":69516,"position":0},"title":"Jornal da Franca &#8211; Governo de SP vai contratar 2,2 mil policiais da reserva para cargos administrativos","author":"noticiasribeiraopreto.com.br","date":"7 de May de 2025","format":false,"excerpt":"compartilhar no whatsapp compartilhar no telegram compartilhar no facebook compartilhar no linkedin Medida tomada pelo governo vai permitir que militares da ativa que hoje atuam no servi\u00e7o interno sejam deslocados \u00e0s ruas A Pol\u00edcia Militar divulgou o edital para contratar 2,2 mil policiais militares da reserva para cargos administrativos. A\u2026","rel":"","context":"In &quot;Not\u00edcias de Franca-SP&quot;","block_context":{"text":"Not\u00edcias de Franca-SP","link":"https:\/\/noticiasribeiraopreto.com.br\/index.php\/category\/noticias-de-ribeirao-preto-sp-e-regiao-ismael-colosi\/noticias-franca-sp\/"},"img":{"alt_text":"","src":"https:\/\/i0.wp.com\/noticiasribeiraopreto.com.br\/wp-content\/uploads\/2025\/05\/inativos.jpg?fit=1024%2C687&ssl=1&resize=350%2C200","width":350,"height":200,"srcset":"https:\/\/i0.wp.com\/noticiasribeiraopreto.com.br\/wp-content\/uploads\/2025\/05\/inativos.jpg?fit=1024%2C687&ssl=1&resize=350%2C200 1x, https:\/\/i0.wp.com\/noticiasribeiraopreto.com.br\/wp-content\/uploads\/2025\/05\/inativos.jpg?fit=1024%2C687&ssl=1&resize=525%2C300 1.5x, https:\/\/i0.wp.com\/noticiasribeiraopreto.com.br\/wp-content\/uploads\/2025\/05\/inativos.jpg?fit=1024%2C687&ssl=1&resize=700%2C400 2x"},"classes":[]},{"id":64870,"url":"https:\/\/noticiasribeiraopreto.com.br\/index.php\/2025\/03\/13\/jornal-da-franca-governo-de-sao-paulo-autoriza-concurso-para-alunos-oficiais-da-policia-militar\/","url_meta":{"origin":69516,"position":1},"title":"Jornal da Franca &#8211; Governo de S\u00e3o Paulo autoriza concurso para alunos-oficiais da Pol\u00edcia Militar","author":"noticiasribeiraopreto.com.br","date":"13 de March de 2025","format":false,"excerpt":"compartilhar no whatsapp compartilhar no telegram compartilhar no facebook compartilhar no linkedin Os detalhes do concurso e os requisitos para inscri\u00e7\u00e3o ser\u00e3o publicados nos pr\u00f3ximos meses, ap\u00f3s a PM definir as regras para o edital. O Governo de S\u00e3o Paulo autorizou a abertura de concurso para contratar 165 alunos-oficiais da\u2026","rel":"","context":"In &quot;Not\u00edcias de Franca-SP&quot;","block_context":{"text":"Not\u00edcias de Franca-SP","link":"https:\/\/noticiasribeiraopreto.com.br\/index.php\/category\/noticias-de-ribeirao-preto-sp-e-regiao-ismael-colosi\/noticias-franca-sp\/"},"img":{"alt_text":"","src":"https:\/\/i0.wp.com\/noticiasribeiraopreto.com.br\/wp-content\/uploads\/2025\/03\/tropa.jpg?fit=1024%2C683&ssl=1&resize=350%2C200","width":350,"height":200,"srcset":"https:\/\/i0.wp.com\/noticiasribeiraopreto.com.br\/wp-content\/uploads\/2025\/03\/tropa.jpg?fit=1024%2C683&ssl=1&resize=350%2C200 1x, https:\/\/i0.wp.com\/noticiasribeiraopreto.com.br\/wp-content\/uploads\/2025\/03\/tropa.jpg?fit=1024%2C683&ssl=1&resize=525%2C300 1.5x, https:\/\/i0.wp.com\/noticiasribeiraopreto.com.br\/wp-content\/uploads\/2025\/03\/tropa.jpg?fit=1024%2C683&ssl=1&resize=700%2C400 2x"},"classes":[]},{"id":69576,"url":"https:\/\/noticiasribeiraopreto.com.br\/index.php\/2025\/05\/07\/pm-contratara-22-mil-policiais-da-reserva\/","url_meta":{"origin":69516,"position":2},"title":"PM contratar\u00e1 2,2 mil policiais da reserva\u00a0","author":"noticiasribeiraopreto.com.br","date":"7 de May de 2025","format":false,"excerpt":"A Pol\u00edcia Militar divulgou nesta ter\u00e7a-feira, 6 de maio, edital para contratar 2,2 mil policiais militares da reserva para cargos administrativos. A publica\u00e7\u00e3o foi feita no Di\u00e1rio Oficial do Estado (DOE). A medida, autorizada pelo governo de S\u00e3o Paulo no final do ano passado, vai permitir que os policiais da\u2026","rel":"","context":"In &quot;Not\u00edcias de Ribeir\u00e3o Preto-SP e Regi\u00e3o&quot;","block_context":{"text":"Not\u00edcias de Ribeir\u00e3o Preto-SP e Regi\u00e3o","link":"https:\/\/noticiasribeiraopreto.com.br\/index.php\/category\/noticias-de-ribeirao-preto-sp-e-regiao-ismael-colosi\/"},"img":{"alt_text":"","src":"https:\/\/i0.wp.com\/noticiasribeiraopreto.com.br\/wp-content\/uploads\/2025\/05\/PoliciaPM-Governo-de-Sao-Paulo-1.jpg?fit=1200%2C805&ssl=1&resize=350%2C200","width":350,"height":200,"srcset":"https:\/\/i0.wp.com\/noticiasribeiraopreto.com.br\/wp-content\/uploads\/2025\/05\/PoliciaPM-Governo-de-Sao-Paulo-1.jpg?fit=1200%2C805&ssl=1&resize=350%2C200 1x, https:\/\/i0.wp.com\/noticiasribeiraopreto.com.br\/wp-content\/uploads\/2025\/05\/PoliciaPM-Governo-de-Sao-Paulo-1.jpg?fit=1200%2C805&ssl=1&resize=525%2C300 1.5x, https:\/\/i0.wp.com\/noticiasribeiraopreto.com.br\/wp-content\/uploads\/2025\/05\/PoliciaPM-Governo-de-Sao-Paulo-1.jpg?fit=1200%2C805&ssl=1&resize=700%2C400 2x, https:\/\/i0.wp.com\/noticiasribeiraopreto.com.br\/wp-content\/uploads\/2025\/05\/PoliciaPM-Governo-de-Sao-Paulo-1.jpg?fit=1200%2C805&ssl=1&resize=1050%2C600 3x"},"classes":[]},{"id":64505,"url":"https:\/\/noticiasribeiraopreto.com.br\/index.php\/2025\/03\/09\/jornal-da-franca-novo-alojamento-para-pm-trara-mais-conforto-e-seguranca-aos-policiais-de-franca\/","url_meta":{"origin":69516,"position":3},"title":"Jornal da Franca &#8211; Novo alojamento para PM trar\u00e1 mais conforto e seguran\u00e7a aos policiais de Franca","author":"noticiasribeiraopreto.com.br","date":"9 de March de 2025","format":false,"excerpt":"compartilhar no whatsapp compartilhar no telegram compartilhar no facebook compartilhar no linkedin Prefeitura de Franca constr\u00f3i alojamento na 5\u00aa Cia. da Pol\u00edcia Militar; obra beneficia 60 policiais e melhorar\u00e1 condi\u00e7\u00f5es de trabalho Prefeitura de Franca realiza melhorias na 5\u00aa Companhia da Pol\u00edcia Militar de Franca e a constru\u00e7\u00e3o de um\u2026","rel":"","context":"In &quot;Not\u00edcias de Franca-SP&quot;","block_context":{"text":"Not\u00edcias de Franca-SP","link":"https:\/\/noticiasribeiraopreto.com.br\/index.php\/category\/noticias-de-ribeirao-preto-sp-e-regiao-ismael-colosi\/noticias-franca-sp\/"},"img":{"alt_text":"","src":"https:\/\/i0.wp.com\/noticiasribeiraopreto.com.br\/wp-content\/uploads\/2025\/03\/alojamento-5a-CIA-PM.jpeg?fit=1200%2C800&ssl=1&resize=350%2C200","width":350,"height":200,"srcset":"https:\/\/i0.wp.com\/noticiasribeiraopreto.com.br\/wp-content\/uploads\/2025\/03\/alojamento-5a-CIA-PM.jpeg?fit=1200%2C800&ssl=1&resize=350%2C200 1x, https:\/\/i0.wp.com\/noticiasribeiraopreto.com.br\/wp-content\/uploads\/2025\/03\/alojamento-5a-CIA-PM.jpeg?fit=1200%2C800&ssl=1&resize=525%2C300 1.5x, https:\/\/i0.wp.com\/noticiasribeiraopreto.com.br\/wp-content\/uploads\/2025\/03\/alojamento-5a-CIA-PM.jpeg?fit=1200%2C800&ssl=1&resize=700%2C400 2x, https:\/\/i0.wp.com\/noticiasribeiraopreto.com.br\/wp-content\/uploads\/2025\/03\/alojamento-5a-CIA-PM.jpeg?fit=1200%2C800&ssl=1&resize=1050%2C600 3x"},"classes":[]},{"id":68799,"url":"https:\/\/noticiasribeiraopreto.com.br\/index.php\/2025\/04\/29\/jornal-da-franca-concurso-na-policia-militar-de-sp-inscricoes-para-alunos-oficiais-ja-estao-abertas\/","url_meta":{"origin":69516,"position":4},"title":"Jornal da Franca &#8211; Concurso na Pol\u00edcia Militar de SP: inscri\u00e7\u00f5es para alunos-oficiais j\u00e1 est\u00e3o abertas","author":"noticiasribeiraopreto.com.br","date":"29 de April de 2025","format":false,"excerpt":"compartilhar no whatsapp compartilhar no telegram compartilhar no facebook compartilhar no linkedin A prova objetiva est\u00e1 marcada para acontecer em 13 de julho, com 80 quest\u00f5es de m\u00faltipla escolha com cinco alternativas cada uma, As inscri\u00e7\u00f5es para as 165 vagas de alunos-oficiais da Pol\u00edcia Militar de S\u00e3o Paulo come\u00e7aram na\u2026","rel":"","context":"In &quot;Not\u00edcias de Franca-SP&quot;","block_context":{"text":"Not\u00edcias de Franca-SP","link":"https:\/\/noticiasribeiraopreto.com.br\/index.php\/category\/noticias-de-ribeirao-preto-sp-e-regiao-ismael-colosi\/noticias-franca-sp\/"},"img":{"alt_text":"","src":"https:\/\/i0.wp.com\/noticiasribeiraopreto.com.br\/wp-content\/uploads\/2025\/04\/Aluno-oficial-PM-Sao-Paulo.jpg?fit=1024%2C599&ssl=1&resize=350%2C200","width":350,"height":200,"srcset":"https:\/\/i0.wp.com\/noticiasribeiraopreto.com.br\/wp-content\/uploads\/2025\/04\/Aluno-oficial-PM-Sao-Paulo.jpg?fit=1024%2C599&ssl=1&resize=350%2C200 1x, https:\/\/i0.wp.com\/noticiasribeiraopreto.com.br\/wp-content\/uploads\/2025\/04\/Aluno-oficial-PM-Sao-Paulo.jpg?fit=1024%2C599&ssl=1&resize=525%2C300 1.5x, https:\/\/i0.wp.com\/noticiasribeiraopreto.com.br\/wp-content\/uploads\/2025\/04\/Aluno-oficial-PM-Sao-Paulo.jpg?fit=1024%2C599&ssl=1&resize=700%2C400 2x"},"classes":[]},{"id":66038,"url":"https:\/\/noticiasribeiraopreto.com.br\/index.php\/2025\/03\/27\/policia-civil-vai-a-alesp-para-discutir-mudancas-em-lei-polemica-sugerida-pelo-governo-estadual\/","url_meta":{"origin":69516,"position":5},"title":"Pol\u00edcia Civil vai \u00e0 Alesp para discutir mudan\u00e7as em lei pol\u00eamica sugerida pelo governo estadual","author":"noticiasribeiraopreto.com.br","date":"27 de March de 2025","format":false,"excerpt":"A moderniza\u00e7\u00e3o da Lei Org\u00e2nica da Pol\u00edcia Civil de S\u00e3o Paulo foi tema de reuni\u00e3o entre policiais e deputados da bancada do PL na Assembleia Legislativa (Alesp), nesta ter\u00e7a-feira. Com as mudan\u00e7as propostas pelo governador Tarc\u00edsio de Freitas (Republicanos), entidades da Pol\u00edcia Civil criticaram as altera\u00e7\u00f5es, principalmente porque um militar\u2026","rel":"","context":"In &quot;Not\u00edcias de Franca-SP&quot;","block_context":{"text":"Not\u00edcias de Franca-SP","link":"https:\/\/noticiasribeiraopreto.com.br\/index.php\/category\/noticias-de-ribeirao-preto-sp-e-regiao-ismael-colosi\/noticias-franca-sp\/"},"img":{"alt_text":"","src":"https:\/\/i0.wp.com\/noticiasribeiraopreto.com.br\/wp-content\/uploads\/2025\/03\/IMG-20250327-WA0024-scaled.jpg?fit=1200%2C900&ssl=1&resize=350%2C200","width":350,"height":200,"srcset":"https:\/\/i0.wp.com\/noticiasribeiraopreto.com.br\/wp-content\/uploads\/2025\/03\/IMG-20250327-WA0024-scaled.jpg?fit=1200%2C900&ssl=1&resize=350%2C200 1x, https:\/\/i0.wp.com\/noticiasribeiraopreto.com.br\/wp-content\/uploads\/2025\/03\/IMG-20250327-WA0024-scaled.jpg?fit=1200%2C900&ssl=1&resize=525%2C300 1.5x, https:\/\/i0.wp.com\/noticiasribeiraopreto.com.br\/wp-content\/uploads\/2025\/03\/IMG-20250327-WA0024-scaled.jpg?fit=1200%2C900&ssl=1&resize=700%2C400 2x, https:\/\/i0.wp.com\/noticiasribeiraopreto.com.br\/wp-content\/uploads\/2025\/03\/IMG-20250327-WA0024-scaled.jpg?fit=1200%2C900&ssl=1&resize=1050%2C600 3x"},"classes":[]}],"jetpack_sharing_enabled":true,"jetpack_shortlink":"https:\/\/wp.me\/peQAOb-i5e","_links":{"self":[{"href":"https:\/\/noticiasribeiraopreto.com.br\/index.php\/wp-json\/wp\/v2\/posts\/69516","targetHints":{"allow":["GET"]}}],"collection":[{"href":"https:\/\/noticiasribeiraopreto.com.br\/index.php\/wp-json\/wp\/v2\/posts"}],"about":[{"href":"https:\/\/noticiasribeiraopreto.com.br\/index.php\/wp-json\/wp\/v2\/types\/post"}],"author":[{"embeddable":true,"href":"https:\/\/noticiasribeiraopreto.com.br\/index.php\/wp-json\/wp\/v2\/users\/1"}],"replies":[{"embeddable":true,"href":"https:\/\/noticiasribeiraopreto.com.br\/index.php\/wp-json\/wp\/v2\/comments?post=69516"}],"version-history":[{"count":0,"href":"https:\/\/noticiasribeiraopreto.com.br\/index.php\/wp-json\/wp\/v2\/posts\/69516\/revisions"}],"wp:featuredmedia":[{"embeddable":true,"href":"https:\/\/noticiasribeiraopreto.com.br\/index.php\/wp-json\/wp\/v2\/media\/69517"}],"wp:attachment":[{"href":"https:\/\/noticiasribeiraopreto.com.br\/index.php\/wp-json\/wp\/v2\/media?parent=69516"}],"wp:term":[{"taxonomy":"category","embeddable":true,"href":"https:\/\/noticiasribeiraopreto.com.br\/index.php\/wp-json\/wp\/v2\/categories?post=69516"},{"taxonomy":"post_tag","embeddable":true,"href":"https:\/\/noticiasribeiraopreto.com.br\/index.php\/wp-json\/wp\/v2\/tags?post=69516"}],"curies":[{"name":"wp","href":"https:\/\/api.w.org\/{rel}","templated":true}]}}