{"id":69520,"date":"2025-05-07T03:39:54","date_gmt":"2025-05-07T06:39:54","guid":{"rendered":"https:\/\/noticiasribeiraopreto.com.br\/index.php\/2025\/05\/07\/licitacao-para-comprar-helicoptero-para-a-policia-civil-e-suspensa-pelo-tce-sp\/"},"modified":"2025-05-07T03:39:54","modified_gmt":"2025-05-07T06:39:54","slug":"licitacao-para-comprar-helicoptero-para-a-policia-civil-e-suspensa-pelo-tce-sp","status":"publish","type":"post","link":"https:\/\/noticiasribeiraopreto.com.br\/index.php\/2025\/05\/07\/licitacao-para-comprar-helicoptero-para-a-policia-civil-e-suspensa-pelo-tce-sp\/","title":{"rendered":"Licita\u00e7\u00e3o para comprar helic\u00f3ptero para a Pol\u00edcia Civil \u00e9 suspensa pelo TCE-SP"},"content":{"rendered":"<p> <br \/>\n<\/p>\n<div>\n<p>O Tribunal de Contas do Estado de S\u00e3o Paulo (TCESP) determinou, na quarta-feira (30\/4), durante realiza\u00e7\u00e3o de sess\u00e3o plen\u00e1ria, a anula\u00e7\u00e3o de edital da Secretaria de Estado da Seguran\u00e7a P\u00fablica (SSP) para aquisi\u00e7\u00e3o de helic\u00f3ptero para uso pela Pol\u00edcia Civil pelo Departamento de Opera\u00e7\u00f5es Policiais Estrat\u00e9gicas (DOPE).<\/p>\n<p>No julgamento, a relatora do processo, Conselheira Cristiana de Castro Moraes, deu proced\u00eancia \u00e0 representa\u00e7\u00e3o oposta contra o certame, e que insurgiu, dentre outras impropriedades no edital, pelo direcionamento do certame para uma \u00fanica concorrente. O voto foi acompanhado pela unanimidade do Colegiado em plen\u00e1rio.<br \/>Segundo o entendimento da Relatora, o edital promovido por meio do Preg\u00e3o Presencial Internacional n.\u00ba 1\/2023 apresenta impropriedades que considerou haver cl\u00e1usulas edital\u00edcias restritivas, o que prejudicou a concorr\u00eancia do certame.<\/p>\n<p>Dentre elas, a Conselheira apontou a exig\u00eancia de voltagem espec\u00edfica para baterias para a aeronave, o que levou \u00e0 desclassifica\u00e7\u00e3o de potenciais empresas interessadas e direcionamento do edital para somente 1 (uma) empresa no mercado. Em seu voto, a relatora ainda apontou falhas em rela\u00e7\u00e3o \u00e0 pesquisa de pre\u00e7os realizada e colocou em d\u00favida a vantagem econ\u00f4mica da proposta comercial vencedora.<\/p>\n<p>\u201cComo essa irregularidade constitui reflexo de falha na reda\u00e7\u00e3o do edital, \u00e9 necess\u00e1rio proceder \u00e0 anula\u00e7\u00e3o de todos os atos praticados no andamento do procedimento, a fim de divulgar ato convocat\u00f3rio devidamente redigido, com reda\u00e7\u00e3o mais clara e reavaliar as demais especifica\u00e7\u00f5es em rela\u00e7\u00e3o \u00e0s suas necessidades e aos equipamentos disponibilizados no mercado, a fim de promover certame dotado de efetivo potencial de competitividade\u201d, argumentou a relatora.<\/p>\n<p>A c\u00f3pia da decis\u00e3o e of\u00edcios ser\u00e3o encaminhados \u00e0 interessada. Com a anula\u00e7\u00e3o do edital, caso a Secretaria de Seguran\u00e7a, por meio do DOPE, ainda queira fazer outra licita\u00e7\u00e3o para os mesmos fins, dever\u00e1 anular todos os atos administrativos anteriores, realizar a retifica\u00e7\u00e3o do edital e relan\u00e7amento no mercado.<\/p>\n<p><!-- CONTENT END 1 --><\/p><\/div>\n<p><br \/>\n<br \/><a href=\"https:\/\/www.f3noticias.com.br\/licitacao-para-comprar-helicoptero-para-a-policia-civil-e-suspensa-pelo-tce-sp\/\">Source link <\/a><\/p>\n","protected":false},"excerpt":{"rendered":"<p>O Tribunal de Contas do Estado de S\u00e3o Paulo (TCESP) determinou, na quarta-feira (30\/4), durante realiza\u00e7\u00e3o de sess\u00e3o plen\u00e1ria, a anula\u00e7\u00e3o de edital da Secretaria&#8230;<\/p>\n","protected":false},"author":1,"featured_media":69521,"comment_status":"open","ping_status":"open","sticky":false,"template":"","format":"standard","meta":{"advanced_seo_description":"","jetpack_seo_html_title":"","jetpack_seo_noindex":false,"jetpack_post_was_ever_published":false,"_jetpack_newsletter_access":"","_jetpack_dont_email_post_to_subs":false,"_jetpack_newsletter_tier_id":0,"_jetpack_memberships_contains_paywalled_content":false,"_jetpack_memberships_contains_paid_content":false,"footnotes":"","jetpack_publicize_message":"","jetpack_publicize_feature_enabled":true,"jetpack_social_post_already_shared":true,"jetpack_social_options":{"image_generator_settings":{"template":"highway","default_image_id":0,"font":"","enabled":false},"version":2}},"categories":[3597],"tags":[],"class_list":["post-69520","post","type-post","status-publish","format-standard","has-post-thumbnail","hentry","category-noticias-franca-sp"],"jetpack_publicize_connections":[],"jetpack_featured_media_url":"https:\/\/i0.wp.com\/noticiasribeiraopreto.com.br\/wp-content\/uploads\/2025\/05\/policia-civil-helicoptero.png?fit=800%2C349&ssl=1","jetpack-related-posts":[{"id":22190,"url":"https:\/\/noticiasribeiraopreto.com.br\/index.php\/2023\/12\/29\/vice-governador-anuncia-novas-selecoes-pc-e-bombeiros-ma\/","url_meta":{"origin":69520,"position":0},"title":"vice-governador anuncia novas sele\u00e7\u00f5es PC e Bombeiros MA","author":"noticiasribeiraopreto.com.br","date":"29 de December de 2023","format":false,"excerpt":"Um novo concurso PC MA (Pol\u00edcia Civil do Estado do Maranh\u00e3o) est\u00e1 previsto para ser realizado no decorrer de 2024. A confirma\u00e7\u00e3o foi feita pelo vice-governador Felipe Costa Camar\u00e3o, em resposta a candidatos. Al\u00e9m disso, segundo ele, tamb\u00e9m h\u00e1 previs\u00e3o de um novo certame para o Corpo de Bombeiros. O\u2026","rel":"","context":"In &quot;Vagas de Emprego em Ribeir\u00e3o Preto-SP&quot;","block_context":{"text":"Vagas de Emprego em Ribeir\u00e3o Preto-SP","link":"https:\/\/noticiasribeiraopreto.com.br\/index.php\/category\/empregos-classificados-vagas-trabalho\/vagas-de-empregos-em-ribeirao-preto-regiao-brasil\/"},"img":{"alt_text":"","src":"https:\/\/i0.wp.com\/noticiasribeiraopreto.com.br\/wp-content\/uploads\/2023\/12\/pc_ma.jpg?fit=1200%2C675&ssl=1&resize=350%2C200","width":350,"height":200,"srcset":"https:\/\/i0.wp.com\/noticiasribeiraopreto.com.br\/wp-content\/uploads\/2023\/12\/pc_ma.jpg?fit=1200%2C675&ssl=1&resize=350%2C200 1x, https:\/\/i0.wp.com\/noticiasribeiraopreto.com.br\/wp-content\/uploads\/2023\/12\/pc_ma.jpg?fit=1200%2C675&ssl=1&resize=525%2C300 1.5x, https:\/\/i0.wp.com\/noticiasribeiraopreto.com.br\/wp-content\/uploads\/2023\/12\/pc_ma.jpg?fit=1200%2C675&ssl=1&resize=700%2C400 2x, https:\/\/i0.wp.com\/noticiasribeiraopreto.com.br\/wp-content\/uploads\/2023\/12\/pc_ma.jpg?fit=1200%2C675&ssl=1&resize=1050%2C600 3x"},"classes":[]},{"id":66997,"url":"https:\/\/noticiasribeiraopreto.com.br\/index.php\/2025\/04\/08\/orgaos-sao-transportados-de-ribeirao-para-sp-com-ajuda-da-policia-civil\/","url_meta":{"origin":69520,"position":1},"title":"\u00d3rg\u00e3os s\u00e3o transportados de Ribeir\u00e3o para SP com ajuda da Pol\u00edcia Civil","author":"noticiasribeiraopreto.com.br","date":"8 de April de 2025","format":false,"excerpt":"Uma equipe do Servi\u00e7o Aerot\u00e1tico da Pol\u00edcia Civil de S\u00e3o Paulo realizou o transporte de \u00f3rg\u00e3os para um transplante, de Ribeir\u00e3o Preto para a Capital Paulista, no \u00faltimo domingo (6). De acordo com o Governo do Estado, os policiais foram acionados pela Central de Transplantes e se deslocaram para a\u2026","rel":"","context":"In &quot;Not\u00edcias de Ribeir\u00e3o Preto-SP e Regi\u00e3o&quot;","block_context":{"text":"Not\u00edcias de Ribeir\u00e3o Preto-SP e Regi\u00e3o","link":"https:\/\/noticiasribeiraopreto.com.br\/index.php\/category\/noticias-de-ribeirao-preto-sp-e-regiao-ismael-colosi\/"},"img":{"alt_text":"","src":"https:\/\/i0.wp.com\/noticiasribeiraopreto.com.br\/wp-content\/uploads\/2025\/04\/Aeronave-da-policia-e1744120335286-1024x809-1_2025-04-08_15-57-12_jpg_2025-04-08_15-57-12.webp.webp?fit=1024%2C809&ssl=1&resize=350%2C200","width":350,"height":200,"srcset":"https:\/\/i0.wp.com\/noticiasribeiraopreto.com.br\/wp-content\/uploads\/2025\/04\/Aeronave-da-policia-e1744120335286-1024x809-1_2025-04-08_15-57-12_jpg_2025-04-08_15-57-12.webp.webp?fit=1024%2C809&ssl=1&resize=350%2C200 1x, https:\/\/i0.wp.com\/noticiasribeiraopreto.com.br\/wp-content\/uploads\/2025\/04\/Aeronave-da-policia-e1744120335286-1024x809-1_2025-04-08_15-57-12_jpg_2025-04-08_15-57-12.webp.webp?fit=1024%2C809&ssl=1&resize=525%2C300 1.5x, https:\/\/i0.wp.com\/noticiasribeiraopreto.com.br\/wp-content\/uploads\/2025\/04\/Aeronave-da-policia-e1744120335286-1024x809-1_2025-04-08_15-57-12_jpg_2025-04-08_15-57-12.webp.webp?fit=1024%2C809&ssl=1&resize=700%2C400 2x"},"classes":[]},{"id":12469,"url":"https:\/\/noticiasribeiraopreto.com.br\/index.php\/2023\/12\/08\/urgente-publicado-edital-para-246-vagas-imediatas-e-cadastros-em-sp-e-df\/","url_meta":{"origin":69520,"position":2},"title":"Urgente! Publicado edital para 246 vagas imediatas e cadastros em SP e DF","author":"noticiasribeiraopreto.com.br","date":"8 de December de 2023","format":false,"excerpt":"Foi publicado, no di\u00e1rio oficial da Uni\u00e3o desta sexta-feira, 8 de dezembro, o edital de abertura de inscri\u00e7\u00f5es do novo concurso ANAC (Ag\u00eancia Nacional de Avia\u00e7\u00e3o Civil). Ao todo est\u00e3o sendo oferecidas 246 vagas, sendo 70 para o preenchimento imediato e 176 para formar cadastro reserva de pessoal. O certame\u2026","rel":"","context":"In &quot;Vagas de Emprego em Ribeir\u00e3o Preto-SP&quot;","block_context":{"text":"Vagas de Emprego em Ribeir\u00e3o Preto-SP","link":"https:\/\/noticiasribeiraopreto.com.br\/index.php\/category\/empregos-classificados-vagas-trabalho\/vagas-de-empregos-em-ribeirao-preto-regiao-brasil\/"},"img":{"alt_text":"","src":"https:\/\/i0.wp.com\/noticiasribeiraopreto.com.br\/wp-content\/uploads\/2023\/12\/anac.jpg?fit=1118%2C200&ssl=1&resize=350%2C200","width":350,"height":200,"srcset":"https:\/\/i0.wp.com\/noticiasribeiraopreto.com.br\/wp-content\/uploads\/2023\/12\/anac.jpg?fit=1118%2C200&ssl=1&resize=350%2C200 1x, https:\/\/i0.wp.com\/noticiasribeiraopreto.com.br\/wp-content\/uploads\/2023\/12\/anac.jpg?fit=1118%2C200&ssl=1&resize=525%2C300 1.5x, https:\/\/i0.wp.com\/noticiasribeiraopreto.com.br\/wp-content\/uploads\/2023\/12\/anac.jpg?fit=1118%2C200&ssl=1&resize=700%2C400 2x, https:\/\/i0.wp.com\/noticiasribeiraopreto.com.br\/wp-content\/uploads\/2023\/12\/anac.jpg?fit=1118%2C200&ssl=1&resize=1050%2C600 3x"},"classes":[]},{"id":58270,"url":"https:\/\/noticiasribeiraopreto.com.br\/index.php\/2024\/09\/23\/helicoptero-e-utilizado-no-combate-a-incendio-na-regiao-de-ribeirao-preto-veja-o-video\/","url_meta":{"origin":69520,"position":3},"title":"Helic\u00f3ptero \u00e9 utilizado no combate a inc\u00eandio na regi\u00e3o de Ribeir\u00e3o Preto; Veja o v\u00eddeo","author":"noticiasribeiraopreto.com.br","date":"23 de September de 2024","format":false,"excerpt":"A Defesa Civil de S\u00e3o Paulo segue nesta segunda-feira (23) no combate a um inc\u00eandio em Cajuru, na regi\u00e3o de Ribeir\u00e3o Preto \u2013 veja o v\u00eddeo abaixo. Um helic\u00f3ptero est\u00e1 sendo utilizado no combate ao fogo. N\u00e3o h\u00e1 informa\u00e7\u00f5es sobre feridos. VEJA O V\u00cdDEO Segundo o \u00f3rg\u00e3o, o Estado de\u2026","rel":"","context":"In &quot;Not\u00edcias de Ribeir\u00e3o Preto-SP e Regi\u00e3o&quot;","block_context":{"text":"Not\u00edcias de Ribeir\u00e3o Preto-SP e Regi\u00e3o","link":"https:\/\/noticiasribeiraopreto.com.br\/index.php\/category\/noticias-de-ribeirao-preto-sp-e-regiao-ismael-colosi\/"},"img":{"alt_text":"","src":"https:\/\/i0.wp.com\/noticiasribeiraopreto.com.br\/wp-content\/uploads\/2024\/09\/cajuru-fogo_2024-09-23_17-04-50_jpg_2024-09-23_17-04-50.webp.webp?fit=1200%2C744&ssl=1&resize=350%2C200","width":350,"height":200,"srcset":"https:\/\/i0.wp.com\/noticiasribeiraopreto.com.br\/wp-content\/uploads\/2024\/09\/cajuru-fogo_2024-09-23_17-04-50_jpg_2024-09-23_17-04-50.webp.webp?fit=1200%2C744&ssl=1&resize=350%2C200 1x, https:\/\/i0.wp.com\/noticiasribeiraopreto.com.br\/wp-content\/uploads\/2024\/09\/cajuru-fogo_2024-09-23_17-04-50_jpg_2024-09-23_17-04-50.webp.webp?fit=1200%2C744&ssl=1&resize=525%2C300 1.5x, https:\/\/i0.wp.com\/noticiasribeiraopreto.com.br\/wp-content\/uploads\/2024\/09\/cajuru-fogo_2024-09-23_17-04-50_jpg_2024-09-23_17-04-50.webp.webp?fit=1200%2C744&ssl=1&resize=700%2C400 2x, https:\/\/i0.wp.com\/noticiasribeiraopreto.com.br\/wp-content\/uploads\/2024\/09\/cajuru-fogo_2024-09-23_17-04-50_jpg_2024-09-23_17-04-50.webp.webp?fit=1200%2C744&ssl=1&resize=1050%2C600 3x"},"classes":[]},{"id":15010,"url":"https:\/\/noticiasribeiraopreto.com.br\/index.php\/2023\/12\/12\/autorizada-nova-selecao-para-cargo-de-procurador\/","url_meta":{"origin":69520,"position":4},"title":"autorizada nova sele\u00e7\u00e3o para cargo de procurador","author":"noticiasribeiraopreto.com.br","date":"12 de December de 2023","format":false,"excerpt":"Um novo concurso PGE PR (Procuradoria Geral do Estado do Paran\u00e1) deve ocorrer em breve. A sele\u00e7\u00e3o foi anunciada na manh\u00e3 desta ter\u00e7a-feira, 12 de dezembro, por meio de nota divulgada no site oficial do \u00f3rg\u00e3o. De acordo com a publica\u00e7\u00e3o, o certame j\u00e1 est\u00e1 autorizado pelo governador Ratinho J\u00fanior\u2026","rel":"","context":"In &quot;Vagas de Emprego em Ribeir\u00e3o Preto-SP&quot;","block_context":{"text":"Vagas de Emprego em Ribeir\u00e3o Preto-SP","link":"https:\/\/noticiasribeiraopreto.com.br\/index.php\/category\/empregos-classificados-vagas-trabalho\/vagas-de-empregos-em-ribeirao-preto-regiao-brasil\/"},"img":{"alt_text":"","src":"https:\/\/i0.wp.com\/noticiasribeiraopreto.com.br\/wp-content\/uploads\/2023\/12\/pge_pr.jpg?fit=1200%2C675&ssl=1&resize=350%2C200","width":350,"height":200,"srcset":"https:\/\/i0.wp.com\/noticiasribeiraopreto.com.br\/wp-content\/uploads\/2023\/12\/pge_pr.jpg?fit=1200%2C675&ssl=1&resize=350%2C200 1x, https:\/\/i0.wp.com\/noticiasribeiraopreto.com.br\/wp-content\/uploads\/2023\/12\/pge_pr.jpg?fit=1200%2C675&ssl=1&resize=525%2C300 1.5x, https:\/\/i0.wp.com\/noticiasribeiraopreto.com.br\/wp-content\/uploads\/2023\/12\/pge_pr.jpg?fit=1200%2C675&ssl=1&resize=700%2C400 2x, https:\/\/i0.wp.com\/noticiasribeiraopreto.com.br\/wp-content\/uploads\/2023\/12\/pge_pr.jpg?fit=1200%2C675&ssl=1&resize=1050%2C600 3x"},"classes":[]},{"id":48906,"url":"https:\/\/noticiasribeiraopreto.com.br\/index.php\/2024\/05\/07\/era-a-pessoa-mais-proxima-de-mim-lamenta-irmao-de-vitima-de-acidente-na-agrishow\/","url_meta":{"origin":69520,"position":5},"title":"\u2018Era a pessoa mais pr\u00f3xima de mim\u2019, lamenta irm\u00e3o de v\u00edtima de acidente na Agrishow","author":"noticiasribeiraopreto.com.br","date":"7 de May de 2024","format":false,"excerpt":"A Pol\u00edcia Civil vai investigar como homic\u00eddio o acidente que resultou na morte de um homem ap\u00f3s a queda de uma tenda na Agrishow, em Ribeir\u00e3o Preto. A estrutura desabou, na \u00faltima quinta-feira (2), ap\u00f3s a passagem de um helic\u00f3ptero sobre o estande. M\u00e1rcio Sabino Silva, de 27 anos, morreu\u2026","rel":"","context":"In &quot;Not\u00edcias de Ribeir\u00e3o Preto-SP e Regi\u00e3o&quot;","block_context":{"text":"Not\u00edcias de Ribeir\u00e3o Preto-SP e Regi\u00e3o","link":"https:\/\/noticiasribeiraopreto.com.br\/index.php\/category\/noticias-de-ribeirao-preto-sp-e-regiao-ismael-colosi\/"},"img":{"alt_text":"","src":"https:\/\/i0.wp.com\/noticiasribeiraopreto.com.br\/wp-content\/uploads\/2024\/05\/AnyConv.com__marcio-sabino_2024-05-07_16-28-08.webp.webp?fit=1129%2C778&ssl=1&resize=350%2C200","width":350,"height":200,"srcset":"https:\/\/i0.wp.com\/noticiasribeiraopreto.com.br\/wp-content\/uploads\/2024\/05\/AnyConv.com__marcio-sabino_2024-05-07_16-28-08.webp.webp?fit=1129%2C778&ssl=1&resize=350%2C200 1x, https:\/\/i0.wp.com\/noticiasribeiraopreto.com.br\/wp-content\/uploads\/2024\/05\/AnyConv.com__marcio-sabino_2024-05-07_16-28-08.webp.webp?fit=1129%2C778&ssl=1&resize=525%2C300 1.5x, https:\/\/i0.wp.com\/noticiasribeiraopreto.com.br\/wp-content\/uploads\/2024\/05\/AnyConv.com__marcio-sabino_2024-05-07_16-28-08.webp.webp?fit=1129%2C778&ssl=1&resize=700%2C400 2x, https:\/\/i0.wp.com\/noticiasribeiraopreto.com.br\/wp-content\/uploads\/2024\/05\/AnyConv.com__marcio-sabino_2024-05-07_16-28-08.webp.webp?fit=1129%2C778&ssl=1&resize=1050%2C600 3x"},"classes":[]}],"jetpack_sharing_enabled":true,"jetpack_shortlink":"https:\/\/wp.me\/peQAOb-i5i","_links":{"self":[{"href":"https:\/\/noticiasribeiraopreto.com.br\/index.php\/wp-json\/wp\/v2\/posts\/69520","targetHints":{"allow":["GET"]}}],"collection":[{"href":"https:\/\/noticiasribeiraopreto.com.br\/index.php\/wp-json\/wp\/v2\/posts"}],"about":[{"href":"https:\/\/noticiasribeiraopreto.com.br\/index.php\/wp-json\/wp\/v2\/types\/post"}],"author":[{"embeddable":true,"href":"https:\/\/noticiasribeiraopreto.com.br\/index.php\/wp-json\/wp\/v2\/users\/1"}],"replies":[{"embeddable":true,"href":"https:\/\/noticiasribeiraopreto.com.br\/index.php\/wp-json\/wp\/v2\/comments?post=69520"}],"version-history":[{"count":0,"href":"https:\/\/noticiasribeiraopreto.com.br\/index.php\/wp-json\/wp\/v2\/posts\/69520\/revisions"}],"wp:featuredmedia":[{"embeddable":true,"href":"https:\/\/noticiasribeiraopreto.com.br\/index.php\/wp-json\/wp\/v2\/media\/69521"}],"wp:attachment":[{"href":"https:\/\/noticiasribeiraopreto.com.br\/index.php\/wp-json\/wp\/v2\/media?parent=69520"}],"wp:term":[{"taxonomy":"category","embeddable":true,"href":"https:\/\/noticiasribeiraopreto.com.br\/index.php\/wp-json\/wp\/v2\/categories?post=69520"},{"taxonomy":"post_tag","embeddable":true,"href":"https:\/\/noticiasribeiraopreto.com.br\/index.php\/wp-json\/wp\/v2\/tags?post=69520"}],"curies":[{"name":"wp","href":"https:\/\/api.w.org\/{rel}","templated":true}]}}