{"id":69522,"date":"2025-05-07T04:41:49","date_gmt":"2025-05-07T07:41:49","guid":{"rendered":"https:\/\/noticiasribeiraopreto.com.br\/index.php\/2025\/05\/07\/jornal-da-franca-radar-inteligente-flagra-celular-ausencia-de-cinto-e-outros-riscos-ao-volante\/"},"modified":"2025-05-07T04:41:49","modified_gmt":"2025-05-07T07:41:49","slug":"jornal-da-franca-radar-inteligente-flagra-celular-ausencia-de-cinto-e-outros-riscos-ao-volante","status":"publish","type":"post","link":"https:\/\/noticiasribeiraopreto.com.br\/index.php\/2025\/05\/07\/jornal-da-franca-radar-inteligente-flagra-celular-ausencia-de-cinto-e-outros-riscos-ao-volante\/","title":{"rendered":"Jornal da Franca &#8211; Radar inteligente flagra celular, aus\u00eancia de cinto e outros riscos ao volante"},"content":{"rendered":"<p> <br \/>\n<\/p>\n<div>\n\t                            <a class=\"mb-1\" href=\"https:\/\/api.whatsapp.com\/send?text=Olha essa Not\u00edcia no Jornal da Franca.%0D%0D*Radar inteligente flagra celular, aus\u00eancia de cinto e outros riscos ao volante*%0D%0Dclique na url abaixo%0Dhttps:\/\/www.jornaldafranca.com.br\/radar-inteligente-flagra-celular-ausencia-de-cinto-e-outros-riscos-ao-volante\/\" target=\"_blank\"><span class=\"text-12 badge badge-pill badge-success\"><i class=\"fa fa-whatsapp\"\/> compartilhar no whatsapp<\/span><\/a><\/p>\n<p>\t                            <a class=\"mb-1\" href=\"https:\/\/telegram.me\/share\/url?url=https:\/\/www.jornaldafranca.com.br\/radar-inteligente-flagra-celular-ausencia-de-cinto-e-outros-riscos-ao-volante\/&amp;text=Olha essa Not\u00edcia no Jornal da Franca.\" target=\"_blank\"><span class=\"text-12 badge badge-pill badge-info\"><i class=\"fa fa-telegram\"\/> compartilhar no telegram<\/span><\/a><\/p>\n<p>\t                            <a class=\"mb-1\" href=\"https:\/\/www.facebook.com\/sharer\/sharer.php?u=https:\/\/www.jornaldafranca.com.br\/radar-inteligente-flagra-celular-ausencia-de-cinto-e-outros-riscos-ao-volante\/\" target=\"_blank\"><span class=\"text-12 badge badge-pill badge-primary\"><i class=\"fa fa-facebook\"\/> compartilhar no facebook<\/span><\/a><\/p>\n<p>\t                            <a class=\"mb-1\" href=\"https:\/\/www.linkedin.com\/shareArticle?mini=true&amp;url=https:\/\/www.jornaldafranca.com.br\/radar-inteligente-flagra-celular-ausencia-de-cinto-e-outros-riscos-ao-volante\/&amp;title=Radar inteligente flagra celular, aus\u00eancia de cinto e outros riscos ao volante&amp;source=JORNAL DA FRANCA\" target=\"_blank\"><span class=\"text-12 badge badge-pill badge-secondary\"><i class=\"fa fa-linkedin\"\/> compartilhar no linkedin<\/span><\/a><\/p>\n<div class=\"lead text-20\">\n<p>Nova tecnologia de fiscaliza\u00e7\u00e3o vai al\u00e9m da velocidade e pode transformar o combate a infra\u00e7\u00f5es no tr\u00e2nsito em todo o mundo<\/p>\n<\/p><\/div>\n<p><img data-recalc-dims=\"1\" decoding=\"async\" src=\"https:\/\/i0.wp.com\/www.jornaldafranca.com.br\/wp-content\/uploads\/2025\/05\/Radar-inteligente-equipado-com-IA-e-capaz-de-flagrar-uso-de-celular-ausencia-de-cinto-e-outros-comportamentos-de-risco-ao-volante.jpg?ssl=1\" alt=\"\"\/><\/p>\n<p>O tr\u00e2nsito urbano poder\u00e1 ganhar um aliado de peso nos pr\u00f3ximos anos: um\u00a0radar com IA\u00a0(intelig\u00eancia artificial) capaz de\u00a0detectar infra\u00e7\u00f5es\u00a0como\u00a0uso de\u00a0\u00a0<span class=\"google-anno-t\">celular<\/span>\u00a0ao volante,\u00a0aus\u00eancia de cinto de seguran\u00e7a\u00a0e at\u00e9 transporte irregular de crian\u00e7as.<\/p>\n<p>A inova\u00e7\u00e3o foi testada recentemente no Reino Unido e promete mudar a forma como as autoridades monitoram e punem comportamentos de risco nas ruas e rodovias.<\/p>\n<p>Diferentemente dos radares tradicionais, que se limitam a medir a velocidade dos ve\u00edculos, o novo sistema utiliza c\u00e2meras de alta precis\u00e3o integradas a algoritmos de intelig\u00eancia artificial para\u00a0identificar m\u00faltiplas infra\u00e7\u00f5es simultaneamente.<\/p>\n<p>O objetivo \u00e9 aumentar a seguran\u00e7a vi\u00e1ria, reduzir acidentes e ampliar o alcance da fiscaliza\u00e7\u00e3o em pontos estrat\u00e9gicos das cidades.<\/p>\n<p><strong>Como funciona\u00a0<\/strong><\/p>\n<p>O novo\u00a0radar com IA\u00a0funciona a partir da combina\u00e7\u00e3o de c\u00e2meras de alta defini\u00e7\u00e3o e algoritmos avan\u00e7ados de reconhecimento de padr\u00f5es.<\/p>\n<p>Em vez de apenas medir a velocidade, ele\u00a0analisa em tempo real o interior dos ve\u00edculos, capturando imagens que indicam se o motorista est\u00e1 cometendo infra\u00e7\u00f5es.<\/p>\n<p><strong>Entre os comportamentos detect\u00e1veis est\u00e3o:<\/strong><\/p>\n<p><strong>Uso de celular<\/strong>\u00a0enquanto dirige, seja para liga\u00e7\u00f5es, mensagens ou navega\u00e7\u00e3o em aplicativos.<\/p>\n<p><strong>Falta do cinto de seguran\u00e7a<\/strong>\u00a0por parte do condutor e dos passageiros.<\/p>\n<p><strong>Transporte de crian\u00e7as<\/strong>\u00a0no banco dianteiro de forma irregular ou sem cadeirinha apropriada.<\/p>\n<p><strong>Manipula\u00e7\u00e3o de objetos<\/strong>\u00a0que possam comprometer a condu\u00e7\u00e3o segura.<\/p>\n<p>O sistema \u00e9 capaz de operar em qualquer condi\u00e7\u00e3o de ilumina\u00e7\u00e3o e clima, utilizando sensores infravermelhos e c\u00e2meras de alta resolu\u00e7\u00e3o. Ap\u00f3s a capta\u00e7\u00e3o das imagens, um\u00a0operador humano\u00a0realiza a revis\u00e3o para confirmar as infra\u00e7\u00f5es detectadas automaticamente, garantindo a validade jur\u00eddica das autua\u00e7\u00f5es.<\/p>\n<p><strong>Resultados de testes indicam efic\u00e1cia surpreendente<\/strong><\/p>\n<p>Durante os testes realizados no Reino Unido, em 2024, o novo\u00a0radar com IA\u00a0analisou milhares de ve\u00edculos e registrou mais de\u00a0800 infra\u00e7\u00f5es\u00a0em poucos dias de funcionamento. A maioria das multas aplicadas foi relacionada ao\u00a0uso de celular\u00a0ao volante e ao\u00a0n\u00e3o uso de cinto de seguran\u00e7a.<\/p>\n<p>Esses resultados impressionaram as autoridades de tr\u00e2nsito locais, que viram no sistema uma ferramenta poderosa para aumentar o cumprimento das leis e reduzir o n\u00famero de acidentes causados por comportamentos irrespons\u00e1veis.<\/p>\n<p>A previs\u00e3o \u00e9 que o radar inteligente comece a ser utilizado oficialmente no Reino Unido ainda em 2025, com expans\u00e3o prevista para outras regi\u00f5es da Europa e, futuramente, para Am\u00e9rica do Norte, \u00c1sia e Am\u00e9rica Latina.<\/p>\n<p><strong>Grandes vil\u00f5es do tr\u00e2nsito<\/strong><\/p>\n<p>Segundo dados da Organiza\u00e7\u00e3o Mundial da Sa\u00fade (OMS), o\u00a0uso de celular\u00a0ao dirigir aumenta em at\u00e9\u00a0quatro vezes\u00a0o risco de acidentes graves. A distra\u00e7\u00e3o causada pela intera\u00e7\u00e3o com o aparelho compromete reflexos, percep\u00e7\u00e3o de risco e tempo de rea\u00e7\u00e3o, fatores cr\u00edticos para a seguran\u00e7a no tr\u00e2nsito.<\/p>\n<p>J\u00e1 a\u00a0aus\u00eancia de cinto de seguran\u00e7a\u00a0continua sendo uma das principais causas de mortes em colis\u00f5es, mesmo em pa\u00edses com leis rigorosas. Estat\u00edsticas mostram que o uso adequado do cinto pode reduzir o risco de morte em at\u00e9 50% para motoristas e 75% para passageiros no banco traseiro.<\/p>\n<p>Diante desse cen\u00e1rio, o novo\u00a0radar com IA\u00a0surge como uma resposta tecnol\u00f3gica para combater comportamentos que, at\u00e9 ent\u00e3o, dependiam quase exclusivamente da fiscaliza\u00e7\u00e3o presencial.<\/p>\n<p><strong>Intelig\u00eancia artificial\u00a0<\/strong><\/p>\n<p>A aplica\u00e7\u00e3o da\u00a0intelig\u00eancia artificial\u00a0na fiscaliza\u00e7\u00e3o de\u00a0infra\u00e7\u00f5es no tr\u00e2nsito\u00a0representa um avan\u00e7o significativo em rela\u00e7\u00e3o aos m\u00e9todos tradicionais. O sistema consegue processar um volume muito maior de informa\u00e7\u00f5es em tempo real, com mais precis\u00e3o e menos margem para erro humano.<\/p>\n<p>Al\u00e9m disso, a tecnologia permite:<\/p>\n<p><strong>Cobertura cont\u00ednua<\/strong>: radares com IA podem funcionar 24 horas por dia, 7 dias por semana, sem necessidade de pausas.<\/p>\n<p><strong>Otimiza\u00e7\u00e3o de recursos<\/strong>: reduz a necessidade de patrulhamento f\u00edsico constante em locais de baixo risco.<\/p>\n<p><strong>Aumento da sensa\u00e7\u00e3o de fiscaliza\u00e7\u00e3o<\/strong>: motoristas tendem a adotar comportamentos mais seguros ao saberem que est\u00e3o sendo monitorados de maneira inteligente.<\/p>\n<p>Por\u00e9m, especialistas alertam que a implanta\u00e7\u00e3o de sistemas como o\u00a0<strong>radar com IA<\/strong>\u00a0deve respeitar leis de prote\u00e7\u00e3o de dados e direitos individuais, assegurando que a privacidade dos motoristas seja preservada.<\/p>\n<p><strong>Futuro da fiscaliza\u00e7\u00e3o<\/strong><\/p>\n<p>A tend\u00eancia \u00e9 que nos pr\u00f3ximos anos o uso de radares com IA para detectar uso de\u00a0\u00a0celular, falta de cinto de seguran\u00e7a e outras infra\u00e7\u00f5es se torne padr\u00e3o em diversas partes do mundo. Pa\u00edses como Austr\u00e1lia, Canad\u00e1 e Estados Unidos j\u00e1 est\u00e3o testando solu\u00e7\u00f5es similares.<\/p>\n<p>No Brasil, a implementa\u00e7\u00e3o de tecnologias inteligentes na\u00a0fiscaliza\u00e7\u00e3o de tr\u00e2nsito\u00a0tamb\u00e9m avan\u00e7a, embora a aplica\u00e7\u00e3o ainda dependa de regulamenta\u00e7\u00f5es espec\u00edficas e infraestrutura adequada.<\/p>\n<p>Segundo o portal <a href=\"https:\/\/clickpetroleoegas.com.br\/radar-inteligente-equipado-com-ia-e-capaz-de-flagrar-uso-de-celular-ausencia-de-cinto-e-outros-comportamentos-de-risco-ao-volante\/\" target=\"_blank\" rel=\"noopener\"><strong>Click Petr\u00f3leo e G\u00e1s,<\/strong><\/a> o uso de sistemas mais inteligentes promete n\u00e3o apenas multar com mais efici\u00eancia, mas salvar vidas, atuando diretamente na preven\u00e7\u00e3o de acidentes que hoje custam bilh\u00f5es de reais aos cofres p\u00fablicos em tratamentos de sa\u00fade e perdas econ\u00f4micas.<\/p>\n<p><!-- CONTENT END 1 --><\/p>\n<hr\/><\/div>\n<p><br \/>\n<br \/><a href=\"https:\/\/www.jornaldafranca.com.br\/radar-inteligente-flagra-celular-ausencia-de-cinto-e-outros-riscos-ao-volante\/\">Source link <\/a><\/p>\n","protected":false},"excerpt":{"rendered":"<p>compartilhar no whatsapp compartilhar no telegram compartilhar no facebook compartilhar no linkedin Nova tecnologia de fiscaliza\u00e7\u00e3o vai al\u00e9m da velocidade e pode transformar o combate&#8230;<\/p>\n","protected":false},"author":1,"featured_media":69523,"comment_status":"open","ping_status":"open","sticky":false,"template":"","format":"standard","meta":{"advanced_seo_description":"","jetpack_seo_html_title":"","jetpack_seo_noindex":false,"jetpack_post_was_ever_published":false,"_jetpack_newsletter_access":"","_jetpack_dont_email_post_to_subs":false,"_jetpack_newsletter_tier_id":0,"_jetpack_memberships_contains_paywalled_content":false,"_jetpack_memberships_contains_paid_content":false,"footnotes":"","jetpack_publicize_message":"","jetpack_publicize_feature_enabled":true,"jetpack_social_post_already_shared":true,"jetpack_social_options":{"image_generator_settings":{"template":"highway","default_image_id":0,"font":"","enabled":false},"version":2}},"categories":[3597],"tags":[],"class_list":["post-69522","post","type-post","status-publish","format-standard","has-post-thumbnail","hentry","category-noticias-franca-sp"],"jetpack_publicize_connections":[],"jetpack_featured_media_url":"https:\/\/i0.wp.com\/noticiasribeiraopreto.com.br\/wp-content\/uploads\/2025\/05\/Radar-inteligente-equipado-com-IA-e-capaz-de-flagrar-uso-de-celular-ausencia-de-cinto-e-outros-comportamentos-de-risco-ao-volante.jpg?fit=1280%2C800&ssl=1","jetpack-related-posts":[{"id":73017,"url":"https:\/\/noticiasribeiraopreto.com.br\/index.php\/2025\/06\/24\/jornal-da-franca-clima-sera-de-frio-porem-agradavel-e-fresco-em-franca-nesta-terca-deve-chover\/","url_meta":{"origin":69522,"position":0},"title":"Jornal da Franca &#8211; Clima ser\u00e1 de frio, por\u00e9m agrad\u00e1vel e fresco em Franca nesta ter\u00e7a: deve chover","author":"noticiasribeiraopreto.com.br","date":"24 de June de 2025","format":false,"excerpt":"compartilhar no whatsapp compartilhar no telegram compartilhar no facebook compartilhar no linkedin Cidade tem previs\u00e3o de chuva de at\u00e9 12 mil\u00edmetros A previs\u00e3o do tempo para Franca indica um dia agrad\u00e1vel, com temperatura m\u00ednima de 5\u00b0C e m\u00e1xima de 22\u00b0C. H\u00e1 grande possibilidade de chuva, com volume de at\u00e9 12\u2026","rel":"","context":"In &quot;Not\u00edcias de Franca-SP&quot;","block_context":{"text":"Not\u00edcias de Franca-SP","link":"https:\/\/noticiasribeiraopreto.com.br\/index.php\/category\/noticias-de-ribeirao-preto-sp-e-regiao-ismael-colosi\/noticias-franca-sp\/"},"img":{"alt_text":"","src":"https:\/\/i0.wp.com\/noticiasribeiraopreto.com.br\/wp-content\/uploads\/2025\/06\/1750758766_Franca.jpeg?fit=1200%2C806&ssl=1&resize=350%2C200","width":350,"height":200,"srcset":"https:\/\/i0.wp.com\/noticiasribeiraopreto.com.br\/wp-content\/uploads\/2025\/06\/1750758766_Franca.jpeg?fit=1200%2C806&ssl=1&resize=350%2C200 1x, https:\/\/i0.wp.com\/noticiasribeiraopreto.com.br\/wp-content\/uploads\/2025\/06\/1750758766_Franca.jpeg?fit=1200%2C806&ssl=1&resize=525%2C300 1.5x, https:\/\/i0.wp.com\/noticiasribeiraopreto.com.br\/wp-content\/uploads\/2025\/06\/1750758766_Franca.jpeg?fit=1200%2C806&ssl=1&resize=700%2C400 2x, https:\/\/i0.wp.com\/noticiasribeiraopreto.com.br\/wp-content\/uploads\/2025\/06\/1750758766_Franca.jpeg?fit=1200%2C806&ssl=1&resize=1050%2C600 3x"},"classes":[]},{"id":69340,"url":"https:\/\/noticiasribeiraopreto.com.br\/index.php\/2025\/05\/05\/jornal-da-franca-implantacao-de-escola-civico-militar-em-franca-e-tema-de-debates-na-camara-municipal\/","url_meta":{"origin":69522,"position":1},"title":"Jornal da Franca &#8211; Implanta\u00e7\u00e3o de escola c\u00edvico-militar em Franca \u00e9 tema de debates na C\u00e2mara Municipal","author":"noticiasribeiraopreto.com.br","date":"5 de May de 2025","format":false,"excerpt":"compartilhar no whatsapp compartilhar no telegram compartilhar no facebook compartilhar no linkedin Mun\u00edcipe agradece apoio de vereadores e parlamentares para que Franca fosse contemplada com o modelo educacional A implanta\u00e7\u00e3o do Programa das Escolas C\u00edvico-Militares em Franca, pauta defendida pela direita, foi tema abordado durante a sess\u00e3o ordin\u00e1ria da C\u00e2mara\u2026","rel":"","context":"In &quot;Not\u00edcias de Franca-SP&quot;","block_context":{"text":"Not\u00edcias de Franca-SP","link":"https:\/\/noticiasribeiraopreto.com.br\/index.php\/category\/noticias-de-ribeirao-preto-sp-e-regiao-ismael-colosi\/noticias-franca-sp\/"},"img":{"alt_text":"","src":"https:\/\/i0.wp.com\/noticiasribeiraopreto.com.br\/wp-content\/uploads\/2025\/05\/1746449336_plenariodiagonal_0.jpg?fit=930%2C558&ssl=1&resize=350%2C200","width":350,"height":200,"srcset":"https:\/\/i0.wp.com\/noticiasribeiraopreto.com.br\/wp-content\/uploads\/2025\/05\/1746449336_plenariodiagonal_0.jpg?fit=930%2C558&ssl=1&resize=350%2C200 1x, https:\/\/i0.wp.com\/noticiasribeiraopreto.com.br\/wp-content\/uploads\/2025\/05\/1746449336_plenariodiagonal_0.jpg?fit=930%2C558&ssl=1&resize=525%2C300 1.5x, https:\/\/i0.wp.com\/noticiasribeiraopreto.com.br\/wp-content\/uploads\/2025\/05\/1746449336_plenariodiagonal_0.jpg?fit=930%2C558&ssl=1&resize=700%2C400 2x"},"classes":[]},{"id":69220,"url":"https:\/\/noticiasribeiraopreto.com.br\/index.php\/2025\/05\/03\/jornal-da-franca-socorristas-que-salvaram-crianca-em-franca-recebem-mocao-de-aplausos-da-camara\/","url_meta":{"origin":69522,"position":2},"title":"Jornal da Franca &#8211; Socorristas que salvaram crian\u00e7a em Franca\u00a0recebem Mo\u00e7\u00e3o de Aplausos da C\u00e2mara","author":"noticiasribeiraopreto.com.br","date":"3 de May de 2025","format":false,"excerpt":"compartilhar no whatsapp compartilhar no telegram compartilhar no facebook compartilhar no linkedin Mo\u00e7\u00e3o reconhece trabalho de equipe de sa\u00fade que atuou no salvamento de beb\u00ea A C\u00e2mara aprovou a Mo\u00e7\u00e3o de Aplausos n\u00ba 41 de 2025, de autoria do vereador Walker Bombeiro da Libras, para a equipe de sa\u00fade da\u2026","rel":"","context":"In &quot;Not\u00edcias de Franca-SP&quot;","block_context":{"text":"Not\u00edcias de Franca-SP","link":"https:\/\/noticiasribeiraopreto.com.br\/index.php\/category\/noticias-de-ribeirao-preto-sp-e-regiao-ismael-colosi\/noticias-franca-sp\/"},"img":{"alt_text":"","src":"https:\/\/i0.wp.com\/noticiasribeiraopreto.com.br\/wp-content\/uploads\/2025\/05\/mocaoravi17sessao.jpg?fit=1000%2C562&ssl=1&resize=350%2C200","width":350,"height":200,"srcset":"https:\/\/i0.wp.com\/noticiasribeiraopreto.com.br\/wp-content\/uploads\/2025\/05\/mocaoravi17sessao.jpg?fit=1000%2C562&ssl=1&resize=350%2C200 1x, https:\/\/i0.wp.com\/noticiasribeiraopreto.com.br\/wp-content\/uploads\/2025\/05\/mocaoravi17sessao.jpg?fit=1000%2C562&ssl=1&resize=525%2C300 1.5x, https:\/\/i0.wp.com\/noticiasribeiraopreto.com.br\/wp-content\/uploads\/2025\/05\/mocaoravi17sessao.jpg?fit=1000%2C562&ssl=1&resize=700%2C400 2x"},"classes":[]},{"id":67756,"url":"https:\/\/noticiasribeiraopreto.com.br\/index.php\/2025\/04\/18\/jornal-da-franca-vereadores-aprovam-reconhecimento-a-profissionais-e-entidades-que-atuam-em-franca\/","url_meta":{"origin":69522,"position":3},"title":"Jornal da Franca &#8211; Vereadores aprovam reconhecimento a profissionais e entidades que atuam em Franca\u00a0","author":"noticiasribeiraopreto.com.br","date":"18 de April de 2025","format":false,"excerpt":"compartilhar no whatsapp compartilhar no telegram compartilhar no facebook compartilhar no linkedin Mo\u00e7\u00f5es de aplausos e congratula\u00e7\u00f5es s\u00e3o apresentadas em reconhecimento a servi\u00e7os prestados A C\u00e2mara Municipal de Franca aprovou na sess\u00e3o desta ter\u00e7a-feira mo\u00e7\u00f5es de aplausos e congratula\u00e7\u00f5es em reconhecimento a profissionais, entidades e sindicatos que se destacaram em\u2026","rel":"","context":"In &quot;Not\u00edcias de Franca-SP&quot;","block_context":{"text":"Not\u00edcias de Franca-SP","link":"https:\/\/noticiasribeiraopreto.com.br\/index.php\/category\/noticias-de-ribeirao-preto-sp-e-regiao-ismael-colosi\/noticias-franca-sp\/"},"img":{"alt_text":"","src":"https:\/\/i0.wp.com\/noticiasribeiraopreto.com.br\/wp-content\/uploads\/2025\/04\/reuniaodecomissoes-2.jpg?fit=930%2C558&ssl=1&resize=350%2C200","width":350,"height":200,"srcset":"https:\/\/i0.wp.com\/noticiasribeiraopreto.com.br\/wp-content\/uploads\/2025\/04\/reuniaodecomissoes-2.jpg?fit=930%2C558&ssl=1&resize=350%2C200 1x, https:\/\/i0.wp.com\/noticiasribeiraopreto.com.br\/wp-content\/uploads\/2025\/04\/reuniaodecomissoes-2.jpg?fit=930%2C558&ssl=1&resize=525%2C300 1.5x, https:\/\/i0.wp.com\/noticiasribeiraopreto.com.br\/wp-content\/uploads\/2025\/04\/reuniaodecomissoes-2.jpg?fit=930%2C558&ssl=1&resize=700%2C400 2x"},"classes":[]},{"id":65177,"url":"https:\/\/noticiasribeiraopreto.com.br\/index.php\/2025\/03\/17\/jornal-da-franca-previsao-climatica-para-franca-dia-de-sol-com-poucas-nuvens-nesta-segunda\/","url_meta":{"origin":69522,"position":4},"title":"Jornal da Franca &#8211; Previs\u00e3o clim\u00e1tica para Franca: dia de sol com poucas nuvens nesta segunda","author":"noticiasribeiraopreto.com.br","date":"17 de March de 2025","format":false,"excerpt":"compartilhar no whatsapp compartilhar no telegram compartilhar no facebook compartilhar no linkedin Temperaturas variam entre 19\u00b0C e 31\u00b0C, com 0% de chance de chuva \u00a0 A previs\u00e3o do tempo para a cidade de Franca nesta segunda-feira, indica um dia de sol com algumas nuvens, especialmente \u00e0 tarde. H\u00e1 previs\u00e3o de\u2026","rel":"","context":"In &quot;Not\u00edcias de Franca-SP&quot;","block_context":{"text":"Not\u00edcias de Franca-SP","link":"https:\/\/noticiasribeiraopreto.com.br\/index.php\/category\/noticias-de-ribeirao-preto-sp-e-regiao-ismael-colosi\/noticias-franca-sp\/"},"img":{"alt_text":"","src":"https:\/\/i0.wp.com\/noticiasribeiraopreto.com.br\/wp-content\/uploads\/2025\/03\/nuvens-de-chuva-scaled.jpg?fit=1200%2C800&ssl=1&resize=350%2C200","width":350,"height":200,"srcset":"https:\/\/i0.wp.com\/noticiasribeiraopreto.com.br\/wp-content\/uploads\/2025\/03\/nuvens-de-chuva-scaled.jpg?fit=1200%2C800&ssl=1&resize=350%2C200 1x, https:\/\/i0.wp.com\/noticiasribeiraopreto.com.br\/wp-content\/uploads\/2025\/03\/nuvens-de-chuva-scaled.jpg?fit=1200%2C800&ssl=1&resize=525%2C300 1.5x, https:\/\/i0.wp.com\/noticiasribeiraopreto.com.br\/wp-content\/uploads\/2025\/03\/nuvens-de-chuva-scaled.jpg?fit=1200%2C800&ssl=1&resize=700%2C400 2x, https:\/\/i0.wp.com\/noticiasribeiraopreto.com.br\/wp-content\/uploads\/2025\/03\/nuvens-de-chuva-scaled.jpg?fit=1200%2C800&ssl=1&resize=1050%2C600 3x"},"classes":[]},{"id":64747,"url":"https:\/\/noticiasribeiraopreto.com.br\/index.php\/2025\/03\/12\/jornal-da-franca-autoridades-e-produtores-rurais-de-franca-fazem-abertura-da-16-edicao-do-simcafe\/","url_meta":{"origin":69522,"position":5},"title":"Jornal da Franca &#8211; Autoridades e produtores rurais de Franca fazem abertura da 16\u00b0 edi\u00e7\u00e3o do SimCaf\u00e9","author":"noticiasribeiraopreto.com.br","date":"12 de March de 2025","format":false,"excerpt":"compartilhar no whatsapp compartilhar no telegram compartilhar no facebook compartilhar no linkedin Evento re\u00fane cafeicultores e empresas do setor de agro de Franca e regi\u00e3o O Simcaf\u00e9 \u2013 Simp\u00f3sio do Agroneg\u00f3cio Caf\u00e9 da Alta Mogiana \u2013 teve sua 16\u00b0 edi\u00e7\u00e3o aberta nesta ter\u00e7a-feira com a presen\u00e7a de diversas autoridades pol\u00edticas.\u2026","rel":"","context":"In &quot;Not\u00edcias de Franca-SP&quot;","block_context":{"text":"Not\u00edcias de Franca-SP","link":"https:\/\/noticiasribeiraopreto.com.br\/index.php\/category\/noticias-de-ribeirao-preto-sp-e-regiao-ismael-colosi\/noticias-franca-sp\/"},"img":{"alt_text":"","src":"https:\/\/i0.wp.com\/noticiasribeiraopreto.com.br\/wp-content\/uploads\/2025\/03\/IMG_20250311_180004.jpg?fit=804%2C730&ssl=1&resize=350%2C200","width":350,"height":200,"srcset":"https:\/\/i0.wp.com\/noticiasribeiraopreto.com.br\/wp-content\/uploads\/2025\/03\/IMG_20250311_180004.jpg?fit=804%2C730&ssl=1&resize=350%2C200 1x, https:\/\/i0.wp.com\/noticiasribeiraopreto.com.br\/wp-content\/uploads\/2025\/03\/IMG_20250311_180004.jpg?fit=804%2C730&ssl=1&resize=525%2C300 1.5x, https:\/\/i0.wp.com\/noticiasribeiraopreto.com.br\/wp-content\/uploads\/2025\/03\/IMG_20250311_180004.jpg?fit=804%2C730&ssl=1&resize=700%2C400 2x"},"classes":[]}],"jetpack_sharing_enabled":true,"jetpack_shortlink":"https:\/\/wp.me\/peQAOb-i5k","_links":{"self":[{"href":"https:\/\/noticiasribeiraopreto.com.br\/index.php\/wp-json\/wp\/v2\/posts\/69522","targetHints":{"allow":["GET"]}}],"collection":[{"href":"https:\/\/noticiasribeiraopreto.com.br\/index.php\/wp-json\/wp\/v2\/posts"}],"about":[{"href":"https:\/\/noticiasribeiraopreto.com.br\/index.php\/wp-json\/wp\/v2\/types\/post"}],"author":[{"embeddable":true,"href":"https:\/\/noticiasribeiraopreto.com.br\/index.php\/wp-json\/wp\/v2\/users\/1"}],"replies":[{"embeddable":true,"href":"https:\/\/noticiasribeiraopreto.com.br\/index.php\/wp-json\/wp\/v2\/comments?post=69522"}],"version-history":[{"count":0,"href":"https:\/\/noticiasribeiraopreto.com.br\/index.php\/wp-json\/wp\/v2\/posts\/69522\/revisions"}],"wp:featuredmedia":[{"embeddable":true,"href":"https:\/\/noticiasribeiraopreto.com.br\/index.php\/wp-json\/wp\/v2\/media\/69523"}],"wp:attachment":[{"href":"https:\/\/noticiasribeiraopreto.com.br\/index.php\/wp-json\/wp\/v2\/media?parent=69522"}],"wp:term":[{"taxonomy":"category","embeddable":true,"href":"https:\/\/noticiasribeiraopreto.com.br\/index.php\/wp-json\/wp\/v2\/categories?post=69522"},{"taxonomy":"post_tag","embeddable":true,"href":"https:\/\/noticiasribeiraopreto.com.br\/index.php\/wp-json\/wp\/v2\/tags?post=69522"}],"curies":[{"name":"wp","href":"https:\/\/api.w.org\/{rel}","templated":true}]}}