{"id":69580,"date":"2025-05-07T10:57:18","date_gmt":"2025-05-07T13:57:18","guid":{"rendered":"https:\/\/noticiasribeiraopreto.com.br\/index.php\/2025\/05\/07\/em-sao-paulo-governo-municipal-justica-e-mais-30-instituicoes-fazem-mutirao-para-atender-moradores-em-situacao-de-rua\/"},"modified":"2025-05-07T10:57:18","modified_gmt":"2025-05-07T13:57:18","slug":"em-sao-paulo-governo-municipal-justica-e-mais-30-instituicoes-fazem-mutirao-para-atender-moradores-em-situacao-de-rua","status":"publish","type":"post","link":"https:\/\/noticiasribeiraopreto.com.br\/index.php\/2025\/05\/07\/em-sao-paulo-governo-municipal-justica-e-mais-30-instituicoes-fazem-mutirao-para-atender-moradores-em-situacao-de-rua\/","title":{"rendered":"Em S\u00e3o Paulo, governo municipal, Justi\u00e7a e mais 30 institui\u00e7\u00f5es fazem mutir\u00e3o para atender moradores em situa\u00e7\u00e3o de rua"},"content":{"rendered":"<p> <br \/>\n<\/p>\n<div>\n<p>O Mutir\u00e3o de Atendimento \u00e0 Popula\u00e7\u00e3o em Situa\u00e7\u00e3o de Rua da Cidade de S\u00e3o Paulo \u2013 Pop Rua Jud Sampa \u2013 e a Semana Nacional do Registro Civil \u2013 Registre-se \u2013, eventos do Judici\u00e1rio brasileiro para a presta\u00e7\u00e3o de cidadania, acontecem na pr\u00f3xima semana \u2013 de 12 a 16 de maio \u2013 na Pra\u00e7a da S\u00e9, das 9 \u00e0s 15 horas. Pessoas em situa\u00e7\u00e3o de vulnerabilidade ser\u00e3o atendidas para regulariza\u00e7\u00e3o de documentos, inclus\u00e3o em programas sociais, orienta\u00e7\u00f5es jur\u00eddicas, atendimento de sa\u00fade e alimenta\u00e7\u00e3o, entre outros servi\u00e7os. Haver\u00e1 distribui\u00e7\u00e3o de senhas no local.<\/p>\n<p>No Estado, a a\u00e7\u00e3o \u00e9 coordenada pelo Tribunal Regional Federal da 3\u00aa Regi\u00e3o (TRF3) e pelo Tribunal de Justi\u00e7a de S\u00e3o Paulo (TJSP), com o apoio de mais de 30 institui\u00e7\u00f5es. Entre elas o Ex\u00e9rcito Brasileiro, a Receita Federal, o Tribunal Regional Eleitoral de S\u00e3o Paulo, a Defensoria P\u00fablica (da Uni\u00e3o e do Estado), o Minist\u00e9rio P\u00fablico do Estado de S\u00e3o Paulo, a Ordem dos Advogados do Brasil \u2013 Se\u00e7\u00e3o S\u00e3o Paulo (OAB-SP), o Governo de S\u00e3o Paulo, a Prefeitura de S\u00e3o Paulo, a Associa\u00e7\u00e3o dos Registradores de Pessoas Naturais do Estado de S\u00e3o Paulo (Arpen-SP), o Instituto Nacional do Seguro Social (INSS), o Poupatempo, Organiza\u00e7\u00f5es N\u00e3o Governamentais (ONGs), entre outros.<\/p>\n<p>Veja mais informa\u00e7\u00f5es sobre os atendimentos que ser\u00e3o realizados:<\/p>\n<p>Registre-se: coordenado pela Corregedoria Nacional de Justi\u00e7a em todo o Brasil, \u00e9 conduzido em S\u00e3o Paulo pelo TJSP, por meio de sua Corregedoria Geral. Viabiliza a expedi\u00e7\u00e3o de RG, CPF, certid\u00f5es (nascimento e casamento), t\u00edtulo de eleitor, certificado de reservista, carteira de trabalho digital e cadastros no Cad\u00danico e INSS\/CNIS. O TJSP tamb\u00e9m oferece servi\u00e7os de emiss\u00e3o de certid\u00f5es de distribui\u00e7\u00e3o de processos criminais e de execu\u00e7\u00e3o criminal, al\u00e9m da an\u00e1lise de extin\u00e7\u00e3o de pena de multa e agendamento para comparecimento em ju\u00edzo aos sentenciados que cumprem pena em regime aberto, livramento condicional ou suspens\u00e3o condicional da pena (sursis), essenciais para regulariza\u00e7\u00e3o de documentos e inscri\u00e7\u00e3o nos programas sociais. Essa \u00e9 a terceira edi\u00e7\u00e3o da \u201cSemana Nacional do Registro Civil \u2013 Registre-se!\u201d.<\/p>\n<p>Pop Rua Jud Sampa: institu\u00eddo pela Pol\u00edtica Nacional Judicial de Aten\u00e7\u00e3o a Pessoas em Situa\u00e7\u00e3o de Rua (Resolu\u00e7\u00e3o CNJ n\u00ba 425\/21), \u00e9 coordenado na capital paulista pelo TRF3. Oferece aos moradores de rua diversos servi\u00e7os, como propositura de a\u00e7\u00f5es e aten\u00e7\u00e3o a quest\u00f5es assistenciais, previdenci\u00e1rias, trabalhistas e criminais, com participa\u00e7\u00e3o dos \u00f3rg\u00e3os que comp\u00f5em o sistema de Justi\u00e7a. Tamb\u00e9m h\u00e1 atendimentos sobre benef\u00edcios, consulta e libera\u00e7\u00e3o de Fundo de Garantia do Tempo do Servi\u00e7o (FGTS), PIS\/Pasep e seguro-desemprego, entre outros. Na \u00e1rea de sa\u00fade e bem-estar, haver\u00e1 testagens r\u00e1pidas de HIV, s\u00edfilis e hepatite; vacina\u00e7\u00e3o para adultos e crian\u00e7as; aferi\u00e7\u00e3o de press\u00e3o arterial; orienta\u00e7\u00e3o para diabetes, tuberculose, \u00e1lcool e drogas e sa\u00fade bucal; fornecimento de marmitas; cortes de cabelo; brinquedoteca; servi\u00e7os para animais de estima\u00e7\u00e3o, entre outros.<\/p>\n<p><!-- CONTENT END 1 --><\/p><\/div>\n<p><br \/>\n<br \/><a href=\"https:\/\/www.f3noticias.com.br\/em-sao-paulo-governo-municipal-justica-e-mais-30-instituicoes-fazem-mutirao-para-atender-moradores-em-situacao-de-rua\/\">Source link <\/a><\/p>\n","protected":false},"excerpt":{"rendered":"<p>O Mutir\u00e3o de Atendimento \u00e0 Popula\u00e7\u00e3o em Situa\u00e7\u00e3o de Rua da Cidade de S\u00e3o Paulo \u2013 Pop Rua Jud Sampa \u2013 e a Semana Nacional&#8230;<\/p>\n","protected":false},"author":1,"featured_media":69581,"comment_status":"open","ping_status":"open","sticky":false,"template":"","format":"standard","meta":{"advanced_seo_description":"","jetpack_seo_html_title":"","jetpack_seo_noindex":false,"jetpack_post_was_ever_published":false,"_jetpack_newsletter_access":"","_jetpack_dont_email_post_to_subs":false,"_jetpack_newsletter_tier_id":0,"_jetpack_memberships_contains_paywalled_content":false,"_jetpack_memberships_contains_paid_content":false,"footnotes":"","jetpack_publicize_message":"","jetpack_publicize_feature_enabled":true,"jetpack_social_post_already_shared":true,"jetpack_social_options":{"image_generator_settings":{"template":"highway","default_image_id":0,"font":"","enabled":false},"version":2}},"categories":[3597],"tags":[],"class_list":["post-69580","post","type-post","status-publish","format-standard","has-post-thumbnail","hentry","category-noticias-franca-sp"],"jetpack_publicize_connections":[],"jetpack_featured_media_url":"https:\/\/i0.wp.com\/noticiasribeiraopreto.com.br\/wp-content\/uploads\/2025\/05\/Populacao-situacao-de-rua-SP_Credito_-Jorge-Araujo_Fotos-Publicas.jpg?fit=1200%2C754&ssl=1","jetpack-related-posts":[{"id":73535,"url":"https:\/\/noticiasribeiraopreto.com.br\/index.php\/2025\/07\/04\/defensoria-publica-realiza-mutirao-juridico-gratuito-em-praca-de-ribeirao-preto\/","url_meta":{"origin":69580,"position":0},"title":"Defensoria P\u00fablica realiza mutir\u00e3o jur\u00eddico gratuito em pra\u00e7a de Ribeir\u00e3o Preto","author":"noticiasribeiraopreto.com.br","date":"4 de July de 2025","format":false,"excerpt":"A Defensoria P\u00fablica de S\u00e3o Paulo oferece atendimento jur\u00eddico gratuito \u00e0 popula\u00e7\u00e3o durante um mutir\u00e3o neste s\u00e1bado (5), das 9h \u00e0s 13h, em Ribeir\u00e3o Preto. A a\u00e7\u00e3o ser\u00e1 na pra\u00e7a que fica na rua Edson Granzoto, 55, no bairro Adelino Simioni, entre as ruas Egydio Petean e Tenente Ademar Andrade,\u2026","rel":"","context":"In &quot;Not\u00edcias de Ribeir\u00e3o Preto-SP e Regi\u00e3o&quot;","block_context":{"text":"Not\u00edcias de Ribeir\u00e3o Preto-SP e Regi\u00e3o","link":"https:\/\/noticiasribeiraopreto.com.br\/index.php\/category\/noticias-de-ribeirao-preto-sp-e-regiao-ismael-colosi\/"},"img":{"alt_text":"","src":"https:\/\/i0.wp.com\/noticiasribeiraopreto.com.br\/wp-content\/uploads\/2025\/07\/ADVOGADOS_2025-07-04_11-21-58.webp.webp?fit=1200%2C801&ssl=1&resize=350%2C200","width":350,"height":200,"srcset":"https:\/\/i0.wp.com\/noticiasribeiraopreto.com.br\/wp-content\/uploads\/2025\/07\/ADVOGADOS_2025-07-04_11-21-58.webp.webp?fit=1200%2C801&ssl=1&resize=350%2C200 1x, https:\/\/i0.wp.com\/noticiasribeiraopreto.com.br\/wp-content\/uploads\/2025\/07\/ADVOGADOS_2025-07-04_11-21-58.webp.webp?fit=1200%2C801&ssl=1&resize=525%2C300 1.5x, https:\/\/i0.wp.com\/noticiasribeiraopreto.com.br\/wp-content\/uploads\/2025\/07\/ADVOGADOS_2025-07-04_11-21-58.webp.webp?fit=1200%2C801&ssl=1&resize=700%2C400 2x, https:\/\/i0.wp.com\/noticiasribeiraopreto.com.br\/wp-content\/uploads\/2025\/07\/ADVOGADOS_2025-07-04_11-21-58.webp.webp?fit=1200%2C801&ssl=1&resize=1050%2C600 3x"},"classes":[]},{"id":74016,"url":"https:\/\/noticiasribeiraopreto.com.br\/index.php\/2025\/07\/14\/agosto-tera-mutirao-de-dna\/","url_meta":{"origin":69580,"position":1},"title":"Agosto ter\u00e1 mutir\u00e3o de DNA","author":"noticiasribeiraopreto.com.br","date":"14 de July de 2025","format":false,"excerpt":"14 de julho de 2025 16:3014 de julho de 2025 11:097 Compartilhar0 No pr\u00f3ximo dia 16 de agosto, a Defensoria P\u00fablica do Estado de S\u00e3o Paulo participar\u00e1 do mutir\u00e3o \u201cMeu Pai Tem Nome\u201d, uma mobiliza\u00e7\u00e3o nacional que busca enfrentar um dos desafios mais sens\u00edveis da inf\u00e2ncia brasileira: o reconhecimento de\u2026","rel":"","context":"In &quot;Not\u00edcias de Ribeir\u00e3o Preto-SP e Regi\u00e3o&quot;","block_context":{"text":"Not\u00edcias de Ribeir\u00e3o Preto-SP e Regi\u00e3o","link":"https:\/\/noticiasribeiraopreto.com.br\/index.php\/category\/noticias-de-ribeirao-preto-sp-e-regiao-ismael-colosi\/"},"img":{"alt_text":"","src":"https:\/\/i0.wp.com\/noticiasribeiraopreto.com.br\/wp-content\/uploads\/2025\/07\/ExameDNA-Reproducao-scaled.jpg?fit=667%2C500&ssl=1&resize=350%2C200","width":350,"height":200,"srcset":"https:\/\/i0.wp.com\/noticiasribeiraopreto.com.br\/wp-content\/uploads\/2025\/07\/ExameDNA-Reproducao-scaled.jpg?fit=667%2C500&ssl=1&resize=350%2C200 1x, https:\/\/i0.wp.com\/noticiasribeiraopreto.com.br\/wp-content\/uploads\/2025\/07\/ExameDNA-Reproducao-scaled.jpg?fit=667%2C500&ssl=1&resize=525%2C300 1.5x"},"classes":[]},{"id":81771,"url":"https:\/\/noticiasribeiraopreto.com.br\/index.php\/2026\/01\/16\/ribeirao-fara-censo-com-moradores-de-rua\/","url_meta":{"origin":69580,"position":2},"title":"Ribeir\u00e3o far\u00e1 censo com \u2028moradores de rua","author":"noticiasribeiraopreto.com.br","date":"16 de January de 2026","format":false,"excerpt":"\r \r \r 16 de janeiro de 2026 08:45 \r Compartilhar0 Atualmente, estima-se que cerca de duas mil pessoas vivem nesta condi\u00e7\u00e3o no munic\u00edpio A Secretaria Municipal de Assist\u00eancia Social (Semas) de Ribeir\u00e3o Preto pretende realizar, ainda neste ano, censo para detectar oficialmente o n\u00famero de moradores de rua na\u2026","rel":"","context":"In &quot;Not\u00edcias de Ribeir\u00e3o Preto-SP e Regi\u00e3o&quot;","block_context":{"text":"Not\u00edcias de Ribeir\u00e3o Preto-SP e Regi\u00e3o","link":"https:\/\/noticiasribeiraopreto.com.br\/index.php\/category\/noticias-de-ribeirao-preto-sp-e-regiao-ismael-colosi\/"},"img":{"alt_text":"","src":"https:\/\/i0.wp.com\/noticiasribeiraopreto.com.br\/wp-content\/uploads\/2026\/01\/Andarilho-Alfredo-Risk-Arquivo-scaled.jpg?fit=1170%2C780&ssl=1&resize=350%2C200","width":350,"height":200,"srcset":"https:\/\/i0.wp.com\/noticiasribeiraopreto.com.br\/wp-content\/uploads\/2026\/01\/Andarilho-Alfredo-Risk-Arquivo-scaled.jpg?fit=1170%2C780&ssl=1&resize=350%2C200 1x, https:\/\/i0.wp.com\/noticiasribeiraopreto.com.br\/wp-content\/uploads\/2026\/01\/Andarilho-Alfredo-Risk-Arquivo-scaled.jpg?fit=1170%2C780&ssl=1&resize=525%2C300 1.5x, https:\/\/i0.wp.com\/noticiasribeiraopreto.com.br\/wp-content\/uploads\/2026\/01\/Andarilho-Alfredo-Risk-Arquivo-scaled.jpg?fit=1170%2C780&ssl=1&resize=700%2C400 2x, https:\/\/i0.wp.com\/noticiasribeiraopreto.com.br\/wp-content\/uploads\/2026\/01\/Andarilho-Alfredo-Risk-Arquivo-scaled.jpg?fit=1170%2C780&ssl=1&resize=1050%2C600 3x"},"classes":[]},{"id":64700,"url":"https:\/\/noticiasribeiraopreto.com.br\/index.php\/2025\/03\/11\/canal-on-line-do-tjsp-presta-informacoes-e-tenta-ajudar-vitimas-de-violencia-domestica-de-franca-e-regiao\/","url_meta":{"origin":69580,"position":3},"title":"Canal on-line do TJSP presta informa\u00e7\u00f5es e tenta ajudar v\u00edtimas de viol\u00eancia dom\u00e9stica de Franca e regi\u00e3o","author":"noticiasribeiraopreto.com.br","date":"11 de March de 2025","format":false,"excerpt":"Para ajudar com informa\u00e7\u00f5es e orienta\u00e7\u00f5es mulheres que pensam em se afastar de um agressor, o Tribunal de Justi\u00e7a de S\u00e3o Paulo (TJSP) lan\u00e7ou o projeto \u201cCarta de Mulheres\u201d. As v\u00edtimas (ou qualquer pessoa que queira ajudar uma mulher v\u00edtima de viol\u00eancia) acessam o formul\u00e1rio on-line e preenchem os campos.\u2026","rel":"","context":"In &quot;Not\u00edcias de Franca-SP&quot;","block_context":{"text":"Not\u00edcias de Franca-SP","link":"https:\/\/noticiasribeiraopreto.com.br\/index.php\/category\/noticias-de-ribeirao-preto-sp-e-regiao-ismael-colosi\/noticias-franca-sp\/"},"img":{"alt_text":"","src":"https:\/\/i0.wp.com\/noticiasribeiraopreto.com.br\/wp-content\/uploads\/2025\/03\/nao-se-cale-violencia-mulher.jpg?fit=704%2C419&ssl=1&resize=350%2C200","width":350,"height":200,"srcset":"https:\/\/i0.wp.com\/noticiasribeiraopreto.com.br\/wp-content\/uploads\/2025\/03\/nao-se-cale-violencia-mulher.jpg?fit=704%2C419&ssl=1&resize=350%2C200 1x, https:\/\/i0.wp.com\/noticiasribeiraopreto.com.br\/wp-content\/uploads\/2025\/03\/nao-se-cale-violencia-mulher.jpg?fit=704%2C419&ssl=1&resize=525%2C300 1.5x, https:\/\/i0.wp.com\/noticiasribeiraopreto.com.br\/wp-content\/uploads\/2025\/03\/nao-se-cale-violencia-mulher.jpg?fit=704%2C419&ssl=1&resize=700%2C400 2x"},"classes":[]},{"id":77617,"url":"https:\/\/noticiasribeiraopreto.com.br\/index.php\/2025\/09\/22\/entenda-por-que-barracas-e-caminhao-do-exercito-estao-em-praca-de-ribeirao-preto\/","url_meta":{"origin":69580,"position":4},"title":"Entenda por que barracas e caminh\u00e3o do Ex\u00e9rcito est\u00e3o em pra\u00e7a de Ribeir\u00e3o Preto","author":"noticiasribeiraopreto.com.br","date":"22 de September de 2025","format":false,"excerpt":"Barracas e um caminh\u00e3o do Ex\u00e9rcito estacionado pr\u00f3ximo \u00e0 pra\u00e7a da antiga UBS Central, entre o Centro e a Vila Tib\u00e9rio, em Ribeir\u00e3o Preto, chamaram a aten\u00e7\u00e3o de moradores nesta segunda-feira (22). A estrutura montado pelo Ex\u00e9rcito Brasileiro faz parte do \u201cMutir\u00e3o Pop Rua Jud\u201c, que oferece servi\u00e7os de cidadania\u2026","rel":"","context":"In &quot;Not\u00edcias de Ribeir\u00e3o Preto-SP e Regi\u00e3o&quot;","block_context":{"text":"Not\u00edcias de Ribeir\u00e3o Preto-SP e Regi\u00e3o","link":"https:\/\/noticiasribeiraopreto.com.br\/index.php\/category\/noticias-de-ribeirao-preto-sp-e-regiao-ismael-colosi\/"},"img":{"alt_text":"","src":"https:\/\/i0.wp.com\/noticiasribeiraopreto.com.br\/wp-content\/uploads\/2025\/09\/Copia-de-Copia-de-Copia-de-TAMANHO-EXATO-PARA-FOTOS-NO-SISTEMA-NOVO-2025-09-22T160330.790_2025-09-22_19-03-36.webp.webp?fit=1200%2C675&ssl=1&resize=350%2C200","width":350,"height":200,"srcset":"https:\/\/i0.wp.com\/noticiasribeiraopreto.com.br\/wp-content\/uploads\/2025\/09\/Copia-de-Copia-de-Copia-de-TAMANHO-EXATO-PARA-FOTOS-NO-SISTEMA-NOVO-2025-09-22T160330.790_2025-09-22_19-03-36.webp.webp?fit=1200%2C675&ssl=1&resize=350%2C200 1x, https:\/\/i0.wp.com\/noticiasribeiraopreto.com.br\/wp-content\/uploads\/2025\/09\/Copia-de-Copia-de-Copia-de-TAMANHO-EXATO-PARA-FOTOS-NO-SISTEMA-NOVO-2025-09-22T160330.790_2025-09-22_19-03-36.webp.webp?fit=1200%2C675&ssl=1&resize=525%2C300 1.5x, https:\/\/i0.wp.com\/noticiasribeiraopreto.com.br\/wp-content\/uploads\/2025\/09\/Copia-de-Copia-de-Copia-de-TAMANHO-EXATO-PARA-FOTOS-NO-SISTEMA-NOVO-2025-09-22T160330.790_2025-09-22_19-03-36.webp.webp?fit=1200%2C675&ssl=1&resize=700%2C400 2x, https:\/\/i0.wp.com\/noticiasribeiraopreto.com.br\/wp-content\/uploads\/2025\/09\/Copia-de-Copia-de-Copia-de-TAMANHO-EXATO-PARA-FOTOS-NO-SISTEMA-NOVO-2025-09-22T160330.790_2025-09-22_19-03-36.webp.webp?fit=1200%2C675&ssl=1&resize=1050%2C600 3x"},"classes":[]},{"id":84318,"url":"https:\/\/noticiasribeiraopreto.com.br\/index.php\/2026\/04\/07\/mutirao-realiza-exames-de-dna-em-ribeirao-preto-veja-quando\/","url_meta":{"origin":69580,"position":5},"title":"Mutir\u00e3o realiza exames de DNA em Ribeir\u00e3o Preto; veja quando","author":"noticiasribeiraopreto.com.br","date":"7 de April de 2026","format":false,"excerpt":"Ler o resumo da not\u00edcia Mutir\u00e3o de DNA acontece em Ribeir\u00e3o Preto nesta quinta (9) e sexta-feira (10), no F\u00f3rum da cidade. A\u00e7\u00e3o atende cerca de 200 fam\u00edlias previamente intimadas pela Justi\u00e7a para investiga\u00e7\u00e3o de paternidade. Coletas s\u00e3o realizadas por equipe de 14 t\u00e9cnicos a partir das 8h, com amostras\u2026","rel":"","context":"In &quot;Not\u00edcias de Ribeir\u00e3o Preto-SP e Regi\u00e3o&quot;","block_context":{"text":"Not\u00edcias de Ribeir\u00e3o Preto-SP e Regi\u00e3o","link":"https:\/\/noticiasribeiraopreto.com.br\/index.php\/category\/noticias-de-ribeirao-preto-sp-e-regiao-ismael-colosi\/"},"img":{"alt_text":"","src":"https:\/\/i0.wp.com\/noticiasribeiraopreto.com.br\/wp-content\/uploads\/2026\/04\/certidao_de_nascimento_registro_civil_mcajr_abr_0403221132.webp.webp?fit=1170%2C700&ssl=1&resize=350%2C200","width":350,"height":200,"srcset":"https:\/\/i0.wp.com\/noticiasribeiraopreto.com.br\/wp-content\/uploads\/2026\/04\/certidao_de_nascimento_registro_civil_mcajr_abr_0403221132.webp.webp?fit=1170%2C700&ssl=1&resize=350%2C200 1x, https:\/\/i0.wp.com\/noticiasribeiraopreto.com.br\/wp-content\/uploads\/2026\/04\/certidao_de_nascimento_registro_civil_mcajr_abr_0403221132.webp.webp?fit=1170%2C700&ssl=1&resize=525%2C300 1.5x, https:\/\/i0.wp.com\/noticiasribeiraopreto.com.br\/wp-content\/uploads\/2026\/04\/certidao_de_nascimento_registro_civil_mcajr_abr_0403221132.webp.webp?fit=1170%2C700&ssl=1&resize=700%2C400 2x, https:\/\/i0.wp.com\/noticiasribeiraopreto.com.br\/wp-content\/uploads\/2026\/04\/certidao_de_nascimento_registro_civil_mcajr_abr_0403221132.webp.webp?fit=1170%2C700&ssl=1&resize=1050%2C600 3x"},"classes":[]}],"jetpack_sharing_enabled":true,"jetpack_shortlink":"https:\/\/wp.me\/peQAOb-i6g","_links":{"self":[{"href":"https:\/\/noticiasribeiraopreto.com.br\/index.php\/wp-json\/wp\/v2\/posts\/69580","targetHints":{"allow":["GET"]}}],"collection":[{"href":"https:\/\/noticiasribeiraopreto.com.br\/index.php\/wp-json\/wp\/v2\/posts"}],"about":[{"href":"https:\/\/noticiasribeiraopreto.com.br\/index.php\/wp-json\/wp\/v2\/types\/post"}],"author":[{"embeddable":true,"href":"https:\/\/noticiasribeiraopreto.com.br\/index.php\/wp-json\/wp\/v2\/users\/1"}],"replies":[{"embeddable":true,"href":"https:\/\/noticiasribeiraopreto.com.br\/index.php\/wp-json\/wp\/v2\/comments?post=69580"}],"version-history":[{"count":0,"href":"https:\/\/noticiasribeiraopreto.com.br\/index.php\/wp-json\/wp\/v2\/posts\/69580\/revisions"}],"wp:featuredmedia":[{"embeddable":true,"href":"https:\/\/noticiasribeiraopreto.com.br\/index.php\/wp-json\/wp\/v2\/media\/69581"}],"wp:attachment":[{"href":"https:\/\/noticiasribeiraopreto.com.br\/index.php\/wp-json\/wp\/v2\/media?parent=69580"}],"wp:term":[{"taxonomy":"category","embeddable":true,"href":"https:\/\/noticiasribeiraopreto.com.br\/index.php\/wp-json\/wp\/v2\/categories?post=69580"},{"taxonomy":"post_tag","embeddable":true,"href":"https:\/\/noticiasribeiraopreto.com.br\/index.php\/wp-json\/wp\/v2\/tags?post=69580"}],"curies":[{"name":"wp","href":"https:\/\/api.w.org\/{rel}","templated":true}]}}