{"id":69582,"date":"2025-05-07T10:59:45","date_gmt":"2025-05-07T13:59:45","guid":{"rendered":"https:\/\/noticiasribeiraopreto.com.br\/index.php\/2025\/05\/07\/fundacao-educandario-celebra-87-anos-com-evento-gratuito-no-fim-de-semana\/"},"modified":"2025-05-07T10:59:45","modified_gmt":"2025-05-07T13:59:45","slug":"fundacao-educandario-celebra-87-anos-com-evento-gratuito-no-fim-de-semana","status":"publish","type":"post","link":"https:\/\/noticiasribeiraopreto.com.br\/index.php\/2025\/05\/07\/fundacao-educandario-celebra-87-anos-com-evento-gratuito-no-fim-de-semana\/","title":{"rendered":"Funda\u00e7\u00e3o Educand\u00e1rio celebra 87 anos com evento gratuito no fim de semana"},"content":{"rendered":"<p> <br \/>\n<\/p>\n<div data-td-block-uid=\"tdi_95\">\n<div class=\"tdb-block-inner td-fix-index\">\n<p>A <strong>Funda\u00e7\u00e3o Educand\u00e1rio Coronel Quito Junqueira<\/strong> comemora <strong>87 anos<\/strong> com evento <strong>gratuito<\/strong> e <strong>aberto \u00e0 popula\u00e7\u00e3o<\/strong> neste <strong>s\u00e1bado (10)<\/strong>, das <strong>9h \u00e0s 12h<\/strong>. A comemora\u00e7\u00e3o acontece na sede da institui\u00e7\u00e3o, que fica localizada na <strong>avenida Cavalheiro Paschoal Innecchi, 500<\/strong>, em <strong>Ribeir\u00e3o Preto<\/strong>.<\/p>\n<p>A programa\u00e7\u00e3o inclui conta\u00e7\u00e3o de hist\u00f3rias, pintura facial, apresenta\u00e7\u00f5es circenses, al\u00e9m de atividades como a \u201c<strong>Resgatando a inf\u00e2ncia<\/strong>\u201d, que re\u00fane diversas brincadeiras divertidas pensada para atender todas as idades.<\/p>\n<p>O evento tamb\u00e9m conta com um concerto especial da <strong>Banda Marcial Educand\u00e1rio<\/strong> e apresenta\u00e7\u00f5es de <strong>capoeira<\/strong> e <strong>maculel\u00ea<\/strong>. Al\u00e9m disso, o espa\u00e7o do <strong>Educand\u00e1rio<\/strong> ficar\u00e1 aberto para piqueniques a partir das <strong>11h<\/strong>. Quem tiver interesse, basta levar sua pr\u00f3pria toalha, comida e bebida <strong>(bebidas alco\u00f3licas s\u00e3o proibidas)<\/strong>.<\/p>\n<p>A comemora\u00e7\u00e3o tamb\u00e9m conta com uma biblioteca itinerante da <strong>Biblioteca Sinh\u00e1 Junqueira<\/strong>, que estar\u00e1 com espa\u00e7o para cadastros e empr\u00e9stimos de livros. Os <strong>100 primeiros<\/strong> a fazer o cadastro durante o evento ganharam um gibi da <strong>Turma da M\u00f4nica<\/strong>.<\/p>\n<h2 class=\"wp-block-heading\"><strong>Servi\u00e7o<\/strong><\/h2>\n<p><strong>Feira de Artesanato \u2013 Dia das M\u00e3es<\/strong><\/p>\n<p><strong>Quando: <\/strong>10 de maio, s\u00e1bado <strong><br \/>Hor\u00e1rio: <\/strong>Das 9h \u00e0s 12h<strong><br \/>Local: <\/strong>Sede da Funda\u00e7\u00e3o Educand\u00e1rio Coronel Quito Junqueira | avenida Cavalheiros Paschoal Innecchi, 500 \u00a0<strong><br \/>Entrada gratuita<\/strong><\/p>\n<p>SAIBA MAIS<br \/>Ribeir\u00e3o Preto recebe feira de artesanato especial de Dia das M\u00e3es<\/p>\n<h3 class=\"wp-block-heading\"><strong>FIQUE ON<\/strong><\/h3>\n<p>Fique ligado em tudo que acontece em Ribeir\u00e3o Preto e regi\u00e3o. Siga os perfis do<strong>\u00a0acidade on\u00a0<\/strong>no<a href=\"https:\/\/www.instagram.com\/acidadeonribeirao\">\u00a0Instagram<\/a>\u00a0e no\u00a0<a href=\"https:\/\/www.facebook.com\/acidadeonribeirao\/\">Facebook.<\/a><\/p>\n<p>Receba not\u00edcias do\u00a0<strong>acidade on\u00a0<\/strong>no WhatsApp.\u00a0<a href=\"https:\/\/chat.whatsapp.com\/BjKQZ9oJwlz8VVT50NuePq\">Para entrar no grupo, basta clicar aqui.<\/a><\/p>\n<p>Fa\u00e7a uma den\u00fancia ou sugira uma reportagem sobre Ribeir\u00e3o Preto e regi\u00e3o pelo WhatsApp: 16 99117 7802.<\/p>\n<p>VEJA TAMB\u00c9M<\/p>\n<p>Como Georgina Rodr\u00edguez conheceu Cristiano Ronaldo?<\/p>\n<p><!-- CONTENT END 1 -->\n<\/div>\n<\/div>\n<p><script async src=\"\/\/www.instagram.com\/embed.js\"><\/script><br \/>\n<br \/><br \/>\n<br \/><a href=\"https:\/\/www.acidadeon.com\/ribeiraopreto\/lazer-e-cultura\/fundacao-educandario-celebra-87-anos-com-evento-gratuito-no-fim-de-semana\/\">Source link <\/a><\/p>\n","protected":false},"excerpt":{"rendered":"<p>A Funda\u00e7\u00e3o Educand\u00e1rio Coronel Quito Junqueira comemora 87 anos com evento gratuito e aberto \u00e0 popula\u00e7\u00e3o neste s\u00e1bado (10), das 9h \u00e0s 12h. A comemora\u00e7\u00e3o&#8230;<\/p>\n","protected":false},"author":1,"featured_media":69583,"comment_status":"open","ping_status":"open","sticky":false,"template":"","format":"standard","meta":{"advanced_seo_description":"","jetpack_seo_html_title":"","jetpack_seo_noindex":false,"jetpack_post_was_ever_published":false,"_jetpack_newsletter_access":"","_jetpack_dont_email_post_to_subs":false,"_jetpack_newsletter_tier_id":0,"_jetpack_memberships_contains_paywalled_content":false,"_jetpack_memberships_contains_paid_content":false,"footnotes":"","jetpack_publicize_message":"","jetpack_publicize_feature_enabled":true,"jetpack_social_post_already_shared":true,"jetpack_social_options":{"image_generator_settings":{"template":"highway","default_image_id":0,"font":"","enabled":false},"version":2}},"categories":[11],"tags":[],"class_list":["post-69582","post","type-post","status-publish","format-standard","has-post-thumbnail","hentry","category-noticias-de-ribeirao-preto-sp-e-regiao-ismael-colosi"],"jetpack_publicize_connections":[],"jetpack_featured_media_url":"https:\/\/i0.wp.com\/noticiasribeiraopreto.com.br\/wp-content\/uploads\/2025\/05\/WhatsApp-Image-2025-05-07-at-08.47.01_2025-05-07_12-05-06.webp.webp?fit=1200%2C800&ssl=1","jetpack-related-posts":[{"id":51908,"url":"https:\/\/noticiasribeiraopreto.com.br\/index.php\/2024\/06\/01\/fundacao-educandario-abre-inscricoes-para-novas-vagas-em-ribeirao-preto\/","url_meta":{"origin":69582,"position":0},"title":"Funda\u00e7\u00e3o Educand\u00e1rio abre inscri\u00e7\u00f5es para novas vagas em Ribeir\u00e3o Preto","author":"noticiasribeiraopreto.com.br","date":"1 de June de 2024","format":false,"excerpt":"O col\u00e9gio Camillo de Mattos, da Funda\u00e7\u00e3o Educand\u00e1rio \u201cCoronel Quito Junqueira\u201d, em Ribeir\u00e3o Preto, abre na segunda-feira (3), as inscri\u00e7\u00f5es para o processo seletivo do ano letivo de 2025. As vagas s\u00e3o, a princ\u00edpio, para o preenchimento das turmas da pr\u00e9-escola I e a lista de espera para a pr\u00e9-escola\u2026","rel":"","context":"In &quot;Not\u00edcias de Ribeir\u00e3o Preto-SP e Regi\u00e3o&quot;","block_context":{"text":"Not\u00edcias de Ribeir\u00e3o Preto-SP e Regi\u00e3o","link":"https:\/\/noticiasribeiraopreto.com.br\/index.php\/category\/noticias-de-ribeirao-preto-sp-e-regiao-ismael-colosi\/"},"img":{"alt_text":"","src":"https:\/\/i0.wp.com\/noticiasribeiraopreto.com.br\/wp-content\/uploads\/2024\/06\/Copia-de-Copia-de-TAMANHO-EXATO-PARA-FOTOS-NO-SISTEMA-NOVO_2024-05-31_18-50-42_jpg_2024-05-31_18-50-42.webp.webp?fit=1200%2C675&ssl=1&resize=350%2C200","width":350,"height":200,"srcset":"https:\/\/i0.wp.com\/noticiasribeiraopreto.com.br\/wp-content\/uploads\/2024\/06\/Copia-de-Copia-de-TAMANHO-EXATO-PARA-FOTOS-NO-SISTEMA-NOVO_2024-05-31_18-50-42_jpg_2024-05-31_18-50-42.webp.webp?fit=1200%2C675&ssl=1&resize=350%2C200 1x, https:\/\/i0.wp.com\/noticiasribeiraopreto.com.br\/wp-content\/uploads\/2024\/06\/Copia-de-Copia-de-TAMANHO-EXATO-PARA-FOTOS-NO-SISTEMA-NOVO_2024-05-31_18-50-42_jpg_2024-05-31_18-50-42.webp.webp?fit=1200%2C675&ssl=1&resize=525%2C300 1.5x, https:\/\/i0.wp.com\/noticiasribeiraopreto.com.br\/wp-content\/uploads\/2024\/06\/Copia-de-Copia-de-TAMANHO-EXATO-PARA-FOTOS-NO-SISTEMA-NOVO_2024-05-31_18-50-42_jpg_2024-05-31_18-50-42.webp.webp?fit=1200%2C675&ssl=1&resize=700%2C400 2x, https:\/\/i0.wp.com\/noticiasribeiraopreto.com.br\/wp-content\/uploads\/2024\/06\/Copia-de-Copia-de-TAMANHO-EXATO-PARA-FOTOS-NO-SISTEMA-NOVO_2024-05-31_18-50-42_jpg_2024-05-31_18-50-42.webp.webp?fit=1200%2C675&ssl=1&resize=1050%2C600 3x"},"classes":[]},{"id":70555,"url":"https:\/\/noticiasribeiraopreto.com.br\/index.php\/2025\/05\/27\/colegio-camillo-de-mattos-anuncia-inscricoes-para-bolsas-de-estudos-gratuitas-em-ribeirao-preto\/","url_meta":{"origin":69582,"position":1},"title":"Col\u00e9gio Camillo de Mattos anuncia inscri\u00e7\u00f5es para bolsas de estudos gratuitas em Ribeir\u00e3o Preto","author":"noticiasribeiraopreto.com.br","date":"27 de May de 2025","format":false,"excerpt":"O Col\u00e9gio Camillo de Mattos, da Funda\u00e7\u00e3o Educand\u00e1rio Corronel Quito Junqueira, abre na pr\u00f3xima segunda-feira (2) as inscri\u00e7\u00f5es para bolsas de estudo gratuitas com mais de 70 vagas para o ano letivo de 2026. As oportunidades s\u00e3o para crian\u00e7as e adolescentes, da Educa\u00e7\u00e3o Infantil ao 9\u00ba ano do Ensino Fundamental.\u2026","rel":"","context":"In &quot;Not\u00edcias de Ribeir\u00e3o Preto-SP e Regi\u00e3o&quot;","block_context":{"text":"Not\u00edcias de Ribeir\u00e3o Preto-SP e Regi\u00e3o","link":"https:\/\/noticiasribeiraopreto.com.br\/index.php\/category\/noticias-de-ribeirao-preto-sp-e-regiao-ismael-colosi\/"},"img":{"alt_text":"","src":"https:\/\/i0.wp.com\/noticiasribeiraopreto.com.br\/wp-content\/uploads\/2025\/05\/WhatsApp-Image-2025-05-27-at-12.03.21_2025-05-27_17-04-59.webp.webp?fit=1200%2C800&ssl=1&resize=350%2C200","width":350,"height":200,"srcset":"https:\/\/i0.wp.com\/noticiasribeiraopreto.com.br\/wp-content\/uploads\/2025\/05\/WhatsApp-Image-2025-05-27-at-12.03.21_2025-05-27_17-04-59.webp.webp?fit=1200%2C800&ssl=1&resize=350%2C200 1x, https:\/\/i0.wp.com\/noticiasribeiraopreto.com.br\/wp-content\/uploads\/2025\/05\/WhatsApp-Image-2025-05-27-at-12.03.21_2025-05-27_17-04-59.webp.webp?fit=1200%2C800&ssl=1&resize=525%2C300 1.5x, https:\/\/i0.wp.com\/noticiasribeiraopreto.com.br\/wp-content\/uploads\/2025\/05\/WhatsApp-Image-2025-05-27-at-12.03.21_2025-05-27_17-04-59.webp.webp?fit=1200%2C800&ssl=1&resize=700%2C400 2x, https:\/\/i0.wp.com\/noticiasribeiraopreto.com.br\/wp-content\/uploads\/2025\/05\/WhatsApp-Image-2025-05-27-at-12.03.21_2025-05-27_17-04-59.webp.webp?fit=1200%2C800&ssl=1&resize=1050%2C600 3x"},"classes":[]},{"id":63324,"url":"https:\/\/noticiasribeiraopreto.com.br\/index.php\/2025\/02\/10\/ribeirao-preto-recebe-peca-que-aborda-a-importancia-da-agua-de-forma-ludica\/","url_meta":{"origin":69582,"position":2},"title":"Ribeir\u00e3o Preto recebe pe\u00e7a que aborda a import\u00e2ncia da \u00e1gua de forma l\u00fadica","author":"noticiasribeiraopreto.com.br","date":"10 de February de 2025","format":false,"excerpt":"O grupo teatral Fora do S\u00e9rio estreia nesta quinta-feira (13) o espet\u00e1culo \u201c\u00c1gua Viva \u2013 da fonte, do rio, do mar, da chuva, em mim\u201d, em Ribeir\u00e3o Preto. Al\u00e9m da estreia, o espet\u00e1culo ainda conta com outras tr\u00eas performances na cidade. As apresenta\u00e7\u00f5es ser\u00e3o realizadas na: Adevirp (Associa\u00e7\u00e3o de Deficientes\u2026","rel":"","context":"In &quot;Not\u00edcias de Ribeir\u00e3o Preto-SP e Regi\u00e3o&quot;","block_context":{"text":"Not\u00edcias de Ribeir\u00e3o Preto-SP e Regi\u00e3o","link":"https:\/\/noticiasribeiraopreto.com.br\/index.php\/category\/noticias-de-ribeirao-preto-sp-e-regiao-ismael-colosi\/"},"img":{"alt_text":"","src":"https:\/\/i0.wp.com\/noticiasribeiraopreto.com.br\/wp-content\/uploads\/2025\/02\/AGUA_2025-02-10_16-08-05_jpg_2025-02-10_16-08-05.webp.webp?fit=811%2C523&ssl=1&resize=350%2C200","width":350,"height":200,"srcset":"https:\/\/i0.wp.com\/noticiasribeiraopreto.com.br\/wp-content\/uploads\/2025\/02\/AGUA_2025-02-10_16-08-05_jpg_2025-02-10_16-08-05.webp.webp?fit=811%2C523&ssl=1&resize=350%2C200 1x, https:\/\/i0.wp.com\/noticiasribeiraopreto.com.br\/wp-content\/uploads\/2025\/02\/AGUA_2025-02-10_16-08-05_jpg_2025-02-10_16-08-05.webp.webp?fit=811%2C523&ssl=1&resize=525%2C300 1.5x, https:\/\/i0.wp.com\/noticiasribeiraopreto.com.br\/wp-content\/uploads\/2025\/02\/AGUA_2025-02-10_16-08-05_jpg_2025-02-10_16-08-05.webp.webp?fit=811%2C523&ssl=1&resize=700%2C400 2x"},"classes":[]},{"id":69801,"url":"https:\/\/noticiasribeiraopreto.com.br\/index.php\/2025\/05\/09\/festival-de-circo-musicais-e-feira-de-artesanato-veja-as-opcoes-para-curtir-o-fim-de-semana-em-ribeirao-e-regiao\/","url_meta":{"origin":69582,"position":3},"title":"Festival de circo, musicais e feira de artesanato: Veja as op\u00e7\u00f5es para curtir o fim de semana em Ribeir\u00e3o e regi\u00e3o","author":"noticiasribeiraopreto.com.br","date":"9 de May de 2025","format":false,"excerpt":"A regi\u00e3o de Ribeir\u00e3o Preto conta com diversas atividades pagas e gratuitas para aproveitar o fim de semana. Os destaques da agenda cultural s\u00e3o: a primeira edi\u00e7\u00e3o do Festival Internacional de Circo de Ribeir\u00e3o Preto, a Feira do Livro de Guar\u00e1 e cinema gratuito.\u00a0Confira o que acontece no fim de\u2026","rel":"","context":"In &quot;Not\u00edcias de Ribeir\u00e3o Preto-SP e Regi\u00e3o&quot;","block_context":{"text":"Not\u00edcias de Ribeir\u00e3o Preto-SP e Regi\u00e3o","link":"https:\/\/noticiasribeiraopreto.com.br\/index.php\/category\/noticias-de-ribeirao-preto-sp-e-regiao-ismael-colosi\/"},"img":{"alt_text":"","src":"https:\/\/i0.wp.com\/noticiasribeiraopreto.com.br\/wp-content\/uploads\/2025\/05\/festival-de-circo_2025-05-09_13-09-33.webp.webp?fit=1200%2C900&ssl=1&resize=350%2C200","width":350,"height":200,"srcset":"https:\/\/i0.wp.com\/noticiasribeiraopreto.com.br\/wp-content\/uploads\/2025\/05\/festival-de-circo_2025-05-09_13-09-33.webp.webp?fit=1200%2C900&ssl=1&resize=350%2C200 1x, https:\/\/i0.wp.com\/noticiasribeiraopreto.com.br\/wp-content\/uploads\/2025\/05\/festival-de-circo_2025-05-09_13-09-33.webp.webp?fit=1200%2C900&ssl=1&resize=525%2C300 1.5x, https:\/\/i0.wp.com\/noticiasribeiraopreto.com.br\/wp-content\/uploads\/2025\/05\/festival-de-circo_2025-05-09_13-09-33.webp.webp?fit=1200%2C900&ssl=1&resize=700%2C400 2x, https:\/\/i0.wp.com\/noticiasribeiraopreto.com.br\/wp-content\/uploads\/2025\/05\/festival-de-circo_2025-05-09_13-09-33.webp.webp?fit=1200%2C900&ssl=1&resize=1050%2C600 3x"},"classes":[]},{"id":57184,"url":"https:\/\/noticiasribeiraopreto.com.br\/index.php\/2024\/08\/25\/saerp-afirma-que-reservatorios-de-agua-apresentam-niveis-baixos-em-ribeirao-preto\/","url_meta":{"origin":69582,"position":4},"title":"Saerp afirma que reservat\u00f3rios de \u00e1gua apresentam n\u00edveis baixos em Ribeir\u00e3o Preto","author":"noticiasribeiraopreto.com.br","date":"25 de August de 2024","format":false,"excerpt":"A Saerp (Secretaria de \u00c1gua e Esgoto de Ribeir\u00e3o Preto) informou que todos os sistemas de abastecimento de \u00e1gua de Ribeir\u00e3o Preto est\u00e3o funcionando na manh\u00e3 deste domingo (25), contudo est\u00e3o apresentando n\u00edveis \u201cmuito baixos\u201d, o que pode afetar o abastecimento nas partes mais altas da cidade. Nesta manh\u00e3, a\u2026","rel":"","context":"In &quot;Not\u00edcias de Ribeir\u00e3o Preto-SP e Regi\u00e3o&quot;","block_context":{"text":"Not\u00edcias de Ribeir\u00e3o Preto-SP e Regi\u00e3o","link":"https:\/\/noticiasribeiraopreto.com.br\/index.php\/category\/noticias-de-ribeirao-preto-sp-e-regiao-ismael-colosi\/"},"img":{"alt_text":"","src":"https:\/\/i0.wp.com\/noticiasribeiraopreto.com.br\/wp-content\/uploads\/2024\/08\/falta-agua.jpg?fit=1068%2C801&ssl=1&resize=350%2C200","width":350,"height":200,"srcset":"https:\/\/i0.wp.com\/noticiasribeiraopreto.com.br\/wp-content\/uploads\/2024\/08\/falta-agua.jpg?fit=1068%2C801&ssl=1&resize=350%2C200 1x, https:\/\/i0.wp.com\/noticiasribeiraopreto.com.br\/wp-content\/uploads\/2024\/08\/falta-agua.jpg?fit=1068%2C801&ssl=1&resize=525%2C300 1.5x, https:\/\/i0.wp.com\/noticiasribeiraopreto.com.br\/wp-content\/uploads\/2024\/08\/falta-agua.jpg?fit=1068%2C801&ssl=1&resize=700%2C400 2x, https:\/\/i0.wp.com\/noticiasribeiraopreto.com.br\/wp-content\/uploads\/2024\/08\/falta-agua.jpg?fit=1068%2C801&ssl=1&resize=1050%2C600 3x"},"classes":[]},{"id":82781,"url":"https:\/\/noticiasribeiraopreto.com.br\/index.php\/2026\/02\/26\/estudo-comeca-a-tracar-raio-x-da-dinamica-imobiliaria-de-ribeirao-preto-entenda\/","url_meta":{"origin":69582,"position":5},"title":"Estudo come\u00e7a a tra\u00e7ar raio-X da din\u00e2mica imobili\u00e1ria de Ribeir\u00e3o Preto; Entenda","author":"noticiasribeiraopreto.com.br","date":"26 de February de 2026","format":false,"excerpt":"O Instituto de Economia Maur\u00edlio Biagi (IEMB), ligado \u00e0 Associa\u00e7\u00e3o Comercial e Industrial de Ribeir\u00e3o Preto (Acirp), apresentou na manh\u00e3 desta quarta-feira (25), um estudo sobre a din\u00e2mica imobili\u00e1ria de Ribeir\u00e3o Preto. O evento de lan\u00e7amento reuniu empres\u00e1rios, imprensa e demais convidados. O levantamento tem o intuito de mapear todos\u2026","rel":"","context":"In &quot;Not\u00edcias de Ribeir\u00e3o Preto-SP e Regi\u00e3o&quot;","block_context":{"text":"Not\u00edcias de Ribeir\u00e3o Preto-SP e Regi\u00e3o","link":"https:\/\/noticiasribeiraopreto.com.br\/index.php\/category\/noticias-de-ribeirao-preto-sp-e-regiao-ismael-colosi\/"},"img":{"alt_text":"","src":"https:\/\/i0.wp.com\/noticiasribeiraopreto.com.br\/wp-content\/uploads\/2026\/02\/centro-ribeirao-preto_2026-01-19_14-14-42.webp.webp?fit=1000%2C666&ssl=1&resize=350%2C200","width":350,"height":200,"srcset":"https:\/\/i0.wp.com\/noticiasribeiraopreto.com.br\/wp-content\/uploads\/2026\/02\/centro-ribeirao-preto_2026-01-19_14-14-42.webp.webp?fit=1000%2C666&ssl=1&resize=350%2C200 1x, https:\/\/i0.wp.com\/noticiasribeiraopreto.com.br\/wp-content\/uploads\/2026\/02\/centro-ribeirao-preto_2026-01-19_14-14-42.webp.webp?fit=1000%2C666&ssl=1&resize=525%2C300 1.5x, https:\/\/i0.wp.com\/noticiasribeiraopreto.com.br\/wp-content\/uploads\/2026\/02\/centro-ribeirao-preto_2026-01-19_14-14-42.webp.webp?fit=1000%2C666&ssl=1&resize=700%2C400 2x"},"classes":[]}],"jetpack_sharing_enabled":true,"jetpack_shortlink":"https:\/\/wp.me\/peQAOb-i6i","_links":{"self":[{"href":"https:\/\/noticiasribeiraopreto.com.br\/index.php\/wp-json\/wp\/v2\/posts\/69582","targetHints":{"allow":["GET"]}}],"collection":[{"href":"https:\/\/noticiasribeiraopreto.com.br\/index.php\/wp-json\/wp\/v2\/posts"}],"about":[{"href":"https:\/\/noticiasribeiraopreto.com.br\/index.php\/wp-json\/wp\/v2\/types\/post"}],"author":[{"embeddable":true,"href":"https:\/\/noticiasribeiraopreto.com.br\/index.php\/wp-json\/wp\/v2\/users\/1"}],"replies":[{"embeddable":true,"href":"https:\/\/noticiasribeiraopreto.com.br\/index.php\/wp-json\/wp\/v2\/comments?post=69582"}],"version-history":[{"count":0,"href":"https:\/\/noticiasribeiraopreto.com.br\/index.php\/wp-json\/wp\/v2\/posts\/69582\/revisions"}],"wp:featuredmedia":[{"embeddable":true,"href":"https:\/\/noticiasribeiraopreto.com.br\/index.php\/wp-json\/wp\/v2\/media\/69583"}],"wp:attachment":[{"href":"https:\/\/noticiasribeiraopreto.com.br\/index.php\/wp-json\/wp\/v2\/media?parent=69582"}],"wp:term":[{"taxonomy":"category","embeddable":true,"href":"https:\/\/noticiasribeiraopreto.com.br\/index.php\/wp-json\/wp\/v2\/categories?post=69582"},{"taxonomy":"post_tag","embeddable":true,"href":"https:\/\/noticiasribeiraopreto.com.br\/index.php\/wp-json\/wp\/v2\/tags?post=69582"}],"curies":[{"name":"wp","href":"https:\/\/api.w.org\/{rel}","templated":true}]}}