{"id":69584,"date":"2025-05-07T11:07:49","date_gmt":"2025-05-07T14:07:49","guid":{"rendered":"https:\/\/noticiasribeiraopreto.com.br\/index.php\/2025\/05\/07\/ribeirao-preto-recebe-feira-de-artesanato-especial-dia-das-maes\/"},"modified":"2025-05-07T11:07:49","modified_gmt":"2025-05-07T14:07:49","slug":"ribeirao-preto-recebe-feira-de-artesanato-especial-dia-das-maes","status":"publish","type":"post","link":"https:\/\/noticiasribeiraopreto.com.br\/index.php\/2025\/05\/07\/ribeirao-preto-recebe-feira-de-artesanato-especial-dia-das-maes\/","title":{"rendered":"Ribeir\u00e3o Preto recebe feira de artesanato especial Dia das M\u00e3es"},"content":{"rendered":"<p> <br \/>\n<\/p>\n<div data-td-block-uid=\"tdi_95\">\n<div class=\"tdb-block-inner td-fix-index\">\n<p>Neste <strong>s\u00e1bado (10)<\/strong>, Ribeir\u00e3o Preto recebe uma <strong>feira de artesanato<\/strong> especial de <strong>Dia das M\u00e3es<\/strong>. O evento acontecer\u00e1 das <strong>9h \u00e0s 16h<\/strong>, na <strong>Pra\u00e7a Sete de Setembro<\/strong>, no <strong>Centro <\/strong>da cidade. A entrada \u00e9 <strong>gratuita<\/strong> e <strong>aberta ao p\u00fablico<\/strong>.<\/p>\n<p>A feira \u00e9 realizada pela <strong>Associa\u00e7\u00e3o Projeto Arte Vida (APAV)<\/strong>. Al\u00e9m das exposi\u00e7\u00f5es de pe\u00e7as artesanais, o evento contar\u00e1 com <strong>brincadeiras<\/strong>,<strong> pr\u00eamios <\/strong>e<strong> presentes <\/strong>para as m\u00e3es.<\/p>\n<p>Os clientes que fizerem compras na feira ir\u00e3o ganhar brindes feitos pelos artes\u00e3os que estiverem no evento.<\/p>\n<h2 class=\"wp-block-heading\"><strong>Servi\u00e7o<\/strong><\/h2>\n<p><em>Feira de Artesanato \u2013 Dia das M\u00e3es<\/em><\/p>\n<p><strong>Quando: <\/strong>10 de maio, s\u00e1bado <strong><br \/>Hor\u00e1rio: <\/strong>Das 9h \u00e0s 16h<strong><br \/>Local: <\/strong>Pra\u00e7a Sete de Setembro \u2013 Centro de Ribeir\u00e3o Preto<strong><br \/>Entrada gratuita<\/strong><\/p>\n<p>SAIBA MAIS<\/p>\n<p>M\u00e3es t\u00eam entrada gratuita em parque aqu\u00e1tico no fim de semana; Veja onde<\/p>\n<h3 class=\"wp-block-heading\"><strong>FIQUE ON<\/strong><\/h3>\n<p>Fique ligado em tudo que acontece em Ribeir\u00e3o Preto e regi\u00e3o. Siga os perfis do<strong>\u00a0acidade on\u00a0<\/strong>no<a href=\"https:\/\/www.instagram.com\/acidadeonribeirao\">\u00a0Instagram<\/a>\u00a0e no\u00a0<a href=\"https:\/\/www.facebook.com\/acidadeonribeirao\/\">Facebook.<\/a><\/p>\n<p>Receba not\u00edcias do\u00a0<strong>acidade on\u00a0<\/strong>no WhatsApp.\u00a0<a href=\"https:\/\/chat.whatsapp.com\/BjKQZ9oJwlz8VVT50NuePq\">Para entrar no grupo, basta clicar aqui.<\/a><\/p>\n<p>Fa\u00e7a uma den\u00fancia ou sugira uma reportagem sobre Ribeir\u00e3o Preto e regi\u00e3o pelo WhatsApp: 16 99117 7802.<\/p>\n<p>VEJA TAMB\u00c9M<\/p>\n<p>Como Georgina Rodr\u00edguez conheceu Cristiano Ronaldo?<\/p>\n<p><!-- CONTENT END 1 -->\n<\/div>\n<\/div>\n<p><script async src=\"\/\/www.instagram.com\/embed.js\"><\/script><br \/>\n<br \/><br \/>\n<br \/><a href=\"https:\/\/www.acidadeon.com\/ribeiraopreto\/lazer-e-cultura\/ribeirao-preto-recebe-feira-de-artesanato-especial-dia-das-maes\/\">Source link <\/a><\/p>\n","protected":false},"excerpt":{"rendered":"<p>Neste s\u00e1bado (10), Ribeir\u00e3o Preto recebe uma feira de artesanato especial de Dia das M\u00e3es. O evento acontecer\u00e1 das 9h \u00e0s 16h, na Pra\u00e7a Sete&#8230;<\/p>\n","protected":false},"author":1,"featured_media":69585,"comment_status":"open","ping_status":"open","sticky":false,"template":"","format":"standard","meta":{"advanced_seo_description":"","jetpack_seo_html_title":"","jetpack_seo_noindex":false,"jetpack_post_was_ever_published":false,"_jetpack_newsletter_access":"","_jetpack_dont_email_post_to_subs":false,"_jetpack_newsletter_tier_id":0,"_jetpack_memberships_contains_paywalled_content":false,"_jetpack_memberships_contains_paid_content":false,"footnotes":"","jetpack_publicize_message":"","jetpack_publicize_feature_enabled":true,"jetpack_social_post_already_shared":true,"jetpack_social_options":{"image_generator_settings":{"template":"highway","default_image_id":0,"font":"","enabled":false},"version":2}},"categories":[11],"tags":[],"class_list":["post-69584","post","type-post","status-publish","format-standard","has-post-thumbnail","hentry","category-noticias-de-ribeirao-preto-sp-e-regiao-ismael-colosi"],"jetpack_publicize_connections":[],"jetpack_featured_media_url":"https:\/\/i0.wp.com\/noticiasribeiraopreto.com.br\/wp-content\/uploads\/2025\/05\/mulher-de-vista-lateral-na-loja-de-lembrancas_2025-05-07_11-35-19.webp.webp?fit=1200%2C801&ssl=1","jetpack-related-posts":[{"id":12148,"url":"https:\/\/noticiasribeiraopreto.com.br\/index.php\/2023\/12\/07\/ribeirao-preto-tem-feira-de-artesanato-com-food-truck-e-musica\/","url_meta":{"origin":69584,"position":0},"title":"Ribeir\u00e3o Preto tem feira de artesanato com food truck e m\u00fasica\u00a0","author":"noticiasribeiraopreto.com.br","date":"7 de December de 2023","format":false,"excerpt":"Ribeir\u00e3o Preto recebe, neste s\u00e1bado (9), a 3\u00b0 edi\u00e7\u00e3o da Feira de Artesanato e Produtos Regionais, na Pra\u00e7a Sete de Setembro, no Centro de Ribeir\u00e3o Preto. \u00a0 O evento \u00e9 aberto ao p\u00fablico e acontece das 9h \u00e0s 17h com produtos locais e regionais de 200 expositores. \u00a0 Feira de\u2026","rel":"","context":"In &quot;Not\u00edcias de Ribeir\u00e3o Preto-SP e Regi\u00e3o&quot;","block_context":{"text":"Not\u00edcias de Ribeir\u00e3o Preto-SP e Regi\u00e3o","link":"https:\/\/noticiasribeiraopreto.com.br\/index.php\/category\/noticias-de-ribeirao-preto-sp-e-regiao-ismael-colosi\/"},"img":{"alt_text":"","src":"https:\/\/i0.wp.com\/noticiasribeiraopreto.com.br\/wp-content\/uploads\/2023\/12\/ribeirao_preto_sedia_a_3_feira_regional_de_artesanato_e_produtos_regionais_1.jpeg?fit=1200%2C801&ssl=1&resize=350%2C200","width":350,"height":200,"srcset":"https:\/\/i0.wp.com\/noticiasribeiraopreto.com.br\/wp-content\/uploads\/2023\/12\/ribeirao_preto_sedia_a_3_feira_regional_de_artesanato_e_produtos_regionais_1.jpeg?fit=1200%2C801&ssl=1&resize=350%2C200 1x, https:\/\/i0.wp.com\/noticiasribeiraopreto.com.br\/wp-content\/uploads\/2023\/12\/ribeirao_preto_sedia_a_3_feira_regional_de_artesanato_e_produtos_regionais_1.jpeg?fit=1200%2C801&ssl=1&resize=525%2C300 1.5x, https:\/\/i0.wp.com\/noticiasribeiraopreto.com.br\/wp-content\/uploads\/2023\/12\/ribeirao_preto_sedia_a_3_feira_regional_de_artesanato_e_produtos_regionais_1.jpeg?fit=1200%2C801&ssl=1&resize=700%2C400 2x, https:\/\/i0.wp.com\/noticiasribeiraopreto.com.br\/wp-content\/uploads\/2023\/12\/ribeirao_preto_sedia_a_3_feira_regional_de_artesanato_e_produtos_regionais_1.jpeg?fit=1200%2C801&ssl=1&resize=1050%2C600 3x"},"classes":[]},{"id":74057,"url":"https:\/\/noticiasribeiraopreto.com.br\/index.php\/2025\/07\/15\/centro-de-ribeirao-preto-recebe-festa-julina-com-comidas-tipicas-musica-ao-vivo-e-artesanato\/","url_meta":{"origin":69584,"position":1},"title":"Centro de Ribeir\u00e3o Preto recebe festa julina com comidas t\u00edpicas, m\u00fasica ao vivo e artesanato","author":"noticiasribeiraopreto.com.br","date":"15 de July de 2025","format":false,"excerpt":"Ribeir\u00e3o Preto recebe neste s\u00e1bado (19) a festa \u201cjulina\u201d da Associa\u00e7\u00e3o Projeto Arte Vida (APAV), que acontece na pra\u00e7a Sete de Setembro, no Centro. Veja todas as quermesses de Ribeir\u00e3o Preto e regi\u00e3o no Rota do Arrai\u00e1 (clique aqui). A entrada \u00e9 gratuita e o evento come\u00e7a \u00e0s 9h e\u2026","rel":"","context":"In &quot;Not\u00edcias de Ribeir\u00e3o Preto-SP e Regi\u00e3o&quot;","block_context":{"text":"Not\u00edcias de Ribeir\u00e3o Preto-SP e Regi\u00e3o","link":"https:\/\/noticiasribeiraopreto.com.br\/index.php\/category\/noticias-de-ribeirao-preto-sp-e-regiao-ismael-colosi\/"},"img":{"alt_text":"","src":"https:\/\/i0.wp.com\/noticiasribeiraopreto.com.br\/wp-content\/uploads\/2025\/07\/quermesse_2024-05-07_13-34-01_jpg_2024-05-07_13-34-01.webp.webp?fit=582%2C393&ssl=1&resize=350%2C200","width":350,"height":200,"srcset":"https:\/\/i0.wp.com\/noticiasribeiraopreto.com.br\/wp-content\/uploads\/2025\/07\/quermesse_2024-05-07_13-34-01_jpg_2024-05-07_13-34-01.webp.webp?fit=582%2C393&ssl=1&resize=350%2C200 1x, https:\/\/i0.wp.com\/noticiasribeiraopreto.com.br\/wp-content\/uploads\/2025\/07\/quermesse_2024-05-07_13-34-01_jpg_2024-05-07_13-34-01.webp.webp?fit=582%2C393&ssl=1&resize=525%2C300 1.5x"},"classes":[]},{"id":69582,"url":"https:\/\/noticiasribeiraopreto.com.br\/index.php\/2025\/05\/07\/fundacao-educandario-celebra-87-anos-com-evento-gratuito-no-fim-de-semana\/","url_meta":{"origin":69584,"position":2},"title":"Funda\u00e7\u00e3o Educand\u00e1rio celebra 87 anos com evento gratuito no fim de semana","author":"noticiasribeiraopreto.com.br","date":"7 de May de 2025","format":false,"excerpt":"A Funda\u00e7\u00e3o Educand\u00e1rio Coronel Quito Junqueira comemora 87 anos com evento gratuito e aberto \u00e0 popula\u00e7\u00e3o neste s\u00e1bado (10), das 9h \u00e0s 12h. A comemora\u00e7\u00e3o acontece na sede da institui\u00e7\u00e3o, que fica localizada na avenida Cavalheiro Paschoal Innecchi, 500, em Ribeir\u00e3o Preto. A programa\u00e7\u00e3o inclui conta\u00e7\u00e3o de hist\u00f3rias, pintura facial,\u2026","rel":"","context":"In &quot;Not\u00edcias de Ribeir\u00e3o Preto-SP e Regi\u00e3o&quot;","block_context":{"text":"Not\u00edcias de Ribeir\u00e3o Preto-SP e Regi\u00e3o","link":"https:\/\/noticiasribeiraopreto.com.br\/index.php\/category\/noticias-de-ribeirao-preto-sp-e-regiao-ismael-colosi\/"},"img":{"alt_text":"","src":"https:\/\/i0.wp.com\/noticiasribeiraopreto.com.br\/wp-content\/uploads\/2025\/05\/WhatsApp-Image-2025-05-07-at-08.47.01_2025-05-07_12-05-06.webp.webp?fit=1200%2C800&ssl=1&resize=350%2C200","width":350,"height":200,"srcset":"https:\/\/i0.wp.com\/noticiasribeiraopreto.com.br\/wp-content\/uploads\/2025\/05\/WhatsApp-Image-2025-05-07-at-08.47.01_2025-05-07_12-05-06.webp.webp?fit=1200%2C800&ssl=1&resize=350%2C200 1x, https:\/\/i0.wp.com\/noticiasribeiraopreto.com.br\/wp-content\/uploads\/2025\/05\/WhatsApp-Image-2025-05-07-at-08.47.01_2025-05-07_12-05-06.webp.webp?fit=1200%2C800&ssl=1&resize=525%2C300 1.5x, https:\/\/i0.wp.com\/noticiasribeiraopreto.com.br\/wp-content\/uploads\/2025\/05\/WhatsApp-Image-2025-05-07-at-08.47.01_2025-05-07_12-05-06.webp.webp?fit=1200%2C800&ssl=1&resize=700%2C400 2x, https:\/\/i0.wp.com\/noticiasribeiraopreto.com.br\/wp-content\/uploads\/2025\/05\/WhatsApp-Image-2025-05-07-at-08.47.01_2025-05-07_12-05-06.webp.webp?fit=1200%2C800&ssl=1&resize=1050%2C600 3x"},"classes":[]},{"id":61242,"url":"https:\/\/noticiasribeiraopreto.com.br\/index.php\/2024\/12\/06\/ribeirao-recebe-feira-com-mais-de-200-artesaos-e-musica-ao-vivo-veja-quando\/","url_meta":{"origin":69584,"position":3},"title":"Ribeir\u00e3o recebe feira com mais de 200 artes\u00e3os e m\u00fasica ao vivo; Veja quando","author":"noticiasribeiraopreto.com.br","date":"6 de December de 2024","format":false,"excerpt":"Ribeir\u00e3o Preto recebe neste s\u00e1bado (7), mais uma edi\u00e7\u00e3o da Feira Regional de Artesanato e Produtos Regionais \u201cRa\u00edzes do Campo\u201d, a partir das 9h, na Pra\u00e7a XV de Novembro, no Centro do munic\u00edpio. O evento que chega a sua 8\u00aa edi\u00e7\u00e3o, contar\u00e1 com a participa\u00e7\u00e3o de 11 cidades da regi\u00e3o\u2026","rel":"","context":"In &quot;Not\u00edcias de Ribeir\u00e3o Preto-SP e Regi\u00e3o&quot;","block_context":{"text":"Not\u00edcias de Ribeir\u00e3o Preto-SP e Regi\u00e3o","link":"https:\/\/noticiasribeiraopreto.com.br\/index.php\/category\/noticias-de-ribeirao-preto-sp-e-regiao-ismael-colosi\/"},"img":{"alt_text":"","src":"https:\/\/i0.wp.com\/noticiasribeiraopreto.com.br\/wp-content\/uploads\/2024\/12\/praca_xv_1200x675_15062022115458.jpg?fit=1200%2C675&ssl=1&resize=350%2C200","width":350,"height":200,"srcset":"https:\/\/i0.wp.com\/noticiasribeiraopreto.com.br\/wp-content\/uploads\/2024\/12\/praca_xv_1200x675_15062022115458.jpg?fit=1200%2C675&ssl=1&resize=350%2C200 1x, https:\/\/i0.wp.com\/noticiasribeiraopreto.com.br\/wp-content\/uploads\/2024\/12\/praca_xv_1200x675_15062022115458.jpg?fit=1200%2C675&ssl=1&resize=525%2C300 1.5x, https:\/\/i0.wp.com\/noticiasribeiraopreto.com.br\/wp-content\/uploads\/2024\/12\/praca_xv_1200x675_15062022115458.jpg?fit=1200%2C675&ssl=1&resize=700%2C400 2x, https:\/\/i0.wp.com\/noticiasribeiraopreto.com.br\/wp-content\/uploads\/2024\/12\/praca_xv_1200x675_15062022115458.jpg?fit=1200%2C675&ssl=1&resize=1050%2C600 3x"},"classes":[]},{"id":41027,"url":"https:\/\/noticiasribeiraopreto.com.br\/index.php\/2024\/03\/06\/ribeirao-preto-e-regiao-recebem-feiras-de-artesanato-em-marco-veja-datas\/","url_meta":{"origin":69584,"position":4},"title":"Ribeir\u00e3o Preto e regi\u00e3o recebem feiras de artesanato em mar\u00e7o; Veja datas","author":"noticiasribeiraopreto.com.br","date":"6 de March de 2024","format":false,"excerpt":"Artes\u00e3os de Ribeir\u00e3o Preto realizam quatro feiras de artesanato durante o m\u00eas de mar\u00e7o na cidade e na regi\u00e3o. O evento tem objetivo de apresentar os trabalhos desenvolvidos por associa\u00e7\u00f5es e celebrar o Dia do Artes\u00e3o e do Artesanato, comemorado em 19 de mar\u00e7o. Aproximadamente 70 artes\u00e3os fazem parte do\u2026","rel":"","context":"In &quot;Not\u00edcias de Ribeir\u00e3o Preto-SP e Regi\u00e3o&quot;","block_context":{"text":"Not\u00edcias de Ribeir\u00e3o Preto-SP e Regi\u00e3o","link":"https:\/\/noticiasribeiraopreto.com.br\/index.php\/category\/noticias-de-ribeirao-preto-sp-e-regiao-ismael-colosi\/"},"img":{"alt_text":"","src":"https:\/\/i0.wp.com\/noticiasribeiraopreto.com.br\/wp-content\/uploads\/2024\/03\/img_6093.jpg?fit=1200%2C900&ssl=1&resize=350%2C200","width":350,"height":200,"srcset":"https:\/\/i0.wp.com\/noticiasribeiraopreto.com.br\/wp-content\/uploads\/2024\/03\/img_6093.jpg?fit=1200%2C900&ssl=1&resize=350%2C200 1x, https:\/\/i0.wp.com\/noticiasribeiraopreto.com.br\/wp-content\/uploads\/2024\/03\/img_6093.jpg?fit=1200%2C900&ssl=1&resize=525%2C300 1.5x, https:\/\/i0.wp.com\/noticiasribeiraopreto.com.br\/wp-content\/uploads\/2024\/03\/img_6093.jpg?fit=1200%2C900&ssl=1&resize=700%2C400 2x, https:\/\/i0.wp.com\/noticiasribeiraopreto.com.br\/wp-content\/uploads\/2024\/03\/img_6093.jpg?fit=1200%2C900&ssl=1&resize=1050%2C600 3x"},"classes":[]},{"id":48593,"url":"https:\/\/noticiasribeiraopreto.com.br\/index.php\/2024\/05\/03\/praca-na-zona-oeste-de-ribeirao-preto-tem-feira-de-artesanato-com-mais-de-80-expositores\/","url_meta":{"origin":69584,"position":5},"title":"Pra\u00e7a na zona Oeste de Ribeir\u00e3o Preto tem feira de artesanato com mais de 80 expositores","author":"noticiasribeiraopreto.com.br","date":"3 de May de 2024","format":false,"excerpt":"Mais de 80 expositores participam de uma feira de artesanato na pra\u00e7a Jos\u00e9 Mortari, no bairro Vila Tib\u00e9rio, na zona Oeste de Ribeir\u00e3o Preto, neste domingo (5). A edi\u00e7\u00e3o especial \u201cDia das M\u00e3es\u201d oferecer\u00e1 aos visitantes op\u00e7\u00f5es de presentes criativos como pe\u00e7as em tric\u00f4, artes em madeira e vidro, esculturas,\u2026","rel":"","context":"In &quot;Not\u00edcias de Ribeir\u00e3o Preto-SP e Regi\u00e3o&quot;","block_context":{"text":"Not\u00edcias de Ribeir\u00e3o Preto-SP e Regi\u00e3o","link":"https:\/\/noticiasribeiraopreto.com.br\/index.php\/category\/noticias-de-ribeirao-preto-sp-e-regiao-ismael-colosi\/"},"img":{"alt_text":"","src":"https:\/\/i0.wp.com\/noticiasribeiraopreto.com.br\/wp-content\/uploads\/2024\/05\/Copia-de-Copia-de-TAMANHO-EXATO-PARA-FOTOS-NO-SISTEMA-NOVO-37_2024-05-04_00-04-15_jpg_2024-05-04_00-04-15.webp.webp?fit=1200%2C675&ssl=1&resize=350%2C200","width":350,"height":200,"srcset":"https:\/\/i0.wp.com\/noticiasribeiraopreto.com.br\/wp-content\/uploads\/2024\/05\/Copia-de-Copia-de-TAMANHO-EXATO-PARA-FOTOS-NO-SISTEMA-NOVO-37_2024-05-04_00-04-15_jpg_2024-05-04_00-04-15.webp.webp?fit=1200%2C675&ssl=1&resize=350%2C200 1x, https:\/\/i0.wp.com\/noticiasribeiraopreto.com.br\/wp-content\/uploads\/2024\/05\/Copia-de-Copia-de-TAMANHO-EXATO-PARA-FOTOS-NO-SISTEMA-NOVO-37_2024-05-04_00-04-15_jpg_2024-05-04_00-04-15.webp.webp?fit=1200%2C675&ssl=1&resize=525%2C300 1.5x, https:\/\/i0.wp.com\/noticiasribeiraopreto.com.br\/wp-content\/uploads\/2024\/05\/Copia-de-Copia-de-TAMANHO-EXATO-PARA-FOTOS-NO-SISTEMA-NOVO-37_2024-05-04_00-04-15_jpg_2024-05-04_00-04-15.webp.webp?fit=1200%2C675&ssl=1&resize=700%2C400 2x, https:\/\/i0.wp.com\/noticiasribeiraopreto.com.br\/wp-content\/uploads\/2024\/05\/Copia-de-Copia-de-TAMANHO-EXATO-PARA-FOTOS-NO-SISTEMA-NOVO-37_2024-05-04_00-04-15_jpg_2024-05-04_00-04-15.webp.webp?fit=1200%2C675&ssl=1&resize=1050%2C600 3x"},"classes":[]}],"jetpack_sharing_enabled":true,"jetpack_shortlink":"https:\/\/wp.me\/peQAOb-i6k","_links":{"self":[{"href":"https:\/\/noticiasribeiraopreto.com.br\/index.php\/wp-json\/wp\/v2\/posts\/69584","targetHints":{"allow":["GET"]}}],"collection":[{"href":"https:\/\/noticiasribeiraopreto.com.br\/index.php\/wp-json\/wp\/v2\/posts"}],"about":[{"href":"https:\/\/noticiasribeiraopreto.com.br\/index.php\/wp-json\/wp\/v2\/types\/post"}],"author":[{"embeddable":true,"href":"https:\/\/noticiasribeiraopreto.com.br\/index.php\/wp-json\/wp\/v2\/users\/1"}],"replies":[{"embeddable":true,"href":"https:\/\/noticiasribeiraopreto.com.br\/index.php\/wp-json\/wp\/v2\/comments?post=69584"}],"version-history":[{"count":0,"href":"https:\/\/noticiasribeiraopreto.com.br\/index.php\/wp-json\/wp\/v2\/posts\/69584\/revisions"}],"wp:featuredmedia":[{"embeddable":true,"href":"https:\/\/noticiasribeiraopreto.com.br\/index.php\/wp-json\/wp\/v2\/media\/69585"}],"wp:attachment":[{"href":"https:\/\/noticiasribeiraopreto.com.br\/index.php\/wp-json\/wp\/v2\/media?parent=69584"}],"wp:term":[{"taxonomy":"category","embeddable":true,"href":"https:\/\/noticiasribeiraopreto.com.br\/index.php\/wp-json\/wp\/v2\/categories?post=69584"},{"taxonomy":"post_tag","embeddable":true,"href":"https:\/\/noticiasribeiraopreto.com.br\/index.php\/wp-json\/wp\/v2\/tags?post=69584"}],"curies":[{"name":"wp","href":"https:\/\/api.w.org\/{rel}","templated":true}]}}