{"id":69586,"date":"2025-05-07T11:16:48","date_gmt":"2025-05-07T14:16:48","guid":{"rendered":"https:\/\/noticiasribeiraopreto.com.br\/index.php\/2025\/05\/07\/caso-larissa-sogra-tem-alta-de-hospital-apos-passar-mal-ao-ser-presa-em-ribeirao-preto\/"},"modified":"2025-05-07T11:16:48","modified_gmt":"2025-05-07T14:16:48","slug":"caso-larissa-sogra-tem-alta-de-hospital-apos-passar-mal-ao-ser-presa-em-ribeirao-preto","status":"publish","type":"post","link":"https:\/\/noticiasribeiraopreto.com.br\/index.php\/2025\/05\/07\/caso-larissa-sogra-tem-alta-de-hospital-apos-passar-mal-ao-ser-presa-em-ribeirao-preto\/","title":{"rendered":"Caso Larissa: Sogra tem alta de hospital ap\u00f3s passar mal ao ser presa em Ribeir\u00e3o Preto"},"content":{"rendered":"<p> <br \/>\n<\/p>\n<div data-td-block-uid=\"tdi_95\">\n<div class=\"tdb-block-inner td-fix-index\">\n<p><strong>A sogra da professora encontrada morta em um apartamento na zona Sul de Ribeir\u00e3o Preto deixou o hospital, ap\u00f3s receber alta na madrugada desta quarta-feira (7), em Ribeir\u00e3o Preto.<\/strong> <strong>Elizabete Arraba\u00e7a Garnica<\/strong> havia <strong>passado mal <\/strong>ao ser presa pela Pol\u00edcia Civil nesta <strong>ter\u00e7a-feira (6)<\/strong>, suspeita de envolvimento na <strong>morte <\/strong>por <strong>envenenamento <\/strong>de <strong>Larissa Talle Le\u00f4ncio Rodrigues<\/strong>. <\/p>\n<p><mark style=\"background-color:#abb8c3\" class=\"has-inline-color has-black-color\">Elizabete foi presa temporariamente com o filho e marido da v\u00edtima, o m\u00e9dico Luiz Antonio Garnica, tamb\u00e9m suspeito.<\/mark> O <strong>filho <\/strong>foi encaminhado para a <strong>cadeia de Santa Rosa de Viterbo<\/strong>. J\u00e1 a <strong>m\u00e3e <\/strong>foi levada de volta para a <strong>Deic (Divis\u00e3o Especializada de Investiga\u00e7\u00f5es Criminais)<\/strong>, em Ribeir\u00e3o, de onde havia sa\u00eddo em uma maca ontem para o hospital. Ambos devem passar por <strong>audi\u00eancia de cust\u00f3dia<\/strong>.<\/p>\n<h2 class=\"wp-block-heading\"><strong>Chumbinho<\/strong><\/h2>\n<p>O delegado Fernando Bravo, respons\u00e1vel pelas investiga\u00e7\u00f5es na Delegacia de Homic\u00eddios, disse que a pris\u00e3o dos dois ocorreu ap\u00f3s a conclus\u00e3o do laudo toxicol\u00f3gico, que detectou a presen\u00e7a do veneno conhecido popularmente como chumbinho no corpo da v\u00edtima.<\/p>\n<p>Segundo o delegado, a \u00faltima pessoa a ter visto Larissa com vida foi a sogra. <\/p>\n<p>Ele tamb\u00e9m confirmou que uma testemunha ouviu Elizabete procurando por chumbinho para comprar aproximadamente 15 dias antes da morte.<\/p>\n<p>SAIBA MAIS<\/p>\n<p>Sogra estava procurando por chumbinho 15 dias antes da morte de professora, afirma delegado<\/p>\n<h3 class=\"wp-block-heading\"><strong>FIQUE ON<\/strong><\/h3>\n<p>Fique ligado em tudo que acontece em Ribeir\u00e3o Preto e regi\u00e3o. Siga os perfis do<strong>\u00a0acidade on\u00a0<\/strong>no\u00a0<a href=\"https:\/\/www.instagram.com\/acidadeonribeirao\">Instagram<\/a>\u00a0e no\u00a0<a href=\"https:\/\/www.facebook.com\/acidadeonribeirao\/\">Facebook<\/a>.<\/p>\n<p>Receba not\u00edcias do\u00a0<strong>acidade on\u00a0<\/strong>no WhatsApp.\u00a0<a href=\"https:\/\/chat.whatsapp.com\/BjKQZ9oJwlz8VVT50NuePq\">Para entrar no grupo, basta clicar aqui.<\/a><\/p>\n<p>Fa\u00e7a uma den\u00fancia ou sugira uma reportagem sobre Ribeir\u00e3o Preto e regi\u00e3o pelo WhatsApp: 16 99117 7802.<\/p>\n<p>VEJA TAMB\u00c9M<\/p>\n<p>Tempo em SP: vai esfriar neste final de semana de Dia das M\u00e3es?<\/p>\n<p><!-- CONTENT END 1 -->\n<\/div>\n<\/div>\n<p><script async src=\"\/\/www.instagram.com\/embed.js\"><\/script><br \/>\n<br \/><br \/>\n<br \/><a href=\"https:\/\/www.acidadeon.com\/ribeiraopreto\/cotidiano\/caso-larissa-sogra-tem-alta-de-hospital-apos-passar-mal-ao-ser-presa-em-ribeirao-preto\/\">Source link <\/a><\/p>\n","protected":false},"excerpt":{"rendered":"<p>A sogra da professora encontrada morta em um apartamento na zona Sul de Ribeir\u00e3o Preto deixou o hospital, ap\u00f3s receber alta na madrugada desta quarta-feira&#8230;<\/p>\n","protected":false},"author":1,"featured_media":69587,"comment_status":"open","ping_status":"open","sticky":false,"template":"","format":"standard","meta":{"advanced_seo_description":"","jetpack_seo_html_title":"","jetpack_seo_noindex":false,"jetpack_post_was_ever_published":false,"_jetpack_newsletter_access":"","_jetpack_dont_email_post_to_subs":false,"_jetpack_newsletter_tier_id":0,"_jetpack_memberships_contains_paywalled_content":false,"_jetpack_memberships_contains_paid_content":false,"footnotes":"","jetpack_publicize_message":"","jetpack_publicize_feature_enabled":true,"jetpack_social_post_already_shared":true,"jetpack_social_options":{"image_generator_settings":{"template":"highway","default_image_id":0,"font":"","enabled":false},"version":2}},"categories":[11],"tags":[],"class_list":["post-69586","post","type-post","status-publish","format-standard","has-post-thumbnail","hentry","category-noticias-de-ribeirao-preto-sp-e-regiao-ismael-colosi"],"jetpack_publicize_connections":[],"jetpack_featured_media_url":"https:\/\/i0.wp.com\/noticiasribeiraopreto.com.br\/wp-content\/uploads\/2025\/05\/WhatsApp-Image-2025-05-07-at-08.08.58_2025-05-07_11-09-16.webp.webp?fit=1200%2C675&ssl=1","jetpack-related-posts":[{"id":71261,"url":"https:\/\/noticiasribeiraopreto.com.br\/index.php\/2025\/06\/04\/caso-larissa-sogra-da-professora-diz-que-a-nora-tomou-remedio-com-chumbinho\/","url_meta":{"origin":69586,"position":0},"title":"Caso Larissa: sogra da professora diz que a nora tomou rem\u00e9dio com chumbinho","author":"noticiasribeiraopreto.com.br","date":"4 de June de 2025","format":false,"excerpt":"A sogra da professora Larissa Talle Le\u00f4ncio Rodrigues, Elizabete Arraba\u00e7a, disse que a nora tomou rem\u00e9dio com chumbinho. Larissa foi encontrada morta no \u00faltimo dia 22 de mar\u00e7o no apartamento em que morava com o marido, o m\u00e9dico Luiz Ant\u00f4nio Garnica, no Jardim Bot\u00e2nico, na zona Sul de Ribeir\u00e3o Preto.\u2026","rel":"","context":"In &quot;Not\u00edcias de Ribeir\u00e3o Preto-SP e Regi\u00e3o&quot;","block_context":{"text":"Not\u00edcias de Ribeir\u00e3o Preto-SP e Regi\u00e3o","link":"https:\/\/noticiasribeiraopreto.com.br\/index.php\/category\/noticias-de-ribeirao-preto-sp-e-regiao-ismael-colosi\/"},"img":{"alt_text":"","src":"https:\/\/i0.wp.com\/noticiasribeiraopreto.com.br\/wp-content\/uploads\/2025\/05\/Copia-de-Copia-de-Copia-de-TAMANHO-EXATO-PARA-FOTOS-NO-SISTEMA-NOVO-45_2025-05-06_21-21-57.webp.webp?fit=1200%2C675&ssl=1&resize=350%2C200","width":350,"height":200,"srcset":"https:\/\/i0.wp.com\/noticiasribeiraopreto.com.br\/wp-content\/uploads\/2025\/05\/Copia-de-Copia-de-Copia-de-TAMANHO-EXATO-PARA-FOTOS-NO-SISTEMA-NOVO-45_2025-05-06_21-21-57.webp.webp?fit=1200%2C675&ssl=1&resize=350%2C200 1x, https:\/\/i0.wp.com\/noticiasribeiraopreto.com.br\/wp-content\/uploads\/2025\/05\/Copia-de-Copia-de-Copia-de-TAMANHO-EXATO-PARA-FOTOS-NO-SISTEMA-NOVO-45_2025-05-06_21-21-57.webp.webp?fit=1200%2C675&ssl=1&resize=525%2C300 1.5x, https:\/\/i0.wp.com\/noticiasribeiraopreto.com.br\/wp-content\/uploads\/2025\/05\/Copia-de-Copia-de-Copia-de-TAMANHO-EXATO-PARA-FOTOS-NO-SISTEMA-NOVO-45_2025-05-06_21-21-57.webp.webp?fit=1200%2C675&ssl=1&resize=700%2C400 2x, https:\/\/i0.wp.com\/noticiasribeiraopreto.com.br\/wp-content\/uploads\/2025\/05\/Copia-de-Copia-de-Copia-de-TAMANHO-EXATO-PARA-FOTOS-NO-SISTEMA-NOVO-45_2025-05-06_21-21-57.webp.webp?fit=1200%2C675&ssl=1&resize=1050%2C600 3x"},"classes":[]},{"id":70729,"url":"https:\/\/noticiasribeiraopreto.com.br\/index.php\/2025\/05\/29\/gilmar-mendes-vai-decidir-se-sogra-de-larissa-seguira-presa-ou-ganhara-liberdade\/","url_meta":{"origin":69586,"position":1},"title":"Gilmar Mendes vai decidir se sogra de Larissa seguir\u00e1 presa ou ganhar\u00e1 liberdade","author":"noticiasribeiraopreto.com.br","date":"29 de May de 2025","format":false,"excerpt":"A defesa de Elizabete Arraba\u00e7a, m\u00e3e do m\u00e9dico Luiz Ant\u00f4nio Garnica, e sogra da professora Larissa Talle Le\u00f4ncio Rodrigues, entrou com pedido de liberdade no STF (Supremo Tribunal Federal). O habeas corpus deu entrada na \u00faltima quarta-feira (29) e ser\u00e1 analisado pelo ministro Gilmar Mendes. Segundo o advogado Bruno Corr\u00eaa,\u2026","rel":"","context":"In &quot;Not\u00edcias de Ribeir\u00e3o Preto-SP e Regi\u00e3o&quot;","block_context":{"text":"Not\u00edcias de Ribeir\u00e3o Preto-SP e Regi\u00e3o","link":"https:\/\/noticiasribeiraopreto.com.br\/index.php\/category\/noticias-de-ribeirao-preto-sp-e-regiao-ismael-colosi\/"},"img":{"alt_text":"","src":"https:\/\/i0.wp.com\/noticiasribeiraopreto.com.br\/wp-content\/uploads\/2025\/05\/gilmar-elizabete_2025-05-29_14-32-04.webp.webp?fit=1200%2C674&ssl=1&resize=350%2C200","width":350,"height":200,"srcset":"https:\/\/i0.wp.com\/noticiasribeiraopreto.com.br\/wp-content\/uploads\/2025\/05\/gilmar-elizabete_2025-05-29_14-32-04.webp.webp?fit=1200%2C674&ssl=1&resize=350%2C200 1x, https:\/\/i0.wp.com\/noticiasribeiraopreto.com.br\/wp-content\/uploads\/2025\/05\/gilmar-elizabete_2025-05-29_14-32-04.webp.webp?fit=1200%2C674&ssl=1&resize=525%2C300 1.5x, https:\/\/i0.wp.com\/noticiasribeiraopreto.com.br\/wp-content\/uploads\/2025\/05\/gilmar-elizabete_2025-05-29_14-32-04.webp.webp?fit=1200%2C674&ssl=1&resize=700%2C400 2x, https:\/\/i0.wp.com\/noticiasribeiraopreto.com.br\/wp-content\/uploads\/2025\/05\/gilmar-elizabete_2025-05-29_14-32-04.webp.webp?fit=1200%2C674&ssl=1&resize=1050%2C600 3x"},"classes":[]},{"id":71163,"url":"https:\/\/noticiasribeiraopreto.com.br\/index.php\/2025\/06\/03\/caso-larissa-sogra-da-professora-e-transferida-para-penitenciaria\/","url_meta":{"origin":69586,"position":2},"title":"Caso Larissa: Sogra da professora \u00e9 transferida para penitenci\u00e1ria","author":"noticiasribeiraopreto.com.br","date":"3 de June de 2025","format":false,"excerpt":"A sogra da professora Larissa Talle Le\u00f4ncio Rodrigues, Elizabete Arraba\u00e7a, foi transferida da cadeia de S\u00e3o Joaquim da Barra para Penitenci\u00e1ria Feminina de Mogi-Gua\u00e7u, nesta ter\u00e7a-feira (3). Elizabete \u00e9 suspeita de envolvimento na morte de Larissa, em Ribeir\u00e3o Preto, no \u00faltimo m\u00eas de mar\u00e7o. Al\u00e9m dela, tamb\u00e9m est\u00e1 preso o\u2026","rel":"","context":"In &quot;Not\u00edcias de Ribeir\u00e3o Preto-SP e Regi\u00e3o&quot;","block_context":{"text":"Not\u00edcias de Ribeir\u00e3o Preto-SP e Regi\u00e3o","link":"https:\/\/noticiasribeiraopreto.com.br\/index.php\/category\/noticias-de-ribeirao-preto-sp-e-regiao-ismael-colosi\/"},"img":{"alt_text":"","src":"https:\/\/i0.wp.com\/noticiasribeiraopreto.com.br\/wp-content\/uploads\/2025\/05\/elizabeth_2025-05-07_16-18-11.webp.webp?fit=1200%2C700&ssl=1&resize=350%2C200","width":350,"height":200,"srcset":"https:\/\/i0.wp.com\/noticiasribeiraopreto.com.br\/wp-content\/uploads\/2025\/05\/elizabeth_2025-05-07_16-18-11.webp.webp?fit=1200%2C700&ssl=1&resize=350%2C200 1x, https:\/\/i0.wp.com\/noticiasribeiraopreto.com.br\/wp-content\/uploads\/2025\/05\/elizabeth_2025-05-07_16-18-11.webp.webp?fit=1200%2C700&ssl=1&resize=525%2C300 1.5x, https:\/\/i0.wp.com\/noticiasribeiraopreto.com.br\/wp-content\/uploads\/2025\/05\/elizabeth_2025-05-07_16-18-11.webp.webp?fit=1200%2C700&ssl=1&resize=700%2C400 2x, https:\/\/i0.wp.com\/noticiasribeiraopreto.com.br\/wp-content\/uploads\/2025\/05\/elizabeth_2025-05-07_16-18-11.webp.webp?fit=1200%2C700&ssl=1&resize=1050%2C600 3x"},"classes":[]},{"id":69596,"url":"https:\/\/noticiasribeiraopreto.com.br\/index.php\/2025\/05\/07\/nao-tenho-culpa-de-nada-diz-sogra-da-professora-larissa-apos-prisao-em-ribeirao\/","url_meta":{"origin":69586,"position":3},"title":"\u2018N\u00e3o tenho culpa de nada\u2019, diz sogra da professora Larissa ap\u00f3s pris\u00e3o em Ribeir\u00e3o","author":"noticiasribeiraopreto.com.br","date":"7 de May de 2025","format":false,"excerpt":"Elizabete Arraba\u00e7a, sogra da professora Larissa Talle Le\u00f4ncio Rodrigues, morta no \u00faltimo m\u00eas de mar\u00e7o, em Ribeir\u00e3o Preto, se manifestou nesta quarta-feira (7) sobre a pris\u00e3o ocorrida ontem. Elizabete afirma que n\u00e3o tem culpa. \u201cN\u00e3o tenho culpa de nada, gente. Para com isso. \u00c9 pecado. Voc\u00eas est\u00e3o fazendo isso. \u00c9\u2026","rel":"","context":"In &quot;Not\u00edcias de Ribeir\u00e3o Preto-SP e Regi\u00e3o&quot;","block_context":{"text":"Not\u00edcias de Ribeir\u00e3o Preto-SP e Regi\u00e3o","link":"https:\/\/noticiasribeiraopreto.com.br\/index.php\/category\/noticias-de-ribeirao-preto-sp-e-regiao-ismael-colosi\/"},"img":{"alt_text":"","src":"https:\/\/i0.wp.com\/noticiasribeiraopreto.com.br\/wp-content\/uploads\/2025\/05\/elizabeth_2025-05-07_16-18-11.webp.webp?fit=1200%2C700&ssl=1&resize=350%2C200","width":350,"height":200,"srcset":"https:\/\/i0.wp.com\/noticiasribeiraopreto.com.br\/wp-content\/uploads\/2025\/05\/elizabeth_2025-05-07_16-18-11.webp.webp?fit=1200%2C700&ssl=1&resize=350%2C200 1x, https:\/\/i0.wp.com\/noticiasribeiraopreto.com.br\/wp-content\/uploads\/2025\/05\/elizabeth_2025-05-07_16-18-11.webp.webp?fit=1200%2C700&ssl=1&resize=525%2C300 1.5x, https:\/\/i0.wp.com\/noticiasribeiraopreto.com.br\/wp-content\/uploads\/2025\/05\/elizabeth_2025-05-07_16-18-11.webp.webp?fit=1200%2C700&ssl=1&resize=700%2C400 2x, https:\/\/i0.wp.com\/noticiasribeiraopreto.com.br\/wp-content\/uploads\/2025\/05\/elizabeth_2025-05-07_16-18-11.webp.webp?fit=1200%2C700&ssl=1&resize=1050%2C600 3x"},"classes":[]},{"id":76053,"url":"https:\/\/noticiasribeiraopreto.com.br\/index.php\/2025\/08\/21\/elizabete-passa-sua-primeira-noite-em-tremembe\/","url_meta":{"origin":69586,"position":4},"title":"Elizabete passa sua primeira noite em Trememb\u00e9","author":"noticiasribeiraopreto.com.br","date":"21 de August de 2025","format":false,"excerpt":"Por: Adalberto Luque Elizabete Eug\u00eanio Arraba\u00e7a, de 68 anos, acusada da morte de sua nora Larissa Talle Le\u00f4ncio Rodrigues e de sua filha Nathalia Garnica, passou sua primeira noite na Penitenci\u00e1ria Feminina de Trememb\u00e9. Ela foi transferida nesta quarta-feira (20) para sua quarta unidade prisional, desde que foi presa em\u2026","rel":"","context":"In &quot;Not\u00edcias de Ribeir\u00e3o Preto-SP e Regi\u00e3o&quot;","block_context":{"text":"Not\u00edcias de Ribeir\u00e3o Preto-SP e Regi\u00e3o","link":"https:\/\/noticiasribeiraopreto.com.br\/index.php\/category\/noticias-de-ribeirao-preto-sp-e-regiao-ismael-colosi\/"},"img":{"alt_text":"","src":"https:\/\/i0.wp.com\/noticiasribeiraopreto.com.br\/wp-content\/uploads\/2025\/08\/21-agi-2925-elizabetegarnica.jpg?fit=1170%2C780&ssl=1&resize=350%2C200","width":350,"height":200,"srcset":"https:\/\/i0.wp.com\/noticiasribeiraopreto.com.br\/wp-content\/uploads\/2025\/08\/21-agi-2925-elizabetegarnica.jpg?fit=1170%2C780&ssl=1&resize=350%2C200 1x, https:\/\/i0.wp.com\/noticiasribeiraopreto.com.br\/wp-content\/uploads\/2025\/08\/21-agi-2925-elizabetegarnica.jpg?fit=1170%2C780&ssl=1&resize=525%2C300 1.5x, https:\/\/i0.wp.com\/noticiasribeiraopreto.com.br\/wp-content\/uploads\/2025\/08\/21-agi-2925-elizabetegarnica.jpg?fit=1170%2C780&ssl=1&resize=700%2C400 2x, https:\/\/i0.wp.com\/noticiasribeiraopreto.com.br\/wp-content\/uploads\/2025\/08\/21-agi-2925-elizabetegarnica.jpg?fit=1170%2C780&ssl=1&resize=1050%2C600 3x"},"classes":[]},{"id":73398,"url":"https:\/\/noticiasribeiraopreto.com.br\/index.php\/2025\/07\/01\/ministerio-publico-denuncia-marido-e-sogra-por-morte-de-professora-em-ribeirao-preto\/","url_meta":{"origin":69586,"position":5},"title":"Minist\u00e9rio P\u00fablico denuncia marido e sogra por morte de professora em Ribeir\u00e3o Preto","author":"noticiasribeiraopreto.com.br","date":"1 de July de 2025","format":false,"excerpt":"O MP (Minist\u00e9rio P\u00fablico) denunciou \u00e0 Justi\u00e7a, nesta ter\u00e7a-feira (1\u00ba), o m\u00e9dico Luiz Ant\u00f4nio Garnica e sua m\u00e3e, Elizabete Arraba\u00e7a, pela morte da professora Larissa Rodrigues, envenenada em mar\u00e7o deste ano em Ribeir\u00e3o Preto. >>>FIQUE POR DENTRO:\u00a0Confira a cobertura completa sobre o caso Larissa O promotor Marcos T\u00falio Nicolino afirma\u2026","rel":"","context":"In &quot;Not\u00edcias de Ribeir\u00e3o Preto-SP e Regi\u00e3o&quot;","block_context":{"text":"Not\u00edcias de Ribeir\u00e3o Preto-SP e Regi\u00e3o","link":"https:\/\/noticiasribeiraopreto.com.br\/index.php\/category\/noticias-de-ribeirao-preto-sp-e-regiao-ismael-colosi\/"},"img":{"alt_text":"","src":"https:\/\/i0.wp.com\/noticiasribeiraopreto.com.br\/wp-content\/uploads\/2025\/07\/Copia-de-Copia-de-Copia-de-TAMANHO-EXATO-PARA-FOTOS-NO-SISTEMA-NOVO-2025-07-01T135245.697_2025-07-01_16-52-51.webp.webp?fit=1200%2C675&ssl=1&resize=350%2C200","width":350,"height":200,"srcset":"https:\/\/i0.wp.com\/noticiasribeiraopreto.com.br\/wp-content\/uploads\/2025\/07\/Copia-de-Copia-de-Copia-de-TAMANHO-EXATO-PARA-FOTOS-NO-SISTEMA-NOVO-2025-07-01T135245.697_2025-07-01_16-52-51.webp.webp?fit=1200%2C675&ssl=1&resize=350%2C200 1x, https:\/\/i0.wp.com\/noticiasribeiraopreto.com.br\/wp-content\/uploads\/2025\/07\/Copia-de-Copia-de-Copia-de-TAMANHO-EXATO-PARA-FOTOS-NO-SISTEMA-NOVO-2025-07-01T135245.697_2025-07-01_16-52-51.webp.webp?fit=1200%2C675&ssl=1&resize=525%2C300 1.5x, https:\/\/i0.wp.com\/noticiasribeiraopreto.com.br\/wp-content\/uploads\/2025\/07\/Copia-de-Copia-de-Copia-de-TAMANHO-EXATO-PARA-FOTOS-NO-SISTEMA-NOVO-2025-07-01T135245.697_2025-07-01_16-52-51.webp.webp?fit=1200%2C675&ssl=1&resize=700%2C400 2x, https:\/\/i0.wp.com\/noticiasribeiraopreto.com.br\/wp-content\/uploads\/2025\/07\/Copia-de-Copia-de-Copia-de-TAMANHO-EXATO-PARA-FOTOS-NO-SISTEMA-NOVO-2025-07-01T135245.697_2025-07-01_16-52-51.webp.webp?fit=1200%2C675&ssl=1&resize=1050%2C600 3x"},"classes":[]}],"jetpack_sharing_enabled":true,"jetpack_shortlink":"https:\/\/wp.me\/peQAOb-i6m","_links":{"self":[{"href":"https:\/\/noticiasribeiraopreto.com.br\/index.php\/wp-json\/wp\/v2\/posts\/69586","targetHints":{"allow":["GET"]}}],"collection":[{"href":"https:\/\/noticiasribeiraopreto.com.br\/index.php\/wp-json\/wp\/v2\/posts"}],"about":[{"href":"https:\/\/noticiasribeiraopreto.com.br\/index.php\/wp-json\/wp\/v2\/types\/post"}],"author":[{"embeddable":true,"href":"https:\/\/noticiasribeiraopreto.com.br\/index.php\/wp-json\/wp\/v2\/users\/1"}],"replies":[{"embeddable":true,"href":"https:\/\/noticiasribeiraopreto.com.br\/index.php\/wp-json\/wp\/v2\/comments?post=69586"}],"version-history":[{"count":0,"href":"https:\/\/noticiasribeiraopreto.com.br\/index.php\/wp-json\/wp\/v2\/posts\/69586\/revisions"}],"wp:featuredmedia":[{"embeddable":true,"href":"https:\/\/noticiasribeiraopreto.com.br\/index.php\/wp-json\/wp\/v2\/media\/69587"}],"wp:attachment":[{"href":"https:\/\/noticiasribeiraopreto.com.br\/index.php\/wp-json\/wp\/v2\/media?parent=69586"}],"wp:term":[{"taxonomy":"category","embeddable":true,"href":"https:\/\/noticiasribeiraopreto.com.br\/index.php\/wp-json\/wp\/v2\/categories?post=69586"},{"taxonomy":"post_tag","embeddable":true,"href":"https:\/\/noticiasribeiraopreto.com.br\/index.php\/wp-json\/wp\/v2\/tags?post=69586"}],"curies":[{"name":"wp","href":"https:\/\/api.w.org\/{rel}","templated":true}]}}