{"id":69590,"date":"2025-05-07T12:01:08","date_gmt":"2025-05-07T15:01:08","guid":{"rendered":"https:\/\/noticiasribeiraopreto.com.br\/index.php\/2025\/05\/07\/gol-dobra-oferta-de-voos-para-sp\/"},"modified":"2025-05-07T12:01:08","modified_gmt":"2025-05-07T15:01:08","slug":"gol-dobra-oferta-de-voos-para-sp","status":"publish","type":"post","link":"https:\/\/noticiasribeiraopreto.com.br\/index.php\/2025\/05\/07\/gol-dobra-oferta-de-voos-para-sp\/","title":{"rendered":"Gol dobra oferta de voos para SP \u00a0"},"content":{"rendered":"<div class='code-block code-block-1' style='margin: 8px 0 8px auto; text-align: right; display: block; clear: both;'>\n<p><a href=\"https:\/\/wa.link\/vpicfd\"><img data-recalc-dims=\"1\" class=\"wp-image-4922\" style=\"aspect-ratio: 2.0253164556962027; width: 561px; height: auto;\" src=\"https:\/\/i0.wp.com\/ismaelcolosi.com.br\/wp-content\/uploads\/2023\/11\/grupo-de-empregos-whatsapp-e-facebook-ismael-colosi-vagas.jpg?ssl=1\" alt=\"\" \/><\/a><\/p>\n<!-- \/wp:image -->\n<\/div>\n<p> <br \/>\n<\/p>\n<div id=\"\">\n<p>\n\t\t\t\t\t\t\t\t\t<span class=\"entry-meta-item penci-posted-on\"><i class=\"fa fa-clock-o\"\/><time class=\"entry-date published\" datetime=\"2025-05-07T12:00:50-03:00\">7 de maio de 2025 12:00<\/time><time class=\"updated\" datetime=\"2025-05-07T11:37:53-03:00\">7 de maio de 2025 11:37<\/time><\/span><span class=\"entry-meta-item penci-post-countview\"><span class=\"entry-meta-item penci-post-countview penci_post-meta_item\"><i class=\"fa fa-eye\"\/><span class=\"penci-post-countview-number penci-post-countview-p425008\">6<\/span><\/span><\/span>\t\t\t\t\t\t\t\t<\/p>\n<p><!-- .entry-meta --><br \/>\n\t\t\t\t\t\t\t\t<span class=\"penci-social-buttons penci-social-share-footer\"><span class=\"penci-social-share-text\">Compartilhar<\/span><a href=\"#\" class=\"penci-post-like penci_post-meta_item  single-like-button penci-social-item like\" data-post_id=\"425008\" title=\"Like\" data-like=\"Like\" data-unlike=\"Unlike\"><i class=\"fa fa-thumbs-o-up\"\/><span class=\"penci-share-number\">0<\/span><\/a><i class=\"fa fa-facebook\"\/><a class=\"penci-social-item twitter\" target=\"_blank\" rel=\"noopener\" title=\"\" href=\"https:\/\/twitter.com\/intent\/tweet?text=Gol%20dobra%20oferta%20de%20voos%20para%20SP%20\u00a0%20-%20https:\/\/www.tribunaribeirao.com.br\/gol-dobra-oferta-de-voos-para-sp\/\"><i class=\"fa fa-twitter\"\/><\/a><i class=\"fa fa-linkedin\"\/><i class=\"fa fa-whatsapp\"\/><i class=\"fa fa-telegram\"\/><i class=\"fa fa-envelope\"\/><\/span>\t\t\t\t\t\t\t<\/div>\n<div>\n<p><span data-contrast=\"auto\">A Gol Linhas A\u00e9reas ampliou a oferta de voos entre a capital paulista e Ribeir\u00e3o Preto, uma das mais pujantes cidades do interior de S\u00e3o Paulo, no nordeste paulista. Desde 30 de mar\u00e7o, seis novas frequ\u00eancias foram acrescentadas \u00e0 rota Congonhas-Leite Lopes, totalizando doze sa\u00eddas semanais em cada sentido.<\/span><\/p>\n<p><span data-contrast=\"auto\">Desde maio de 2023, a Gol mant\u00e9m opera\u00e7\u00f5es di\u00e1rias entre o aeroporto central de S\u00e3o Paulo e o Estadual Doutor Leite Lopes. Com a expans\u00e3o das frequ\u00eancias, houve tamb\u00e9m ajustes nos hor\u00e1rios de partidas e chegadas. Os clientes da rota Congonhas-Ribeir\u00e3o Preto passaram a ter \u00e0 disposi\u00e7\u00e3o dois hor\u00e1rios de voos.<\/span><\/p>\n<p><span data-contrast=\"auto\">Um de manh\u00e3 e outro no per\u00edodo da tarde, a partir das duas cidades, favorecendo os passageiros que viajam tanto a neg\u00f3cios quanto a lazer. No per\u00edodo da manh\u00e3, o voo deixa Congonhas \u00e0s 8h05, pousando em Ribeir\u00e3o Preto \u00e0s 9h20. <\/span><\/p>\n<p><span data-contrast=\"auto\">J\u00e1 no per\u00edodo da tarde, a sa\u00edda da capital paulista se d\u00e1 \u00e0s 16h55, e a aterrissagem no interior paulista, \u00e0s 18 horas. No sentido contr\u00e1rio (RAO-CGH), os voos partem de Ribeir\u00e3o Preto \u00e0s dez horas e 18h40, com pouso em S\u00e3o Paulo \u00e0s 11h05, 19h40 e 19h55. Aos domingos h\u00e1 pequenos ajustes nos hor\u00e1rios.<\/span><\/p>\n<p><span data-contrast=\"auto\">\u201cO fortalecimento da malha a\u00e9rea regional \u00e9 um foco da GOL, e Ribeir\u00e3o Preto, maior cidade de uma regi\u00e3o economicamente pulsante, apresenta demanda ascendente. Ao dobrarmos a oferta de voos em Ribeir\u00e3o Preto, estamos oferecendo aos nossos clientes mais op\u00e7\u00f5es de hor\u00e1rios para suas viagens, al\u00e9m de novas possibilidades de conex\u00f5es r\u00e1pidas com o restante do Pa\u00eds a partir do aeroporto central paulistano\u201d, afirma Bruno Balan, gerente executivo de Malha A\u00e9rea da Gol.<\/span><\/p>\n<p><span data-contrast=\"auto\">Ao chegar em S\u00e3o Paulo, os clientes de Ribeir\u00e3o Preto e regi\u00e3o conseguem se conectar com diversos destinos da malha da Gol, como Rio de Janeiro (RJ), Bras\u00edlia (DF), Belo Horizonte (MG), Florian\u00f3polis (SC), Porto Alegre (RS), Curitiba (PR), Salvador (BA), entre outros. <\/span><\/p>\n<p><span data-contrast=\"auto\">Os voos da GOL entre S\u00e3o Paulo e Ribeir\u00e3o Preto s\u00e3o operados com as modernas aeronaves Boeing 737, com capacidade para 186 passageiros. As passagens j\u00e1 est\u00e3o dispon\u00edveis nos canais de vendas da companhia (<\/span><a href=\"https:\/\/www.voegol.com.br\/\"><span data-contrast=\"none\">https:\/\/www.voegol.com.br<\/span><\/a><span data-contrast=\"auto\">) e da Smiles.<\/span><\/p>\n<p><span data-ccp-props=\"{}\">\u00a0<\/span><\/p>\n<p><span data-ccp-props=\"{}\">\u00a0<\/span><\/p>\n<p><span data-contrast=\"auto\">.\u00a0<\/span><span data-ccp-props=\"{}\">\u00a0<\/span><\/p>\n<\/div>\n<p><script async src=\"\/\/platform.twitter.com\/widgets.js\" charset=\"utf-8\"><\/script><br \/>\n<br \/><br \/>\n<br \/><a href=\"https:\/\/www.tribunaribeirao.com.br\/gol-dobra-oferta-de-voos-para-sp\/\">Source link <\/a><\/p>\n<!-- CONTENT END 1 -->\n","protected":false},"excerpt":{"rendered":"<p>7 de maio de 2025 12:007 de maio de 2025 11:376 Compartilhar0 A Gol Linhas A\u00e9reas ampliou a oferta de voos entre a capital paulista&#8230;<\/p>\n","protected":false},"author":1,"featured_media":69591,"comment_status":"open","ping_status":"open","sticky":false,"template":"","format":"standard","meta":{"advanced_seo_description":"","jetpack_seo_html_title":"","jetpack_seo_noindex":false,"jetpack_post_was_ever_published":false,"_jetpack_newsletter_access":"","_jetpack_dont_email_post_to_subs":false,"_jetpack_newsletter_tier_id":0,"_jetpack_memberships_contains_paywalled_content":false,"_jetpack_memberships_contains_paid_content":false,"footnotes":"","jetpack_publicize_message":"","jetpack_publicize_feature_enabled":true,"jetpack_social_post_already_shared":true,"jetpack_social_options":{"image_generator_settings":{"template":"highway","default_image_id":0,"font":"","enabled":false},"version":2}},"categories":[11],"tags":[],"class_list":["post-69590","post","type-post","status-publish","format-standard","has-post-thumbnail","hentry","category-noticias-de-ribeirao-preto-sp-e-regiao-ismael-colosi"],"jetpack_publicize_connections":[],"jetpack_featured_media_url":"https:\/\/i0.wp.com\/noticiasribeiraopreto.com.br\/wp-content\/uploads\/2025\/05\/Gol-Marcelo-Camargo-Ag.Br_.jpg?fit=1161%2C702&ssl=1","jetpack-related-posts":[{"id":68932,"url":"https:\/\/noticiasribeiraopreto.com.br\/index.php\/2025\/04\/30\/frente-fria-e-queda-da-temperatura-em-maio-veja-previsao-para-o-mes-no-estado-de-sp\/","url_meta":{"origin":69590,"position":0},"title":"Frente fria e queda da temperatura em maio? Veja previs\u00e3o para o m\u00eas no estado de SP","author":"noticiasribeiraopreto.com.br","date":"30 de April de 2025","format":false,"excerpt":"O m\u00eas de maio come\u00e7a nesta quinta-feira (1), feriado do Dia do Trabalho, e a meteorologia divulgou a previs\u00e3o clim\u00e1tica para o per\u00edodo. A Climatempo diz que em maio de 2025 n\u00e3o haver\u00e1 a influ\u00eancia de fen\u00f4menos como El Ni\u00f1o e La Ni\u00f1a, pois ser\u00e1 de neutralidade t\u00e9rmica no Oceano\u2026","rel":"","context":"In &quot;Not\u00edcias de Ribeir\u00e3o Preto-SP e Regi\u00e3o&quot;","block_context":{"text":"Not\u00edcias de Ribeir\u00e3o Preto-SP e Regi\u00e3o","link":"https:\/\/noticiasribeiraopreto.com.br\/index.php\/category\/noticias-de-ribeirao-preto-sp-e-regiao-ismael-colosi\/"},"img":{"alt_text":"","src":"https:\/\/i0.wp.com\/noticiasribeiraopreto.com.br\/wp-content\/uploads\/2025\/04\/ceu_nublado_e_tempo_frio_em_campinas_cxdigo_19_166036-scaled.jpg?fit=1200%2C800&ssl=1&resize=350%2C200","width":350,"height":200,"srcset":"https:\/\/i0.wp.com\/noticiasribeiraopreto.com.br\/wp-content\/uploads\/2025\/04\/ceu_nublado_e_tempo_frio_em_campinas_cxdigo_19_166036-scaled.jpg?fit=1200%2C800&ssl=1&resize=350%2C200 1x, https:\/\/i0.wp.com\/noticiasribeiraopreto.com.br\/wp-content\/uploads\/2025\/04\/ceu_nublado_e_tempo_frio_em_campinas_cxdigo_19_166036-scaled.jpg?fit=1200%2C800&ssl=1&resize=525%2C300 1.5x, https:\/\/i0.wp.com\/noticiasribeiraopreto.com.br\/wp-content\/uploads\/2025\/04\/ceu_nublado_e_tempo_frio_em_campinas_cxdigo_19_166036-scaled.jpg?fit=1200%2C800&ssl=1&resize=700%2C400 2x, https:\/\/i0.wp.com\/noticiasribeiraopreto.com.br\/wp-content\/uploads\/2025\/04\/ceu_nublado_e_tempo_frio_em_campinas_cxdigo_19_166036-scaled.jpg?fit=1200%2C800&ssl=1&resize=1050%2C600 3x"},"classes":[]},{"id":85331,"url":"https:\/\/noticiasribeiraopreto.com.br\/index.php\/2026\/04\/29\/mostra-internacional-do-cinema-negro-chega-ao-sesi-campinas-com-filmes-gratuitos-em-maio\/","url_meta":{"origin":69590,"position":1},"title":"Mostra Internacional do Cinema Negro chega ao SESI Campinas com filmes gratuitos em maio &#8211; THMais","author":"noticiasribeiraopreto.com.br","date":"29 de April de 2026","format":false,"excerpt":"A 21\u00aa edi\u00e7\u00e3o da Mostra Internacional do Cinema Negro (MICINE) vai acontecer de 5 a 30 de maio em diversas unidades do SESI-SP pelo estado. Em Campinas, a programa\u00e7\u00e3o \u00e9 gratuita e acontece sempre \u00e0s quartas-feiras, \u00e0s 20h.A mostra \u00e9 reconhecida por valorizar a cultura negra e ampliar o acesso\u2026","rel":"","context":"In &quot;Not\u00edcias de Ribeir\u00e3o Preto-SP e Regi\u00e3o&quot;","block_context":{"text":"Not\u00edcias de Ribeir\u00e3o Preto-SP e Regi\u00e3o","link":"https:\/\/noticiasribeiraopreto.com.br\/index.php\/category\/noticias-de-ribeirao-preto-sp-e-regiao-ismael-colosi\/"},"img":{"alt_text":"","src":"https:\/\/i0.wp.com\/noticiasribeiraopreto.com.br\/wp-content\/uploads\/2026\/04\/cine.png?fit=1200%2C700&ssl=1&resize=350%2C200","width":350,"height":200,"srcset":"https:\/\/i0.wp.com\/noticiasribeiraopreto.com.br\/wp-content\/uploads\/2026\/04\/cine.png?fit=1200%2C700&ssl=1&resize=350%2C200 1x, https:\/\/i0.wp.com\/noticiasribeiraopreto.com.br\/wp-content\/uploads\/2026\/04\/cine.png?fit=1200%2C700&ssl=1&resize=525%2C300 1.5x, https:\/\/i0.wp.com\/noticiasribeiraopreto.com.br\/wp-content\/uploads\/2026\/04\/cine.png?fit=1200%2C700&ssl=1&resize=700%2C400 2x, https:\/\/i0.wp.com\/noticiasribeiraopreto.com.br\/wp-content\/uploads\/2026\/04\/cine.png?fit=1200%2C700&ssl=1&resize=1050%2C600 3x"},"classes":[]},{"id":49866,"url":"https:\/\/noticiasribeiraopreto.com.br\/index.php\/2024\/05\/13\/3o-missao-emprego-e-empreendedorismo-com-200-vagas-de-empregos-acontece-dias-14-e-15-de-maio\/","url_meta":{"origin":69590,"position":2},"title":"3\u00ba Miss\u00e3o Emprego e Empreendedorismo com 200 vagas de empregos acontece dias 14 e 15 de Maio","author":"noticiasribeiraopreto.com.br","date":"13 de May de 2024","format":false,"excerpt":"","rel":"","context":"In &quot;Vagas de Emprego em Ribeir\u00e3o Preto-SP&quot;","block_context":{"text":"Vagas de Emprego em Ribeir\u00e3o Preto-SP","link":"https:\/\/noticiasribeiraopreto.com.br\/index.php\/category\/empregos-classificados-vagas-trabalho\/vagas-de-empregos-em-ribeirao-preto-regiao-brasil\/"},"img":{"alt_text":"","src":"https:\/\/i0.wp.com\/noticiasribeiraopreto.com.br\/wp-content\/uploads\/2024\/05\/HIRING-AD-2-Feito-com-PosterMyWall.jpg?fit=1080%2C1080&ssl=1&resize=350%2C200","width":350,"height":200,"srcset":"https:\/\/i0.wp.com\/noticiasribeiraopreto.com.br\/wp-content\/uploads\/2024\/05\/HIRING-AD-2-Feito-com-PosterMyWall.jpg?fit=1080%2C1080&ssl=1&resize=350%2C200 1x, https:\/\/i0.wp.com\/noticiasribeiraopreto.com.br\/wp-content\/uploads\/2024\/05\/HIRING-AD-2-Feito-com-PosterMyWall.jpg?fit=1080%2C1080&ssl=1&resize=525%2C300 1.5x, https:\/\/i0.wp.com\/noticiasribeiraopreto.com.br\/wp-content\/uploads\/2024\/05\/HIRING-AD-2-Feito-com-PosterMyWall.jpg?fit=1080%2C1080&ssl=1&resize=700%2C400 2x, https:\/\/i0.wp.com\/noticiasribeiraopreto.com.br\/wp-content\/uploads\/2024\/05\/HIRING-AD-2-Feito-com-PosterMyWall.jpg?fit=1080%2C1080&ssl=1&resize=1050%2C600 3x"},"classes":[]},{"id":69004,"url":"https:\/\/noticiasribeiraopreto.com.br\/index.php\/2025\/05\/01\/saiba-como-fica-o-tempo-em-ribeirao-preto-neste-feriado-de-1o-de-maio\/","url_meta":{"origin":69590,"position":3},"title":"Saiba como fica o tempo em Ribeir\u00e3o Preto neste feriado de 1\u00ba de maio","author":"noticiasribeiraopreto.com.br","date":"1 de May de 2025","format":false,"excerpt":"O feriado de 1\u00ba de maio, comemorado nesta quinta-feira, come\u00e7ou gelado e com Sol em Ribeir\u00e3o Preto. De acordo com a Climatempo, a temperatura m\u00ednima registrada foi de 16\u00b0C. Os meteorologistas informam que a temperatura m\u00e1xima deve chegar aos 28\u00b0C. A previs\u00e3o do tempo aponta para dia de Sol, com\u2026","rel":"","context":"In &quot;Not\u00edcias de Ribeir\u00e3o Preto-SP e Regi\u00e3o&quot;","block_context":{"text":"Not\u00edcias de Ribeir\u00e3o Preto-SP e Regi\u00e3o","link":"https:\/\/noticiasribeiraopreto.com.br\/index.php\/category\/noticias-de-ribeirao-preto-sp-e-regiao-ismael-colosi\/"},"img":{"alt_text":"","src":"https:\/\/i0.wp.com\/noticiasribeiraopreto.com.br\/wp-content\/uploads\/2025\/05\/ceu-sol-ribeirao-preto_2025-05-01_10-48-25.webp.webp?fit=1200%2C900&ssl=1&resize=350%2C200","width":350,"height":200,"srcset":"https:\/\/i0.wp.com\/noticiasribeiraopreto.com.br\/wp-content\/uploads\/2025\/05\/ceu-sol-ribeirao-preto_2025-05-01_10-48-25.webp.webp?fit=1200%2C900&ssl=1&resize=350%2C200 1x, https:\/\/i0.wp.com\/noticiasribeiraopreto.com.br\/wp-content\/uploads\/2025\/05\/ceu-sol-ribeirao-preto_2025-05-01_10-48-25.webp.webp?fit=1200%2C900&ssl=1&resize=525%2C300 1.5x, https:\/\/i0.wp.com\/noticiasribeiraopreto.com.br\/wp-content\/uploads\/2025\/05\/ceu-sol-ribeirao-preto_2025-05-01_10-48-25.webp.webp?fit=1200%2C900&ssl=1&resize=700%2C400 2x, https:\/\/i0.wp.com\/noticiasribeiraopreto.com.br\/wp-content\/uploads\/2025\/05\/ceu-sol-ribeirao-preto_2025-05-01_10-48-25.webp.webp?fit=1200%2C900&ssl=1&resize=1050%2C600 3x"},"classes":[]},{"id":68837,"url":"https:\/\/noticiasribeiraopreto.com.br\/index.php\/2025\/04\/29\/pedagios-da-regiao-tem-reajuste-de-548-a-partir-de-1o-de-maio\/","url_meta":{"origin":69590,"position":4},"title":"Ped\u00e1gios da regi\u00e3o t\u00eam reajuste de 5,48% a partir de 1\u00ba de maio","author":"noticiasribeiraopreto.com.br","date":"29 de April de 2025","format":false,"excerpt":"29 de abril de 2025 15:1529 de abril de 2025 15:119 Compartilhar0 As tarifas de ped\u00e1gio das rodovias administradas pela Ecovias Noroeste Paulista ser\u00e3o reajustadas em 5,48% a partir da meia-noite desta quinta-feira (1\u00ba). O aumento segue o \u00cdndice de Pre\u00e7os ao Consumidor Amplo (IPCA) acumulado entre mar\u00e7o de 2024\u2026","rel":"","context":"In &quot;Not\u00edcias de Ribeir\u00e3o Preto-SP e Regi\u00e3o&quot;","block_context":{"text":"Not\u00edcias de Ribeir\u00e3o Preto-SP e Regi\u00e3o","link":"https:\/\/noticiasribeiraopreto.com.br\/index.php\/category\/noticias-de-ribeirao-preto-sp-e-regiao-ismael-colosi\/"},"img":{"alt_text":"","src":"https:\/\/i0.wp.com\/noticiasribeiraopreto.com.br\/wp-content\/uploads\/2025\/04\/pedagio.jpg?fit=700%2C438&ssl=1&resize=350%2C200","width":350,"height":200,"srcset":"https:\/\/i0.wp.com\/noticiasribeiraopreto.com.br\/wp-content\/uploads\/2025\/04\/pedagio.jpg?fit=700%2C438&ssl=1&resize=350%2C200 1x, https:\/\/i0.wp.com\/noticiasribeiraopreto.com.br\/wp-content\/uploads\/2025\/04\/pedagio.jpg?fit=700%2C438&ssl=1&resize=525%2C300 1.5x, https:\/\/i0.wp.com\/noticiasribeiraopreto.com.br\/wp-content\/uploads\/2025\/04\/pedagio.jpg?fit=700%2C438&ssl=1&resize=700%2C400 2x"},"classes":[]},{"id":48552,"url":"https:\/\/noticiasribeiraopreto.com.br\/index.php\/2024\/05\/03\/meteorologia-diz-que-onda-de-calor-no-interior-de-sp-pode-durar-todo-o-mes-de-maio-entenda\/","url_meta":{"origin":69590,"position":5},"title":"Meteorologia diz que onda de calor no interior de SP pode durar todo o m\u00eas de maio; Entenda","author":"noticiasribeiraopreto.com.br","date":"3 de May de 2024","format":false,"excerpt":"As altas temperaturas no Sudeste t\u00eam chamando a aten\u00e7\u00e3o, j\u00e1 que em estamos no outono e diversas regi\u00f5es do interior do estado de S\u00e3o Paulo, por exemplo, est\u00e3o registrando temperaturas entre 35\u00baC e 37\u00baC, caracterizando uma onda de calor. A previs\u00e3o do Instituto Nacional de Meteorologia (Inmet) \u00e9 de que\u2026","rel":"","context":"In &quot;Not\u00edcias de Ribeir\u00e3o Preto-SP e Regi\u00e3o&quot;","block_context":{"text":"Not\u00edcias de Ribeir\u00e3o Preto-SP e Regi\u00e3o","link":"https:\/\/noticiasribeiraopreto.com.br\/index.php\/category\/noticias-de-ribeirao-preto-sp-e-regiao-ismael-colosi\/"},"img":{"alt_text":"","src":"https:\/\/i0.wp.com\/noticiasribeiraopreto.com.br\/wp-content\/uploads\/2024\/05\/FriooucalorVejaaprevisodotempoparaRibeiroPreto_Tamanho_2_image.jpg?fit=1200%2C900&ssl=1&resize=350%2C200","width":350,"height":200,"srcset":"https:\/\/i0.wp.com\/noticiasribeiraopreto.com.br\/wp-content\/uploads\/2024\/05\/FriooucalorVejaaprevisodotempoparaRibeiroPreto_Tamanho_2_image.jpg?fit=1200%2C900&ssl=1&resize=350%2C200 1x, https:\/\/i0.wp.com\/noticiasribeiraopreto.com.br\/wp-content\/uploads\/2024\/05\/FriooucalorVejaaprevisodotempoparaRibeiroPreto_Tamanho_2_image.jpg?fit=1200%2C900&ssl=1&resize=525%2C300 1.5x, https:\/\/i0.wp.com\/noticiasribeiraopreto.com.br\/wp-content\/uploads\/2024\/05\/FriooucalorVejaaprevisodotempoparaRibeiroPreto_Tamanho_2_image.jpg?fit=1200%2C900&ssl=1&resize=700%2C400 2x, https:\/\/i0.wp.com\/noticiasribeiraopreto.com.br\/wp-content\/uploads\/2024\/05\/FriooucalorVejaaprevisodotempoparaRibeiroPreto_Tamanho_2_image.jpg?fit=1200%2C900&ssl=1&resize=1050%2C600 3x"},"classes":[]}],"jetpack_sharing_enabled":true,"jetpack_shortlink":"https:\/\/wp.me\/peQAOb-i6q","_links":{"self":[{"href":"https:\/\/noticiasribeiraopreto.com.br\/index.php\/wp-json\/wp\/v2\/posts\/69590","targetHints":{"allow":["GET"]}}],"collection":[{"href":"https:\/\/noticiasribeiraopreto.com.br\/index.php\/wp-json\/wp\/v2\/posts"}],"about":[{"href":"https:\/\/noticiasribeiraopreto.com.br\/index.php\/wp-json\/wp\/v2\/types\/post"}],"author":[{"embeddable":true,"href":"https:\/\/noticiasribeiraopreto.com.br\/index.php\/wp-json\/wp\/v2\/users\/1"}],"replies":[{"embeddable":true,"href":"https:\/\/noticiasribeiraopreto.com.br\/index.php\/wp-json\/wp\/v2\/comments?post=69590"}],"version-history":[{"count":0,"href":"https:\/\/noticiasribeiraopreto.com.br\/index.php\/wp-json\/wp\/v2\/posts\/69590\/revisions"}],"wp:featuredmedia":[{"embeddable":true,"href":"https:\/\/noticiasribeiraopreto.com.br\/index.php\/wp-json\/wp\/v2\/media\/69591"}],"wp:attachment":[{"href":"https:\/\/noticiasribeiraopreto.com.br\/index.php\/wp-json\/wp\/v2\/media?parent=69590"}],"wp:term":[{"taxonomy":"category","embeddable":true,"href":"https:\/\/noticiasribeiraopreto.com.br\/index.php\/wp-json\/wp\/v2\/categories?post=69590"},{"taxonomy":"post_tag","embeddable":true,"href":"https:\/\/noticiasribeiraopreto.com.br\/index.php\/wp-json\/wp\/v2\/tags?post=69590"}],"curies":[{"name":"wp","href":"https:\/\/api.w.org\/{rel}","templated":true}]}}