{"id":69594,"date":"2025-05-07T13:00:06","date_gmt":"2025-05-07T16:00:06","guid":{"rendered":"https:\/\/noticiasribeiraopreto.com.br\/index.php\/2025\/05\/07\/os-11-bairros-de-franca-apontados-como-mais-problematicos-e-com-maior-sensacao-de-inseguranca\/"},"modified":"2025-05-07T13:00:06","modified_gmt":"2025-05-07T16:00:06","slug":"os-11-bairros-de-franca-apontados-como-mais-problematicos-e-com-maior-sensacao-de-inseguranca","status":"publish","type":"post","link":"https:\/\/noticiasribeiraopreto.com.br\/index.php\/2025\/05\/07\/os-11-bairros-de-franca-apontados-como-mais-problematicos-e-com-maior-sensacao-de-inseguranca\/","title":{"rendered":"Os 11 bairros de Franca apontados como mais problem\u00e1ticos e com maior sensa\u00e7\u00e3o de inseguran\u00e7a"},"content":{"rendered":"<p> <br \/>\n<\/p>\n<div>\n<p>O F3 Not\u00edcias lan\u00e7ou uma enquete no canal Por Dentro da Not\u00edcia para ajudar a dar voz aos moradores de Franca sobre os medos e inseguran\u00e7as que est\u00e3o tendo na cidade. Al\u00e9m disso, as pessoas puderam indicar qual a lista de bairros que talvez apresentem mais problemas com a seguran\u00e7a p\u00fablica. Os leitores elaboraram um rela\u00e7\u00e3o com 11 bairros e tamb\u00e9m sugeriram que regi\u00f5es da rua Francisco Marques apresentam diferentes problemas.<\/p>\n<p>As situa\u00e7\u00f5es apontadas envolvem a presen\u00e7a de muitos usu\u00e1rios de drogas perambulando nas ruas, medo de assalto e furto, presen\u00e7a de moradores de rua que acaba causando sensa\u00e7\u00e3o de inseguran\u00e7a, falta de visualiza\u00e7\u00e3o por parte da popula\u00e7\u00e3o de policiamento ostensivo nas ruas, presen\u00e7a de motos e carros transitando em alta velocidade e realizando manobras perigosas, tr\u00e1fico de drogas.<\/p>\n<p>A lista dos bairros envolvem:<\/p>\n<ol>\n<li>Jardim Fl\u00f3rida e adjac\u00eancias;<\/li>\n<li>Jardim Concei\u00e7\u00e3o Leite;<\/li>\n<li>Aeroporto;<\/li>\n<li>Rua Francisco Marques;<\/li>\n<li>Residencial Zanetti;<\/li>\n<li>Quinta do Oeste;<\/li>\n<li>Centro;<\/li>\n<li>Paulistano 1;<\/li>\n<li>Aeroporto 2;<\/li>\n<li>Santa Terezinha;<\/li>\n<li>Jardim No\u00eamia;<\/li>\n<li>S\u00e3o Joaquim, principalmente na regi\u00e3o da rua Isabel Iliza de Lima<\/li>\n<\/ol>\n<p>A enquete pode ser <a href=\"https:\/\/www.instagram.com\/channel\/AbYQa0hzVBwVYLsM\/\" target=\"_blank\" rel=\"noopener\"><strong>consultada neste link<\/strong><\/a>.<\/p>\n<p>Entre final de abril e come\u00e7o de maio, a Pol\u00edcia Militar divulgou a realiza\u00e7\u00e3o de uma opera\u00e7\u00e3o chamada Fecha Quartel para tentar combater diferentes tipos de crimes e contraven\u00e7\u00f5es. Essa a\u00e7\u00e3o aconteceu nos bairros Progresso, Vila S\u00e3o Sebasti\u00e3o e Aeroporto II e contou com apoio da Vigil\u00e2ncia Sanit\u00e1ria e a Guarda Civil Municipal.<\/p>\n<p>Foram vistoriados mais de uma dezena de bares e adegas, verificada documenta\u00e7\u00e3o desses locais e a\u00e7\u00f5es no tr\u00e2nsito na proximidade dessas regi\u00f5es. A inten\u00e7\u00e3o da opera\u00e7\u00e3o foi combater o tr\u00e1fico de drogas, evitar infra\u00e7\u00f5es de tr\u00e2nsito e identificar poss\u00edveis casos de posse ilegal de arma de fogo. Nessa opera\u00e7\u00e3o, um homem foi detido com lan\u00e7a-perfume e quatro estabelecimentos comerciais foram interditados.<\/p>\n<p>Tamb\u00e9m houve uma atividade de fiscaliza\u00e7\u00e3o da Pol\u00edcia Civil, a partir da Dise de Franca (Delegacia de Investiga\u00e7\u00f5es sobre Entorpecentes) e a DIG de Franca (Delegacia de Investiga\u00e7\u00f5es Gerais), no come\u00e7o de maio, para combater o tr\u00e1fico de drogas. Investiga\u00e7\u00e3o foi voltada contra dois homens, ao menos um deles \u00e9 propriet\u00e1rio de adega, que fazia o transporte de droga para diferentes locais da cidade.<\/p>\n<p>\u00a0<\/p>\n<blockquote class=\"instagram-media\" style=\"background: #FFF; border: 0; border-radius: 3px; box-shadow: 0 0 1px 0 rgba(0,0,0,0.5),0 1px 10px 0 rgba(0,0,0,0.15); margin: 1px; max-width: 540px; min-width: 326px; padding: 0; width: calc(100% - 2px);\" data-instgrm-captioned=\"\" data-instgrm-permalink=\"https:\/\/www.instagram.com\/reel\/DJNWvhsSq0m\/?utm_source=ig_embed&amp;utm_campaign=loading\" data-instgrm-version=\"14\">\n<\/blockquote>\n<p>Leia tamb\u00e9m:<\/p>\n<p><a href=\"https:\/\/www.f3noticias.com.br\/dono-de-adega-em-franca-e-preso-em-operacao-da-policia-civil-no-leporace\/\" target=\"_blank\" rel=\"noopener\"><strong>https:\/\/www.f3noticias.com.br\/dono-de-adega-em-franca-e-preso-em-operacao-da-policia-civil-no-leporace\/<\/strong><\/a><\/p>\n<p><a href=\"https:\/\/www.f3noticias.com.br\/policia-vai-investigar-morte-de-mulher-de-38-anos-encontrada-morta-no-leporace\/\" target=\"_blank\" rel=\"noopener\"><strong>https:\/\/www.f3noticias.com.br\/policia-vai-investigar-morte-de-mulher-de-38-anos-encontrada-morta-no-leporace\/\u00a0<\/strong><\/a><\/p>\n<p><!-- CONTENT END 1 --><\/p><\/div>\n<p><script async src=\"\/\/www.instagram.com\/embed.js\"><\/script><br \/>\n<br \/><br \/>\n<br \/><a href=\"https:\/\/www.f3noticias.com.br\/os-11-bairros-de-franca-apontados-como-mais-problematicos-e-com-maior-sensacao-de-inseguranca\/\">Source link <\/a><\/p>\n","protected":false},"excerpt":{"rendered":"<p>O F3 Not\u00edcias lan\u00e7ou uma enquete no canal Por Dentro da Not\u00edcia para ajudar a dar voz aos moradores de Franca sobre os medos e&#8230;<\/p>\n","protected":false},"author":1,"featured_media":69595,"comment_status":"open","ping_status":"open","sticky":false,"template":"","format":"standard","meta":{"advanced_seo_description":"","jetpack_seo_html_title":"","jetpack_seo_noindex":false,"jetpack_post_was_ever_published":false,"_jetpack_newsletter_access":"","_jetpack_dont_email_post_to_subs":false,"_jetpack_newsletter_tier_id":0,"_jetpack_memberships_contains_paywalled_content":false,"_jetpack_memberships_contains_paid_content":false,"footnotes":"","jetpack_publicize_message":"","jetpack_publicize_feature_enabled":true,"jetpack_social_post_already_shared":true,"jetpack_social_options":{"image_generator_settings":{"template":"highway","default_image_id":0,"font":"","enabled":false},"version":2}},"categories":[3597],"tags":[],"class_list":["post-69594","post","type-post","status-publish","format-standard","has-post-thumbnail","hentry","category-noticias-franca-sp"],"jetpack_publicize_connections":[],"jetpack_featured_media_url":"https:\/\/i0.wp.com\/noticiasribeiraopreto.com.br\/wp-content\/uploads\/2025\/05\/Screenshot_20250507_110452_Instagram-1.jpg?fit=952%2C590&ssl=1","jetpack-related-posts":[{"id":64733,"url":"https:\/\/noticiasribeiraopreto.com.br\/index.php\/2025\/03\/11\/violencia-e-furtos-intensificam-inseguranca-nos-bairros-centrais-de-ribeirao-preto\/","url_meta":{"origin":69594,"position":0},"title":"Viol\u00eancia e furtos intensificam inseguran\u00e7a nos bairros centrais de Ribeir\u00e3o Preto","author":"noticiasribeiraopreto.com.br","date":"11 de March de 2025","format":false,"excerpt":"Nos bairros centrais de Ribeir\u00e3o Preto, como Centro, Campos El\u00edseos, Vila Tib\u00e9rio e Ipiranga, o aumento de invas\u00f5es a casas e furtos de fios tem deixado os moradores em alerta. A a\u00e7\u00e3o de pessoas em situa\u00e7\u00e3o de rua em busca de cobre para vender tem gerado in\u00fameros transtornos, especialmente no\u2026","rel":"","context":"In &quot;Not\u00edcias de Ribeir\u00e3o Preto-SP e Regi\u00e3o&quot;","block_context":{"text":"Not\u00edcias de Ribeir\u00e3o Preto-SP e Regi\u00e3o","link":"https:\/\/noticiasribeiraopreto.com.br\/index.php\/category\/noticias-de-ribeirao-preto-sp-e-regiao-ismael-colosi\/"},"img":{"alt_text":"","src":"https:\/\/i0.wp.com\/noticiasribeiraopreto.com.br\/wp-content\/uploads\/2025\/03\/morador_de_rua3101206060.webp.webp?fit=1170%2C700&ssl=1&resize=350%2C200","width":350,"height":200,"srcset":"https:\/\/i0.wp.com\/noticiasribeiraopreto.com.br\/wp-content\/uploads\/2025\/03\/morador_de_rua3101206060.webp.webp?fit=1170%2C700&ssl=1&resize=350%2C200 1x, https:\/\/i0.wp.com\/noticiasribeiraopreto.com.br\/wp-content\/uploads\/2025\/03\/morador_de_rua3101206060.webp.webp?fit=1170%2C700&ssl=1&resize=525%2C300 1.5x, https:\/\/i0.wp.com\/noticiasribeiraopreto.com.br\/wp-content\/uploads\/2025\/03\/morador_de_rua3101206060.webp.webp?fit=1170%2C700&ssl=1&resize=700%2C400 2x, https:\/\/i0.wp.com\/noticiasribeiraopreto.com.br\/wp-content\/uploads\/2025\/03\/morador_de_rua3101206060.webp.webp?fit=1170%2C700&ssl=1&resize=1050%2C600 3x"},"classes":[]},{"id":65162,"url":"https:\/\/noticiasribeiraopreto.com.br\/index.php\/2025\/03\/16\/veja-video-o-centro-de-franca-em-seu-tempo-aureo-e-como-hoje-ele-esta\/","url_meta":{"origin":69594,"position":1},"title":"Veja v\u00eddeo: O Centro de Franca em seu tempo \u00e1ureo e como hoje ele est\u00e1","author":"noticiasribeiraopreto.com.br","date":"16 de March de 2025","format":false,"excerpt":"Voc\u00ea j\u00e1 viu ou se lembra como foi o Centro de Franca?! Em v\u00eddeo digitalizado, veja a rua do Com\u00e9rcio em 1986, quando essa regi\u00e3o tinha uma import\u00e2ncia econ\u00f4mica e social. O v\u00eddeo que mostra essa realidade do passaso \u00e9 um trabalho profissional desenvolvido pela empresa francana Stock VHS, que\u2026","rel":"","context":"In &quot;Not\u00edcias de Franca-SP&quot;","block_context":{"text":"Not\u00edcias de Franca-SP","link":"https:\/\/noticiasribeiraopreto.com.br\/index.php\/category\/noticias-de-ribeirao-preto-sp-e-regiao-ismael-colosi\/noticias-franca-sp\/"},"img":{"alt_text":"","src":"https:\/\/i0.wp.com\/noticiasribeiraopreto.com.br\/wp-content\/uploads\/2025\/03\/Polish_20250316_181935448-scaled.jpg?fit=1200%2C900&ssl=1&resize=350%2C200","width":350,"height":200,"srcset":"https:\/\/i0.wp.com\/noticiasribeiraopreto.com.br\/wp-content\/uploads\/2025\/03\/Polish_20250316_181935448-scaled.jpg?fit=1200%2C900&ssl=1&resize=350%2C200 1x, https:\/\/i0.wp.com\/noticiasribeiraopreto.com.br\/wp-content\/uploads\/2025\/03\/Polish_20250316_181935448-scaled.jpg?fit=1200%2C900&ssl=1&resize=525%2C300 1.5x, https:\/\/i0.wp.com\/noticiasribeiraopreto.com.br\/wp-content\/uploads\/2025\/03\/Polish_20250316_181935448-scaled.jpg?fit=1200%2C900&ssl=1&resize=700%2C400 2x, https:\/\/i0.wp.com\/noticiasribeiraopreto.com.br\/wp-content\/uploads\/2025\/03\/Polish_20250316_181935448-scaled.jpg?fit=1200%2C900&ssl=1&resize=1050%2C600 3x"},"classes":[]},{"id":80693,"url":"https:\/\/noticiasribeiraopreto.com.br\/index.php\/2025\/12\/11\/acirp-aponta-problemas-de-infraestrutura-e-seguranca-e-propoe-requalificacao-da-caramuru-e-alvaro-de-lima\/","url_meta":{"origin":69594,"position":2},"title":"Acirp aponta problemas de infraestrutura e seguran\u00e7a e prop\u00f5e requalifica\u00e7\u00e3o da Caramuru e \u00c1lvaro de Lima","author":"noticiasribeiraopreto.com.br","date":"11 de December de 2025","format":false,"excerpt":"A Associa\u00e7\u00e3o Comercial e Industrial de Ribeir\u00e3o Preto (Acirp) encaminhou \u00e0 Prefeitura um conjunto de propostas voltadas \u00e0 revitaliza\u00e7\u00e3o das avenidas Caramuru e \u00c1lvaro de Lima. De acordo com a entidade, o documento foi elaborado a partir dos problemas identificados nas vias, como falhas de infraestrutura, sensa\u00e7\u00e3o de inseguran\u00e7a e\u2026","rel":"","context":"In &quot;Not\u00edcias de Ribeir\u00e3o Preto-SP e Regi\u00e3o&quot;","block_context":{"text":"Not\u00edcias de Ribeir\u00e3o Preto-SP e Regi\u00e3o","link":"https:\/\/noticiasribeiraopreto.com.br\/index.php\/category\/noticias-de-ribeirao-preto-sp-e-regiao-ismael-colosi\/"},"img":{"alt_text":"","src":"https:\/\/i0.wp.com\/noticiasribeiraopreto.com.br\/wp-content\/uploads\/2025\/12\/1280-x-659-header-Foto-Acirp-20-1_2025-12-10_19-37-32.webp.webp?fit=1200%2C618&ssl=1&resize=350%2C200","width":350,"height":200,"srcset":"https:\/\/i0.wp.com\/noticiasribeiraopreto.com.br\/wp-content\/uploads\/2025\/12\/1280-x-659-header-Foto-Acirp-20-1_2025-12-10_19-37-32.webp.webp?fit=1200%2C618&ssl=1&resize=350%2C200 1x, https:\/\/i0.wp.com\/noticiasribeiraopreto.com.br\/wp-content\/uploads\/2025\/12\/1280-x-659-header-Foto-Acirp-20-1_2025-12-10_19-37-32.webp.webp?fit=1200%2C618&ssl=1&resize=525%2C300 1.5x, https:\/\/i0.wp.com\/noticiasribeiraopreto.com.br\/wp-content\/uploads\/2025\/12\/1280-x-659-header-Foto-Acirp-20-1_2025-12-10_19-37-32.webp.webp?fit=1200%2C618&ssl=1&resize=700%2C400 2x, https:\/\/i0.wp.com\/noticiasribeiraopreto.com.br\/wp-content\/uploads\/2025\/12\/1280-x-659-header-Foto-Acirp-20-1_2025-12-10_19-37-32.webp.webp?fit=1200%2C618&ssl=1&resize=1050%2C600 3x"},"classes":[]},{"id":72977,"url":"https:\/\/noticiasribeiraopreto.com.br\/index.php\/2025\/06\/23\/jornal-da-franca-apos-tempestade-de-areia-clima-vira-em-franca-com-sensacao-de-frio-e-chuva-leve\/","url_meta":{"origin":69594,"position":3},"title":"Jornal da Franca &#8211; Ap\u00f3s &#8220;tempestade de areia&#8221;, clima vira em Franca, com sensa\u00e7\u00e3o de frio e chuva leve","author":"noticiasribeiraopreto.com.br","date":"23 de June de 2025","format":false,"excerpt":"compartilhar no whatsapp compartilhar no telegram compartilhar no facebook compartilhar no linkedin Francanos, que n\u00e3o viam chuva havia dias, ficaram aliviados com garoa que caiu na cidade A tarde desta segunda-feira (23) foi marcada por uma reviravolta no clima em Franca. Ap\u00f3s a chegada repentina de uma grande nuvem de\u2026","rel":"","context":"In &quot;Not\u00edcias de Franca-SP&quot;","block_context":{"text":"Not\u00edcias de Franca-SP","link":"https:\/\/noticiasribeiraopreto.com.br\/index.php\/category\/noticias-de-ribeirao-preto-sp-e-regiao-ismael-colosi\/noticias-franca-sp\/"},"img":{"alt_text":"","src":"https:\/\/i0.wp.com\/noticiasribeiraopreto.com.br\/wp-content\/uploads\/2025\/06\/1750706632_frio-e-chuva.jpg?fit=1200%2C801&ssl=1&resize=350%2C200","width":350,"height":200,"srcset":"https:\/\/i0.wp.com\/noticiasribeiraopreto.com.br\/wp-content\/uploads\/2025\/06\/1750706632_frio-e-chuva.jpg?fit=1200%2C801&ssl=1&resize=350%2C200 1x, https:\/\/i0.wp.com\/noticiasribeiraopreto.com.br\/wp-content\/uploads\/2025\/06\/1750706632_frio-e-chuva.jpg?fit=1200%2C801&ssl=1&resize=525%2C300 1.5x, https:\/\/i0.wp.com\/noticiasribeiraopreto.com.br\/wp-content\/uploads\/2025\/06\/1750706632_frio-e-chuva.jpg?fit=1200%2C801&ssl=1&resize=700%2C400 2x, https:\/\/i0.wp.com\/noticiasribeiraopreto.com.br\/wp-content\/uploads\/2025\/06\/1750706632_frio-e-chuva.jpg?fit=1200%2C801&ssl=1&resize=1050%2C600 3x"},"classes":[]},{"id":68171,"url":"https:\/\/noticiasribeiraopreto.com.br\/index.php\/2025\/04\/23\/jornal-da-franca-transito-muda-no-recanto-capitao-heliodoro-por-obras-na-rede-de-esgoto\/","url_meta":{"origin":69594,"position":4},"title":"Jornal da Franca &#8211; Tr\u00e2nsito muda no Recanto Capit\u00e3o Heliodoro por obras na rede de esgoto","author":"noticiasribeiraopreto.com.br","date":"23 de April de 2025","format":false,"excerpt":"compartilhar no whatsapp compartilhar no telegram compartilhar no facebook compartilhar no linkedin Altera\u00e7\u00e3o tempor\u00e1ria visa garantir acesso e seguran\u00e7a a moradores da regi\u00e3o Norte Rua do bairro Recanto Capit\u00e3o Heliodoro passa a operar em m\u00e3o dupla a partir desta quarta, 23 \u00a0 Motoristas que trafegam pela regi\u00e3o Norte de Franca\u2026","rel":"","context":"In &quot;Not\u00edcias de Franca-SP&quot;","block_context":{"text":"Not\u00edcias de Franca-SP","link":"https:\/\/noticiasribeiraopreto.com.br\/index.php\/category\/noticias-de-ribeirao-preto-sp-e-regiao-ismael-colosi\/noticias-franca-sp\/"},"img":{"alt_text":"","src":"https:\/\/i0.wp.com\/noticiasribeiraopreto.com.br\/wp-content\/uploads\/2025\/04\/sinalizacao-Capitao-Heliodoro.jpeg?fit=1200%2C794&ssl=1&resize=350%2C200","width":350,"height":200,"srcset":"https:\/\/i0.wp.com\/noticiasribeiraopreto.com.br\/wp-content\/uploads\/2025\/04\/sinalizacao-Capitao-Heliodoro.jpeg?fit=1200%2C794&ssl=1&resize=350%2C200 1x, https:\/\/i0.wp.com\/noticiasribeiraopreto.com.br\/wp-content\/uploads\/2025\/04\/sinalizacao-Capitao-Heliodoro.jpeg?fit=1200%2C794&ssl=1&resize=525%2C300 1.5x, https:\/\/i0.wp.com\/noticiasribeiraopreto.com.br\/wp-content\/uploads\/2025\/04\/sinalizacao-Capitao-Heliodoro.jpeg?fit=1200%2C794&ssl=1&resize=700%2C400 2x, https:\/\/i0.wp.com\/noticiasribeiraopreto.com.br\/wp-content\/uploads\/2025\/04\/sinalizacao-Capitao-Heliodoro.jpeg?fit=1200%2C794&ssl=1&resize=1050%2C600 3x"},"classes":[]},{"id":70128,"url":"https:\/\/noticiasribeiraopreto.com.br\/index.php\/2025\/05\/22\/balanco-de-4-meses-da-prefeitura-de-franca-mostra-gasto-de-28-com-pessoal-e-menos-1-para-investimento\/","url_meta":{"origin":69594,"position":5},"title":"Balan\u00e7o de 4 meses da Prefeitura de Franca mostra gasto de 28% com pessoal e menos 1% para investimento","author":"noticiasribeiraopreto.com.br","date":"22 de May de 2025","format":false,"excerpt":"A administra\u00e7\u00e3o do prefeito Alexandre Ferreira (MDB) gastou entre janeiro e abril de 2025 o total de R$ 129.208.557,57 com pessoal e encargos sociais, enquanto destinou R$ 1.055.937,79 para realizar investimentos em Franca. Esses dados foram apresentados no demonstrativo da despesa do m\u00eas de abril de 2025, divulgado no Di\u00e1rio\u2026","rel":"","context":"In &quot;Not\u00edcias de Franca-SP&quot;","block_context":{"text":"Not\u00edcias de Franca-SP","link":"https:\/\/noticiasribeiraopreto.com.br\/index.php\/category\/noticias-de-ribeirao-preto-sp-e-regiao-ismael-colosi\/noticias-franca-sp\/"},"img":{"alt_text":"","src":"https:\/\/i0.wp.com\/noticiasribeiraopreto.com.br\/wp-content\/uploads\/2025\/05\/alexandre-ferreira.jpg?fit=600%2C400&ssl=1&resize=350%2C200","width":350,"height":200,"srcset":"https:\/\/i0.wp.com\/noticiasribeiraopreto.com.br\/wp-content\/uploads\/2025\/05\/alexandre-ferreira.jpg?fit=600%2C400&ssl=1&resize=350%2C200 1x, https:\/\/i0.wp.com\/noticiasribeiraopreto.com.br\/wp-content\/uploads\/2025\/05\/alexandre-ferreira.jpg?fit=600%2C400&ssl=1&resize=525%2C300 1.5x"},"classes":[]}],"jetpack_sharing_enabled":true,"jetpack_shortlink":"https:\/\/wp.me\/peQAOb-i6u","_links":{"self":[{"href":"https:\/\/noticiasribeiraopreto.com.br\/index.php\/wp-json\/wp\/v2\/posts\/69594","targetHints":{"allow":["GET"]}}],"collection":[{"href":"https:\/\/noticiasribeiraopreto.com.br\/index.php\/wp-json\/wp\/v2\/posts"}],"about":[{"href":"https:\/\/noticiasribeiraopreto.com.br\/index.php\/wp-json\/wp\/v2\/types\/post"}],"author":[{"embeddable":true,"href":"https:\/\/noticiasribeiraopreto.com.br\/index.php\/wp-json\/wp\/v2\/users\/1"}],"replies":[{"embeddable":true,"href":"https:\/\/noticiasribeiraopreto.com.br\/index.php\/wp-json\/wp\/v2\/comments?post=69594"}],"version-history":[{"count":0,"href":"https:\/\/noticiasribeiraopreto.com.br\/index.php\/wp-json\/wp\/v2\/posts\/69594\/revisions"}],"wp:featuredmedia":[{"embeddable":true,"href":"https:\/\/noticiasribeiraopreto.com.br\/index.php\/wp-json\/wp\/v2\/media\/69595"}],"wp:attachment":[{"href":"https:\/\/noticiasribeiraopreto.com.br\/index.php\/wp-json\/wp\/v2\/media?parent=69594"}],"wp:term":[{"taxonomy":"category","embeddable":true,"href":"https:\/\/noticiasribeiraopreto.com.br\/index.php\/wp-json\/wp\/v2\/categories?post=69594"},{"taxonomy":"post_tag","embeddable":true,"href":"https:\/\/noticiasribeiraopreto.com.br\/index.php\/wp-json\/wp\/v2\/tags?post=69594"}],"curies":[{"name":"wp","href":"https:\/\/api.w.org\/{rel}","templated":true}]}}