{"id":69596,"date":"2025-05-07T13:52:12","date_gmt":"2025-05-07T16:52:12","guid":{"rendered":"https:\/\/noticiasribeiraopreto.com.br\/index.php\/2025\/05\/07\/nao-tenho-culpa-de-nada-diz-sogra-da-professora-larissa-apos-prisao-em-ribeirao\/"},"modified":"2025-05-07T13:52:12","modified_gmt":"2025-05-07T16:52:12","slug":"nao-tenho-culpa-de-nada-diz-sogra-da-professora-larissa-apos-prisao-em-ribeirao","status":"publish","type":"post","link":"https:\/\/noticiasribeiraopreto.com.br\/index.php\/2025\/05\/07\/nao-tenho-culpa-de-nada-diz-sogra-da-professora-larissa-apos-prisao-em-ribeirao\/","title":{"rendered":"\u2018N\u00e3o tenho culpa de nada\u2019, diz sogra da professora Larissa ap\u00f3s pris\u00e3o em Ribeir\u00e3o"},"content":{"rendered":"<p> <br \/>\n<\/p>\n<div>\n<p><strong>Elizabete Arraba\u00e7a<\/strong>, sogra da professora <strong>Larissa Talle Le\u00f4ncio Rodrigues<\/strong>, morta no \u00faltimo m\u00eas de mar\u00e7o, em <strong>Ribeir\u00e3o Preto<\/strong>, se manifestou nesta quarta-feira (7) sobre a pris\u00e3o ocorrida ontem. Elizabete afirma que n\u00e3o tem culpa.<\/p>\n<p><mark style=\"background-color:#fcb900\" class=\"has-inline-color has-black-color\">\u201cN\u00e3o tenho culpa de nada, gente. Para com isso. \u00c9 pecado. Voc\u00eas est\u00e3o fazendo isso. \u00c9 pecado. N\u00e3o tem nada. \u00c9 mentira\u201d<\/mark>, disse aos jornalistas. Elizabete \u00e9 suspeita de envolvimento na morte da nora, assim como o marido da v\u00edtima, e filho dela, o m\u00e9dico Luiz Ant\u00f4nio Garnica.<\/p>\n<p>Eles foram presos ap\u00f3s a <strong>Pol\u00edcia Civil <\/strong>apontar o suposto envolvimento no envenenamento de Larissa. A pris\u00e3o aconteceu ap\u00f3s a conclus\u00e3o do laudo toxicol\u00f3gico, que detectou a presen\u00e7a do veneno conhecido popularmente como chumbinho no corpo da professora.<\/p>\n<p>De acordo com o <strong>delegado Fernando Bravo<\/strong>, uma testemunha informou que foi procurada por Elizabete, que pediu informa\u00e7\u00f5es sobre como comprar chumbinho e se ela tinha o veneno em sua propriedade rural. Isso aconteceu 15 dias antes da morte de Larissa.<\/p>\n<h2 class=\"wp-block-heading\"><strong>Exuma\u00e7\u00e3o<\/strong><\/h2>\n<p>O delegado Fernando Bravo tamb\u00e9m informou que vai pedir a exuma\u00e7\u00e3o do corpo de Nathalia Garnica, filha de Elizabete, que morreu em fevereiro deste ano. O delegado acredita que as circunst\u00e2ncias da morte s\u00e3o parecidas com a de Larissa e, por isso, o caso tamb\u00e9m ser\u00e1 investigado.<\/p>\n<p>Fernando relata que Nathalia n\u00e3o apresentava problemas de sa\u00fade pr\u00e9vios. Ao ser questionada por jornalistas sobre a situa\u00e7\u00e3o, Elizabete disse: \u201cMinha amada filha. Meus filhos amados\u201d.<\/p>\n<p>Tanto Elizabete, quanto Luiz Ant\u00f4nio Garnica, permanecer\u00e3o presos temporariamente pelo prazo de 30 dias, para que as investiga\u00e7\u00f5es possam continuar (<strong>com informa\u00e7\u00f5es EPTV<\/strong>).<\/p>\n<p>SAIBA MAIS<\/p>\n<p>Dia das M\u00e3es em Ribeir\u00e3o Preto: movimento nos restaurantes e bares deve crescer 30%<\/p>\n<h4 class=\"wp-block-heading\"><strong>FIQUE ON<\/strong><\/h4>\n<p>Fique ligado em tudo que acontece em Ribeir\u00e3o Preto e regi\u00e3o. Siga os perfis do\u00a0<strong>acidade on<\/strong>\u00a0no<a href=\"https:\/\/www.instagram.com\/acidadeonribeirao\">\u00a0Instagram<\/a>\u00a0e no\u00a0<a href=\"https:\/\/www.facebook.com\/acidadeonribeirao\/\">Facebook.<\/a><\/p>\n<p>Receba not\u00edcias do\u00a0<strong>acidade on\u00a0<\/strong>no WhatsApp.\u00a0<a href=\"https:\/\/chat.whatsapp.com\/BjKQZ9oJwlz8VVT50NuePq\">Para entrar no grupo, basta clicar aqui.<\/a><\/p>\n<p>Fa\u00e7a uma den\u00fancia ou sugira uma reportagem sobre Ribeir\u00e3o Preto e regi\u00e3o pelo WhatsApp: 16 99117 7802.<\/p>\n<p>VEJA TAMB\u00c9M<\/p>\n<p>O que \u00e9 a s\u00edndrome de Boreout?<\/p>\n<p><!-- CONTENT END 1 -->\n<\/div>\n<p><script async src=\"\/\/www.instagram.com\/embed.js\"><\/script><br \/>\n<br \/><br \/>\n<br \/><a href=\"https:\/\/www.acidadeon.com\/ribeiraopreto\/cotidiano\/nao-tenho-culpa-de-nada-diz-sogra-da-professora-larissa-apos-prisao-em-ribeirao\/\">Source link <\/a><\/p>\n","protected":false},"excerpt":{"rendered":"<p>Elizabete Arraba\u00e7a, sogra da professora Larissa Talle Le\u00f4ncio Rodrigues, morta no \u00faltimo m\u00eas de mar\u00e7o, em Ribeir\u00e3o Preto, se manifestou nesta quarta-feira (7) sobre a&#8230;<\/p>\n","protected":false},"author":1,"featured_media":69597,"comment_status":"open","ping_status":"open","sticky":false,"template":"","format":"standard","meta":{"advanced_seo_description":"","jetpack_seo_html_title":"","jetpack_seo_noindex":false,"jetpack_post_was_ever_published":false,"_jetpack_newsletter_access":"","_jetpack_dont_email_post_to_subs":false,"_jetpack_newsletter_tier_id":0,"_jetpack_memberships_contains_paywalled_content":false,"_jetpack_memberships_contains_paid_content":false,"footnotes":"","jetpack_publicize_message":"","jetpack_publicize_feature_enabled":true,"jetpack_social_post_already_shared":true,"jetpack_social_options":{"image_generator_settings":{"template":"highway","default_image_id":0,"font":"","enabled":false},"version":2}},"categories":[11],"tags":[],"class_list":["post-69596","post","type-post","status-publish","format-standard","has-post-thumbnail","hentry","category-noticias-de-ribeirao-preto-sp-e-regiao-ismael-colosi"],"jetpack_publicize_connections":[],"jetpack_featured_media_url":"https:\/\/i0.wp.com\/noticiasribeiraopreto.com.br\/wp-content\/uploads\/2025\/05\/elizabeth_2025-05-07_16-18-11.webp.webp?fit=1200%2C700&ssl=1","jetpack-related-posts":[{"id":71163,"url":"https:\/\/noticiasribeiraopreto.com.br\/index.php\/2025\/06\/03\/caso-larissa-sogra-da-professora-e-transferida-para-penitenciaria\/","url_meta":{"origin":69596,"position":0},"title":"Caso Larissa: Sogra da professora \u00e9 transferida para penitenci\u00e1ria","author":"noticiasribeiraopreto.com.br","date":"3 de June de 2025","format":false,"excerpt":"A sogra da professora Larissa Talle Le\u00f4ncio Rodrigues, Elizabete Arraba\u00e7a, foi transferida da cadeia de S\u00e3o Joaquim da Barra para Penitenci\u00e1ria Feminina de Mogi-Gua\u00e7u, nesta ter\u00e7a-feira (3). Elizabete \u00e9 suspeita de envolvimento na morte de Larissa, em Ribeir\u00e3o Preto, no \u00faltimo m\u00eas de mar\u00e7o. Al\u00e9m dela, tamb\u00e9m est\u00e1 preso o\u2026","rel":"","context":"In &quot;Not\u00edcias de Ribeir\u00e3o Preto-SP e Regi\u00e3o&quot;","block_context":{"text":"Not\u00edcias de Ribeir\u00e3o Preto-SP e Regi\u00e3o","link":"https:\/\/noticiasribeiraopreto.com.br\/index.php\/category\/noticias-de-ribeirao-preto-sp-e-regiao-ismael-colosi\/"},"img":{"alt_text":"","src":"https:\/\/i0.wp.com\/noticiasribeiraopreto.com.br\/wp-content\/uploads\/2025\/05\/elizabeth_2025-05-07_16-18-11.webp.webp?fit=1200%2C700&ssl=1&resize=350%2C200","width":350,"height":200,"srcset":"https:\/\/i0.wp.com\/noticiasribeiraopreto.com.br\/wp-content\/uploads\/2025\/05\/elizabeth_2025-05-07_16-18-11.webp.webp?fit=1200%2C700&ssl=1&resize=350%2C200 1x, https:\/\/i0.wp.com\/noticiasribeiraopreto.com.br\/wp-content\/uploads\/2025\/05\/elizabeth_2025-05-07_16-18-11.webp.webp?fit=1200%2C700&ssl=1&resize=525%2C300 1.5x, https:\/\/i0.wp.com\/noticiasribeiraopreto.com.br\/wp-content\/uploads\/2025\/05\/elizabeth_2025-05-07_16-18-11.webp.webp?fit=1200%2C700&ssl=1&resize=700%2C400 2x, https:\/\/i0.wp.com\/noticiasribeiraopreto.com.br\/wp-content\/uploads\/2025\/05\/elizabeth_2025-05-07_16-18-11.webp.webp?fit=1200%2C700&ssl=1&resize=1050%2C600 3x"},"classes":[]},{"id":70893,"url":"https:\/\/noticiasribeiraopreto.com.br\/index.php\/2025\/05\/30\/caso-larissa-justica-nega-prisao-domiciliar-a-sogra-suspeita-de-matar-professora\/","url_meta":{"origin":69596,"position":1},"title":"Caso Larissa: Justi\u00e7a nega pris\u00e3o domiciliar \u00e0 sogra suspeita de matar professora","author":"noticiasribeiraopreto.com.br","date":"30 de May de 2025","format":false,"excerpt":"A Justi\u00e7a negou, no final da tarde desta sexta-feira (30), o pedido de pris\u00e3o domiciliar feito pela defesa de Elizabete Arraba\u00e7a, sogra de Larissa Rodrigues, professora de pilates morta por envenenamento. O juiz da 2\u00aa Vara do Tribunal do J\u00fari negou o pedido ao considerar que a requerente n\u00e3o preenche\u2026","rel":"","context":"In &quot;Not\u00edcias de Ribeir\u00e3o Preto-SP e Regi\u00e3o&quot;","block_context":{"text":"Not\u00edcias de Ribeir\u00e3o Preto-SP e Regi\u00e3o","link":"https:\/\/noticiasribeiraopreto.com.br\/index.php\/category\/noticias-de-ribeirao-preto-sp-e-regiao-ismael-colosi\/"},"img":{"alt_text":"","src":"https:\/\/i0.wp.com\/noticiasribeiraopreto.com.br\/wp-content\/uploads\/2025\/05\/WhatsApp-Image-2025-05-07-at-08.08.58_2025-05-07_11-09-16.webp.webp?fit=1200%2C675&ssl=1&resize=350%2C200","width":350,"height":200,"srcset":"https:\/\/i0.wp.com\/noticiasribeiraopreto.com.br\/wp-content\/uploads\/2025\/05\/WhatsApp-Image-2025-05-07-at-08.08.58_2025-05-07_11-09-16.webp.webp?fit=1200%2C675&ssl=1&resize=350%2C200 1x, https:\/\/i0.wp.com\/noticiasribeiraopreto.com.br\/wp-content\/uploads\/2025\/05\/WhatsApp-Image-2025-05-07-at-08.08.58_2025-05-07_11-09-16.webp.webp?fit=1200%2C675&ssl=1&resize=525%2C300 1.5x, https:\/\/i0.wp.com\/noticiasribeiraopreto.com.br\/wp-content\/uploads\/2025\/05\/WhatsApp-Image-2025-05-07-at-08.08.58_2025-05-07_11-09-16.webp.webp?fit=1200%2C675&ssl=1&resize=700%2C400 2x, https:\/\/i0.wp.com\/noticiasribeiraopreto.com.br\/wp-content\/uploads\/2025\/05\/WhatsApp-Image-2025-05-07-at-08.08.58_2025-05-07_11-09-16.webp.webp?fit=1200%2C675&ssl=1&resize=1050%2C600 3x"},"classes":[]},{"id":70729,"url":"https:\/\/noticiasribeiraopreto.com.br\/index.php\/2025\/05\/29\/gilmar-mendes-vai-decidir-se-sogra-de-larissa-seguira-presa-ou-ganhara-liberdade\/","url_meta":{"origin":69596,"position":2},"title":"Gilmar Mendes vai decidir se sogra de Larissa seguir\u00e1 presa ou ganhar\u00e1 liberdade","author":"noticiasribeiraopreto.com.br","date":"29 de May de 2025","format":false,"excerpt":"A defesa de Elizabete Arraba\u00e7a, m\u00e3e do m\u00e9dico Luiz Ant\u00f4nio Garnica, e sogra da professora Larissa Talle Le\u00f4ncio Rodrigues, entrou com pedido de liberdade no STF (Supremo Tribunal Federal). O habeas corpus deu entrada na \u00faltima quarta-feira (29) e ser\u00e1 analisado pelo ministro Gilmar Mendes. Segundo o advogado Bruno Corr\u00eaa,\u2026","rel":"","context":"In &quot;Not\u00edcias de Ribeir\u00e3o Preto-SP e Regi\u00e3o&quot;","block_context":{"text":"Not\u00edcias de Ribeir\u00e3o Preto-SP e Regi\u00e3o","link":"https:\/\/noticiasribeiraopreto.com.br\/index.php\/category\/noticias-de-ribeirao-preto-sp-e-regiao-ismael-colosi\/"},"img":{"alt_text":"","src":"https:\/\/i0.wp.com\/noticiasribeiraopreto.com.br\/wp-content\/uploads\/2025\/05\/gilmar-elizabete_2025-05-29_14-32-04.webp.webp?fit=1200%2C674&ssl=1&resize=350%2C200","width":350,"height":200,"srcset":"https:\/\/i0.wp.com\/noticiasribeiraopreto.com.br\/wp-content\/uploads\/2025\/05\/gilmar-elizabete_2025-05-29_14-32-04.webp.webp?fit=1200%2C674&ssl=1&resize=350%2C200 1x, https:\/\/i0.wp.com\/noticiasribeiraopreto.com.br\/wp-content\/uploads\/2025\/05\/gilmar-elizabete_2025-05-29_14-32-04.webp.webp?fit=1200%2C674&ssl=1&resize=525%2C300 1.5x, https:\/\/i0.wp.com\/noticiasribeiraopreto.com.br\/wp-content\/uploads\/2025\/05\/gilmar-elizabete_2025-05-29_14-32-04.webp.webp?fit=1200%2C674&ssl=1&resize=700%2C400 2x, https:\/\/i0.wp.com\/noticiasribeiraopreto.com.br\/wp-content\/uploads\/2025\/05\/gilmar-elizabete_2025-05-29_14-32-04.webp.webp?fit=1200%2C674&ssl=1&resize=1050%2C600 3x"},"classes":[]},{"id":69586,"url":"https:\/\/noticiasribeiraopreto.com.br\/index.php\/2025\/05\/07\/caso-larissa-sogra-tem-alta-de-hospital-apos-passar-mal-ao-ser-presa-em-ribeirao-preto\/","url_meta":{"origin":69596,"position":3},"title":"Caso Larissa: Sogra tem alta de hospital ap\u00f3s passar mal ao ser presa em Ribeir\u00e3o Preto","author":"noticiasribeiraopreto.com.br","date":"7 de May de 2025","format":false,"excerpt":"A sogra da professora encontrada morta em um apartamento na zona Sul de Ribeir\u00e3o Preto deixou o hospital, ap\u00f3s receber alta na madrugada desta quarta-feira (7), em Ribeir\u00e3o Preto. Elizabete Arraba\u00e7a Garnica havia passado mal ao ser presa pela Pol\u00edcia Civil nesta ter\u00e7a-feira (6), suspeita de envolvimento na morte por\u2026","rel":"","context":"In &quot;Not\u00edcias de Ribeir\u00e3o Preto-SP e Regi\u00e3o&quot;","block_context":{"text":"Not\u00edcias de Ribeir\u00e3o Preto-SP e Regi\u00e3o","link":"https:\/\/noticiasribeiraopreto.com.br\/index.php\/category\/noticias-de-ribeirao-preto-sp-e-regiao-ismael-colosi\/"},"img":{"alt_text":"","src":"https:\/\/i0.wp.com\/noticiasribeiraopreto.com.br\/wp-content\/uploads\/2025\/05\/WhatsApp-Image-2025-05-07-at-08.08.58_2025-05-07_11-09-16.webp.webp?fit=1200%2C675&ssl=1&resize=350%2C200","width":350,"height":200,"srcset":"https:\/\/i0.wp.com\/noticiasribeiraopreto.com.br\/wp-content\/uploads\/2025\/05\/WhatsApp-Image-2025-05-07-at-08.08.58_2025-05-07_11-09-16.webp.webp?fit=1200%2C675&ssl=1&resize=350%2C200 1x, https:\/\/i0.wp.com\/noticiasribeiraopreto.com.br\/wp-content\/uploads\/2025\/05\/WhatsApp-Image-2025-05-07-at-08.08.58_2025-05-07_11-09-16.webp.webp?fit=1200%2C675&ssl=1&resize=525%2C300 1.5x, https:\/\/i0.wp.com\/noticiasribeiraopreto.com.br\/wp-content\/uploads\/2025\/05\/WhatsApp-Image-2025-05-07-at-08.08.58_2025-05-07_11-09-16.webp.webp?fit=1200%2C675&ssl=1&resize=700%2C400 2x, https:\/\/i0.wp.com\/noticiasribeiraopreto.com.br\/wp-content\/uploads\/2025\/05\/WhatsApp-Image-2025-05-07-at-08.08.58_2025-05-07_11-09-16.webp.webp?fit=1200%2C675&ssl=1&resize=1050%2C600 3x"},"classes":[]},{"id":71261,"url":"https:\/\/noticiasribeiraopreto.com.br\/index.php\/2025\/06\/04\/caso-larissa-sogra-da-professora-diz-que-a-nora-tomou-remedio-com-chumbinho\/","url_meta":{"origin":69596,"position":4},"title":"Caso Larissa: sogra da professora diz que a nora tomou rem\u00e9dio com chumbinho","author":"noticiasribeiraopreto.com.br","date":"4 de June de 2025","format":false,"excerpt":"A sogra da professora Larissa Talle Le\u00f4ncio Rodrigues, Elizabete Arraba\u00e7a, disse que a nora tomou rem\u00e9dio com chumbinho. Larissa foi encontrada morta no \u00faltimo dia 22 de mar\u00e7o no apartamento em que morava com o marido, o m\u00e9dico Luiz Ant\u00f4nio Garnica, no Jardim Bot\u00e2nico, na zona Sul de Ribeir\u00e3o Preto.\u2026","rel":"","context":"In &quot;Not\u00edcias de Ribeir\u00e3o Preto-SP e Regi\u00e3o&quot;","block_context":{"text":"Not\u00edcias de Ribeir\u00e3o Preto-SP e Regi\u00e3o","link":"https:\/\/noticiasribeiraopreto.com.br\/index.php\/category\/noticias-de-ribeirao-preto-sp-e-regiao-ismael-colosi\/"},"img":{"alt_text":"","src":"https:\/\/i0.wp.com\/noticiasribeiraopreto.com.br\/wp-content\/uploads\/2025\/05\/Copia-de-Copia-de-Copia-de-TAMANHO-EXATO-PARA-FOTOS-NO-SISTEMA-NOVO-45_2025-05-06_21-21-57.webp.webp?fit=1200%2C675&ssl=1&resize=350%2C200","width":350,"height":200,"srcset":"https:\/\/i0.wp.com\/noticiasribeiraopreto.com.br\/wp-content\/uploads\/2025\/05\/Copia-de-Copia-de-Copia-de-TAMANHO-EXATO-PARA-FOTOS-NO-SISTEMA-NOVO-45_2025-05-06_21-21-57.webp.webp?fit=1200%2C675&ssl=1&resize=350%2C200 1x, https:\/\/i0.wp.com\/noticiasribeiraopreto.com.br\/wp-content\/uploads\/2025\/05\/Copia-de-Copia-de-Copia-de-TAMANHO-EXATO-PARA-FOTOS-NO-SISTEMA-NOVO-45_2025-05-06_21-21-57.webp.webp?fit=1200%2C675&ssl=1&resize=525%2C300 1.5x, https:\/\/i0.wp.com\/noticiasribeiraopreto.com.br\/wp-content\/uploads\/2025\/05\/Copia-de-Copia-de-Copia-de-TAMANHO-EXATO-PARA-FOTOS-NO-SISTEMA-NOVO-45_2025-05-06_21-21-57.webp.webp?fit=1200%2C675&ssl=1&resize=700%2C400 2x, https:\/\/i0.wp.com\/noticiasribeiraopreto.com.br\/wp-content\/uploads\/2025\/05\/Copia-de-Copia-de-Copia-de-TAMANHO-EXATO-PARA-FOTOS-NO-SISTEMA-NOVO-45_2025-05-06_21-21-57.webp.webp?fit=1200%2C675&ssl=1&resize=1050%2C600 3x"},"classes":[]},{"id":73398,"url":"https:\/\/noticiasribeiraopreto.com.br\/index.php\/2025\/07\/01\/ministerio-publico-denuncia-marido-e-sogra-por-morte-de-professora-em-ribeirao-preto\/","url_meta":{"origin":69596,"position":5},"title":"Minist\u00e9rio P\u00fablico denuncia marido e sogra por morte de professora em Ribeir\u00e3o Preto","author":"noticiasribeiraopreto.com.br","date":"1 de July de 2025","format":false,"excerpt":"O MP (Minist\u00e9rio P\u00fablico) denunciou \u00e0 Justi\u00e7a, nesta ter\u00e7a-feira (1\u00ba), o m\u00e9dico Luiz Ant\u00f4nio Garnica e sua m\u00e3e, Elizabete Arraba\u00e7a, pela morte da professora Larissa Rodrigues, envenenada em mar\u00e7o deste ano em Ribeir\u00e3o Preto. >>>FIQUE POR DENTRO:\u00a0Confira a cobertura completa sobre o caso Larissa O promotor Marcos T\u00falio Nicolino afirma\u2026","rel":"","context":"In &quot;Not\u00edcias de Ribeir\u00e3o Preto-SP e Regi\u00e3o&quot;","block_context":{"text":"Not\u00edcias de Ribeir\u00e3o Preto-SP e Regi\u00e3o","link":"https:\/\/noticiasribeiraopreto.com.br\/index.php\/category\/noticias-de-ribeirao-preto-sp-e-regiao-ismael-colosi\/"},"img":{"alt_text":"","src":"https:\/\/i0.wp.com\/noticiasribeiraopreto.com.br\/wp-content\/uploads\/2025\/07\/Copia-de-Copia-de-Copia-de-TAMANHO-EXATO-PARA-FOTOS-NO-SISTEMA-NOVO-2025-07-01T135245.697_2025-07-01_16-52-51.webp.webp?fit=1200%2C675&ssl=1&resize=350%2C200","width":350,"height":200,"srcset":"https:\/\/i0.wp.com\/noticiasribeiraopreto.com.br\/wp-content\/uploads\/2025\/07\/Copia-de-Copia-de-Copia-de-TAMANHO-EXATO-PARA-FOTOS-NO-SISTEMA-NOVO-2025-07-01T135245.697_2025-07-01_16-52-51.webp.webp?fit=1200%2C675&ssl=1&resize=350%2C200 1x, https:\/\/i0.wp.com\/noticiasribeiraopreto.com.br\/wp-content\/uploads\/2025\/07\/Copia-de-Copia-de-Copia-de-TAMANHO-EXATO-PARA-FOTOS-NO-SISTEMA-NOVO-2025-07-01T135245.697_2025-07-01_16-52-51.webp.webp?fit=1200%2C675&ssl=1&resize=525%2C300 1.5x, https:\/\/i0.wp.com\/noticiasribeiraopreto.com.br\/wp-content\/uploads\/2025\/07\/Copia-de-Copia-de-Copia-de-TAMANHO-EXATO-PARA-FOTOS-NO-SISTEMA-NOVO-2025-07-01T135245.697_2025-07-01_16-52-51.webp.webp?fit=1200%2C675&ssl=1&resize=700%2C400 2x, https:\/\/i0.wp.com\/noticiasribeiraopreto.com.br\/wp-content\/uploads\/2025\/07\/Copia-de-Copia-de-Copia-de-TAMANHO-EXATO-PARA-FOTOS-NO-SISTEMA-NOVO-2025-07-01T135245.697_2025-07-01_16-52-51.webp.webp?fit=1200%2C675&ssl=1&resize=1050%2C600 3x"},"classes":[]}],"jetpack_sharing_enabled":true,"jetpack_shortlink":"https:\/\/wp.me\/peQAOb-i6w","_links":{"self":[{"href":"https:\/\/noticiasribeiraopreto.com.br\/index.php\/wp-json\/wp\/v2\/posts\/69596","targetHints":{"allow":["GET"]}}],"collection":[{"href":"https:\/\/noticiasribeiraopreto.com.br\/index.php\/wp-json\/wp\/v2\/posts"}],"about":[{"href":"https:\/\/noticiasribeiraopreto.com.br\/index.php\/wp-json\/wp\/v2\/types\/post"}],"author":[{"embeddable":true,"href":"https:\/\/noticiasribeiraopreto.com.br\/index.php\/wp-json\/wp\/v2\/users\/1"}],"replies":[{"embeddable":true,"href":"https:\/\/noticiasribeiraopreto.com.br\/index.php\/wp-json\/wp\/v2\/comments?post=69596"}],"version-history":[{"count":0,"href":"https:\/\/noticiasribeiraopreto.com.br\/index.php\/wp-json\/wp\/v2\/posts\/69596\/revisions"}],"wp:featuredmedia":[{"embeddable":true,"href":"https:\/\/noticiasribeiraopreto.com.br\/index.php\/wp-json\/wp\/v2\/media\/69597"}],"wp:attachment":[{"href":"https:\/\/noticiasribeiraopreto.com.br\/index.php\/wp-json\/wp\/v2\/media?parent=69596"}],"wp:term":[{"taxonomy":"category","embeddable":true,"href":"https:\/\/noticiasribeiraopreto.com.br\/index.php\/wp-json\/wp\/v2\/categories?post=69596"},{"taxonomy":"post_tag","embeddable":true,"href":"https:\/\/noticiasribeiraopreto.com.br\/index.php\/wp-json\/wp\/v2\/tags?post=69596"}],"curies":[{"name":"wp","href":"https:\/\/api.w.org\/{rel}","templated":true}]}}