{"id":69598,"date":"2025-05-07T14:00:24","date_gmt":"2025-05-07T17:00:24","guid":{"rendered":"https:\/\/noticiasribeiraopreto.com.br\/index.php\/2025\/05\/07\/funtec-de-ribeirao-oferece-cursos-gratuitos-de-qualificacao-profissional-veja-como-participar\/"},"modified":"2025-05-07T14:00:24","modified_gmt":"2025-05-07T17:00:24","slug":"funtec-de-ribeirao-oferece-cursos-gratuitos-de-qualificacao-profissional-veja-como-participar","status":"publish","type":"post","link":"https:\/\/noticiasribeiraopreto.com.br\/index.php\/2025\/05\/07\/funtec-de-ribeirao-oferece-cursos-gratuitos-de-qualificacao-profissional-veja-como-participar\/","title":{"rendered":"Funtec de Ribeir\u00e3o oferece cursos gratuitos de qualifica\u00e7\u00e3o profissional; Veja como participar"},"content":{"rendered":"<p> <br \/>\n<\/p>\n<div data-td-block-uid=\"tdi_95\">\n<div class=\"tdb-block-inner td-fix-index\">\n<p>A <strong>Funtec (Funda\u00e7\u00e3o de Forma\u00e7\u00e3o Tecnol\u00f3gica) de Ribeir\u00e3o Preto<\/strong> est\u00e1 com oportunidade de <strong>cursos gratuitos<\/strong> para aqueles que est\u00e3o em busca de <strong>qualifica\u00e7\u00e3o profissional<\/strong>.<\/p>\n<p>S\u00e3o <strong>60 vagas dispon\u00edveis<\/strong>, sendo 30 para o curso de <strong>Gest\u00e3o e Finan\u00e7as<\/strong> (das 8h \u00e0s 12) e 30 para <strong>Vendas e Atendimento ao Cliente<\/strong> (das 19h \u00e0s 22h).<\/p>\n<p>As aulas de ambos os cursos acontecem de segunda a quinta-feira, de forma presencial, na sede da <strong>Funtec<\/strong>, localizada na Rua \u00c1lvares Cabral, 629, no <strong>Centro <\/strong>de <strong>Ribeir\u00e3o Preto<\/strong>.<\/p>\n<h2 class=\"wp-block-heading\"><strong>Como se inscrever?<\/strong><\/h2>\n<p><mark style=\"background-color:#fcb900\" class=\"has-inline-color\">Para se inscrever <strong>\u00e9 necess\u00e1rio comparecer na sede da institui\u00e7\u00e3o<\/strong>, das 9h \u00e0s 16h30, <strong>at\u00e9 o dia 18 de maio<\/strong>.<\/mark><\/p>\n<p>Os interessados devem ter 16 anos ou mais, ensino fundamental completo, e apresentar os seguintes documentos no ato da inscri\u00e7\u00e3o: RG, CPF, comprovante de resid\u00eancia e comprovante de escolaridade. Mais informa\u00e7\u00f5es pelo telefone <strong>(16) 3931-5400<\/strong>.<\/p>\n<hr class=\"wp-block-separator has-alpha-channel-opacity\"\/>\n<p>SAIBA MAIS<\/p>\n<p>Dia das M\u00e3es em Ribeir\u00e3o Preto: movimento nos restaurantes e bares deve crescer 30%<\/p>\n<h4 class=\"wp-block-heading\"><strong>FIQUE ON<\/strong><\/h4>\n<p>Fique ligado em tudo que acontece em Ribeir\u00e3o Preto e regi\u00e3o. Siga os perfis do\u00a0<strong>acidade on<\/strong>\u00a0no<a href=\"https:\/\/www.instagram.com\/acidadeonribeirao\">\u00a0Instagram<\/a>\u00a0e no\u00a0<a href=\"https:\/\/www.facebook.com\/acidadeonribeirao\/\">Facebook.<\/a><\/p>\n<p>Receba not\u00edcias do\u00a0<strong>acidade on\u00a0<\/strong>no WhatsApp.\u00a0<a href=\"https:\/\/chat.whatsapp.com\/BjKQZ9oJwlz8VVT50NuePq\">Para entrar no grupo, basta clicar aqui.<\/a><\/p>\n<p>Fa\u00e7a uma den\u00fancia ou sugira uma reportagem sobre Ribeir\u00e3o Preto e regi\u00e3o pelo WhatsApp: 16 99117 7802.<\/p>\n<p>VEJA TAMB\u00c9M<\/p>\n<p>O que \u00e9 a s\u00edndrome de Boreout?<\/p>\n<p><!-- CONTENT END 1 -->\n<\/div>\n<\/div>\n<p><script async src=\"\/\/www.instagram.com\/embed.js\"><\/script><br \/>\n<br \/><br \/>\n<br \/><a href=\"https:\/\/www.acidadeon.com\/ribeiraopreto\/cotidiano\/funtec-de-ribeirao-oferece-cursos-gratuitos-de-qualificacao-profissional-veja-como-participar\/\">Source link <\/a><\/p>\n","protected":false},"excerpt":{"rendered":"<p>A Funtec (Funda\u00e7\u00e3o de Forma\u00e7\u00e3o Tecnol\u00f3gica) de Ribeir\u00e3o Preto est\u00e1 com oportunidade de cursos gratuitos para aqueles que est\u00e3o em busca de qualifica\u00e7\u00e3o profissional. S\u00e3o&#8230;<\/p>\n","protected":false},"author":1,"featured_media":69599,"comment_status":"open","ping_status":"open","sticky":false,"template":"","format":"standard","meta":{"advanced_seo_description":"","jetpack_seo_html_title":"","jetpack_seo_noindex":false,"jetpack_post_was_ever_published":false,"_jetpack_newsletter_access":"","_jetpack_dont_email_post_to_subs":false,"_jetpack_newsletter_tier_id":0,"_jetpack_memberships_contains_paywalled_content":false,"_jetpack_memberships_contains_paid_content":false,"footnotes":"","jetpack_publicize_message":"","jetpack_publicize_feature_enabled":true,"jetpack_social_post_already_shared":true,"jetpack_social_options":{"image_generator_settings":{"template":"highway","default_image_id":0,"font":"","enabled":false},"version":2}},"categories":[11],"tags":[],"class_list":["post-69598","post","type-post","status-publish","format-standard","has-post-thumbnail","hentry","category-noticias-de-ribeirao-preto-sp-e-regiao-ismael-colosi"],"jetpack_publicize_connections":[],"jetpack_featured_media_url":"https:\/\/i0.wp.com\/noticiasribeiraopreto.com.br\/wp-content\/uploads\/2025\/05\/1cursos_funtec_-_foto_guilherme_sircili_33.jpg?fit=1622%2C1080&ssl=1","jetpack-related-posts":[{"id":1648,"url":"https:\/\/noticiasribeiraopreto.com.br\/index.php\/2023\/11\/13\/funtec-abre-vagas-gratuitas-para-seis-cursos-de-qualificacao-profissional\/","url_meta":{"origin":69598,"position":0},"title":"Funtec abre vagas gratuitas para seis cursos de qualifica\u00e7\u00e3o profissional","author":"noticiasribeiraopreto.com.br","date":"13 de November de 2023","format":false,"excerpt":"13 de novembro de 2023 | 15:0013 de novembro de 2023 | 11:40 0A Funda\u00e7\u00e3o de Forma\u00e7\u00e3o Tecnol\u00f3gica de Ribeir\u00e3o Preto (Funtec), institui\u00e7\u00e3o ligada \u00e0 Prefeitura Municipal, est\u00e1 com 180 vagas abertas para os cursos gratuitos de qualifica\u00e7\u00e3o profissional de Inform\u00e1tica no per\u00edodo da manh\u00e3, Orat\u00f3ria, Espanhol I, Cuidador de\u2026","rel":"","context":"In &quot;Not\u00edcias de Ribeir\u00e3o Preto-SP e Regi\u00e3o&quot;","block_context":{"text":"Not\u00edcias de Ribeir\u00e3o Preto-SP e Regi\u00e3o","link":"https:\/\/noticiasribeiraopreto.com.br\/index.php\/category\/noticias-de-ribeirao-preto-sp-e-regiao-ismael-colosi\/"},"img":{"alt_text":"","src":"https:\/\/i0.wp.com\/noticiasribeiraopreto.com.br\/wp-content\/uploads\/2023\/11\/funtec-scaled.jpg?fit=968%2C645&ssl=1&resize=350%2C200","width":350,"height":200,"srcset":"https:\/\/i0.wp.com\/noticiasribeiraopreto.com.br\/wp-content\/uploads\/2023\/11\/funtec-scaled.jpg?fit=968%2C645&ssl=1&resize=350%2C200 1x, https:\/\/i0.wp.com\/noticiasribeiraopreto.com.br\/wp-content\/uploads\/2023\/11\/funtec-scaled.jpg?fit=968%2C645&ssl=1&resize=525%2C300 1.5x, https:\/\/i0.wp.com\/noticiasribeiraopreto.com.br\/wp-content\/uploads\/2023\/11\/funtec-scaled.jpg?fit=968%2C645&ssl=1&resize=700%2C400 2x"},"classes":[]},{"id":3181,"url":"https:\/\/noticiasribeiraopreto.com.br\/index.php\/2023\/10\/18\/funtec-abre-vagas-gratuitas-para-seis-cursos-de-qualificacao-profissional-2\/","url_meta":{"origin":69598,"position":1},"title":"Funtec abre vagas gratuitas para seis cursos de qualifica\u00e7\u00e3o profissional","author":"noticiasribeiraopreto.com.br","date":"18 de October de 2023","format":false,"excerpt":"170 A Funda\u00e7\u00e3o de Forma\u00e7\u00e3o Tecnol\u00f3gica de Ribeir\u00e3o Preto (Funtec), institui\u00e7\u00e3o ligada \u00e0 Prefeitura Municipal, est\u00e1 com 180 vagas abertas para os cursos gratuitos de qualifica\u00e7\u00e3o profissional de Educa\u00e7\u00e3o Financeira pra Empreendedores, Escrita Fiscal, Rotinas em Departamento de Pessoal, Rotinas em Recursos Humanos, Cuidador de Idosos e Cuidador Infantil. Ser\u00e3o\u2026","rel":"","context":"In &quot;Not\u00edcias de Ribeir\u00e3o Preto-SP e Regi\u00e3o&quot;","block_context":{"text":"Not\u00edcias de Ribeir\u00e3o Preto-SP e Regi\u00e3o","link":"https:\/\/noticiasribeiraopreto.com.br\/index.php\/category\/noticias-de-ribeirao-preto-sp-e-regiao-ismael-colosi\/"},"img":{"alt_text":"","src":"https:\/\/i0.wp.com\/noticiasribeiraopreto.com.br\/wp-content\/uploads\/2023\/11\/cursos_funtec_-_foto_guilherme_sircili.jpg?fit=1200%2C799&ssl=1&resize=350%2C200","width":350,"height":200,"srcset":"https:\/\/i0.wp.com\/noticiasribeiraopreto.com.br\/wp-content\/uploads\/2023\/11\/cursos_funtec_-_foto_guilherme_sircili.jpg?fit=1200%2C799&ssl=1&resize=350%2C200 1x, https:\/\/i0.wp.com\/noticiasribeiraopreto.com.br\/wp-content\/uploads\/2023\/11\/cursos_funtec_-_foto_guilherme_sircili.jpg?fit=1200%2C799&ssl=1&resize=525%2C300 1.5x, https:\/\/i0.wp.com\/noticiasribeiraopreto.com.br\/wp-content\/uploads\/2023\/11\/cursos_funtec_-_foto_guilherme_sircili.jpg?fit=1200%2C799&ssl=1&resize=700%2C400 2x, https:\/\/i0.wp.com\/noticiasribeiraopreto.com.br\/wp-content\/uploads\/2023\/11\/cursos_funtec_-_foto_guilherme_sircili.jpg?fit=1200%2C799&ssl=1&resize=1050%2C600 3x"},"classes":[]},{"id":1689,"url":"https:\/\/noticiasribeiraopreto.com.br\/index.php\/2023\/11\/13\/funtec-oferece-180-vagas-gratuitas-para-cursos-de-qualificacao-profissional-em-ribeirao\/","url_meta":{"origin":69598,"position":2},"title":"Funtec oferece 180 vagas gratuitas para cursos de qualifica\u00e7\u00e3o profissional em Ribeir\u00e3o","author":"noticiasribeiraopreto.com.br","date":"13 de November de 2023","format":false,"excerpt":"A Funtec (Funda\u00e7\u00e3o de Forma\u00e7\u00e3o Tecnol\u00f3gica), no Centro de Ribeir\u00e3o Preto, est\u00e1 com 180 vagas abertas para seis cursos gratuitos de qualifica\u00e7\u00e3o profissional. As oportunidades est\u00e3o dispon\u00edveis em \u00e1reas como marketing, departamento de pessoal e cuidador de idosos (veja abaixo). Ser\u00e3o ministradas aulas t\u00e9cnicas e pr\u00e1ticas, que possibilitam maior conhecimento\u2026","rel":"","context":"In &quot;Not\u00edcias de Ribeir\u00e3o Preto-SP e Regi\u00e3o&quot;","block_context":{"text":"Not\u00edcias de Ribeir\u00e3o Preto-SP e Regi\u00e3o","link":"https:\/\/noticiasribeiraopreto.com.br\/index.php\/category\/noticias-de-ribeirao-preto-sp-e-regiao-ismael-colosi\/"},"img":{"alt_text":"","src":"https:\/\/i0.wp.com\/noticiasribeiraopreto.com.br\/wp-content\/uploads\/2023\/11\/1cursos_funtec_-_foto_guilherme_sircili_33.jpg?fit=1200%2C799&ssl=1&resize=350%2C200","width":350,"height":200,"srcset":"https:\/\/i0.wp.com\/noticiasribeiraopreto.com.br\/wp-content\/uploads\/2023\/11\/1cursos_funtec_-_foto_guilherme_sircili_33.jpg?fit=1200%2C799&ssl=1&resize=350%2C200 1x, https:\/\/i0.wp.com\/noticiasribeiraopreto.com.br\/wp-content\/uploads\/2023\/11\/1cursos_funtec_-_foto_guilherme_sircili_33.jpg?fit=1200%2C799&ssl=1&resize=525%2C300 1.5x, https:\/\/i0.wp.com\/noticiasribeiraopreto.com.br\/wp-content\/uploads\/2023\/11\/1cursos_funtec_-_foto_guilherme_sircili_33.jpg?fit=1200%2C799&ssl=1&resize=700%2C400 2x, https:\/\/i0.wp.com\/noticiasribeiraopreto.com.br\/wp-content\/uploads\/2023\/11\/1cursos_funtec_-_foto_guilherme_sircili_33.jpg?fit=1200%2C799&ssl=1&resize=1050%2C600 3x"},"classes":[]},{"id":26311,"url":"https:\/\/noticiasribeiraopreto.com.br\/index.php\/2024\/01\/09\/funtec-abre-600-vagas-para-cursos-profissionais-gratuitos-em-ribeirao-preto-confira-as-oportunidades\/","url_meta":{"origin":69598,"position":3},"title":"Funtec abre 600 vagas para cursos profissionais gratuitos em Ribeir\u00e3o Preto; Confira as oportunidades","author":"noticiasribeiraopreto.com.br","date":"9 de January de 2024","format":false,"excerpt":"A Funtec (Funda\u00e7\u00e3o de Forma\u00e7\u00e3o Tecnol\u00f3gica) de Ribeir\u00e3o Preto est\u00e1 com 600 vagas abertas para quem busca uma oportunidade de qualifica\u00e7\u00e3o e aprimoramento profissional. De acordo com a Prefeitura de Ribeir\u00e3o Preto, os interessados podem escolher entre 29 cursos que est\u00e3o dispon\u00edveis de forma gratuita. Os cursos ser\u00e3o oferecidos em\u2026","rel":"","context":"In &quot;Not\u00edcias de Ribeir\u00e3o Preto-SP e Regi\u00e3o&quot;","block_context":{"text":"Not\u00edcias de Ribeir\u00e3o Preto-SP e Regi\u00e3o","link":"https:\/\/noticiasribeiraopreto.com.br\/index.php\/category\/noticias-de-ribeirao-preto-sp-e-regiao-ismael-colosi\/"},"img":{"alt_text":"","src":"https:\/\/i0.wp.com\/noticiasribeiraopreto.com.br\/wp-content\/uploads\/2024\/01\/novas_turmas_funtec_foto_guilherme_sircili_2.jpg?fit=1200%2C799&ssl=1&resize=350%2C200","width":350,"height":200,"srcset":"https:\/\/i0.wp.com\/noticiasribeiraopreto.com.br\/wp-content\/uploads\/2024\/01\/novas_turmas_funtec_foto_guilherme_sircili_2.jpg?fit=1200%2C799&ssl=1&resize=350%2C200 1x, https:\/\/i0.wp.com\/noticiasribeiraopreto.com.br\/wp-content\/uploads\/2024\/01\/novas_turmas_funtec_foto_guilherme_sircili_2.jpg?fit=1200%2C799&ssl=1&resize=525%2C300 1.5x, https:\/\/i0.wp.com\/noticiasribeiraopreto.com.br\/wp-content\/uploads\/2024\/01\/novas_turmas_funtec_foto_guilherme_sircili_2.jpg?fit=1200%2C799&ssl=1&resize=700%2C400 2x, https:\/\/i0.wp.com\/noticiasribeiraopreto.com.br\/wp-content\/uploads\/2024\/01\/novas_turmas_funtec_foto_guilherme_sircili_2.jpg?fit=1200%2C799&ssl=1&resize=1050%2C600 3x"},"classes":[]},{"id":26797,"url":"https:\/\/noticiasribeiraopreto.com.br\/index.php\/2024\/01\/10\/funtec-convoca-inscritos-para-cursos-de-qualificacao-profissional\/","url_meta":{"origin":69598,"position":4},"title":"Funtec convoca inscritos para cursos de qualifica\u00e7\u00e3o profissional \u2013 Folha de Ribeir\u00e3o","author":"noticiasribeiraopreto.com.br","date":"10 de January de 2024","format":false,"excerpt":"A Funda\u00e7\u00e3o Tecnol\u00f3gica de Ribeir\u00e3o Preto (Funtec) est\u00e1 chamando 140 candidatos, que realizaram as inscri\u00e7\u00f5es no segundo semestre do ano passado, para os seguintes cursos:\u00a0 portaria e recep\u00e7\u00e3o, ingl\u00eas, tecnologia da informa\u00e7\u00e3o e comunica\u00e7\u00e3o. A funda\u00e7\u00e3o tamb\u00e9m est\u00e1 ligando e enviando e-mail para os interessados. A inscri\u00e7\u00e3o e a garantia\u2026","rel":"","context":"In &quot;Not\u00edcias de Ribeir\u00e3o Preto-SP e Regi\u00e3o&quot;","block_context":{"text":"Not\u00edcias de Ribeir\u00e3o Preto-SP e Regi\u00e3o","link":"https:\/\/noticiasribeiraopreto.com.br\/index.php\/category\/noticias-de-ribeirao-preto-sp-e-regiao-ismael-colosi\/"},"img":{"alt_text":"","src":"https:\/\/i0.wp.com\/noticiasribeiraopreto.com.br\/wp-content\/uploads\/2024\/01\/funtec_convoca-_foto_divulgacao_25_5.jpg?fit=1040%2C698&ssl=1&resize=350%2C200","width":350,"height":200,"srcset":"https:\/\/i0.wp.com\/noticiasribeiraopreto.com.br\/wp-content\/uploads\/2024\/01\/funtec_convoca-_foto_divulgacao_25_5.jpg?fit=1040%2C698&ssl=1&resize=350%2C200 1x, https:\/\/i0.wp.com\/noticiasribeiraopreto.com.br\/wp-content\/uploads\/2024\/01\/funtec_convoca-_foto_divulgacao_25_5.jpg?fit=1040%2C698&ssl=1&resize=525%2C300 1.5x, https:\/\/i0.wp.com\/noticiasribeiraopreto.com.br\/wp-content\/uploads\/2024\/01\/funtec_convoca-_foto_divulgacao_25_5.jpg?fit=1040%2C698&ssl=1&resize=700%2C400 2x"},"classes":[]},{"id":52826,"url":"https:\/\/noticiasribeiraopreto.com.br\/index.php\/2024\/06\/12\/funtec-tem-mais-de-600-vagas-para-cursos-gratuitos-em-ribeirao-veja-como-se-inscrever\/","url_meta":{"origin":69598,"position":5},"title":"Funtec tem mais de 600 vagas para cursos gratuitos em Ribeir\u00e3o; Veja como se inscrever","author":"noticiasribeiraopreto.com.br","date":"12 de June de 2024","format":false,"excerpt":"A Funda\u00e7\u00e3o de Forma\u00e7\u00e3o Tecnol\u00f3gica (Funtec) anunciou, nesta quarta-feira (12), que est\u00e1 com inscri\u00e7\u00f5es abertas para 26 cursos profissionalizantes em diversas \u00e1reas, em Ribeir\u00e3o Preto. Podem se inscrever pessoas a partir de 16 anos e que tenham conclu\u00eddo o ensino fundamental. A sele\u00e7\u00e3o \u00e9 feita por ordem de data de\u2026","rel":"","context":"In &quot;Not\u00edcias de Ribeir\u00e3o Preto-SP e Regi\u00e3o&quot;","block_context":{"text":"Not\u00edcias de Ribeir\u00e3o Preto-SP e Regi\u00e3o","link":"https:\/\/noticiasribeiraopreto.com.br\/index.php\/category\/noticias-de-ribeirao-preto-sp-e-regiao-ismael-colosi\/"},"img":{"alt_text":"","src":"https:\/\/i0.wp.com\/noticiasribeiraopreto.com.br\/wp-content\/uploads\/2024\/06\/1cursos_funtec_-_foto_guilherme_sircili_33.jpg?fit=1200%2C799&ssl=1&resize=350%2C200","width":350,"height":200,"srcset":"https:\/\/i0.wp.com\/noticiasribeiraopreto.com.br\/wp-content\/uploads\/2024\/06\/1cursos_funtec_-_foto_guilherme_sircili_33.jpg?fit=1200%2C799&ssl=1&resize=350%2C200 1x, https:\/\/i0.wp.com\/noticiasribeiraopreto.com.br\/wp-content\/uploads\/2024\/06\/1cursos_funtec_-_foto_guilherme_sircili_33.jpg?fit=1200%2C799&ssl=1&resize=525%2C300 1.5x, https:\/\/i0.wp.com\/noticiasribeiraopreto.com.br\/wp-content\/uploads\/2024\/06\/1cursos_funtec_-_foto_guilherme_sircili_33.jpg?fit=1200%2C799&ssl=1&resize=700%2C400 2x, https:\/\/i0.wp.com\/noticiasribeiraopreto.com.br\/wp-content\/uploads\/2024\/06\/1cursos_funtec_-_foto_guilherme_sircili_33.jpg?fit=1200%2C799&ssl=1&resize=1050%2C600 3x"},"classes":[]}],"jetpack_sharing_enabled":true,"jetpack_shortlink":"https:\/\/wp.me\/peQAOb-i6y","_links":{"self":[{"href":"https:\/\/noticiasribeiraopreto.com.br\/index.php\/wp-json\/wp\/v2\/posts\/69598","targetHints":{"allow":["GET"]}}],"collection":[{"href":"https:\/\/noticiasribeiraopreto.com.br\/index.php\/wp-json\/wp\/v2\/posts"}],"about":[{"href":"https:\/\/noticiasribeiraopreto.com.br\/index.php\/wp-json\/wp\/v2\/types\/post"}],"author":[{"embeddable":true,"href":"https:\/\/noticiasribeiraopreto.com.br\/index.php\/wp-json\/wp\/v2\/users\/1"}],"replies":[{"embeddable":true,"href":"https:\/\/noticiasribeiraopreto.com.br\/index.php\/wp-json\/wp\/v2\/comments?post=69598"}],"version-history":[{"count":0,"href":"https:\/\/noticiasribeiraopreto.com.br\/index.php\/wp-json\/wp\/v2\/posts\/69598\/revisions"}],"wp:featuredmedia":[{"embeddable":true,"href":"https:\/\/noticiasribeiraopreto.com.br\/index.php\/wp-json\/wp\/v2\/media\/69599"}],"wp:attachment":[{"href":"https:\/\/noticiasribeiraopreto.com.br\/index.php\/wp-json\/wp\/v2\/media?parent=69598"}],"wp:term":[{"taxonomy":"category","embeddable":true,"href":"https:\/\/noticiasribeiraopreto.com.br\/index.php\/wp-json\/wp\/v2\/categories?post=69598"},{"taxonomy":"post_tag","embeddable":true,"href":"https:\/\/noticiasribeiraopreto.com.br\/index.php\/wp-json\/wp\/v2\/tags?post=69598"}],"curies":[{"name":"wp","href":"https:\/\/api.w.org\/{rel}","templated":true}]}}