{"id":69602,"date":"2025-05-07T14:11:14","date_gmt":"2025-05-07T17:11:14","guid":{"rendered":"https:\/\/noticiasribeiraopreto.com.br\/index.php\/2025\/05\/07\/secretaria-de-meio-ambiente-vai-mudar-de-nome-em-ribeirao-veja-o-motivo\/"},"modified":"2025-05-07T14:11:14","modified_gmt":"2025-05-07T17:11:14","slug":"secretaria-de-meio-ambiente-vai-mudar-de-nome-em-ribeirao-veja-o-motivo","status":"publish","type":"post","link":"https:\/\/noticiasribeiraopreto.com.br\/index.php\/2025\/05\/07\/secretaria-de-meio-ambiente-vai-mudar-de-nome-em-ribeirao-veja-o-motivo\/","title":{"rendered":"Secretaria de Meio Ambiente vai mudar de nome em Ribeir\u00e3o; Veja o motivo"},"content":{"rendered":"<p> <br \/>\n<\/p>\n<div>\n<p>A <strong>Prefeitura de Ribeir\u00e3o Preto <\/strong>vai promover mudan\u00e7as na estrutura da Secretaria de Meio Ambiente. <mark style=\"background-color:#fcb900\" class=\"has-inline-color\">A pasta ser\u00e1 ampliada e passar\u00e1 a se chamar <strong>Secretaria de Meio Ambiente, Agricultura e Sustentabilidade<\/strong><\/mark>.<\/p>\n<p>Ao <strong>portal acidade on<\/strong>, a Administra\u00e7\u00e3o Municipal explicou que a iniciativa faz parte da <strong>reforma administrativa<\/strong> que est\u00e1 em andamento. \u201cA gest\u00e3o de Ricardo Silva (PSD) busca promover uma reestrutura\u00e7\u00e3o que visa fortalecer a atua\u00e7\u00e3o do munic\u00edpio em \u00e1reas estrat\u00e9gicas\u201d.<\/p>\n<h2 class=\"wp-block-heading\"><strong>Por que essa mudan\u00e7a?<\/strong><\/h2>\n<p>Ainda de acordo com a <strong>Prefeitura<\/strong>, essa mudan\u00e7a tem o intuito de <strong>promover pol\u00edticas p\u00fablicas<\/strong> e <strong>investimentos voltados ao setor agr\u00edcola<\/strong>, que possui uma participa\u00e7\u00e3o expressiva em <strong>Ribeir\u00e3o Preto<\/strong> e impacta o <strong>agroneg\u00f3cio <\/strong>em n\u00edvel nacional, \u201ccontribuindo para um desenvolvimento sustent\u00e1vel do munic\u00edpio\u201d.<\/p>\n<p>Vale dizer que a <strong>Agrishow<\/strong>, maior feira de tecnologia agr\u00edcola da Am\u00e9rica Latina, que acontece em <strong>Ribeir\u00e3o Preto<\/strong>, terminou na \u00faltima sexta-feira (2) e alcan\u00e7ou R$ 14,6 bilh\u00f5es de inten\u00e7\u00f5es de neg\u00f3cios.<\/p>\n<figure class=\"wp-block-pullquote\">\n<blockquote>\n<p>Com essa amplia\u00e7\u00e3o, a nova estrutura da pasta dever\u00e1 passar a se chamar Secretaria de Meio Ambiente, Agricultura e Sustentabilidade, refor\u00e7ando o compromisso da administra\u00e7\u00e3o com o fortalecimento dessas \u00e1reas e a promo\u00e7\u00e3o de um desenvolvimento mais integrado e sustent\u00e1vel<\/p>\n<p><cite>Prefeitura de Ribeir\u00e3o Preto<\/cite><\/p><\/blockquote>\n<\/figure>\n<p>Embora exista a confirma\u00e7\u00e3o da altera\u00e7\u00e3o do nome da secretaria, ainda n\u00e3o foi informada uma data para isso acontecer.<\/p>\n<h2 class=\"wp-block-heading\"><strong>Reforma administrativa<\/strong><\/h2>\n<p>Terminou no \u00faltimo dia 30 de abril o prazo de 120 dias dado pelo <strong>TJ-SP (Tribunal de Justi\u00e7a de S\u00e3o Paulo)<\/strong> para que a <strong>Prefeitura de Ribeir\u00e3o Preto <\/strong>regularize a situa\u00e7\u00e3o dos servidores comissionados.<\/p>\n<p>Isso porque, em outubro do ano passado o TJ-SP julgou procedente a\u00e7\u00e3o movida pela Procuradoria-Geral de Justi\u00e7a que considera inconstitucionais diversos artigos de leis que criaram cargos comissionados e fun\u00e7\u00f5es gratificadas na <strong>Prefeitura de Ribeir\u00e3o Preto<\/strong> durante a reforma administrativa promovida pela gest\u00e3o de <strong>Duarte Nogueira<\/strong>.<\/p>\n<h3 class=\"wp-block-heading\"><strong>E agora?<\/strong><\/h3>\n<p>Em nota, a Prefeitura de Ribeir\u00e3o Preto informou que est\u00e1 adotando as provid\u00eancias legais para o cumprimento da decis\u00e3o da Justi\u00e7a.<\/p>\n<p>A Administra\u00e7\u00e3o Municipal informa que, desde o in\u00edcio da atual gest\u00e3o, <mark style=\"background-color:#fcb900\" class=\"has-inline-color\">foram iniciadas as tratativas necess\u00e1rias para atender \u00e0s determina\u00e7\u00f5es. Inclusive, envolvendo a contrata\u00e7\u00e3o da Fipe (Funda\u00e7\u00e3o Instituto de Pesquisas Econ\u00f4micas)<\/mark> para a elabora\u00e7\u00e3o da nova proposta de reestrutura\u00e7\u00e3o administrativa.<\/p>\n<p>No entanto, ainda n\u00e3o h\u00e1 previs\u00e3o de quando o projeto da reforma administrativa ser\u00e1 enviado ao Legislativo.<\/p>\n<hr class=\"wp-block-separator has-alpha-channel-opacity\"\/>\n<p>SAIBA MAIS<\/p>\n<p>Veja quanto o aumento no n\u00famero de deputados vai custar aos cofres p\u00fablicos<\/p>\n<h4 class=\"wp-block-heading\"><strong>FIQUE ON<\/strong><\/h4>\n<p>Fique ligado em tudo que acontece em Ribeir\u00e3o Preto e regi\u00e3o. Siga os perfis do\u00a0<strong>acidade on<\/strong>\u00a0no<a href=\"https:\/\/www.instagram.com\/acidadeonribeirao\">\u00a0Instagram<\/a>\u00a0e no\u00a0<a href=\"https:\/\/www.facebook.com\/acidadeonribeirao\/\">Facebook.<\/a><\/p>\n<p>Receba not\u00edcias do\u00a0<strong>acidade on\u00a0<\/strong>no WhatsApp.\u00a0<a href=\"https:\/\/chat.whatsapp.com\/BjKQZ9oJwlz8VVT50NuePq\">Para entrar no grupo, basta clicar aqui.<\/a><\/p>\n<p>Fa\u00e7a uma den\u00fancia ou sugira uma reportagem sobre Ribeir\u00e3o Preto e regi\u00e3o pelo WhatsApp: 16 99117 7802.<\/p>\n<p>VEJA TAMB\u00c9M<\/p>\n<p>Diogo Defante pediu as pizzas no show de Lady Gaga?<\/p>\n<p><!-- CONTENT END 1 -->\n<\/div>\n<p><script async src=\"\/\/www.instagram.com\/embed.js\"><\/script><br \/>\n<br \/><br \/>\n<br \/><a href=\"https:\/\/www.acidadeon.com\/ribeiraopreto\/politica\/secretaria-de-meio-ambiente-vai-mudar-de-nome-em-ribeirao-veja-o-motivo\/\">Source link <\/a><\/p>\n","protected":false},"excerpt":{"rendered":"<p>A Prefeitura de Ribeir\u00e3o Preto vai promover mudan\u00e7as na estrutura da Secretaria de Meio Ambiente. A pasta ser\u00e1 ampliada e passar\u00e1 a se chamar Secretaria&#8230;<\/p>\n","protected":false},"author":1,"featured_media":69603,"comment_status":"open","ping_status":"open","sticky":false,"template":"","format":"standard","meta":{"advanced_seo_description":"","jetpack_seo_html_title":"","jetpack_seo_noindex":false,"jetpack_post_was_ever_published":false,"_jetpack_newsletter_access":"","_jetpack_dont_email_post_to_subs":false,"_jetpack_newsletter_tier_id":0,"_jetpack_memberships_contains_paywalled_content":false,"_jetpack_memberships_contains_paid_content":false,"footnotes":"","jetpack_publicize_message":"","jetpack_publicize_feature_enabled":true,"jetpack_social_post_already_shared":true,"jetpack_social_options":{"image_generator_settings":{"template":"highway","default_image_id":0,"font":"","enabled":false},"version":2}},"categories":[11],"tags":[],"class_list":["post-69602","post","type-post","status-publish","format-standard","has-post-thumbnail","hentry","category-noticias-de-ribeirao-preto-sp-e-regiao-ismael-colosi"],"jetpack_publicize_connections":[],"jetpack_featured_media_url":"https:\/\/i0.wp.com\/noticiasribeiraopreto.com.br\/wp-content\/uploads\/2025\/05\/licenciamento_ambiental_-_foto_guilherme_sircili_150texto_2025-05-07_15-31-40.webp.webp?fit=1200%2C800&ssl=1","jetpack-related-posts":[{"id":75398,"url":"https:\/\/noticiasribeiraopreto.com.br\/index.php\/2025\/08\/08\/secretaria-elabora-plano-para-clima\/","url_meta":{"origin":69602,"position":0},"title":"Secretaria elabora plano para clima","author":"noticiasribeiraopreto.com.br","date":"8 de August de 2025","format":false,"excerpt":"Plano Municipal de Adapta\u00e7\u00e3o e Resili\u00eancia Clim\u00e1tica est\u00e1 em fase de constru\u00e7\u00e3o e vem sendo desenvolvido de forma multissetorial e participativa A prefeitura de Ribeir\u00e3o Preto, por meio da Secretaria Municipal de Meio Ambiente, est\u00e1 elaborando o primeiro Plano Municipal de Adapta\u00e7\u00e3o e Resili\u00eancia Clim\u00e1tica, instrumento estrat\u00e9gico que visa fortalecer\u2026","rel":"","context":"In &quot;Not\u00edcias de Ribeir\u00e3o Preto-SP e Regi\u00e3o&quot;","block_context":{"text":"Not\u00edcias de Ribeir\u00e3o Preto-SP e Regi\u00e3o","link":"https:\/\/noticiasribeiraopreto.com.br\/index.php\/category\/noticias-de-ribeirao-preto-sp-e-regiao-ismael-colosi\/"},"img":{"alt_text":"","src":"https:\/\/i0.wp.com\/noticiasribeiraopreto.com.br\/wp-content\/uploads\/2025\/08\/ClimaRP-Alfredo-Risk-scaled.jpg?fit=1170%2C780&ssl=1&resize=350%2C200","width":350,"height":200,"srcset":"https:\/\/i0.wp.com\/noticiasribeiraopreto.com.br\/wp-content\/uploads\/2025\/08\/ClimaRP-Alfredo-Risk-scaled.jpg?fit=1170%2C780&ssl=1&resize=350%2C200 1x, https:\/\/i0.wp.com\/noticiasribeiraopreto.com.br\/wp-content\/uploads\/2025\/08\/ClimaRP-Alfredo-Risk-scaled.jpg?fit=1170%2C780&ssl=1&resize=525%2C300 1.5x, https:\/\/i0.wp.com\/noticiasribeiraopreto.com.br\/wp-content\/uploads\/2025\/08\/ClimaRP-Alfredo-Risk-scaled.jpg?fit=1170%2C780&ssl=1&resize=700%2C400 2x, https:\/\/i0.wp.com\/noticiasribeiraopreto.com.br\/wp-content\/uploads\/2025\/08\/ClimaRP-Alfredo-Risk-scaled.jpg?fit=1170%2C780&ssl=1&resize=1050%2C600 3x"},"classes":[]},{"id":64517,"url":"https:\/\/noticiasribeiraopreto.com.br\/index.php\/2025\/03\/09\/secretaria-de-meio-ambiente-planeja-atingir-30-de-cobertura-vegetal-em-ribeirao-preto\/","url_meta":{"origin":69602,"position":1},"title":"Secretaria de Meio Ambiente planeja atingir 30% de cobertura vegetal em Ribeir\u00e3o Preto","author":"noticiasribeiraopreto.com.br","date":"9 de March de 2025","format":false,"excerpt":"Ribeir\u00e3o Preto, cidade conhecida pelo seu clima quente, enfrenta desafios significativos em rela\u00e7\u00e3o \u00e0 falta de arboriza\u00e7\u00e3o. Dados do \u00faltimo \u201cInvent\u00e1rio Amostral da Arboriza\u00e7\u00e3o de Acompanhamento Vi\u00e1rio de Ribeir\u00e3o Preto\u201d, mostram que o \u00edndice de cobertura vegetal na zona urbana do munic\u00edpio em meados de outubro de 2021, era de\u2026","rel":"","context":"In &quot;Not\u00edcias de Ribeir\u00e3o Preto-SP e Regi\u00e3o&quot;","block_context":{"text":"Not\u00edcias de Ribeir\u00e3o Preto-SP e Regi\u00e3o","link":"https:\/\/noticiasribeiraopreto.com.br\/index.php\/category\/noticias-de-ribeirao-preto-sp-e-regiao-ismael-colosi\/"},"img":{"alt_text":"","src":"https:\/\/i0.wp.com\/noticiasribeiraopreto.com.br\/wp-content\/uploads\/2025\/03\/arvores_plantio_1200x675_21092021161626.jpg?fit=1200%2C675&ssl=1&resize=350%2C200","width":350,"height":200,"srcset":"https:\/\/i0.wp.com\/noticiasribeiraopreto.com.br\/wp-content\/uploads\/2025\/03\/arvores_plantio_1200x675_21092021161626.jpg?fit=1200%2C675&ssl=1&resize=350%2C200 1x, https:\/\/i0.wp.com\/noticiasribeiraopreto.com.br\/wp-content\/uploads\/2025\/03\/arvores_plantio_1200x675_21092021161626.jpg?fit=1200%2C675&ssl=1&resize=525%2C300 1.5x, https:\/\/i0.wp.com\/noticiasribeiraopreto.com.br\/wp-content\/uploads\/2025\/03\/arvores_plantio_1200x675_21092021161626.jpg?fit=1200%2C675&ssl=1&resize=700%2C400 2x, https:\/\/i0.wp.com\/noticiasribeiraopreto.com.br\/wp-content\/uploads\/2025\/03\/arvores_plantio_1200x675_21092021161626.jpg?fit=1200%2C675&ssl=1&resize=1050%2C600 3x"},"classes":[]},{"id":75435,"url":"https:\/\/noticiasribeiraopreto.com.br\/index.php\/2025\/08\/08\/ribeirao-preto-elabora-plano-de-adaptacao-e-resiliencia-climatica-entenda-como-funciona\/","url_meta":{"origin":69602,"position":2},"title":"Ribeir\u00e3o Preto elabora Plano de Adapta\u00e7\u00e3o e Resili\u00eancia Clim\u00e1tica; entenda como funciona","author":"noticiasribeiraopreto.com.br","date":"8 de August de 2025","format":false,"excerpt":"A Secretaria de Meio Ambiente de Ribeir\u00e3o Preto est\u00e1 elaborando o primeiro Plano Municipal de Adapta\u00e7\u00e3o e Resili\u00eancia Clim\u00e1tica. Segundo a pasta, o plano vai funcionar como um instrumento estrat\u00e9gico que visa fortalecer a capacidade da cidade de enfrentar os efeitos das mudan\u00e7as clim\u00e1ticas e promover o desenvolvimento sustent\u00e1vel. O\u2026","rel":"","context":"In &quot;Not\u00edcias de Ribeir\u00e3o Preto-SP e Regi\u00e3o&quot;","block_context":{"text":"Not\u00edcias de Ribeir\u00e3o Preto-SP e Regi\u00e3o","link":"https:\/\/noticiasribeiraopreto.com.br\/index.php\/category\/noticias-de-ribeirao-preto-sp-e-regiao-ismael-colosi\/"},"img":{"alt_text":"","src":"https:\/\/i0.wp.com\/noticiasribeiraopreto.com.br\/wp-content\/uploads\/2025\/08\/licenciamento_ambiental_-_foto_guilherme_sircili_150texto_2025-05-07_15-31-40.webp.webp?fit=1200%2C800&ssl=1&resize=350%2C200","width":350,"height":200,"srcset":"https:\/\/i0.wp.com\/noticiasribeiraopreto.com.br\/wp-content\/uploads\/2025\/08\/licenciamento_ambiental_-_foto_guilherme_sircili_150texto_2025-05-07_15-31-40.webp.webp?fit=1200%2C800&ssl=1&resize=350%2C200 1x, https:\/\/i0.wp.com\/noticiasribeiraopreto.com.br\/wp-content\/uploads\/2025\/08\/licenciamento_ambiental_-_foto_guilherme_sircili_150texto_2025-05-07_15-31-40.webp.webp?fit=1200%2C800&ssl=1&resize=525%2C300 1.5x, https:\/\/i0.wp.com\/noticiasribeiraopreto.com.br\/wp-content\/uploads\/2025\/08\/licenciamento_ambiental_-_foto_guilherme_sircili_150texto_2025-05-07_15-31-40.webp.webp?fit=1200%2C800&ssl=1&resize=700%2C400 2x, https:\/\/i0.wp.com\/noticiasribeiraopreto.com.br\/wp-content\/uploads\/2025\/08\/licenciamento_ambiental_-_foto_guilherme_sircili_150texto_2025-05-07_15-31-40.webp.webp?fit=1200%2C800&ssl=1&resize=1050%2C600 3x"},"classes":[]},{"id":39862,"url":"https:\/\/noticiasribeiraopreto.com.br\/index.php\/2024\/02\/28\/prefeitura-realizara-2a-edicao-do-drive-thru-de-coleta-de-eletroeletronicos\/","url_meta":{"origin":69602,"position":3},"title":"Prefeitura realizar\u00e1 2\u00aa edi\u00e7\u00e3o do Drive-Thru de Coleta de Eletroeletr\u00f4nicos","author":"noticiasribeiraopreto.com.br","date":"28 de February de 2024","format":false,"excerpt":"28 de fevereiro de 2024 | 18:0027 de fevereiro de 2024 | 19:55 0A Secretaria da Infraestrutura, em parceria com a Associa\u00e7\u00e3o Brasileira de Reciclagem de Eletroeletr\u00f4nicos e Eletrodom\u00e9sticos (ABREE), realizar\u00e1 a 2\u00b0 edi\u00e7\u00e3o da campanha de arrecada\u00e7\u00e3o de eletroeletr\u00f4nicos e eletrodom\u00e9sticos p\u00f3s-consumo, no pr\u00f3ximo s\u00e1bado, 02 de mar\u00e7o, das\u2026","rel":"","context":"In &quot;Not\u00edcias de Ribeir\u00e3o Preto-SP e Regi\u00e3o&quot;","block_context":{"text":"Not\u00edcias de Ribeir\u00e3o Preto-SP e Regi\u00e3o","link":"https:\/\/noticiasribeiraopreto.com.br\/index.php\/category\/noticias-de-ribeirao-preto-sp-e-regiao-ismael-colosi\/"},"img":{"alt_text":"","src":"https:\/\/i0.wp.com\/noticiasribeiraopreto.com.br\/wp-content\/uploads\/2024\/02\/coleta_eletroeletronicos_-_copia-scaled.jpg?fit=873%2C645&ssl=1&resize=350%2C200","width":350,"height":200,"srcset":"https:\/\/i0.wp.com\/noticiasribeiraopreto.com.br\/wp-content\/uploads\/2024\/02\/coleta_eletroeletronicos_-_copia-scaled.jpg?fit=873%2C645&ssl=1&resize=350%2C200 1x, https:\/\/i0.wp.com\/noticiasribeiraopreto.com.br\/wp-content\/uploads\/2024\/02\/coleta_eletroeletronicos_-_copia-scaled.jpg?fit=873%2C645&ssl=1&resize=525%2C300 1.5x, https:\/\/i0.wp.com\/noticiasribeiraopreto.com.br\/wp-content\/uploads\/2024\/02\/coleta_eletroeletronicos_-_copia-scaled.jpg?fit=873%2C645&ssl=1&resize=700%2C400 2x"},"classes":[]},{"id":62605,"url":"https:\/\/noticiasribeiraopreto.com.br\/index.php\/2025\/01\/19\/prefeitura-de-ribeirao-preto-planeja-modernizar-zeladoria-e-expandir-infraestrutura-nos-bairros\/","url_meta":{"origin":69602,"position":4},"title":"Prefeitura de Ribeir\u00e3o Preto planeja modernizar zeladoria e expandir infraestrutura nos bairros","author":"noticiasribeiraopreto.com.br","date":"19 de January de 2025","format":false,"excerpt":"A Prefeitura de Ribeir\u00e3o Preto, por meio da secretaria de Infraestrutura, planeja modernizar e expandir os servi\u00e7os de zeladoria e infraestrutura em todos os bairros da cidade. O objetivo, de acordo a secret\u00e1ria de Infraestrutura, Juliana Ogawa, \u00e9 promover uma gest\u00e3o mais eficiente, com maior celeridade nos processos e maior\u2026","rel":"","context":"In &quot;Not\u00edcias de Ribeir\u00e3o Preto-SP e Regi\u00e3o&quot;","block_context":{"text":"Not\u00edcias de Ribeir\u00e3o Preto-SP e Regi\u00e3o","link":"https:\/\/noticiasribeiraopreto.com.br\/index.php\/category\/noticias-de-ribeirao-preto-sp-e-regiao-ismael-colosi\/"},"img":{"alt_text":"","src":"https:\/\/i0.wp.com\/noticiasribeiraopreto.com.br\/wp-content\/uploads\/2025\/01\/ribeirao_preto_1024x576_13032021005744.jpg?fit=1024%2C576&ssl=1&resize=350%2C200","width":350,"height":200,"srcset":"https:\/\/i0.wp.com\/noticiasribeiraopreto.com.br\/wp-content\/uploads\/2025\/01\/ribeirao_preto_1024x576_13032021005744.jpg?fit=1024%2C576&ssl=1&resize=350%2C200 1x, https:\/\/i0.wp.com\/noticiasribeiraopreto.com.br\/wp-content\/uploads\/2025\/01\/ribeirao_preto_1024x576_13032021005744.jpg?fit=1024%2C576&ssl=1&resize=525%2C300 1.5x, https:\/\/i0.wp.com\/noticiasribeiraopreto.com.br\/wp-content\/uploads\/2025\/01\/ribeirao_preto_1024x576_13032021005744.jpg?fit=1024%2C576&ssl=1&resize=700%2C400 2x"},"classes":[]},{"id":75732,"url":"https:\/\/noticiasribeiraopreto.com.br\/index.php\/2025\/08\/14\/reforma-administrativa-de-ribeirao-preve-novas-secretarias-e-corte-de-98-cargos\/","url_meta":{"origin":69602,"position":5},"title":"Reforma administrativa de Ribeir\u00e3o prev\u00ea novas secretarias e corte de 98 cargos","author":"noticiasribeiraopreto.com.br","date":"14 de August de 2025","format":false,"excerpt":"A Prefeitura de Ribeir\u00e3o Preto encaminhou para C\u00e2mara, na \u00faltima quarta-feira (13), os tr\u00eas projetos de lei da nova reforma administrativa. Segundo a proposta do Executivo, ser\u00e3o reduzidos 98 cargos, incluindo comissionados, fun\u00e7\u00f5es de confian\u00e7a e atividades gratificadas. Com isso, essas fun\u00e7\u00f5es passam de 882 para 784. Al\u00e9m disso, a\u2026","rel":"","context":"In &quot;Not\u00edcias de Ribeir\u00e3o Preto-SP e Regi\u00e3o&quot;","block_context":{"text":"Not\u00edcias de Ribeir\u00e3o Preto-SP e Regi\u00e3o","link":"https:\/\/noticiasribeiraopreto.com.br\/index.php\/category\/noticias-de-ribeirao-preto-sp-e-regiao-ismael-colosi\/"},"img":{"alt_text":"","src":"https:\/\/i0.wp.com\/noticiasribeiraopreto.com.br\/wp-content\/uploads\/2025\/08\/centroa-administrativo-ribeirao-preto.jpg?fit=1200%2C606&ssl=1&resize=350%2C200","width":350,"height":200,"srcset":"https:\/\/i0.wp.com\/noticiasribeiraopreto.com.br\/wp-content\/uploads\/2025\/08\/centroa-administrativo-ribeirao-preto.jpg?fit=1200%2C606&ssl=1&resize=350%2C200 1x, https:\/\/i0.wp.com\/noticiasribeiraopreto.com.br\/wp-content\/uploads\/2025\/08\/centroa-administrativo-ribeirao-preto.jpg?fit=1200%2C606&ssl=1&resize=525%2C300 1.5x, https:\/\/i0.wp.com\/noticiasribeiraopreto.com.br\/wp-content\/uploads\/2025\/08\/centroa-administrativo-ribeirao-preto.jpg?fit=1200%2C606&ssl=1&resize=700%2C400 2x, https:\/\/i0.wp.com\/noticiasribeiraopreto.com.br\/wp-content\/uploads\/2025\/08\/centroa-administrativo-ribeirao-preto.jpg?fit=1200%2C606&ssl=1&resize=1050%2C600 3x"},"classes":[]}],"jetpack_sharing_enabled":true,"jetpack_shortlink":"https:\/\/wp.me\/peQAOb-i6C","_links":{"self":[{"href":"https:\/\/noticiasribeiraopreto.com.br\/index.php\/wp-json\/wp\/v2\/posts\/69602","targetHints":{"allow":["GET"]}}],"collection":[{"href":"https:\/\/noticiasribeiraopreto.com.br\/index.php\/wp-json\/wp\/v2\/posts"}],"about":[{"href":"https:\/\/noticiasribeiraopreto.com.br\/index.php\/wp-json\/wp\/v2\/types\/post"}],"author":[{"embeddable":true,"href":"https:\/\/noticiasribeiraopreto.com.br\/index.php\/wp-json\/wp\/v2\/users\/1"}],"replies":[{"embeddable":true,"href":"https:\/\/noticiasribeiraopreto.com.br\/index.php\/wp-json\/wp\/v2\/comments?post=69602"}],"version-history":[{"count":0,"href":"https:\/\/noticiasribeiraopreto.com.br\/index.php\/wp-json\/wp\/v2\/posts\/69602\/revisions"}],"wp:featuredmedia":[{"embeddable":true,"href":"https:\/\/noticiasribeiraopreto.com.br\/index.php\/wp-json\/wp\/v2\/media\/69603"}],"wp:attachment":[{"href":"https:\/\/noticiasribeiraopreto.com.br\/index.php\/wp-json\/wp\/v2\/media?parent=69602"}],"wp:term":[{"taxonomy":"category","embeddable":true,"href":"https:\/\/noticiasribeiraopreto.com.br\/index.php\/wp-json\/wp\/v2\/categories?post=69602"},{"taxonomy":"post_tag","embeddable":true,"href":"https:\/\/noticiasribeiraopreto.com.br\/index.php\/wp-json\/wp\/v2\/tags?post=69602"}],"curies":[{"name":"wp","href":"https:\/\/api.w.org\/{rel}","templated":true}]}}