{"id":69604,"date":"2025-05-07T14:20:11","date_gmt":"2025-05-07T17:20:11","guid":{"rendered":"https:\/\/noticiasribeiraopreto.com.br\/index.php\/2025\/05\/07\/dia-das-maes-em-ribeirao-preto-movimento-nos-restaurantes-e-bares-deve-crescer-30\/"},"modified":"2025-05-07T14:20:11","modified_gmt":"2025-05-07T17:20:11","slug":"dia-das-maes-em-ribeirao-preto-movimento-nos-restaurantes-e-bares-deve-crescer-30","status":"publish","type":"post","link":"https:\/\/noticiasribeiraopreto.com.br\/index.php\/2025\/05\/07\/dia-das-maes-em-ribeirao-preto-movimento-nos-restaurantes-e-bares-deve-crescer-30\/","title":{"rendered":"Dia das M\u00e3es em Ribeir\u00e3o Preto: movimento nos restaurantes e bares deve crescer 30%"},"content":{"rendered":"<p> <br \/>\n<\/p>\n<div data-td-block-uid=\"tdi_95\">\n<div class=\"tdb-block-inner td-fix-index\">\n<p>O <strong>Dia das M\u00e3es<\/strong>, comemorado no pr\u00f3ximo domingo (11),<mark style=\"background-color:#fcb900\" class=\"has-inline-color has-black-color\"> deve aumentar em 30% o movimento em bares e restaurantes<\/mark> de <strong>Ribeir\u00e3o Preto<\/strong>. A estimativa \u00e9 da <strong>Abrasel (Associa\u00e7\u00e3o Brasileira de Bares e Restaurantes) Alta Mogiana<\/strong>, que prev\u00ea o aumento em compara\u00e7\u00e3o com os domingos convencionais.<\/p>\n<p>A estimativa tem como base o comportamento de consumo da data, que \u00e9 considerada a segunda mais importante para o setor, atr\u00e1s apenas do Dia dos Namorados.<\/p>\n<p>Segundo a Abrasel, muitos filhos e filhas aproveitam a data para comemorar fora de casa, n\u00e3o apenas como uma forma de celebrar, mas tamb\u00e9m de oferecer uma experi\u00eancia especial \u00e0s m\u00e3es.<\/p>\n<p>\u201cO Dia das M\u00e3es \u00e9 uma data afetiva, de encontro e de valoriza\u00e7\u00e3o da fam\u00edlia. Cada vez mais as pessoas optam por proporcionar conforto e praticidade \u00e0s m\u00e3es, escolhendo ambientes acolhedores para viver esse momento\u201d, afirma Renato Munhoz, presidente da entidade.<\/p>\n<p><mark style=\"background-color:#fcb900\" class=\"has-inline-color has-black-color\">A recomenda\u00e7\u00e3o \u00e9 que os consumidores fa\u00e7am reservas com anteced\u00eancia<\/mark> para evitar filas e frustra\u00e7\u00f5es. \u201cQuem pretende sair para almo\u00e7ar com a m\u00e3e deve se programar. Os melhores hor\u00e1rios costumam ser preenchidos rapidamente. Nossa orienta\u00e7\u00e3o \u00e9: ligue antes, garanta seu lugar e aproveite a data com tranquilidade\u201d, completa.<\/p>\n<p>SAIBA MAIS<br \/>Frente fria avan\u00e7a e semana pode terminar com chuva e frio; Veja previs\u00e3o no estado de SP<\/p>\n<h2 class=\"wp-block-heading\"><strong>FIQUE ON<\/strong><\/h2>\n<p>Fique ligado em tudo que acontece em Ribeir\u00e3o Preto e regi\u00e3o. Siga os perfis do\u00a0<strong>acidade on<\/strong>\u00a0no<a href=\"https:\/\/www.instagram.com\/acidadeonribeirao\">\u00a0Instagram<\/a>\u00a0e no\u00a0<a href=\"https:\/\/www.facebook.com\/acidadeonribeirao\/\">Facebook.<\/a><\/p>\n<p>Receba not\u00edcias do\u00a0<strong>acidade on\u00a0<\/strong>no WhatsApp.\u00a0<a href=\"https:\/\/chat.whatsapp.com\/BjKQZ9oJwlz8VVT50NuePq\">Para entrar no grupo, basta clicar aqui.<\/a><\/p>\n<p>Fa\u00e7a uma den\u00fancia ou sugira uma reportagem sobre Ribeir\u00e3o Preto e regi\u00e3o pelo WhatsApp: 16 99117 7802.<\/p>\n<p>VEJA TAMB\u00c9M<br \/>O que \u00e9 a s\u00edndrome de Boreout?<\/p>\n<p><!-- CONTENT END 2 -->\n<\/div>\n<\/div>\n<p><script async src=\"\/\/www.instagram.com\/embed.js\"><\/script><br \/>\n<br \/><br \/>\n<br \/><a href=\"https:\/\/www.acidadeon.com\/ribeiraopreto\/economia\/dia-das-maes-em-ribeirao-preto-movimento-nos-restaurantes-e-bares-deve-crescer-30\/\">Source link <\/a><\/p>\n","protected":false},"excerpt":{"rendered":"<p>O Dia das M\u00e3es, comemorado no pr\u00f3ximo domingo (11), deve aumentar em 30% o movimento em bares e restaurantes de Ribeir\u00e3o Preto. A estimativa \u00e9&#8230;<\/p>\n","protected":false},"author":1,"featured_media":69605,"comment_status":"open","ping_status":"open","sticky":false,"template":"","format":"standard","meta":{"advanced_seo_description":"","jetpack_seo_html_title":"","jetpack_seo_noindex":false,"jetpack_post_was_ever_published":false,"_jetpack_newsletter_access":"","_jetpack_dont_email_post_to_subs":false,"_jetpack_newsletter_tier_id":0,"_jetpack_memberships_contains_paywalled_content":false,"_jetpack_memberships_contains_paid_content":false,"footnotes":"","jetpack_publicize_message":"","jetpack_publicize_feature_enabled":true,"jetpack_social_post_already_shared":true,"jetpack_social_options":{"image_generator_settings":{"template":"highway","default_image_id":0,"font":"","enabled":false},"version":2}},"categories":[11],"tags":[],"class_list":["post-69604","post","type-post","status-publish","format-standard","has-post-thumbnail","hentry","category-noticias-de-ribeirao-preto-sp-e-regiao-ismael-colosi"],"jetpack_publicize_connections":[],"jetpack_featured_media_url":"https:\/\/i0.wp.com\/noticiasribeiraopreto.com.br\/wp-content\/uploads\/2025\/05\/restaurantes_2025-05-07_14-57-27.webp.webp?fit=1117%2C744&ssl=1","jetpack-related-posts":[{"id":61365,"url":"https:\/\/noticiasribeiraopreto.com.br\/index.php\/2024\/12\/10\/bares-e-restaurantes-de-ribeirao-tem-crescimento-de-50-com-festas-de-fim-de-ano\/","url_meta":{"origin":69604,"position":0},"title":"Bares e restaurantes de Ribeir\u00e3o t\u00eam crescimento de 50% com festas de fim de ano","author":"noticiasribeiraopreto.com.br","date":"10 de December de 2024","format":false,"excerpt":"A Abrasel (Associa\u00e7\u00e3o Brasileira de Bares e Restaurantes) da Alta Mogiana, regi\u00e3o que compreende Ribeir\u00e3o Preto, informou que o setor registrou crescimento de 50% em dezembro. Segundo a entidade, o per\u00edodo \u00e9 o mais aquecido para bares e restaurantes, superando at\u00e9 mesmo datas como o Dia dos Namorados e o\u2026","rel":"","context":"In &quot;Not\u00edcias de Ribeir\u00e3o Preto-SP e Regi\u00e3o&quot;","block_context":{"text":"Not\u00edcias de Ribeir\u00e3o Preto-SP e Regi\u00e3o","link":"https:\/\/noticiasribeiraopreto.com.br\/index.php\/category\/noticias-de-ribeirao-preto-sp-e-regiao-ismael-colosi\/"},"img":{"alt_text":"","src":"https:\/\/i0.wp.com\/noticiasribeiraopreto.com.br\/wp-content\/uploads\/2024\/12\/Jovens-tomando-cerveja.jpg?fit=1200%2C800&ssl=1&resize=350%2C200","width":350,"height":200,"srcset":"https:\/\/i0.wp.com\/noticiasribeiraopreto.com.br\/wp-content\/uploads\/2024\/12\/Jovens-tomando-cerveja.jpg?fit=1200%2C800&ssl=1&resize=350%2C200 1x, https:\/\/i0.wp.com\/noticiasribeiraopreto.com.br\/wp-content\/uploads\/2024\/12\/Jovens-tomando-cerveja.jpg?fit=1200%2C800&ssl=1&resize=525%2C300 1.5x, https:\/\/i0.wp.com\/noticiasribeiraopreto.com.br\/wp-content\/uploads\/2024\/12\/Jovens-tomando-cerveja.jpg?fit=1200%2C800&ssl=1&resize=700%2C400 2x, https:\/\/i0.wp.com\/noticiasribeiraopreto.com.br\/wp-content\/uploads\/2024\/12\/Jovens-tomando-cerveja.jpg?fit=1200%2C800&ssl=1&resize=1050%2C600 3x"},"classes":[]},{"id":68204,"url":"https:\/\/noticiasribeiraopreto.com.br\/index.php\/2025\/04\/23\/saiba-o-impacto-da-agrishow-nas-vendas-de-bares-e-restaurantes-em-ribeirao-preto\/","url_meta":{"origin":69604,"position":1},"title":"Saiba o impacto da Agrishow nas vendas de bares e restaurantes em Ribeir\u00e3o Preto","author":"noticiasribeiraopreto.com.br","date":"23 de April de 2025","format":false,"excerpt":"O setor de bares e restaurantes espera aumento de 30% nas vendas durante a Agrishow. A feira acontece em Ribeir\u00e3o Preto entre os dias 28 de abril e 2 de maio. Segundo a Abrasel (Associa\u00e7\u00e3o Brasileira de Bares e Restaurantes) Alta Mogiana, o maior volume de vendas deve acontecer entre\u2026","rel":"","context":"In &quot;Not\u00edcias de Ribeir\u00e3o Preto-SP e Regi\u00e3o&quot;","block_context":{"text":"Not\u00edcias de Ribeir\u00e3o Preto-SP e Regi\u00e3o","link":"https:\/\/noticiasribeiraopreto.com.br\/index.php\/category\/noticias-de-ribeirao-preto-sp-e-regiao-ismael-colosi\/"},"img":{"alt_text":"","src":"https:\/\/i0.wp.com\/noticiasribeiraopreto.com.br\/wp-content\/uploads\/2025\/04\/bares_2025-04-23_13-12-32.webp.webp?fit=1200%2C800&ssl=1&resize=350%2C200","width":350,"height":200,"srcset":"https:\/\/i0.wp.com\/noticiasribeiraopreto.com.br\/wp-content\/uploads\/2025\/04\/bares_2025-04-23_13-12-32.webp.webp?fit=1200%2C800&ssl=1&resize=350%2C200 1x, https:\/\/i0.wp.com\/noticiasribeiraopreto.com.br\/wp-content\/uploads\/2025\/04\/bares_2025-04-23_13-12-32.webp.webp?fit=1200%2C800&ssl=1&resize=525%2C300 1.5x, https:\/\/i0.wp.com\/noticiasribeiraopreto.com.br\/wp-content\/uploads\/2025\/04\/bares_2025-04-23_13-12-32.webp.webp?fit=1200%2C800&ssl=1&resize=700%2C400 2x, https:\/\/i0.wp.com\/noticiasribeiraopreto.com.br\/wp-content\/uploads\/2025\/04\/bares_2025-04-23_13-12-32.webp.webp?fit=1200%2C800&ssl=1&resize=1050%2C600 3x"},"classes":[]},{"id":59859,"url":"https:\/\/noticiasribeiraopreto.com.br\/index.php\/2024\/10\/31\/donos-de-bares-e-restaurantes-discutem-o-futuro-do-setor-em-ribeirao-preto\/","url_meta":{"origin":69604,"position":2},"title":"Donos de bares e restaurantes discutem o futuro do setor em Ribeir\u00e3o Preto","author":"noticiasribeiraopreto.com.br","date":"31 de October de 2024","format":false,"excerpt":"A Abrasel (Associa\u00e7\u00e3o Brasileira de Bares e Restaurantes) Alta Mogiana realiza na pr\u00f3xima segunda-feira (4) a conven\u00e7\u00e3o anual, reunindo empres\u00e1rios e profissionais do setor de bares, restaurantes e alimenta\u00e7\u00e3o fora do lar em Ribeir\u00e3o Preto. O evento \u00e9 uma oportunidade para fomentar o desenvolvimento do setor, com palestras, debates e\u2026","rel":"","context":"In &quot;Not\u00edcias de Ribeir\u00e3o Preto-SP e Regi\u00e3o&quot;","block_context":{"text":"Not\u00edcias de Ribeir\u00e3o Preto-SP e Regi\u00e3o","link":"https:\/\/noticiasribeiraopreto.com.br\/index.php\/category\/noticias-de-ribeirao-preto-sp-e-regiao-ismael-colosi\/"},"img":{"alt_text":"","src":"https:\/\/i0.wp.com\/noticiasribeiraopreto.com.br\/wp-content\/uploads\/2024\/10\/abrasel-1_2024-10-31_14-58-27_jpg_2024-10-31_14-58-27.webp.webp?fit=1200%2C799&ssl=1&resize=350%2C200","width":350,"height":200,"srcset":"https:\/\/i0.wp.com\/noticiasribeiraopreto.com.br\/wp-content\/uploads\/2024\/10\/abrasel-1_2024-10-31_14-58-27_jpg_2024-10-31_14-58-27.webp.webp?fit=1200%2C799&ssl=1&resize=350%2C200 1x, https:\/\/i0.wp.com\/noticiasribeiraopreto.com.br\/wp-content\/uploads\/2024\/10\/abrasel-1_2024-10-31_14-58-27_jpg_2024-10-31_14-58-27.webp.webp?fit=1200%2C799&ssl=1&resize=525%2C300 1.5x, https:\/\/i0.wp.com\/noticiasribeiraopreto.com.br\/wp-content\/uploads\/2024\/10\/abrasel-1_2024-10-31_14-58-27_jpg_2024-10-31_14-58-27.webp.webp?fit=1200%2C799&ssl=1&resize=700%2C400 2x, https:\/\/i0.wp.com\/noticiasribeiraopreto.com.br\/wp-content\/uploads\/2024\/10\/abrasel-1_2024-10-31_14-58-27_jpg_2024-10-31_14-58-27.webp.webp?fit=1200%2C799&ssl=1&resize=1050%2C600 3x"},"classes":[]},{"id":60327,"url":"https:\/\/noticiasribeiraopreto.com.br\/index.php\/2024\/11\/11\/bares-e-restaurantes-de-ribeirao-preveem-aumento-de-contratacoes-para-o-final-de-ano\/","url_meta":{"origin":69604,"position":3},"title":"Bares e restaurantes de Ribeir\u00e3o preveem aumento de contrata\u00e7\u00f5es para o final de ano","author":"noticiasribeiraopreto.com.br","date":"11 de November de 2024","format":false,"excerpt":"O setor de bares e restaurantes de Ribeir\u00e3o Preto se prepara para a chegada das festas de final de ano e temporada de f\u00e9rias. S\u00e3o esperados um crescimento de, pelo menos, 30% nas vendas em compara\u00e7\u00e3o com o mesmo per\u00edodo do ano passado. O fluxo de clientes e o poder\u2026","rel":"","context":"In &quot;Not\u00edcias de Ribeir\u00e3o Preto-SP e Regi\u00e3o&quot;","block_context":{"text":"Not\u00edcias de Ribeir\u00e3o Preto-SP e Regi\u00e3o","link":"https:\/\/noticiasribeiraopreto.com.br\/index.php\/category\/noticias-de-ribeirao-preto-sp-e-regiao-ismael-colosi\/"},"img":{"alt_text":"","src":"https:\/\/i0.wp.com\/noticiasribeiraopreto.com.br\/wp-content\/uploads\/2024\/11\/side-view-male-chef-flambeing-dish_2024-11-11_18-13-19_jpg_2024-11-11_18-13-21-scaled.webp.webp?fit=1200%2C798&ssl=1&resize=350%2C200","width":350,"height":200,"srcset":"https:\/\/i0.wp.com\/noticiasribeiraopreto.com.br\/wp-content\/uploads\/2024\/11\/side-view-male-chef-flambeing-dish_2024-11-11_18-13-19_jpg_2024-11-11_18-13-21-scaled.webp.webp?fit=1200%2C798&ssl=1&resize=350%2C200 1x, https:\/\/i0.wp.com\/noticiasribeiraopreto.com.br\/wp-content\/uploads\/2024\/11\/side-view-male-chef-flambeing-dish_2024-11-11_18-13-19_jpg_2024-11-11_18-13-21-scaled.webp.webp?fit=1200%2C798&ssl=1&resize=525%2C300 1.5x, https:\/\/i0.wp.com\/noticiasribeiraopreto.com.br\/wp-content\/uploads\/2024\/11\/side-view-male-chef-flambeing-dish_2024-11-11_18-13-19_jpg_2024-11-11_18-13-21-scaled.webp.webp?fit=1200%2C798&ssl=1&resize=700%2C400 2x, https:\/\/i0.wp.com\/noticiasribeiraopreto.com.br\/wp-content\/uploads\/2024\/11\/side-view-male-chef-flambeing-dish_2024-11-11_18-13-19_jpg_2024-11-11_18-13-21-scaled.webp.webp?fit=1200%2C798&ssl=1&resize=1050%2C600 3x"},"classes":[]},{"id":63007,"url":"https:\/\/noticiasribeiraopreto.com.br\/index.php\/2025\/01\/30\/bares-e-restaurantes-projetam-aumento-de-vagas-para-formacao-de-profissionais-em-ribeirao\/","url_meta":{"origin":69604,"position":4},"title":"Bares e restaurantes projetam aumento de vagas para forma\u00e7\u00e3o de profissionais em Ribeir\u00e3o","author":"noticiasribeiraopreto.com.br","date":"30 de January de 2025","format":false,"excerpt":"O setor de bares e restaurantes projeta o aumento de vagas para forma\u00e7\u00e3o de profissionais em Ribeir\u00e3o Preto. Os cursos s\u00e3o gratuitos para os alunos e, em 2025, podem chegar 750 vagas dispon\u00edveis. Os cursos s\u00e3o ministrados pela Abrasel (Associa\u00e7\u00e3o Brasileira de Bares e Restaurantes) em parceria com o Senac\u2026","rel":"","context":"In &quot;Not\u00edcias de Ribeir\u00e3o Preto-SP e Regi\u00e3o&quot;","block_context":{"text":"Not\u00edcias de Ribeir\u00e3o Preto-SP e Regi\u00e3o","link":"https:\/\/noticiasribeiraopreto.com.br\/index.php\/category\/noticias-de-ribeirao-preto-sp-e-regiao-ismael-colosi\/"},"img":{"alt_text":"","src":"https:\/\/i0.wp.com\/noticiasribeiraopreto.com.br\/wp-content\/uploads\/2025\/01\/Jovens-tomando-cerveja.jpg?fit=1200%2C800&ssl=1&resize=350%2C200","width":350,"height":200,"srcset":"https:\/\/i0.wp.com\/noticiasribeiraopreto.com.br\/wp-content\/uploads\/2025\/01\/Jovens-tomando-cerveja.jpg?fit=1200%2C800&ssl=1&resize=350%2C200 1x, https:\/\/i0.wp.com\/noticiasribeiraopreto.com.br\/wp-content\/uploads\/2025\/01\/Jovens-tomando-cerveja.jpg?fit=1200%2C800&ssl=1&resize=525%2C300 1.5x, https:\/\/i0.wp.com\/noticiasribeiraopreto.com.br\/wp-content\/uploads\/2025\/01\/Jovens-tomando-cerveja.jpg?fit=1200%2C800&ssl=1&resize=700%2C400 2x, https:\/\/i0.wp.com\/noticiasribeiraopreto.com.br\/wp-content\/uploads\/2025\/01\/Jovens-tomando-cerveja.jpg?fit=1200%2C800&ssl=1&resize=1050%2C600 3x"},"classes":[]},{"id":13429,"url":"https:\/\/noticiasribeiraopreto.com.br\/index.php\/2023\/12\/10\/stf-nega-indenizacao-para-bares-e-restaurantes-de-ribeirao-fechados-na-pandemia\/","url_meta":{"origin":69604,"position":5},"title":"STF nega indeniza\u00e7\u00e3o para bares e restaurantes de Ribeir\u00e3o fechados na pandemia","author":"noticiasribeiraopreto.com.br","date":"10 de December de 2023","format":false,"excerpt":"O ministro Andr\u00e9 Mendon\u00e7a, do STF (Supremo Tribunal Federal), negou um pedido da Abrasel (Associa\u00e7\u00e3o Brasileira de Bares e Restaurantes) para que o Governo de S\u00e3o Paulo e a Prefeitura de Ribeir\u00e3o Preto paguem uma indeniza\u00e7\u00e3o aos estabelecimentos por conta do fechamento durante a pandemia da covid-19. Na decis\u00e3o, publicada\u2026","rel":"","context":"In &quot;Not\u00edcias de Ribeir\u00e3o Preto-SP e Regi\u00e3o&quot;","block_context":{"text":"Not\u00edcias de Ribeir\u00e3o Preto-SP e Regi\u00e3o","link":"https:\/\/noticiasribeiraopreto.com.br\/index.php\/category\/noticias-de-ribeirao-preto-sp-e-regiao-ismael-colosi\/"},"img":{"alt_text":"","src":"https:\/\/i0.wp.com\/noticiasribeiraopreto.com.br\/wp-content\/uploads\/2023\/12\/restaurante.jpg?fit=1200%2C800&ssl=1&resize=350%2C200","width":350,"height":200,"srcset":"https:\/\/i0.wp.com\/noticiasribeiraopreto.com.br\/wp-content\/uploads\/2023\/12\/restaurante.jpg?fit=1200%2C800&ssl=1&resize=350%2C200 1x, https:\/\/i0.wp.com\/noticiasribeiraopreto.com.br\/wp-content\/uploads\/2023\/12\/restaurante.jpg?fit=1200%2C800&ssl=1&resize=525%2C300 1.5x, https:\/\/i0.wp.com\/noticiasribeiraopreto.com.br\/wp-content\/uploads\/2023\/12\/restaurante.jpg?fit=1200%2C800&ssl=1&resize=700%2C400 2x, https:\/\/i0.wp.com\/noticiasribeiraopreto.com.br\/wp-content\/uploads\/2023\/12\/restaurante.jpg?fit=1200%2C800&ssl=1&resize=1050%2C600 3x"},"classes":[]}],"jetpack_sharing_enabled":true,"jetpack_shortlink":"https:\/\/wp.me\/peQAOb-i6E","_links":{"self":[{"href":"https:\/\/noticiasribeiraopreto.com.br\/index.php\/wp-json\/wp\/v2\/posts\/69604","targetHints":{"allow":["GET"]}}],"collection":[{"href":"https:\/\/noticiasribeiraopreto.com.br\/index.php\/wp-json\/wp\/v2\/posts"}],"about":[{"href":"https:\/\/noticiasribeiraopreto.com.br\/index.php\/wp-json\/wp\/v2\/types\/post"}],"author":[{"embeddable":true,"href":"https:\/\/noticiasribeiraopreto.com.br\/index.php\/wp-json\/wp\/v2\/users\/1"}],"replies":[{"embeddable":true,"href":"https:\/\/noticiasribeiraopreto.com.br\/index.php\/wp-json\/wp\/v2\/comments?post=69604"}],"version-history":[{"count":0,"href":"https:\/\/noticiasribeiraopreto.com.br\/index.php\/wp-json\/wp\/v2\/posts\/69604\/revisions"}],"wp:featuredmedia":[{"embeddable":true,"href":"https:\/\/noticiasribeiraopreto.com.br\/index.php\/wp-json\/wp\/v2\/media\/69605"}],"wp:attachment":[{"href":"https:\/\/noticiasribeiraopreto.com.br\/index.php\/wp-json\/wp\/v2\/media?parent=69604"}],"wp:term":[{"taxonomy":"category","embeddable":true,"href":"https:\/\/noticiasribeiraopreto.com.br\/index.php\/wp-json\/wp\/v2\/categories?post=69604"},{"taxonomy":"post_tag","embeddable":true,"href":"https:\/\/noticiasribeiraopreto.com.br\/index.php\/wp-json\/wp\/v2\/tags?post=69604"}],"curies":[{"name":"wp","href":"https:\/\/api.w.org\/{rel}","templated":true}]}}