{"id":69608,"date":"2025-05-07T14:37:28","date_gmt":"2025-05-07T17:37:28","guid":{"rendered":"https:\/\/noticiasribeiraopreto.com.br\/index.php\/2025\/05\/07\/xico-sa-e-luciana-mello-participam-de-feira-do-livro-na-regiao-de-ribeirao-preto\/"},"modified":"2025-05-07T14:37:28","modified_gmt":"2025-05-07T17:37:28","slug":"xico-sa-e-luciana-mello-participam-de-feira-do-livro-na-regiao-de-ribeirao-preto","status":"publish","type":"post","link":"https:\/\/noticiasribeiraopreto.com.br\/index.php\/2025\/05\/07\/xico-sa-e-luciana-mello-participam-de-feira-do-livro-na-regiao-de-ribeirao-preto\/","title":{"rendered":"Xico S\u00e1 e Luciana Mello participam de feira do livro na regi\u00e3o de Ribeir\u00e3o Preto"},"content":{"rendered":"<p> <br \/>\n<\/p>\n<div data-td-block-uid=\"tdi_95\">\n<div class=\"tdb-block-inner td-fix-index\">\n<p>Entre os dias <strong>8 e 11 de maio<\/strong>, Guar\u00e1, cidade na regi\u00e3o de Ribeir\u00e3o Preto, recebe a <strong>7\u00aa edi\u00e7\u00e3o<\/strong> da <strong>Feira do Livro<\/strong>. Neste ano, a obra do escritor e desenhista <strong>Mauricio de Sousa<\/strong> \u00e9 homenageada. A programa\u00e7\u00e3o \u00e9 <strong>gratuita<\/strong> e acontece na <strong>pra\u00e7a Nove de Julho<\/strong>.<\/p>\n<p>O evento receber\u00e1 nomes como o escritor <strong>Marcelino Freire<\/strong>, o jornalista <strong>Xico S\u00e1<\/strong>, o grupo <strong>Dem\u00f4nios da Garoa<\/strong> e a cantora <strong>Luciana Mello<\/strong>. Al\u00e9m disso, a programa\u00e7\u00e3o conta com espet\u00e1culos circenses e teatrais, palestras, conta\u00e7\u00e3o de hist\u00f3rias, saraus e homenagens a professores e servidores da educa\u00e7\u00e3o. Veja programa\u00e7\u00e3o completa:<\/p>\n<h2 class=\"wp-block-heading\"><strong>Quinta-feira (8)<\/strong><\/h2>\n<ul class=\"wp-block-list\">\n<li><strong>8h, 10h e 13h30:<\/strong>\u00a0Espet\u00e1culo teatral\u00a0<em>\u201cO patinho Feio \u2013 uma jornada al\u00e9m da escurid\u00e3o\u201d<\/em>, com Cia Teatral Viajantes\u00a0<strong>|<\/strong>\u00a0Palco principal (Pra\u00e7a Nove de Julho)<\/li>\n<li><strong>8h, 10h e 15h:\u00a0<\/strong>Conta\u00e7\u00e3o de Hist\u00f3ria\u00a0<em>\u201cTodo mundo quer a vida que um gato tem\u201d<\/em>, com Grupo Gorki\u00a0<strong>|<\/strong>\u00a0Par\u00f3quia<\/li>\n<li><strong>14h30:<\/strong>\u00a0Show musical Infantil\u00a0<em>\u201cShowzinho que deu pra fazer\u201d<\/em>, com Cia. N\u00f3s Mesmo Que Somos A Gente\u00a0<strong>|<\/strong>\u00a0Usina do Saber<\/li>\n<li><strong>19h30:<\/strong>\u00a0Banda Marcial de Guar\u00e1\u00a0<strong>|<\/strong>\u00a0Palco principal (Pra\u00e7a Nove de Julho)<\/li>\n<li><strong>20h:<\/strong>\u00a0Abertura oficial\u00a0<strong>|<\/strong>\u00a0Palco principal (Pra\u00e7a Nove de Julho)<\/li>\n<li><strong>20h30:<\/strong>\u00a0Homenagem \u00e0 Dalva Lucila Louren\u00e7o Chaud\u00a0<strong>|<\/strong>\u00a0Palco principal (Pra\u00e7a Nove de Julho)<\/li>\n<li><strong>21h:<\/strong>\u00a0Show\u00a0<em>\u201cAc\u00fastico de viol\u00e3o e viola\u201d<\/em>, com Felipe e Miguel\u00a0<strong>|<\/strong>\u00a0Palco Principal (Pra\u00e7a Nove de Julho)<\/li>\n<li><strong>21h30:<\/strong>\u00a0Show musical\u00a0<em>\u201cFesta na Ro\u00e7a\u201d<\/em>, com Joaquim e Jos\u00e9\u00a0<strong>|<\/strong>\u00a0Palco principal (Pra\u00e7a Nove de Julho)<\/li>\n<\/ul>\n<h2 class=\"wp-block-heading\"><strong>Sexta-feira (9)<\/strong><\/h2>\n<ul class=\"wp-block-list\">\n<li><strong>8h e 15h:<\/strong>\u00a0Sarau\u00a0<em>\u201cEncontr\u00e3o Po\u00e9tico\u201d<\/em>, com Betto Souza e Emaye Nat\u00e1lia\u00a0<strong>|<\/strong>\u00a0Palco principal (Pra\u00e7a nove de Julho)<\/li>\n<li>8h: Reinaugura\u00e7\u00e3o Biblioteca Municipal (revitalizada pela Funda\u00e7\u00e3o do Livro e Leitura, com patroc\u00ednio da Usina Alta Mogiana) | Biblioteca Municipal<\/li>\n<li><strong>8h30 e 10h:<\/strong>\u00a0Conta\u00e7\u00e3o de Hist\u00f3ria\u00a0<em>\u201cHora de Tricotar\u201d<\/em>, com Tricotando Palavras\u00a0<strong>|<\/strong>\u00a0Biblioteca Municipal<\/li>\n<li><strong>9h:<\/strong>\u00a0Espet\u00e1culo\u00a0<em>\u201cDuo Circus Cabaret\u201d<\/em>\u00a0<strong>|<\/strong>\u00a0Usina do Saber<\/li>\n<li><strong>13h30:<\/strong>\u00a0Espet\u00e1culo\u00a0<em>\u201cDuo Circus Cabaret\u201d<\/em>\u00a0<strong>|<\/strong>\u00a0Palco principal (Pra\u00e7a Nove de Julho)<\/li>\n<li><strong>20h:<\/strong>\u00a0Homenagem \u00e0 Maria Joana Silveira Bordin e Nonila Maria\u00a0Chaud\u00a0Gimenes\u00a0<strong>|<\/strong>\u00a0Palco principal (Pra\u00e7a Nove de Julho)<\/li>\n<li><strong>20h30:<\/strong>\u00a0Palestra Liter\u00e1ria com Marcelino Freire\u00a0<strong>|<\/strong>\u00a0Palco principal (Pra\u00e7a Nove de Julho)<\/li>\n<li><strong>21h30:<\/strong>\u00a0Show musical com Dem\u00f4nios da Garoa\u00a0<strong>|<\/strong>\u00a0Palco principal (Pra\u00e7a Nove de Julho)<\/li>\n<\/ul>\n<h2 class=\"wp-block-heading\"><strong>S\u00e1bado (10)<\/strong><\/h2>\n<ul class=\"wp-block-list\">\n<li><strong>20h: <\/strong>Homenagem \u00e0 Luiz Ant\u00f4nio de Freitas e Ildefonsa Mendes Junqueira de Freitas\u00a0<strong>|<\/strong>\u00a0Palco principal (Pra\u00e7a Nove de Julho)<\/li>\n<li><strong>20:30h: <\/strong>Palestra liter\u00e1ria\u00a0<em>\u201cPara gostar de ler: O desafio da leitura em<\/em> <em>tempos de redes sociais\u201d<\/em>, com Xico S\u00e1\u00a0<strong>|<\/strong>\u00a0Palco principal (Pra\u00e7a Nove de Julho)<\/li>\n<li><strong>21:30h: <\/strong>Show com Luciana Mello\u00a0<strong>|<\/strong>\u00a0Palco principal (Pra\u00e7a Nove de Julho)<\/li>\n<\/ul>\n<h2 class=\"wp-block-heading\">\u00a0<strong>Domingo (11)<\/strong><\/h2>\n<ul class=\"wp-block-list\">\n<li><strong>10h: <\/strong>Show infantil Turma da M\u00f4nica\u00a0<strong>|<\/strong>\u00a0Palco principal (Pra\u00e7a Nove de Julho)<\/li>\n<li><strong>20h: <\/strong>Homenagem \u00e0 Terezinha Lydia Nicolella e Rosa Maria Martins\u00a0<strong>|<\/strong>\u00a0Palco principal (Pra\u00e7a Nove de Julho)<\/li>\n<li><strong>20:30h: <\/strong>Show com a banda Companhia Rock Paulista\u00a0<strong>|<\/strong>\u00a0Palco principal (Pra\u00e7a Nove de Julho)<\/li>\n<\/ul>\n<p>Al\u00e9m disso, durante todos os dias de programa\u00e7\u00e3o, a feira conta com as seguinte atra\u00e7\u00f5es: <strong>\u00d4nibus Livro Vivo<\/strong>\u00a0(14h \u00e0s 22h); os\u00a0<strong>Estandes de venda de livros<\/strong>\u00a0(8h \u00e0s 21h); e a\u00a0<strong>\u00c1rea de Troca e Doa\u00e7\u00e3o de Livros<\/strong>\u00a0(8h \u00e0s 20h).<\/p>\n<p>SAIBA MAIS<\/p>\n<p>M\u00e3es t\u00eam entrada gratuita em parque aqu\u00e1tico no fim de semana; Veja onde<\/p>\n<h3 class=\"wp-block-heading\"><strong>FIQUE ON<\/strong><\/h3>\n<p>Fique ligado em tudo que acontece em Ribeir\u00e3o Preto e regi\u00e3o. Siga os perfis do<strong>\u00a0acidade on\u00a0<\/strong>no<a href=\"https:\/\/www.instagram.com\/acidadeonribeirao\">\u00a0Instagram<\/a>\u00a0e no\u00a0<a href=\"https:\/\/www.facebook.com\/acidadeonribeirao\/\">Facebook.<\/a><\/p>\n<p>Receba not\u00edcias do\u00a0<strong>acidade on\u00a0<\/strong>no WhatsApp.\u00a0<a href=\"https:\/\/chat.whatsapp.com\/BjKQZ9oJwlz8VVT50NuePq\">Para entrar no grupo, basta clicar aqui.<\/a><\/p>\n<p>Fa\u00e7a uma den\u00fancia ou sugira uma reportagem sobre Ribeir\u00e3o Preto e regi\u00e3o pelo WhatsApp: 16 99117 7802.<\/p>\n<p>VEJA TAMB\u00c9M<\/p>\n<p>Como Georgina Rodr\u00edguez conheceu Cristiano Ronaldo?<\/p>\n<p><!-- CONTENT END 1 -->\n<\/div>\n<\/div>\n<p><script async src=\"\/\/www.instagram.com\/embed.js\"><\/script><br \/>\n<br \/><br \/>\n<br \/><a href=\"https:\/\/www.acidadeon.com\/ribeiraopreto\/lazer-e-cultura\/xico-sa-e-luciana-mello-participam-de-feira-do-livro-na-regiao-de-ribeirao-preto\/\">Source link <\/a><\/p>\n","protected":false},"excerpt":{"rendered":"<p>Entre os dias 8 e 11 de maio, Guar\u00e1, cidade na regi\u00e3o de Ribeir\u00e3o Preto, recebe a 7\u00aa edi\u00e7\u00e3o da Feira do Livro. Neste ano,&#8230;<\/p>\n","protected":false},"author":1,"featured_media":69609,"comment_status":"open","ping_status":"open","sticky":false,"template":"","format":"standard","meta":{"advanced_seo_description":"","jetpack_seo_html_title":"","jetpack_seo_noindex":false,"jetpack_post_was_ever_published":false,"_jetpack_newsletter_access":"","_jetpack_dont_email_post_to_subs":false,"_jetpack_newsletter_tier_id":0,"_jetpack_memberships_contains_paywalled_content":false,"_jetpack_memberships_contains_paid_content":false,"footnotes":"","jetpack_publicize_message":"","jetpack_publicize_feature_enabled":true,"jetpack_social_post_already_shared":true,"jetpack_social_options":{"image_generator_settings":{"template":"highway","default_image_id":0,"font":"","enabled":false},"version":2}},"categories":[11],"tags":[],"class_list":["post-69608","post","type-post","status-publish","format-standard","has-post-thumbnail","hentry","category-noticias-de-ribeirao-preto-sp-e-regiao-ismael-colosi"],"jetpack_publicize_connections":[],"jetpack_featured_media_url":"https:\/\/i0.wp.com\/noticiasribeiraopreto.com.br\/wp-content\/uploads\/2025\/05\/xico-sa-e-luciana-mello_2025-05-07_14-01-07.webp.webp?fit=1200%2C674&ssl=1","jetpack-related-posts":[{"id":69867,"url":"https:\/\/noticiasribeiraopreto.com.br\/index.php\/2025\/05\/10\/guara-tem-programacao-musical-gratuita-e-feira-do-livro-neste-final-de-semana\/","url_meta":{"origin":69608,"position":0},"title":"Guar\u00e1 tem programa\u00e7\u00e3o musical gratuita e feira do livro neste final de semana","author":"noticiasribeiraopreto.com.br","date":"10 de May de 2025","format":false,"excerpt":"A cidade de Guar\u00e1 segue recebendo a popula\u00e7\u00e3o local e dos munic\u00edpios vizinhos em sua 7\u00aa Feira do Livro, que nesta edi\u00e7\u00e3o homenageia a obra de Mauricio de Sousa. A agenda de eventos no s\u00e1bado (10) \u00e9 toda noturna. \u00c0s 20h, o professor Luiz Ant\u00f4nio de Freitas e a professora\u2026","rel":"","context":"In &quot;Not\u00edcias de Franca-SP&quot;","block_context":{"text":"Not\u00edcias de Franca-SP","link":"https:\/\/noticiasribeiraopreto.com.br\/index.php\/category\/noticias-de-ribeirao-preto-sp-e-regiao-ismael-colosi\/noticias-franca-sp\/"},"img":{"alt_text":"","src":"https:\/\/i0.wp.com\/noticiasribeiraopreto.com.br\/wp-content\/uploads\/2025\/05\/guara.png?fit=800%2C480&ssl=1&resize=350%2C200","width":350,"height":200,"srcset":"https:\/\/i0.wp.com\/noticiasribeiraopreto.com.br\/wp-content\/uploads\/2025\/05\/guara.png?fit=800%2C480&ssl=1&resize=350%2C200 1x, https:\/\/i0.wp.com\/noticiasribeiraopreto.com.br\/wp-content\/uploads\/2025\/05\/guara.png?fit=800%2C480&ssl=1&resize=525%2C300 1.5x, https:\/\/i0.wp.com\/noticiasribeiraopreto.com.br\/wp-content\/uploads\/2025\/05\/guara.png?fit=800%2C480&ssl=1&resize=700%2C400 2x"},"classes":[]},{"id":55461,"url":"https:\/\/noticiasribeiraopreto.com.br\/index.php\/2024\/08\/02\/veja-a-programacao-desta-sexta-feira-na-feira-do-livro-de-ribeirao-preto\/","url_meta":{"origin":69608,"position":1},"title":"Veja a programa\u00e7\u00e3o desta sexta-feira na Feira do Livro de Ribeir\u00e3o Preto","author":"noticiasribeiraopreto.com.br","date":"2 de August de 2024","format":false,"excerpt":"Esta sexta-feira (2), \u00e9 o segundo dia da\u00a023\u00aa Feira Internacional do Livro de Ribeir\u00e3o Preto, que segue at\u00e9 o dia 11 de agosto. A programa\u00e7\u00e3o oferece mais de\u00a0400 atividades gratuitas\u00a0no Centro de Ribeir\u00e3o Preto. \u00a0 O tema central da Feira este ano \u00e9: \u201cCotidianos po\u00e9ticos: Do \u00e9pico de Cam\u00f5es \u00e0s\u2026","rel":"","context":"In &quot;Not\u00edcias de Ribeir\u00e3o Preto-SP e Regi\u00e3o&quot;","block_context":{"text":"Not\u00edcias de Ribeir\u00e3o Preto-SP e Regi\u00e3o","link":"https:\/\/noticiasribeiraopreto.com.br\/index.php\/category\/noticias-de-ribeirao-preto-sp-e-regiao-ismael-colosi\/"},"img":{"alt_text":"","src":"https:\/\/i0.wp.com\/noticiasribeiraopreto.com.br\/wp-content\/uploads\/2024\/08\/sesc-na-FIL_2024-08-01_14-36-39_jpeg_2024-08-01_14-36-39.webp.webp?fit=1200%2C800&ssl=1&resize=350%2C200","width":350,"height":200,"srcset":"https:\/\/i0.wp.com\/noticiasribeiraopreto.com.br\/wp-content\/uploads\/2024\/08\/sesc-na-FIL_2024-08-01_14-36-39_jpeg_2024-08-01_14-36-39.webp.webp?fit=1200%2C800&ssl=1&resize=350%2C200 1x, https:\/\/i0.wp.com\/noticiasribeiraopreto.com.br\/wp-content\/uploads\/2024\/08\/sesc-na-FIL_2024-08-01_14-36-39_jpeg_2024-08-01_14-36-39.webp.webp?fit=1200%2C800&ssl=1&resize=525%2C300 1.5x, https:\/\/i0.wp.com\/noticiasribeiraopreto.com.br\/wp-content\/uploads\/2024\/08\/sesc-na-FIL_2024-08-01_14-36-39_jpeg_2024-08-01_14-36-39.webp.webp?fit=1200%2C800&ssl=1&resize=700%2C400 2x, https:\/\/i0.wp.com\/noticiasribeiraopreto.com.br\/wp-content\/uploads\/2024\/08\/sesc-na-FIL_2024-08-01_14-36-39_jpeg_2024-08-01_14-36-39.webp.webp?fit=1200%2C800&ssl=1&resize=1050%2C600 3x"},"classes":[]},{"id":75804,"url":"https:\/\/noticiasribeiraopreto.com.br\/index.php\/2025\/08\/15\/veja-a-programacao-da-feira-do-livro-de-ribeirao-preto-evento-comeca-nesta-sexta\/","url_meta":{"origin":69608,"position":2},"title":"Veja a programa\u00e7\u00e3o da Feira do Livro de Ribeir\u00e3o Preto; evento come\u00e7a nesta sexta","author":"noticiasribeiraopreto.com.br","date":"15 de August de 2025","format":false,"excerpt":"A 24\u00aa FIL (Feira Internacional do Livro de Ribeir\u00e3o Preto) abre oficialmente nesta sexta-feira (15), \u00e0s 19h30, no Theatro Pedro II. A recep\u00e7\u00e3o fica por conta do Coral Unaerp, seguido por um espet\u00e1culo dirigido por Gracyela Gitirana. Clique aqui\u00a0e veja a programa\u00e7\u00e3o completa. Com o tema \u201cFuturos Poss\u00edveis: entre linhas\u2026","rel":"","context":"In &quot;Not\u00edcias de Ribeir\u00e3o Preto-SP e Regi\u00e3o&quot;","block_context":{"text":"Not\u00edcias de Ribeir\u00e3o Preto-SP e Regi\u00e3o","link":"https:\/\/noticiasribeiraopreto.com.br\/index.php\/category\/noticias-de-ribeirao-preto-sp-e-regiao-ismael-colosi\/"},"img":{"alt_text":"","src":"https:\/\/i0.wp.com\/noticiasribeiraopreto.com.br\/wp-content\/uploads\/2025\/08\/a384ca67-ba2c-458d-b5bc-c1aa1591a44e_2024-08-06_16-06-42_jpg_2024-08-06_16-06-43.webp.webp?fit=990%2C660&ssl=1&resize=350%2C200","width":350,"height":200,"srcset":"https:\/\/i0.wp.com\/noticiasribeiraopreto.com.br\/wp-content\/uploads\/2025\/08\/a384ca67-ba2c-458d-b5bc-c1aa1591a44e_2024-08-06_16-06-42_jpg_2024-08-06_16-06-43.webp.webp?fit=990%2C660&ssl=1&resize=350%2C200 1x, https:\/\/i0.wp.com\/noticiasribeiraopreto.com.br\/wp-content\/uploads\/2025\/08\/a384ca67-ba2c-458d-b5bc-c1aa1591a44e_2024-08-06_16-06-42_jpg_2024-08-06_16-06-43.webp.webp?fit=990%2C660&ssl=1&resize=525%2C300 1.5x, https:\/\/i0.wp.com\/noticiasribeiraopreto.com.br\/wp-content\/uploads\/2025\/08\/a384ca67-ba2c-458d-b5bc-c1aa1591a44e_2024-08-06_16-06-42_jpg_2024-08-06_16-06-43.webp.webp?fit=990%2C660&ssl=1&resize=700%2C400 2x"},"classes":[]},{"id":73604,"url":"https:\/\/noticiasribeiraopreto.com.br\/index.php\/2025\/07\/05\/feira-do-livro-de-ribeirao-preto-celebra-60-anos-de-carreira-de-ignacio-de-loyola-brandao\/","url_meta":{"origin":69608,"position":3},"title":"Feira do Livro de Ribeir\u00e3o Preto celebra 60 anos de carreira de Ign\u00e1cio de Loyola Brand\u00e3o","author":"noticiasribeiraopreto.com.br","date":"5 de July de 2025","format":false,"excerpt":"A programa\u00e7\u00e3o da 24\u00aa edi\u00e7\u00e3o da Feira Internacional do Livro (FIL) de Ribeir\u00e3o Preto, que acontece entre os dias 15 e 24 de agosto, ir\u00e1 homenagear a trajet\u00f3ria liter\u00e1ria de 60 anos de Ign\u00e1cio de Loyola Brand\u00e3o com exposi\u00e7\u00e3o, espet\u00e1culo teatral e palestra. Nascido em Araraquara, Loyola Brand\u00e3o \u00e9 autor\u2026","rel":"","context":"In &quot;Not\u00edcias de Ribeir\u00e3o Preto-SP e Regi\u00e3o&quot;","block_context":{"text":"Not\u00edcias de Ribeir\u00e3o Preto-SP e Regi\u00e3o","link":"https:\/\/noticiasribeiraopreto.com.br\/index.php\/category\/noticias-de-ribeirao-preto-sp-e-regiao-ismael-colosi\/"},"img":{"alt_text":"","src":"https:\/\/i0.wp.com\/noticiasribeiraopreto.com.br\/wp-content\/uploads\/2025\/07\/IgnacioDeLoyollaBrandao_2025-07-05_15-33-15.webp.webp?fit=1200%2C800&ssl=1&resize=350%2C200","width":350,"height":200,"srcset":"https:\/\/i0.wp.com\/noticiasribeiraopreto.com.br\/wp-content\/uploads\/2025\/07\/IgnacioDeLoyollaBrandao_2025-07-05_15-33-15.webp.webp?fit=1200%2C800&ssl=1&resize=350%2C200 1x, https:\/\/i0.wp.com\/noticiasribeiraopreto.com.br\/wp-content\/uploads\/2025\/07\/IgnacioDeLoyollaBrandao_2025-07-05_15-33-15.webp.webp?fit=1200%2C800&ssl=1&resize=525%2C300 1.5x, https:\/\/i0.wp.com\/noticiasribeiraopreto.com.br\/wp-content\/uploads\/2025\/07\/IgnacioDeLoyollaBrandao_2025-07-05_15-33-15.webp.webp?fit=1200%2C800&ssl=1&resize=700%2C400 2x, https:\/\/i0.wp.com\/noticiasribeiraopreto.com.br\/wp-content\/uploads\/2025\/07\/IgnacioDeLoyollaBrandao_2025-07-05_15-33-15.webp.webp?fit=1200%2C800&ssl=1&resize=1050%2C600 3x"},"classes":[]},{"id":63066,"url":"https:\/\/noticiasribeiraopreto.com.br\/index.php\/2025\/02\/01\/sarau-lancamento-de-livro-e-cinema-gratuito-veja-programacao-da-fundacao-do-livro-de-ribeirao\/","url_meta":{"origin":69608,"position":4},"title":"Sarau, lan\u00e7amento de livro e cinema gratuito: Veja programa\u00e7\u00e3o da Funda\u00e7\u00e3o do Livro de Ribeir\u00e3o","author":"noticiasribeiraopreto.com.br","date":"1 de February de 2025","format":false,"excerpt":"Neste m\u00eas de fevereiro, a Funda\u00e7\u00e3o do Livro e Leitura de Ribeir\u00e3o Preto conta com uma programa\u00e7\u00e3o cultural gratuita, com atividades como o Sarau dos M\u00e9dicos, lan\u00e7amento do livro de Juliana Judice e cinema com o filme \u201cVeludo Azul\u201d. A sede da Funda\u00e7\u00e3o do Livro e Leitura de Ribeir\u00e3o Preto\u2026","rel":"","context":"In &quot;Not\u00edcias de Ribeir\u00e3o Preto-SP e Regi\u00e3o&quot;","block_context":{"text":"Not\u00edcias de Ribeir\u00e3o Preto-SP e Regi\u00e3o","link":"https:\/\/noticiasribeiraopreto.com.br\/index.php\/category\/noticias-de-ribeirao-preto-sp-e-regiao-ismael-colosi\/"},"img":{"alt_text":"","src":"https:\/\/i0.wp.com\/noticiasribeiraopreto.com.br\/wp-content\/uploads\/2025\/02\/WhatsApp-Image-2025-02-01-at-14.45.38_2025-02-01_17-46-30_jpeg_2025-02-01_17-46-30.webp.webp?fit=1200%2C675&ssl=1&resize=350%2C200","width":350,"height":200,"srcset":"https:\/\/i0.wp.com\/noticiasribeiraopreto.com.br\/wp-content\/uploads\/2025\/02\/WhatsApp-Image-2025-02-01-at-14.45.38_2025-02-01_17-46-30_jpeg_2025-02-01_17-46-30.webp.webp?fit=1200%2C675&ssl=1&resize=350%2C200 1x, https:\/\/i0.wp.com\/noticiasribeiraopreto.com.br\/wp-content\/uploads\/2025\/02\/WhatsApp-Image-2025-02-01-at-14.45.38_2025-02-01_17-46-30_jpeg_2025-02-01_17-46-30.webp.webp?fit=1200%2C675&ssl=1&resize=525%2C300 1.5x, https:\/\/i0.wp.com\/noticiasribeiraopreto.com.br\/wp-content\/uploads\/2025\/02\/WhatsApp-Image-2025-02-01-at-14.45.38_2025-02-01_17-46-30_jpeg_2025-02-01_17-46-30.webp.webp?fit=1200%2C675&ssl=1&resize=700%2C400 2x, https:\/\/i0.wp.com\/noticiasribeiraopreto.com.br\/wp-content\/uploads\/2025\/02\/WhatsApp-Image-2025-02-01-at-14.45.38_2025-02-01_17-46-30_jpeg_2025-02-01_17-46-30.webp.webp?fit=1200%2C675&ssl=1&resize=1050%2C600 3x"},"classes":[]},{"id":54274,"url":"https:\/\/noticiasribeiraopreto.com.br\/index.php\/2024\/07\/05\/confira-a-programacao-da-feira-internacional-do-livro-de-ribeirao-preto-2024\/","url_meta":{"origin":69608,"position":5},"title":"Confira a programa\u00e7\u00e3o da Feira Internacional do Livro de Ribeir\u00e3o Preto 2024","author":"noticiasribeiraopreto.com.br","date":"5 de July de 2024","format":false,"excerpt":"A 23\u00aa edi\u00e7\u00e3o da FIL (Feira Internacional do Livro de Ribeir\u00e3o Preto) come\u00e7a no pr\u00f3ximo dia 1\u00ba de agosto. O tema central deste ano \u00e9: \u201cCotidianos po\u00e9ticos: Do \u00e9pico de Cam\u00f5es \u00e0s batalhas de rua\u201d. A programa\u00e7\u00e3o completa da feira foi divulgada nesta sexta-feira (5). Nesta edi\u00e7\u00e3o, cinco autores s\u00e3o\u2026","rel":"","context":"In &quot;Not\u00edcias de Ribeir\u00e3o Preto-SP e Regi\u00e3o&quot;","block_context":{"text":"Not\u00edcias de Ribeir\u00e3o Preto-SP e Regi\u00e3o","link":"https:\/\/noticiasribeiraopreto.com.br\/index.php\/category\/noticias-de-ribeirao-preto-sp-e-regiao-ismael-colosi\/"},"img":{"alt_text":"","src":"https:\/\/i0.wp.com\/noticiasribeiraopreto.com.br\/wp-content\/uploads\/2024\/07\/WhatsApp-Image-2024-07-05-at-11.23.19_2024-07-05_15-02-58_jpeg_2024-07-05_15-02-58.webp.webp?fit=1200%2C675&ssl=1&resize=350%2C200","width":350,"height":200,"srcset":"https:\/\/i0.wp.com\/noticiasribeiraopreto.com.br\/wp-content\/uploads\/2024\/07\/WhatsApp-Image-2024-07-05-at-11.23.19_2024-07-05_15-02-58_jpeg_2024-07-05_15-02-58.webp.webp?fit=1200%2C675&ssl=1&resize=350%2C200 1x, https:\/\/i0.wp.com\/noticiasribeiraopreto.com.br\/wp-content\/uploads\/2024\/07\/WhatsApp-Image-2024-07-05-at-11.23.19_2024-07-05_15-02-58_jpeg_2024-07-05_15-02-58.webp.webp?fit=1200%2C675&ssl=1&resize=525%2C300 1.5x, https:\/\/i0.wp.com\/noticiasribeiraopreto.com.br\/wp-content\/uploads\/2024\/07\/WhatsApp-Image-2024-07-05-at-11.23.19_2024-07-05_15-02-58_jpeg_2024-07-05_15-02-58.webp.webp?fit=1200%2C675&ssl=1&resize=700%2C400 2x, https:\/\/i0.wp.com\/noticiasribeiraopreto.com.br\/wp-content\/uploads\/2024\/07\/WhatsApp-Image-2024-07-05-at-11.23.19_2024-07-05_15-02-58_jpeg_2024-07-05_15-02-58.webp.webp?fit=1200%2C675&ssl=1&resize=1050%2C600 3x"},"classes":[]}],"jetpack_sharing_enabled":true,"jetpack_shortlink":"https:\/\/wp.me\/peQAOb-i6I","_links":{"self":[{"href":"https:\/\/noticiasribeiraopreto.com.br\/index.php\/wp-json\/wp\/v2\/posts\/69608","targetHints":{"allow":["GET"]}}],"collection":[{"href":"https:\/\/noticiasribeiraopreto.com.br\/index.php\/wp-json\/wp\/v2\/posts"}],"about":[{"href":"https:\/\/noticiasribeiraopreto.com.br\/index.php\/wp-json\/wp\/v2\/types\/post"}],"author":[{"embeddable":true,"href":"https:\/\/noticiasribeiraopreto.com.br\/index.php\/wp-json\/wp\/v2\/users\/1"}],"replies":[{"embeddable":true,"href":"https:\/\/noticiasribeiraopreto.com.br\/index.php\/wp-json\/wp\/v2\/comments?post=69608"}],"version-history":[{"count":0,"href":"https:\/\/noticiasribeiraopreto.com.br\/index.php\/wp-json\/wp\/v2\/posts\/69608\/revisions"}],"wp:featuredmedia":[{"embeddable":true,"href":"https:\/\/noticiasribeiraopreto.com.br\/index.php\/wp-json\/wp\/v2\/media\/69609"}],"wp:attachment":[{"href":"https:\/\/noticiasribeiraopreto.com.br\/index.php\/wp-json\/wp\/v2\/media?parent=69608"}],"wp:term":[{"taxonomy":"category","embeddable":true,"href":"https:\/\/noticiasribeiraopreto.com.br\/index.php\/wp-json\/wp\/v2\/categories?post=69608"},{"taxonomy":"post_tag","embeddable":true,"href":"https:\/\/noticiasribeiraopreto.com.br\/index.php\/wp-json\/wp\/v2\/tags?post=69608"}],"curies":[{"name":"wp","href":"https:\/\/api.w.org\/{rel}","templated":true}]}}