{"id":69610,"date":"2025-05-07T14:46:04","date_gmt":"2025-05-07T17:46:04","guid":{"rendered":"https:\/\/noticiasribeiraopreto.com.br\/index.php\/2025\/05\/07\/policia-civil-vai-pedir-exumacao-do-corpo-da-irma-de-medico-preso-suspeito-de-envenenar-esposa-em-ribeirao-preto\/"},"modified":"2025-05-07T14:46:04","modified_gmt":"2025-05-07T17:46:04","slug":"policia-civil-vai-pedir-exumacao-do-corpo-da-irma-de-medico-preso-suspeito-de-envenenar-esposa-em-ribeirao-preto","status":"publish","type":"post","link":"https:\/\/noticiasribeiraopreto.com.br\/index.php\/2025\/05\/07\/policia-civil-vai-pedir-exumacao-do-corpo-da-irma-de-medico-preso-suspeito-de-envenenar-esposa-em-ribeirao-preto\/","title":{"rendered":"Pol\u00edcia Civil vai pedir exuma\u00e7\u00e3o do corpo da irm\u00e3 de m\u00e9dico preso suspeito de envenenar esposa em Ribeir\u00e3o Preto"},"content":{"rendered":"<p> <br \/>\n<\/p>\n<div data-td-block-uid=\"tdi_95\">\n<div class=\"tdb-block-inner td-fix-index\">\n<p><strong>A Pol\u00edcia Civil dever\u00e1 pedir a exuma\u00e7\u00e3o do corpo da irm\u00e3 do m\u00e9dico Luiz Antonio Garnica, preso nesta ter\u00e7a-feira (6) com a m\u00e3e, Elizabete Arraba\u00e7a Garnica, por suspeita da morte por envenenamento da mulher dele, a professora Larissa Talle Le\u00f4ncio Rodrigues, em Ribeir\u00e3o Preto.<\/strong><\/p>\n<p><mark style=\"background-color:#abb8c3\" class=\"has-inline-color has-black-color\">A irm\u00e3 do m\u00e9dico, Nathalia Garnica, de 42 anos, morreu em fevereiro deste ano. Inicialmente, a causa foi apontada como infarto.<\/mark><\/p>\n<figure class=\"wp-block-pullquote\">\n<blockquote>\n<p>Um m\u00eas antes mais ou menos da morte da Larissa, teve a morte da irm\u00e3 do Luiz. N\u00f3s vamos instaurar o inqu\u00e9rito policial e vamos pedir a exuma\u00e7\u00e3o do corpo para mandar isso para o exame toxicol\u00f3gico e verificar, esclarecer se realmente a irm\u00e3 foi envenenada ou n\u00e3o\u201d<\/p>\n<p><cite><strong>afirmou o delegado Fernando Bravo, respons\u00e1vel pelas investiga\u00e7\u00f5es na Delegacia de Homic\u00eddios<\/strong><\/cite><\/p><\/blockquote>\n<\/figure>\n<p>Nathalia n\u00e3o teria apresentado problemas de sa\u00fade pr\u00e9vios e, conforme o delegado, morreu de forma parecida com a de Larissa.<\/p>\n<figure class=\"wp-block-pullquote\">\n<blockquote>\n<p>A m\u00e3e ligou para o m\u00e9dico, que foi at\u00e9 l\u00e1 e fez massagem card\u00edaca. Tudo muito semelhante [ao caso que envolve a professora Larissa, esposa do m\u00e9dico]. Por\u00e9m, n\u00e3o podemos falar se houve homic\u00eddio ou n\u00e3o sem a an\u00e1lise t\u00e9cnica da prova, que vai ser esclarecida atrav\u00e9s do laudo pericial,<\/p>\n<p><cite><strong>disse o delegado.<\/strong><\/cite><\/p><\/blockquote>\n<\/figure>\n<p>SAIBA MAIS<\/p>\n<p>Caso Larissa: Sogra tem alta de hospital ap\u00f3s passar mal ao ser presa em Ribeir\u00e3o Preto<\/p>\n<h2 class=\"wp-block-heading\"><strong>FIQUE ON<\/strong><\/h2>\n<p>Fique ligado em tudo que acontece em Ribeir\u00e3o Preto e regi\u00e3o. Siga os perfis do<strong>\u00a0acidade on\u00a0<\/strong>no\u00a0<a href=\"https:\/\/www.instagram.com\/acidadeonribeirao\">Instagram<\/a>\u00a0e no\u00a0<a href=\"https:\/\/www.facebook.com\/acidadeonribeirao\/\">Facebook<\/a>.<\/p>\n<p>Receba not\u00edcias do\u00a0<strong>acidade on\u00a0<\/strong>no WhatsApp.\u00a0<a href=\"https:\/\/chat.whatsapp.com\/BjKQZ9oJwlz8VVT50NuePq\">Para entrar no grupo, basta clicar aqui.<\/a><\/p>\n<p>Fa\u00e7a uma den\u00fancia ou sugira uma reportagem sobre Ribeir\u00e3o Preto e regi\u00e3o pelo WhatsApp: 16 99117 7802.<\/p>\n<p>VEJA TAMB\u00c9M<\/p>\n<p>Quem \u00e9 a brasileira que leu a Ora\u00e7\u00e3o Universal no conclave?<\/p>\n<p><!-- CONTENT END 1 -->\n<\/div>\n<\/div>\n<p><script async src=\"\/\/www.instagram.com\/embed.js\"><\/script><br \/>\n<br \/><br \/>\n<br \/><a href=\"https:\/\/www.acidadeon.com\/ribeiraopreto\/cotidiano\/policia-civil-vai-pedir-exumacao-do-corpo-da-irma-de-medico-preso-suspeito-de-envenenar-esposa-em-ribeirao-preto\/\">Source link <\/a><\/p>\n","protected":false},"excerpt":{"rendered":"<p>A Pol\u00edcia Civil dever\u00e1 pedir a exuma\u00e7\u00e3o do corpo da irm\u00e3 do m\u00e9dico Luiz Antonio Garnica, preso nesta ter\u00e7a-feira (6) com a m\u00e3e, Elizabete Arraba\u00e7a&#8230;<\/p>\n","protected":false},"author":1,"featured_media":69611,"comment_status":"open","ping_status":"open","sticky":false,"template":"","format":"standard","meta":{"advanced_seo_description":"","jetpack_seo_html_title":"","jetpack_seo_noindex":false,"jetpack_post_was_ever_published":false,"_jetpack_newsletter_access":"","_jetpack_dont_email_post_to_subs":false,"_jetpack_newsletter_tier_id":0,"_jetpack_memberships_contains_paywalled_content":false,"_jetpack_memberships_contains_paid_content":false,"footnotes":"","jetpack_publicize_message":"","jetpack_publicize_feature_enabled":true,"jetpack_social_post_already_shared":true,"jetpack_social_options":{"image_generator_settings":{"template":"highway","default_image_id":0,"font":"","enabled":false},"version":2}},"categories":[11],"tags":[],"class_list":["post-69610","post","type-post","status-publish","format-standard","has-post-thumbnail","hentry","category-noticias-de-ribeirao-preto-sp-e-regiao-ismael-colosi"],"jetpack_publicize_connections":[],"jetpack_featured_media_url":"https:\/\/i0.wp.com\/noticiasribeiraopreto.com.br\/wp-content\/uploads\/2025\/05\/WhatsApp-Image-2025-05-07-at-10.51.41-1_2025-05-07_13-52-19.webp.webp?fit=1200%2C675&ssl=1","jetpack-related-posts":[{"id":70205,"url":"https:\/\/noticiasribeiraopreto.com.br\/index.php\/2025\/05\/23\/caso-larissa-e-um-quebra-cabecas-diz-delegado-apos-exumacao-do-corpo-de-irma-de-medico\/","url_meta":{"origin":69610,"position":0},"title":"Caso Larissa: \u2018\u00c9 um quebra-cabe\u00e7as\u2019, diz delegado ap\u00f3s exuma\u00e7\u00e3o do corpo de irm\u00e3 de m\u00e9dico","author":"noticiasribeiraopreto.com.br","date":"23 de May de 2025","format":false,"excerpt":"O delegado Fernando Bravo acompanhou a exuma\u00e7\u00e3o do corpo de Nath\u00e1lia Garnica, na manh\u00e3 desta sexta-feira (23), no cemit\u00e9rio de Pontal, cidade a 40 quil\u00f4metros de Ribeir\u00e3o Preto. A pol\u00edcia quer saber se Nath\u00e1lia tamb\u00e9m foi envenenada, assim como a professora Larissa Talle Le\u00f4ncio Rodrigues. A professora foi encontrada morta\u2026","rel":"","context":"In &quot;Not\u00edcias de Ribeir\u00e3o Preto-SP e Regi\u00e3o&quot;","block_context":{"text":"Not\u00edcias de Ribeir\u00e3o Preto-SP e Regi\u00e3o","link":"https:\/\/noticiasribeiraopreto.com.br\/index.php\/category\/noticias-de-ribeirao-preto-sp-e-regiao-ismael-colosi\/"},"img":{"alt_text":"","src":"https:\/\/i0.wp.com\/noticiasribeiraopreto.com.br\/wp-content\/uploads\/2025\/05\/nathalia-garnica_2025-05-23_15-56-37.webp.webp?fit=1200%2C900&ssl=1&resize=350%2C200","width":350,"height":200,"srcset":"https:\/\/i0.wp.com\/noticiasribeiraopreto.com.br\/wp-content\/uploads\/2025\/05\/nathalia-garnica_2025-05-23_15-56-37.webp.webp?fit=1200%2C900&ssl=1&resize=350%2C200 1x, https:\/\/i0.wp.com\/noticiasribeiraopreto.com.br\/wp-content\/uploads\/2025\/05\/nathalia-garnica_2025-05-23_15-56-37.webp.webp?fit=1200%2C900&ssl=1&resize=525%2C300 1.5x, https:\/\/i0.wp.com\/noticiasribeiraopreto.com.br\/wp-content\/uploads\/2025\/05\/nathalia-garnica_2025-05-23_15-56-37.webp.webp?fit=1200%2C900&ssl=1&resize=700%2C400 2x, https:\/\/i0.wp.com\/noticiasribeiraopreto.com.br\/wp-content\/uploads\/2025\/05\/nathalia-garnica_2025-05-23_15-56-37.webp.webp?fit=1200%2C900&ssl=1&resize=1050%2C600 3x"},"classes":[]},{"id":70182,"url":"https:\/\/noticiasribeiraopreto.com.br\/index.php\/2025\/05\/23\/caso-larissa-entenda-como-sera-a-exumacao-do-corpo-da-irma-de-luiz-antonio-garnica\/","url_meta":{"origin":69610,"position":1},"title":"Caso Larissa: Entenda como ser\u00e1 a exuma\u00e7\u00e3o do corpo da irm\u00e3 de Luiz Ant\u00f4nio Garnica","author":"noticiasribeiraopreto.com.br","date":"23 de May de 2025","format":false,"excerpt":"Come\u00e7a \u00e0s 10h desta sexta-feira (23) a exuma\u00e7\u00e3o do corpo de Nath\u00e1lia Garnica, irm\u00e3 do m\u00e9dico Luiz Ant\u00f4nio Garnica, suspeito de envolvimento na morte da mulher, a professora Larissa Talle Le\u00f4ncio Rodrigues. A professora foi encontrada morta no dia 22 de mar\u00e7o e a Pol\u00edcia Civil suspeita que ela foi\u2026","rel":"","context":"In &quot;Not\u00edcias de Ribeir\u00e3o Preto-SP e Regi\u00e3o&quot;","block_context":{"text":"Not\u00edcias de Ribeir\u00e3o Preto-SP e Regi\u00e3o","link":"https:\/\/noticiasribeiraopreto.com.br\/index.php\/category\/noticias-de-ribeirao-preto-sp-e-regiao-ismael-colosi\/"},"img":{"alt_text":"","src":"https:\/\/i0.wp.com\/noticiasribeiraopreto.com.br\/wp-content\/uploads\/2025\/05\/WhatsApp-Image-2025-05-07-at-10.51.41-1_2025-05-07_13-52-19.webp.webp?fit=1200%2C675&ssl=1&resize=350%2C200","width":350,"height":200,"srcset":"https:\/\/i0.wp.com\/noticiasribeiraopreto.com.br\/wp-content\/uploads\/2025\/05\/WhatsApp-Image-2025-05-07-at-10.51.41-1_2025-05-07_13-52-19.webp.webp?fit=1200%2C675&ssl=1&resize=350%2C200 1x, https:\/\/i0.wp.com\/noticiasribeiraopreto.com.br\/wp-content\/uploads\/2025\/05\/WhatsApp-Image-2025-05-07-at-10.51.41-1_2025-05-07_13-52-19.webp.webp?fit=1200%2C675&ssl=1&resize=525%2C300 1.5x, https:\/\/i0.wp.com\/noticiasribeiraopreto.com.br\/wp-content\/uploads\/2025\/05\/WhatsApp-Image-2025-05-07-at-10.51.41-1_2025-05-07_13-52-19.webp.webp?fit=1200%2C675&ssl=1&resize=700%2C400 2x, https:\/\/i0.wp.com\/noticiasribeiraopreto.com.br\/wp-content\/uploads\/2025\/05\/WhatsApp-Image-2025-05-07-at-10.51.41-1_2025-05-07_13-52-19.webp.webp?fit=1200%2C675&ssl=1&resize=1050%2C600 3x"},"classes":[]},{"id":72493,"url":"https:\/\/noticiasribeiraopreto.com.br\/index.php\/2025\/06\/17\/laudo-aponta-que-nathalia-garnica-foi-envenenada-com-substancia-similar-ao-chumbinho\/","url_meta":{"origin":69610,"position":2},"title":"Laudo aponta que Nath\u00e1lia Garnica foi envenenada com subst\u00e2ncia similar ao chumbinho","author":"noticiasribeiraopreto.com.br","date":"17 de June de 2025","format":false,"excerpt":"17 de junho de 2025 18:523 Compartilhar0 O Instituto M\u00e9dico Legal (IML) de Ribeir\u00e3o Preto confirmou a presen\u00e7a de veneno em tr\u00eas \u00f3rg\u00e3os de Nath\u00e1lia Garnica, irm\u00e3 do m\u00e9dico Luiz Ant\u00f4nio Garnica. Segundo o diretor do IML, Di\u00f3genes Tadeu Cardoso, exames toxicol\u00f3gicos realizados ap\u00f3s a exuma\u00e7\u00e3o do corpo indicaram uma\u2026","rel":"","context":"In &quot;Not\u00edcias de Ribeir\u00e3o Preto-SP e Regi\u00e3o&quot;","block_context":{"text":"Not\u00edcias de Ribeir\u00e3o Preto-SP e Regi\u00e3o","link":"https:\/\/noticiasribeiraopreto.com.br\/index.php\/category\/noticias-de-ribeirao-preto-sp-e-regiao-ismael-colosi\/"},"img":{"alt_text":"","src":"https:\/\/i0.wp.com\/noticiasribeiraopreto.com.br\/wp-content\/uploads\/2025\/06\/nathalia1_garnica-scaled.jpeg?fit=659%2C500&ssl=1&resize=350%2C200","width":350,"height":200,"srcset":"https:\/\/i0.wp.com\/noticiasribeiraopreto.com.br\/wp-content\/uploads\/2025\/06\/nathalia1_garnica-scaled.jpeg?fit=659%2C500&ssl=1&resize=350%2C200 1x, https:\/\/i0.wp.com\/noticiasribeiraopreto.com.br\/wp-content\/uploads\/2025\/06\/nathalia1_garnica-scaled.jpeg?fit=659%2C500&ssl=1&resize=525%2C300 1.5x"},"classes":[]},{"id":70187,"url":"https:\/\/noticiasribeiraopreto.com.br\/index.php\/2025\/05\/23\/caso-larissa-corpo-de-nathalia-e-exumado\/","url_meta":{"origin":69610,"position":3},"title":"Caso Larissa: Corpo de Nathalia \u00e9 exumado","author":"noticiasribeiraopreto.com.br","date":"23 de May de 2025","format":false,"excerpt":"Por: Adalberto Luque A pedido da Pol\u00edcia Civil e com aval da Justi\u00e7a de Pontal, o Instituto M\u00e9dico Legal (IML) promoveu na manh\u00e3 desta sexta-feira, 23 de maio, a exuma\u00e7\u00e3o do corpo de Nathalia Garnica, de 42 anos, irm\u00e3 do m\u00e9dico Luiz Ant\u00f4nio Garnica, de 38, e filha de Elizabete\u2026","rel":"","context":"In &quot;Not\u00edcias de Ribeir\u00e3o Preto-SP e Regi\u00e3o&quot;","block_context":{"text":"Not\u00edcias de Ribeir\u00e3o Preto-SP e Regi\u00e3o","link":"https:\/\/noticiasribeiraopreto.com.br\/index.php\/category\/noticias-de-ribeirao-preto-sp-e-regiao-ismael-colosi\/"},"img":{"alt_text":"","src":"https:\/\/i0.wp.com\/noticiasribeiraopreto.com.br\/wp-content\/uploads\/2025\/05\/23-mai-2025-00exumacaonathalia.jpg?fit=850%2C584&ssl=1&resize=350%2C200","width":350,"height":200,"srcset":"https:\/\/i0.wp.com\/noticiasribeiraopreto.com.br\/wp-content\/uploads\/2025\/05\/23-mai-2025-00exumacaonathalia.jpg?fit=850%2C584&ssl=1&resize=350%2C200 1x, https:\/\/i0.wp.com\/noticiasribeiraopreto.com.br\/wp-content\/uploads\/2025\/05\/23-mai-2025-00exumacaonathalia.jpg?fit=850%2C584&ssl=1&resize=525%2C300 1.5x, https:\/\/i0.wp.com\/noticiasribeiraopreto.com.br\/wp-content\/uploads\/2025\/05\/23-mai-2025-00exumacaonathalia.jpg?fit=850%2C584&ssl=1&resize=700%2C400 2x"},"classes":[]},{"id":76155,"url":"https:\/\/noticiasribeiraopreto.com.br\/index.php\/2025\/08\/22\/justica-autoriza-quebra-de-sigilo-do-celular-de-nathalia-garnica\/","url_meta":{"origin":69610,"position":4},"title":"Justi\u00e7a autoriza quebra de sigilo do celular de Nath\u00e1lia Garnica","author":"noticiasribeiraopreto.com.br","date":"22 de August de 2025","format":false,"excerpt":"A Justi\u00e7a de S\u00e3o Paulo autorizou a quebra do sigilo do celular da veterin\u00e1ria Nath\u00e1lia Garnica, que morreu envenenada em fevereiro, em Ribeir\u00e3o Preto. O celular dela foi localizado por familiares com Elizabete Arraba\u00e7a, m\u00e3e da v\u00edtima e suspeita de envolvimento no crime. De acordo com as informa\u00e7\u00f5es, a Pol\u00edcia\u2026","rel":"","context":"In &quot;Not\u00edcias de Ribeir\u00e3o Preto-SP e Regi\u00e3o&quot;","block_context":{"text":"Not\u00edcias de Ribeir\u00e3o Preto-SP e Regi\u00e3o","link":"https:\/\/noticiasribeiraopreto.com.br\/index.php\/category\/noticias-de-ribeirao-preto-sp-e-regiao-ismael-colosi\/"},"img":{"alt_text":"","src":"https:\/\/i0.wp.com\/noticiasribeiraopreto.com.br\/wp-content\/uploads\/2025\/06\/WhatsApp-Image-2025-05-07-at-10.51.41-1_2025-05-07_13-52-19.webp.webp?fit=1200%2C675&ssl=1&resize=350%2C200","width":350,"height":200,"srcset":"https:\/\/i0.wp.com\/noticiasribeiraopreto.com.br\/wp-content\/uploads\/2025\/06\/WhatsApp-Image-2025-05-07-at-10.51.41-1_2025-05-07_13-52-19.webp.webp?fit=1200%2C675&ssl=1&resize=350%2C200 1x, https:\/\/i0.wp.com\/noticiasribeiraopreto.com.br\/wp-content\/uploads\/2025\/06\/WhatsApp-Image-2025-05-07-at-10.51.41-1_2025-05-07_13-52-19.webp.webp?fit=1200%2C675&ssl=1&resize=525%2C300 1.5x, https:\/\/i0.wp.com\/noticiasribeiraopreto.com.br\/wp-content\/uploads\/2025\/06\/WhatsApp-Image-2025-05-07-at-10.51.41-1_2025-05-07_13-52-19.webp.webp?fit=1200%2C675&ssl=1&resize=700%2C400 2x, https:\/\/i0.wp.com\/noticiasribeiraopreto.com.br\/wp-content\/uploads\/2025\/06\/WhatsApp-Image-2025-05-07-at-10.51.41-1_2025-05-07_13-52-19.webp.webp?fit=1200%2C675&ssl=1&resize=1050%2C600 3x"},"classes":[]},{"id":73211,"url":"https:\/\/noticiasribeiraopreto.com.br\/index.php\/2025\/06\/27\/caso-larissa-eu-seria-o-proximo-veja-declaracao-de-medico-que-acusa-mae-por-morte-da-esposa-e-irma\/","url_meta":{"origin":69610,"position":5},"title":"Caso Larissa: &#8216;Eu seria o pr\u00f3ximo&#8217;; Veja declara\u00e7\u00e3o de m\u00e9dico que acusa m\u00e3e por morte da esposa e irm\u00e3","author":"noticiasribeiraopreto.com.br","date":"27 de June de 2025","format":false,"excerpt":"O m\u00e9dico Luiz Garnica acusou a m\u00e3e, Elizabete Arraba\u00e7a, de matar por envenenameno a irm\u00e3 Nathalia e a esposa dele, a professora Larissa Rodrigues. Ele e a m\u00e3e est\u00e3o presos. O m\u00e9dico, que responde pela morte e Larissa, prestou depoimento \u00e0 pol\u00edcia na \u00fatima quarta-feira (25). A per\u00edcia apontou que\u2026","rel":"","context":"In &quot;Not\u00edcias de Ribeir\u00e3o Preto-SP e Regi\u00e3o&quot;","block_context":{"text":"Not\u00edcias de Ribeir\u00e3o Preto-SP e Regi\u00e3o","link":"https:\/\/noticiasribeiraopreto.com.br\/index.php\/category\/noticias-de-ribeirao-preto-sp-e-regiao-ismael-colosi\/"},"img":{"alt_text":"","src":"https:\/\/i0.wp.com\/noticiasribeiraopreto.com.br\/wp-content\/uploads\/2025\/06\/Copia-de-Copia-de-Copia-de-TAMANHO-EXATO-PARA-FOTOS-NO-SISTEMA-NOVO-45_2025-05-06_21-21-57.webp.webp?fit=1200%2C675&ssl=1&resize=350%2C200","width":350,"height":200,"srcset":"https:\/\/i0.wp.com\/noticiasribeiraopreto.com.br\/wp-content\/uploads\/2025\/06\/Copia-de-Copia-de-Copia-de-TAMANHO-EXATO-PARA-FOTOS-NO-SISTEMA-NOVO-45_2025-05-06_21-21-57.webp.webp?fit=1200%2C675&ssl=1&resize=350%2C200 1x, https:\/\/i0.wp.com\/noticiasribeiraopreto.com.br\/wp-content\/uploads\/2025\/06\/Copia-de-Copia-de-Copia-de-TAMANHO-EXATO-PARA-FOTOS-NO-SISTEMA-NOVO-45_2025-05-06_21-21-57.webp.webp?fit=1200%2C675&ssl=1&resize=525%2C300 1.5x, https:\/\/i0.wp.com\/noticiasribeiraopreto.com.br\/wp-content\/uploads\/2025\/06\/Copia-de-Copia-de-Copia-de-TAMANHO-EXATO-PARA-FOTOS-NO-SISTEMA-NOVO-45_2025-05-06_21-21-57.webp.webp?fit=1200%2C675&ssl=1&resize=700%2C400 2x, https:\/\/i0.wp.com\/noticiasribeiraopreto.com.br\/wp-content\/uploads\/2025\/06\/Copia-de-Copia-de-Copia-de-TAMANHO-EXATO-PARA-FOTOS-NO-SISTEMA-NOVO-45_2025-05-06_21-21-57.webp.webp?fit=1200%2C675&ssl=1&resize=1050%2C600 3x"},"classes":[]}],"jetpack_sharing_enabled":true,"jetpack_shortlink":"https:\/\/wp.me\/peQAOb-i6K","_links":{"self":[{"href":"https:\/\/noticiasribeiraopreto.com.br\/index.php\/wp-json\/wp\/v2\/posts\/69610","targetHints":{"allow":["GET"]}}],"collection":[{"href":"https:\/\/noticiasribeiraopreto.com.br\/index.php\/wp-json\/wp\/v2\/posts"}],"about":[{"href":"https:\/\/noticiasribeiraopreto.com.br\/index.php\/wp-json\/wp\/v2\/types\/post"}],"author":[{"embeddable":true,"href":"https:\/\/noticiasribeiraopreto.com.br\/index.php\/wp-json\/wp\/v2\/users\/1"}],"replies":[{"embeddable":true,"href":"https:\/\/noticiasribeiraopreto.com.br\/index.php\/wp-json\/wp\/v2\/comments?post=69610"}],"version-history":[{"count":0,"href":"https:\/\/noticiasribeiraopreto.com.br\/index.php\/wp-json\/wp\/v2\/posts\/69610\/revisions"}],"wp:featuredmedia":[{"embeddable":true,"href":"https:\/\/noticiasribeiraopreto.com.br\/index.php\/wp-json\/wp\/v2\/media\/69611"}],"wp:attachment":[{"href":"https:\/\/noticiasribeiraopreto.com.br\/index.php\/wp-json\/wp\/v2\/media?parent=69610"}],"wp:term":[{"taxonomy":"category","embeddable":true,"href":"https:\/\/noticiasribeiraopreto.com.br\/index.php\/wp-json\/wp\/v2\/categories?post=69610"},{"taxonomy":"post_tag","embeddable":true,"href":"https:\/\/noticiasribeiraopreto.com.br\/index.php\/wp-json\/wp\/v2\/tags?post=69610"}],"curies":[{"name":"wp","href":"https:\/\/api.w.org\/{rel}","templated":true}]}}