{"id":69612,"date":"2025-05-07T15:04:16","date_gmt":"2025-05-07T18:04:16","guid":{"rendered":"https:\/\/noticiasribeiraopreto.com.br\/index.php\/2025\/05\/07\/uni-facef-determina-processo-administrativo-contra-funcionario-de-biblioteca\/"},"modified":"2025-05-07T15:04:16","modified_gmt":"2025-05-07T18:04:16","slug":"uni-facef-determina-processo-administrativo-contra-funcionario-de-biblioteca","status":"publish","type":"post","link":"https:\/\/noticiasribeiraopreto.com.br\/index.php\/2025\/05\/07\/uni-facef-determina-processo-administrativo-contra-funcionario-de-biblioteca\/","title":{"rendered":"Uni-Facef determina processo administrativo contra funcion\u00e1rio de biblioteca"},"content":{"rendered":"<p> <br \/>\n<\/p>\n<div>\n<p>O Uni-Facef divulgou a instaura\u00e7\u00e3o de uma comiss\u00e3o para a abertura de Processo Administrativo Disciplinar. A medida foi recomendada pela Comiss\u00e3o de Sindic\u00e2ncia que foi institu\u00edda neste ano para apurar problemas relatados nas nas depend\u00eancias da Biblioteca Jos\u00e9 Garcia de Freitas, que fica na institui\u00e7\u00e3o. O local teve redu\u00e7\u00e3o no atendimento depois que houve registro de desentendimento entre servidores e que gerou impacto direto para milhares de estudantes.<\/p>\n<p>A medida foi determinada pelo reitor do Uni-FACEF, Dr. Jos\u00e9 Alfredo de P\u00e1dua Guerra. Ele atendeu ao recomendado no relat\u00f3rio final da comiss\u00e3o de sindic\u00e2ncia.<\/p>\n<p>Conforme a portaria n. 21\/2025, o funcion\u00e1rio que foi identificado pelas iniciais J.R.C.B vai responder ao processo administrativo-disciplinar. Essa averigua\u00e7\u00e3o vai ser acompanhada pelas professoreas e professores Thalisa Maria Jati Gilberto como presidente, Jaqueline Brigladori Pugliesi e Lucas Ant\u00f4nio Santos. A Comiss\u00e3o ser\u00e1 assessorada pelo Coordenador Jur\u00eddico Paulo S\u00e9rgio Moreira Guedine.<\/p>\n<p>H\u00e1 prazo de 30 dias, contados a partir de 7 de maio deste ano, para que haja um relat\u00f3rio final.<\/p>\n<p><!-- CONTENT END 1 --><\/p><\/div>\n<p><br \/>\n<br \/><a href=\"https:\/\/www.f3noticias.com.br\/uni-facef-determina-processo-administrativo-contra-funcionario-de-biblioteca\/\">Source link <\/a><\/p>\n","protected":false},"excerpt":{"rendered":"<p>O Uni-Facef divulgou a instaura\u00e7\u00e3o de uma comiss\u00e3o para a abertura de Processo Administrativo Disciplinar. A medida foi recomendada pela Comiss\u00e3o de Sindic\u00e2ncia que foi&#8230;<\/p>\n","protected":false},"author":1,"featured_media":69613,"comment_status":"open","ping_status":"open","sticky":false,"template":"","format":"standard","meta":{"advanced_seo_description":"","jetpack_seo_html_title":"","jetpack_seo_noindex":false,"jetpack_post_was_ever_published":false,"_jetpack_newsletter_access":"","_jetpack_dont_email_post_to_subs":false,"_jetpack_newsletter_tier_id":0,"_jetpack_memberships_contains_paywalled_content":false,"_jetpack_memberships_contains_paid_content":false,"footnotes":"","jetpack_publicize_message":"","jetpack_publicize_feature_enabled":true,"jetpack_social_post_already_shared":true,"jetpack_social_options":{"image_generator_settings":{"template":"highway","default_image_id":0,"font":"","enabled":false},"version":2}},"categories":[3597],"tags":[],"class_list":["post-69612","post","type-post","status-publish","format-standard","has-post-thumbnail","hentry","category-noticias-franca-sp"],"jetpack_publicize_connections":[],"jetpack_featured_media_url":"https:\/\/i0.wp.com\/noticiasribeiraopreto.com.br\/wp-content\/uploads\/2025\/05\/facef.jpg?fit=680%2C453&ssl=1","jetpack-related-posts":[{"id":67970,"url":"https:\/\/noticiasribeiraopreto.com.br\/index.php\/2025\/04\/21\/jornal-da-franca-vem-ai-o-xix-forum-de-estudos-multidisciplinares-do-uni-facef-veja-as-datas\/","url_meta":{"origin":69612,"position":0},"title":"Jornal da Franca &#8211; Vem a\u00ed o XIX Forum de Estudos Multidisciplinares do Uni-Facef. Veja as datas","author":"noticiasribeiraopreto.com.br","date":"21 de April de 2025","format":false,"excerpt":"compartilhar no whatsapp compartilhar no telegram compartilhar no facebook compartilhar no linkedin O autor principal estar\u00e1 inscrito como ouvinte no XIX F\u00f3rum de Estudos Multidisciplinares assim que o pagamento da inscri\u00e7\u00e3o for confirmada. O Uni-FACEF realizar\u00e1, de\u00a019 a 21 de maio de 2025, o\u00a0XIX F\u00f3rum de Estudos Multidisciplinares. Este evento\u2026","rel":"","context":"In &quot;Not\u00edcias de Franca-SP&quot;","block_context":{"text":"Not\u00edcias de Franca-SP","link":"https:\/\/noticiasribeiraopreto.com.br\/index.php\/category\/noticias-de-ribeirao-preto-sp-e-regiao-ismael-colosi\/noticias-franca-sp\/"},"img":{"alt_text":"","src":"https:\/\/i0.wp.com\/noticiasribeiraopreto.com.br\/wp-content\/uploads\/2025\/04\/ADEQUADA-01.jpg?fit=1200%2C798&ssl=1&resize=350%2C200","width":350,"height":200,"srcset":"https:\/\/i0.wp.com\/noticiasribeiraopreto.com.br\/wp-content\/uploads\/2025\/04\/ADEQUADA-01.jpg?fit=1200%2C798&ssl=1&resize=350%2C200 1x, https:\/\/i0.wp.com\/noticiasribeiraopreto.com.br\/wp-content\/uploads\/2025\/04\/ADEQUADA-01.jpg?fit=1200%2C798&ssl=1&resize=525%2C300 1.5x, https:\/\/i0.wp.com\/noticiasribeiraopreto.com.br\/wp-content\/uploads\/2025\/04\/ADEQUADA-01.jpg?fit=1200%2C798&ssl=1&resize=700%2C400 2x, https:\/\/i0.wp.com\/noticiasribeiraopreto.com.br\/wp-content\/uploads\/2025\/04\/ADEQUADA-01.jpg?fit=1200%2C798&ssl=1&resize=1050%2C600 3x"},"classes":[]},{"id":69680,"url":"https:\/\/noticiasribeiraopreto.com.br\/index.php\/2025\/05\/08\/jornal-da-franca-franca-sedia-o-1o-forum-cidade-empreendedora-na-regiao-promovido-pelo-sebrae\/","url_meta":{"origin":69612,"position":1},"title":"Jornal da Franca &#8211; Franca sedia o 1\u00ba F\u00f3rum Cidade Empreendedora na Regi\u00e3o, promovido pelo Sebrae","author":"noticiasribeiraopreto.com.br","date":"8 de May de 2025","format":false,"excerpt":"compartilhar no whatsapp compartilhar no telegram compartilhar no facebook compartilhar no linkedin Evento do Sebrae de Franca discutir\u00e1 a Merenda Escolar e Agricultura Familiar no Audit\u00f3rio da Unidade II do Uni-FACEF O Sebrae de Franca, em parceria com o Programa Cidade Empreendedora, o Sistema Faesp-Senar\/SP e a Uni-FACEF, promove o\u2026","rel":"","context":"In &quot;Not\u00edcias de Franca-SP&quot;","block_context":{"text":"Not\u00edcias de Franca-SP","link":"https:\/\/noticiasribeiraopreto.com.br\/index.php\/category\/noticias-de-ribeirao-preto-sp-e-regiao-ismael-colosi\/noticias-franca-sp\/"},"img":{"alt_text":"","src":"https:\/\/i0.wp.com\/noticiasribeiraopreto.com.br\/wp-content\/uploads\/2025\/05\/Agronegocio_Sebrae_p3766_cover_image_resized.jpg?fit=814%2C492&ssl=1&resize=350%2C200","width":350,"height":200,"srcset":"https:\/\/i0.wp.com\/noticiasribeiraopreto.com.br\/wp-content\/uploads\/2025\/05\/Agronegocio_Sebrae_p3766_cover_image_resized.jpg?fit=814%2C492&ssl=1&resize=350%2C200 1x, https:\/\/i0.wp.com\/noticiasribeiraopreto.com.br\/wp-content\/uploads\/2025\/05\/Agronegocio_Sebrae_p3766_cover_image_resized.jpg?fit=814%2C492&ssl=1&resize=525%2C300 1.5x, https:\/\/i0.wp.com\/noticiasribeiraopreto.com.br\/wp-content\/uploads\/2025\/05\/Agronegocio_Sebrae_p3766_cover_image_resized.jpg?fit=814%2C492&ssl=1&resize=700%2C400 2x"},"classes":[]},{"id":66458,"url":"https:\/\/noticiasribeiraopreto.com.br\/index.php\/2025\/04\/01\/jornal-da-franca-fernando-rached-jorge-e-reeleito-presidente-da-acif-para-os-proximos-dois-anos\/","url_meta":{"origin":69612,"position":2},"title":"Jornal da Franca &#8211; Fernando Rached Jorge \u00e9 reeleito presidente da ACIF para os pr\u00f3ximos dois anos","author":"noticiasribeiraopreto.com.br","date":"1 de April de 2025","format":false,"excerpt":"compartilhar no whatsapp compartilhar no telegram compartilhar no facebook compartilhar no linkedin Posse do novo Conselho de Administra\u00e7\u00e3o da entidade j\u00e1 foi marcada para acontecer no pr\u00f3ximo dia 24 de abril Fernando Rached Jorge foi reeleito como presidente da Acif para os pr\u00f3ximos dois anos (Foto: Wilker Maia\/ACIF) O Conselho\u2026","rel":"","context":"In &quot;Not\u00edcias de Franca-SP&quot;","block_context":{"text":"Not\u00edcias de Franca-SP","link":"https:\/\/noticiasribeiraopreto.com.br\/index.php\/category\/noticias-de-ribeirao-preto-sp-e-regiao-ismael-colosi\/noticias-franca-sp\/"},"img":{"alt_text":"","src":"https:\/\/i0.wp.com\/noticiasribeiraopreto.com.br\/wp-content\/uploads\/2025\/04\/Fernando-Rached-Jorge_credito_WilkerMaia_ACIF.jpg?fit=1200%2C802&ssl=1&resize=350%2C200","width":350,"height":200,"srcset":"https:\/\/i0.wp.com\/noticiasribeiraopreto.com.br\/wp-content\/uploads\/2025\/04\/Fernando-Rached-Jorge_credito_WilkerMaia_ACIF.jpg?fit=1200%2C802&ssl=1&resize=350%2C200 1x, https:\/\/i0.wp.com\/noticiasribeiraopreto.com.br\/wp-content\/uploads\/2025\/04\/Fernando-Rached-Jorge_credito_WilkerMaia_ACIF.jpg?fit=1200%2C802&ssl=1&resize=525%2C300 1.5x, https:\/\/i0.wp.com\/noticiasribeiraopreto.com.br\/wp-content\/uploads\/2025\/04\/Fernando-Rached-Jorge_credito_WilkerMaia_ACIF.jpg?fit=1200%2C802&ssl=1&resize=700%2C400 2x, https:\/\/i0.wp.com\/noticiasribeiraopreto.com.br\/wp-content\/uploads\/2025\/04\/Fernando-Rached-Jorge_credito_WilkerMaia_ACIF.jpg?fit=1200%2C802&ssl=1&resize=1050%2C600 3x"},"classes":[]},{"id":65515,"url":"https:\/\/noticiasribeiraopreto.com.br\/index.php\/2025\/03\/21\/departamento-de-conformidade-da-prefeitura-de-franca-abre-sindicancia-para-apurar-servidora-de-financas\/","url_meta":{"origin":69612,"position":3},"title":"Departamento de Conformidade da Prefeitura de Franca abre sindic\u00e2ncia para apurar servidora de Finan\u00e7as","author":"noticiasribeiraopreto.com.br","date":"21 de March de 2025","format":false,"excerpt":"A portaria n. 16, de 19 de mar\u00e7o de 2025, definiu que o Departamento de Conformidade da Prefeitura de Franca instaurou procedimentos administrativos de apura\u00e7\u00e3o de conduta de uma servidora municipal do setor de Finan\u00e7as. O ato foi assinado por Ana Fl\u00e1via de Souza, chefe do Departamento de Conformidade, e\u2026","rel":"","context":"In &quot;Not\u00edcias de Franca-SP&quot;","block_context":{"text":"Not\u00edcias de Franca-SP","link":"https:\/\/noticiasribeiraopreto.com.br\/index.php\/category\/noticias-de-ribeirao-preto-sp-e-regiao-ismael-colosi\/noticias-franca-sp\/"},"img":{"alt_text":"","src":"https:\/\/i0.wp.com\/noticiasribeiraopreto.com.br\/wp-content\/uploads\/2025\/03\/prefeitura-franca-3-e1696340631668.jpeg?fit=700%2C467&ssl=1&resize=350%2C200","width":350,"height":200,"srcset":"https:\/\/i0.wp.com\/noticiasribeiraopreto.com.br\/wp-content\/uploads\/2025\/03\/prefeitura-franca-3-e1696340631668.jpeg?fit=700%2C467&ssl=1&resize=350%2C200 1x, https:\/\/i0.wp.com\/noticiasribeiraopreto.com.br\/wp-content\/uploads\/2025\/03\/prefeitura-franca-3-e1696340631668.jpeg?fit=700%2C467&ssl=1&resize=525%2C300 1.5x, https:\/\/i0.wp.com\/noticiasribeiraopreto.com.br\/wp-content\/uploads\/2025\/03\/prefeitura-franca-3-e1696340631668.jpeg?fit=700%2C467&ssl=1&resize=700%2C400 2x"},"classes":[]},{"id":69694,"url":"https:\/\/noticiasribeiraopreto.com.br\/index.php\/2025\/05\/08\/jornal-da-franca-franca-sedia-treinamento-da-defesa-civil-para-a-operacao-sao-paulo-sem-fogo-2025\/","url_meta":{"origin":69612,"position":4},"title":"Jornal da Franca &#8211; Franca sedia treinamento da Defesa Civil para a Opera\u00e7\u00e3o &#8220;S\u00e3o Paulo Sem Fogo 2025&#8221;","author":"noticiasribeiraopreto.com.br","date":"8 de May de 2025","format":false,"excerpt":"compartilhar no whatsapp compartilhar no telegram compartilhar no facebook compartilhar no linkedin A cidade sediar\u00e1 capacita\u00e7\u00e3o para agentes de Defesa Civil, com foco em preven\u00e7\u00e3o e combate a inc\u00eandios, entre palestras e treinamentos pr\u00e1ticos. Franca recebe treinamento para a Opera\u00e7\u00e3o \u2018S\u00e3o Paulo Sem Fogo 2025\u2019 da Defesa Civil na Uni-Facef\u2026","rel":"","context":"In &quot;Not\u00edcias de Franca-SP&quot;","block_context":{"text":"Not\u00edcias de Franca-SP","link":"https:\/\/noticiasribeiraopreto.com.br\/index.php\/category\/noticias-de-ribeirao-preto-sp-e-regiao-ismael-colosi\/noticias-franca-sp\/"},"img":{"alt_text":"","src":"https:\/\/i0.wp.com\/noticiasribeiraopreto.com.br\/wp-content\/uploads\/2025\/05\/uni-facef-jf-scaled.jpg?fit=1200%2C795&ssl=1&resize=350%2C200","width":350,"height":200,"srcset":"https:\/\/i0.wp.com\/noticiasribeiraopreto.com.br\/wp-content\/uploads\/2025\/05\/uni-facef-jf-scaled.jpg?fit=1200%2C795&ssl=1&resize=350%2C200 1x, https:\/\/i0.wp.com\/noticiasribeiraopreto.com.br\/wp-content\/uploads\/2025\/05\/uni-facef-jf-scaled.jpg?fit=1200%2C795&ssl=1&resize=525%2C300 1.5x, https:\/\/i0.wp.com\/noticiasribeiraopreto.com.br\/wp-content\/uploads\/2025\/05\/uni-facef-jf-scaled.jpg?fit=1200%2C795&ssl=1&resize=700%2C400 2x, https:\/\/i0.wp.com\/noticiasribeiraopreto.com.br\/wp-content\/uploads\/2025\/05\/uni-facef-jf-scaled.jpg?fit=1200%2C795&ssl=1&resize=1050%2C600 3x"},"classes":[]},{"id":72550,"url":"https:\/\/noticiasribeiraopreto.com.br\/index.php\/2025\/06\/18\/jornal-da-franca-visita-a-impera-inspira-alunos-da-etec-a-empreender-com-tecnologia\/","url_meta":{"origin":69612,"position":5},"title":"Jornal da Franca &#8211; Visita \u00e0 IMPERA inspira alunos da ETEC a empreender com tecnologia","author":"noticiasribeiraopreto.com.br","date":"18 de June de 2025","format":false,"excerpt":"compartilhar no whatsapp compartilhar no telegram compartilhar no facebook compartilhar no linkedin Alunos da ETEC visitam IMPERA e se conectam com o mundo das startups Iniciativa aproxima jovens talentos da inova\u00e7\u00e3o e do empreendedorismo em Franca \u00a0 Alunos do 2\u00ba ano do curso de Desenvolvimento de Sistemas da ETEC \u201cDr.\u2026","rel":"","context":"In &quot;Not\u00edcias de Franca-SP&quot;","block_context":{"text":"Not\u00edcias de Franca-SP","link":"https:\/\/noticiasribeiraopreto.com.br\/index.php\/category\/noticias-de-ribeirao-preto-sp-e-regiao-ismael-colosi\/noticias-franca-sp\/"},"img":{"alt_text":"","src":"https:\/\/i0.wp.com\/noticiasribeiraopreto.com.br\/wp-content\/uploads\/2025\/06\/visita-Impera-scaled.jpeg?fit=1200%2C900&ssl=1&resize=350%2C200","width":350,"height":200,"srcset":"https:\/\/i0.wp.com\/noticiasribeiraopreto.com.br\/wp-content\/uploads\/2025\/06\/visita-Impera-scaled.jpeg?fit=1200%2C900&ssl=1&resize=350%2C200 1x, https:\/\/i0.wp.com\/noticiasribeiraopreto.com.br\/wp-content\/uploads\/2025\/06\/visita-Impera-scaled.jpeg?fit=1200%2C900&ssl=1&resize=525%2C300 1.5x, https:\/\/i0.wp.com\/noticiasribeiraopreto.com.br\/wp-content\/uploads\/2025\/06\/visita-Impera-scaled.jpeg?fit=1200%2C900&ssl=1&resize=700%2C400 2x, https:\/\/i0.wp.com\/noticiasribeiraopreto.com.br\/wp-content\/uploads\/2025\/06\/visita-Impera-scaled.jpeg?fit=1200%2C900&ssl=1&resize=1050%2C600 3x"},"classes":[]}],"jetpack_sharing_enabled":true,"jetpack_shortlink":"https:\/\/wp.me\/peQAOb-i6M","_links":{"self":[{"href":"https:\/\/noticiasribeiraopreto.com.br\/index.php\/wp-json\/wp\/v2\/posts\/69612","targetHints":{"allow":["GET"]}}],"collection":[{"href":"https:\/\/noticiasribeiraopreto.com.br\/index.php\/wp-json\/wp\/v2\/posts"}],"about":[{"href":"https:\/\/noticiasribeiraopreto.com.br\/index.php\/wp-json\/wp\/v2\/types\/post"}],"author":[{"embeddable":true,"href":"https:\/\/noticiasribeiraopreto.com.br\/index.php\/wp-json\/wp\/v2\/users\/1"}],"replies":[{"embeddable":true,"href":"https:\/\/noticiasribeiraopreto.com.br\/index.php\/wp-json\/wp\/v2\/comments?post=69612"}],"version-history":[{"count":0,"href":"https:\/\/noticiasribeiraopreto.com.br\/index.php\/wp-json\/wp\/v2\/posts\/69612\/revisions"}],"wp:featuredmedia":[{"embeddable":true,"href":"https:\/\/noticiasribeiraopreto.com.br\/index.php\/wp-json\/wp\/v2\/media\/69613"}],"wp:attachment":[{"href":"https:\/\/noticiasribeiraopreto.com.br\/index.php\/wp-json\/wp\/v2\/media?parent=69612"}],"wp:term":[{"taxonomy":"category","embeddable":true,"href":"https:\/\/noticiasribeiraopreto.com.br\/index.php\/wp-json\/wp\/v2\/categories?post=69612"},{"taxonomy":"post_tag","embeddable":true,"href":"https:\/\/noticiasribeiraopreto.com.br\/index.php\/wp-json\/wp\/v2\/tags?post=69612"}],"curies":[{"name":"wp","href":"https:\/\/api.w.org\/{rel}","templated":true}]}}