{"id":69619,"date":"2025-05-07T16:53:02","date_gmt":"2025-05-07T19:53:02","guid":{"rendered":"https:\/\/noticiasribeiraopreto.com.br\/index.php\/2025\/05\/07\/quando-sera-a-proxima-reuniao-do-conclave-2025\/"},"modified":"2025-05-07T16:53:02","modified_gmt":"2025-05-07T19:53:02","slug":"quando-sera-a-proxima-reuniao-do-conclave-2025","status":"publish","type":"post","link":"https:\/\/noticiasribeiraopreto.com.br\/index.php\/2025\/05\/07\/quando-sera-a-proxima-reuniao-do-conclave-2025\/","title":{"rendered":"Quando ser\u00e1 a pr\u00f3xima reuni\u00e3o do conclave 2025?"},"content":{"rendered":"<p> <br \/>\n<\/p>\n<div data-td-block-uid=\"tdi_95\">\n<div class=\"tdb-block-inner td-fix-index\">\n<p>A fuma\u00e7a preta solta pela chamin\u00e9 da <strong>Capela Sistina<\/strong>, no <strong>Vaticano<\/strong>, nesta quarta-feira (7), significa que o novo papa ainda n\u00e3o foi escolhido pelo conclave. <mark style=\"background-color:#fcb900\" class=\"has-inline-color has-black-color\">A pr\u00f3xima vota\u00e7\u00e3o acontece amanh\u00e3.<\/mark><\/p>\n<p>A partir de quinta-feira (8), ser\u00e3o realizadas quatro vota\u00e7\u00f5es por dia, sendo duas pela manh\u00e3 e outras duas \u00e0 tarde. As fuma\u00e7as devem ocorrer nos seguintes hor\u00e1rios:<\/p>\n<ul class=\"wp-block-list\">\n<li><strong>5h30 (Hor\u00e1rio de Bras\u00edlia) \u2013 <mark style=\"background-color:#fcb900\" class=\"has-inline-color has-black-color\">somente se for branca, ou seja, se o novo papa tiver sido escolhido<\/mark><\/strong><\/li>\n<\/ul>\n<ul class=\"wp-block-list\">\n<li><strong>7h (Hor\u00e1rio de Bras\u00edlia)<\/strong><\/li>\n<\/ul>\n<ul class=\"wp-block-list\">\n<li><strong>12h30 (Hor\u00e1rio de Bras\u00edlia) \u2013<mark style=\"background-color:#fcb900\" class=\"has-inline-color has-black-color\"> somente se for branca<\/mark><\/strong><\/li>\n<\/ul>\n<ul class=\"wp-block-list\">\n<li><strong>14h (Hor\u00e1rio de Bras\u00edlia)<\/strong><\/li>\n<\/ul>\n<p>S\u00e3o previstas duas fuma\u00e7as por dia (7h e 14h), mas em caso de resultado positivo, a fuma\u00e7a ser\u00e1 antecipada, e deve sair 5h30, durante a vota\u00e7\u00e3o da manh\u00e3, ou 12h30, na vota\u00e7\u00e3o da tarde.<\/p>\n<p>Se depois do terceiro dia de conclave a igreja ainda estiver sem papa, ser\u00e1 feita uma pausa de 24 horas para ora\u00e7\u00f5es. Depois, a vota\u00e7\u00e3o ser\u00e1 retomada.<\/p>\n<p>SAIBA MAIS<br \/>Saiba quem \u00e9 o cardeal de cidade a 90 km de Ribeir\u00e3o Preto que pode virar papa<\/p>\n<h2 class=\"wp-block-heading\"><strong>FIQUE ON<\/strong><\/h2>\n<p>Fique ligado em tudo que acontece em Ribeir\u00e3o Preto e regi\u00e3o. Siga os perfis do\u00a0<strong>acidade on\u00a0<\/strong>no<a href=\"https:\/\/www.instagram.com\/acidadeonribeirao\">\u00a0Instagram\u00a0<\/a>e no\u00a0<a href=\"https:\/\/www.facebook.com\/acidadeonribeirao\/\">Facebook<\/a>.<\/p>\n<p>Receba not\u00edcias do\u00a0<strong>acidade on<\/strong>\u00a0no WhatsApp.<a href=\"https:\/\/chat.whatsapp.com\/BjKQZ9oJwlz8VVT50NuePq\">\u00a0Para entrar no grupo, basta clicar aqui.<\/a><\/p>\n<p>Fa\u00e7a uma den\u00fancia ou sugira uma reportagem sobre Ribeir\u00e3o Preto e regi\u00e3o pelo WhatsApp: 16 99117 7802.<\/p>\n<p>VEJA TAMB\u00c9M<br \/><strong>Cardeal nascido no interior de SP leva \u2018profecia\u2019 para o conclave<\/strong><\/p>\n<p><!-- CONTENT END 1 -->\n<\/div>\n<\/div>\n<p><script async src=\"\/\/www.instagram.com\/embed.js\"><\/script><br \/>\n<br \/><br \/>\n<br \/><a href=\"https:\/\/www.acidadeon.com\/ribeiraopreto\/cotidiano\/quando-sera-a-proxima-reuniao-do-conclave-2025\/\">Source link <\/a><\/p>\n","protected":false},"excerpt":{"rendered":"<p>A fuma\u00e7a preta solta pela chamin\u00e9 da Capela Sistina, no Vaticano, nesta quarta-feira (7), significa que o novo papa ainda n\u00e3o foi escolhido pelo conclave&#8230;.<\/p>\n","protected":false},"author":1,"featured_media":69620,"comment_status":"open","ping_status":"open","sticky":false,"template":"","format":"standard","meta":{"advanced_seo_description":"","jetpack_seo_html_title":"","jetpack_seo_noindex":false,"jetpack_post_was_ever_published":false,"_jetpack_newsletter_access":"","_jetpack_dont_email_post_to_subs":false,"_jetpack_newsletter_tier_id":0,"_jetpack_memberships_contains_paywalled_content":false,"_jetpack_memberships_contains_paid_content":false,"footnotes":"","jetpack_publicize_message":"","jetpack_publicize_feature_enabled":true,"jetpack_social_post_already_shared":true,"jetpack_social_options":{"image_generator_settings":{"template":"highway","default_image_id":0,"font":"","enabled":false},"version":2}},"categories":[11],"tags":[],"class_list":["post-69619","post","type-post","status-publish","format-standard","has-post-thumbnail","hentry","category-noticias-de-ribeirao-preto-sp-e-regiao-ismael-colosi"],"jetpack_publicize_connections":[],"jetpack_featured_media_url":"https:\/\/i0.wp.com\/noticiasribeiraopreto.com.br\/wp-content\/uploads\/2025\/05\/fumaca-preta_2025-05-07_19-19-53.webp.webp?fit=1200%2C729&ssl=1","jetpack-related-posts":[{"id":69626,"url":"https:\/\/noticiasribeiraopreto.com.br\/index.php\/2025\/05\/07\/ao-vivo-acompanhe-a-movimentacao-no-conclave-para-escolha-do-novo-papa\/","url_meta":{"origin":69619,"position":0},"title":"AO VIVO: Acompanhe a movimenta\u00e7\u00e3o no Conclave para escolha do novo papa","author":"noticiasribeiraopreto.com.br","date":"7 de May de 2025","format":false,"excerpt":"O grupo de 133 cardeais come\u00e7a nesta quarta-feira (7) na Capela Sistina, no Vaticano, a s\u00e9rie de reuni\u00f5es fechadas do conclave para definir quem ser\u00e1 o novo papa. Os ritos foram abertos com a missa Pro eligendo Pontifice, na Bas\u00edlica de S\u00e3o Pedro. Os cardeais sa\u00edram da Casa Santa Marta\u2026","rel":"","context":"In &quot;Not\u00edcias de Ribeir\u00e3o Preto-SP e Regi\u00e3o&quot;","block_context":{"text":"Not\u00edcias de Ribeir\u00e3o Preto-SP e Regi\u00e3o","link":"https:\/\/noticiasribeiraopreto.com.br\/index.php\/category\/noticias-de-ribeirao-preto-sp-e-regiao-ismael-colosi\/"},"img":{"alt_text":"","src":"https:\/\/i0.wp.com\/noticiasribeiraopreto.com.br\/wp-content\/uploads\/2025\/05\/conclave_2025-05-07_17-51-06.webp.webp?fit=1010%2C574&ssl=1&resize=350%2C200","width":350,"height":200,"srcset":"https:\/\/i0.wp.com\/noticiasribeiraopreto.com.br\/wp-content\/uploads\/2025\/05\/conclave_2025-05-07_17-51-06.webp.webp?fit=1010%2C574&ssl=1&resize=350%2C200 1x, https:\/\/i0.wp.com\/noticiasribeiraopreto.com.br\/wp-content\/uploads\/2025\/05\/conclave_2025-05-07_17-51-06.webp.webp?fit=1010%2C574&ssl=1&resize=525%2C300 1.5x, https:\/\/i0.wp.com\/noticiasribeiraopreto.com.br\/wp-content\/uploads\/2025\/05\/conclave_2025-05-07_17-51-06.webp.webp?fit=1010%2C574&ssl=1&resize=700%2C400 2x"},"classes":[]},{"id":69670,"url":"https:\/\/noticiasribeiraopreto.com.br\/index.php\/2025\/05\/08\/conclave-segundo-dia-comeca-com-fumaca-preta-e-papa-nao-foi-escolhido\/","url_meta":{"origin":69619,"position":1},"title":"Conclave: Segundo dia come\u00e7a com fuma\u00e7a preta e papa n\u00e3o foi escolhido","author":"noticiasribeiraopreto.com.br","date":"8 de May de 2025","format":false,"excerpt":"A fuma\u00e7a preta \u2013 que indica que o papa ainda n\u00e3o foi eleito \u2013 saiu ap\u00f3s a nova rodada de vota\u00e7\u00f5es nesta quinta-feira (8), segundo dia do conclave. Nesta quarta-feira (7), tamb\u00e9m houve fuma\u00e7a preta. FIQUE POR DENTRO:\u00a0AO VIVO: Acompanhe a movimenta\u00e7\u00e3o no Conclave para escolha do novo papa O\u2026","rel":"","context":"In &quot;Not\u00edcias de Ribeir\u00e3o Preto-SP e Regi\u00e3o&quot;","block_context":{"text":"Not\u00edcias de Ribeir\u00e3o Preto-SP e Regi\u00e3o","link":"https:\/\/noticiasribeiraopreto.com.br\/index.php\/category\/noticias-de-ribeirao-preto-sp-e-regiao-ismael-colosi\/"},"img":{"alt_text":"","src":"https:\/\/i0.wp.com\/noticiasribeiraopreto.com.br\/wp-content\/uploads\/2025\/05\/FUMACA-PRETA-2_2025-05-08_10-12-47.webp.webp?fit=1200%2C682&ssl=1&resize=350%2C200","width":350,"height":200,"srcset":"https:\/\/i0.wp.com\/noticiasribeiraopreto.com.br\/wp-content\/uploads\/2025\/05\/FUMACA-PRETA-2_2025-05-08_10-12-47.webp.webp?fit=1200%2C682&ssl=1&resize=350%2C200 1x, https:\/\/i0.wp.com\/noticiasribeiraopreto.com.br\/wp-content\/uploads\/2025\/05\/FUMACA-PRETA-2_2025-05-08_10-12-47.webp.webp?fit=1200%2C682&ssl=1&resize=525%2C300 1.5x, https:\/\/i0.wp.com\/noticiasribeiraopreto.com.br\/wp-content\/uploads\/2025\/05\/FUMACA-PRETA-2_2025-05-08_10-12-47.webp.webp?fit=1200%2C682&ssl=1&resize=700%2C400 2x, https:\/\/i0.wp.com\/noticiasribeiraopreto.com.br\/wp-content\/uploads\/2025\/05\/FUMACA-PRETA-2_2025-05-08_10-12-47.webp.webp?fit=1200%2C682&ssl=1&resize=1050%2C600 3x"},"classes":[]},{"id":69716,"url":"https:\/\/noticiasribeiraopreto.com.br\/index.php\/2025\/05\/08\/ao-vivo-acompanhe-a-escolha-do-novo-papa-no-conclave-2025\/","url_meta":{"origin":69619,"position":2},"title":"AO VIVO: Acompanhe a escolha do novo papa no conclave 2025","author":"noticiasribeiraopreto.com.br","date":"8 de May de 2025","format":false,"excerpt":"Os cardeais voltaram \u00e0 Capela Sistina, no Vaticano, para escolha do novo papa no conclave 2025. Eles d\u00e3o in\u00edcio a uma nova rodada de vota\u00e7\u00f5es no segundo dia do conclave, nesta quinta-feira (8). Pela manh\u00e3, novamente foi solta a fuma\u00e7a preta, o que indica que um novo papa ainda n\u00e3o\u2026","rel":"","context":"In &quot;Not\u00edcias de Ribeir\u00e3o Preto-SP e Regi\u00e3o&quot;","block_context":{"text":"Not\u00edcias de Ribeir\u00e3o Preto-SP e Regi\u00e3o","link":"https:\/\/noticiasribeiraopreto.com.br\/index.php\/category\/noticias-de-ribeirao-preto-sp-e-regiao-ismael-colosi\/"},"img":{"alt_text":"","src":"https:\/\/i0.wp.com\/noticiasribeiraopreto.com.br\/wp-content\/uploads\/2025\/05\/conclave_2025-05-08_14-35-14.webp.webp?fit=1036%2C703&ssl=1&resize=350%2C200","width":350,"height":200,"srcset":"https:\/\/i0.wp.com\/noticiasribeiraopreto.com.br\/wp-content\/uploads\/2025\/05\/conclave_2025-05-08_14-35-14.webp.webp?fit=1036%2C703&ssl=1&resize=350%2C200 1x, https:\/\/i0.wp.com\/noticiasribeiraopreto.com.br\/wp-content\/uploads\/2025\/05\/conclave_2025-05-08_14-35-14.webp.webp?fit=1036%2C703&ssl=1&resize=525%2C300 1.5x, https:\/\/i0.wp.com\/noticiasribeiraopreto.com.br\/wp-content\/uploads\/2025\/05\/conclave_2025-05-08_14-35-14.webp.webp?fit=1036%2C703&ssl=1&resize=700%2C400 2x"},"classes":[]},{"id":69708,"url":"https:\/\/noticiasribeiraopreto.com.br\/index.php\/2025\/05\/08\/fumaca-branca-conclave-define-novo-papa\/","url_meta":{"origin":69619,"position":3},"title":"Fuma\u00e7a branca: Conclave define novo papa","author":"noticiasribeiraopreto.com.br","date":"8 de May de 2025","format":false,"excerpt":"Por volta das 13h desta quinta-feira (8) o novo papa foi escolhido pelo conclave. Foi neste hor\u00e1rio que a chamin\u00e9 da Capela Sistina, no Vaticano, soltou a fuma\u00e7a branca. O sucessor de Francisco foi escolhido na quarta vota\u00e7\u00e3o deste conclave, que come\u00e7ou na quarta-feira (7). Pela manh\u00e3, novamente foi solta\u2026","rel":"","context":"In &quot;Not\u00edcias de Ribeir\u00e3o Preto-SP e Regi\u00e3o&quot;","block_context":{"text":"Not\u00edcias de Ribeir\u00e3o Preto-SP e Regi\u00e3o","link":"https:\/\/noticiasribeiraopreto.com.br\/index.php\/category\/noticias-de-ribeirao-preto-sp-e-regiao-ismael-colosi\/"},"img":{"alt_text":"","src":"https:\/\/i0.wp.com\/noticiasribeiraopreto.com.br\/wp-content\/uploads\/2025\/05\/fumaca-branca_2025-05-08_16-09-53.webp.webp?fit=1200%2C756&ssl=1&resize=350%2C200","width":350,"height":200,"srcset":"https:\/\/i0.wp.com\/noticiasribeiraopreto.com.br\/wp-content\/uploads\/2025\/05\/fumaca-branca_2025-05-08_16-09-53.webp.webp?fit=1200%2C756&ssl=1&resize=350%2C200 1x, https:\/\/i0.wp.com\/noticiasribeiraopreto.com.br\/wp-content\/uploads\/2025\/05\/fumaca-branca_2025-05-08_16-09-53.webp.webp?fit=1200%2C756&ssl=1&resize=525%2C300 1.5x, https:\/\/i0.wp.com\/noticiasribeiraopreto.com.br\/wp-content\/uploads\/2025\/05\/fumaca-branca_2025-05-08_16-09-53.webp.webp?fit=1200%2C756&ssl=1&resize=700%2C400 2x, https:\/\/i0.wp.com\/noticiasribeiraopreto.com.br\/wp-content\/uploads\/2025\/05\/fumaca-branca_2025-05-08_16-09-53.webp.webp?fit=1200%2C756&ssl=1&resize=1050%2C600 3x"},"classes":[]},{"id":69735,"url":"https:\/\/noticiasribeiraopreto.com.br\/index.php\/2025\/05\/08\/robert-prevost-e-o-escolhido-no-conclave-saiba-quem-e-o-novo-papa\/","url_meta":{"origin":69619,"position":4},"title":"Robert Prevost \u00e9 o escolhido no conclave; Saiba quem \u00e9 o novo papa","author":"noticiasribeiraopreto.com.br","date":"8 de May de 2025","format":false,"excerpt":"O grupo de cardeais reunidos para o conclave na Capela Sistina escolheu nesta quinta-feira (8), o 267\u00ba papa da hist\u00f3ria, que vai suceder Francisco \u00e0 frente do Vaticano. O novo papa \u00e9 o cardeal Robert Prevost, dos Estados Unidos. O novo papa escolheu o nome Le\u00e3o XIV. Robert Prevost tem\u2026","rel":"","context":"In &quot;Not\u00edcias de Ribeir\u00e3o Preto-SP e Regi\u00e3o&quot;","block_context":{"text":"Not\u00edcias de Ribeir\u00e3o Preto-SP e Regi\u00e3o","link":"https:\/\/noticiasribeiraopreto.com.br\/index.php\/category\/noticias-de-ribeirao-preto-sp-e-regiao-ismael-colosi\/"},"img":{"alt_text":"","src":"https:\/\/i0.wp.com\/noticiasribeiraopreto.com.br\/wp-content\/uploads\/2025\/05\/prevost-1_2025-05-08_17-37-14.webp.webp?fit=1200%2C797&ssl=1&resize=350%2C200","width":350,"height":200,"srcset":"https:\/\/i0.wp.com\/noticiasribeiraopreto.com.br\/wp-content\/uploads\/2025\/05\/prevost-1_2025-05-08_17-37-14.webp.webp?fit=1200%2C797&ssl=1&resize=350%2C200 1x, https:\/\/i0.wp.com\/noticiasribeiraopreto.com.br\/wp-content\/uploads\/2025\/05\/prevost-1_2025-05-08_17-37-14.webp.webp?fit=1200%2C797&ssl=1&resize=525%2C300 1.5x, https:\/\/i0.wp.com\/noticiasribeiraopreto.com.br\/wp-content\/uploads\/2025\/05\/prevost-1_2025-05-08_17-37-14.webp.webp?fit=1200%2C797&ssl=1&resize=700%2C400 2x, https:\/\/i0.wp.com\/noticiasribeiraopreto.com.br\/wp-content\/uploads\/2025\/05\/prevost-1_2025-05-08_17-37-14.webp.webp?fit=1200%2C797&ssl=1&resize=1050%2C600 3x"},"classes":[]},{"id":67984,"url":"https:\/\/noticiasribeiraopreto.com.br\/index.php\/2025\/04\/21\/sete-brasileiros-podem-votar-na-escolha-do-novo-papa-entenda-como-funciona-o-conclave\/","url_meta":{"origin":69619,"position":5},"title":"Sete brasileiros podem votar na escolha do novo papa; Entenda como funciona o conclave","author":"noticiasribeiraopreto.com.br","date":"21 de April de 2025","format":false,"excerpt":"O papa Francisco morreu na madrugada desta segunda-feira (21), aos 88 anos. Com a vac\u00e2ncia do cargo, tem in\u00edcio o processo de escolha do novo l\u00edder da Igreja Cat\u00f3lica, conhecido como conclave. Nesse processo, at\u00e9 sete cardeais brasileiros est\u00e3o aptos a participar da vota\u00e7\u00e3o que definir\u00e1 o pr\u00f3ximo papa. >>>FIQUE\u2026","rel":"","context":"In &quot;Not\u00edcias de Ribeir\u00e3o Preto-SP e Regi\u00e3o&quot;","block_context":{"text":"Not\u00edcias de Ribeir\u00e3o Preto-SP e Regi\u00e3o","link":"https:\/\/noticiasribeiraopreto.com.br\/index.php\/category\/noticias-de-ribeirao-preto-sp-e-regiao-ismael-colosi\/"},"img":{"alt_text":"","src":"https:\/\/i0.wp.com\/noticiasribeiraopreto.com.br\/wp-content\/uploads\/2025\/04\/Copia-de-Copia-de-Copia-de-TAMANHO-EXATO-PARA-FOTOS-NO-SISTEMA-NOVO_2025-04-21_18-57-29.webp.webp?fit=1200%2C675&ssl=1&resize=350%2C200","width":350,"height":200,"srcset":"https:\/\/i0.wp.com\/noticiasribeiraopreto.com.br\/wp-content\/uploads\/2025\/04\/Copia-de-Copia-de-Copia-de-TAMANHO-EXATO-PARA-FOTOS-NO-SISTEMA-NOVO_2025-04-21_18-57-29.webp.webp?fit=1200%2C675&ssl=1&resize=350%2C200 1x, https:\/\/i0.wp.com\/noticiasribeiraopreto.com.br\/wp-content\/uploads\/2025\/04\/Copia-de-Copia-de-Copia-de-TAMANHO-EXATO-PARA-FOTOS-NO-SISTEMA-NOVO_2025-04-21_18-57-29.webp.webp?fit=1200%2C675&ssl=1&resize=525%2C300 1.5x, https:\/\/i0.wp.com\/noticiasribeiraopreto.com.br\/wp-content\/uploads\/2025\/04\/Copia-de-Copia-de-Copia-de-TAMANHO-EXATO-PARA-FOTOS-NO-SISTEMA-NOVO_2025-04-21_18-57-29.webp.webp?fit=1200%2C675&ssl=1&resize=700%2C400 2x, https:\/\/i0.wp.com\/noticiasribeiraopreto.com.br\/wp-content\/uploads\/2025\/04\/Copia-de-Copia-de-Copia-de-TAMANHO-EXATO-PARA-FOTOS-NO-SISTEMA-NOVO_2025-04-21_18-57-29.webp.webp?fit=1200%2C675&ssl=1&resize=1050%2C600 3x"},"classes":[]}],"jetpack_sharing_enabled":true,"jetpack_shortlink":"https:\/\/wp.me\/peQAOb-i6T","_links":{"self":[{"href":"https:\/\/noticiasribeiraopreto.com.br\/index.php\/wp-json\/wp\/v2\/posts\/69619","targetHints":{"allow":["GET"]}}],"collection":[{"href":"https:\/\/noticiasribeiraopreto.com.br\/index.php\/wp-json\/wp\/v2\/posts"}],"about":[{"href":"https:\/\/noticiasribeiraopreto.com.br\/index.php\/wp-json\/wp\/v2\/types\/post"}],"author":[{"embeddable":true,"href":"https:\/\/noticiasribeiraopreto.com.br\/index.php\/wp-json\/wp\/v2\/users\/1"}],"replies":[{"embeddable":true,"href":"https:\/\/noticiasribeiraopreto.com.br\/index.php\/wp-json\/wp\/v2\/comments?post=69619"}],"version-history":[{"count":0,"href":"https:\/\/noticiasribeiraopreto.com.br\/index.php\/wp-json\/wp\/v2\/posts\/69619\/revisions"}],"wp:featuredmedia":[{"embeddable":true,"href":"https:\/\/noticiasribeiraopreto.com.br\/index.php\/wp-json\/wp\/v2\/media\/69620"}],"wp:attachment":[{"href":"https:\/\/noticiasribeiraopreto.com.br\/index.php\/wp-json\/wp\/v2\/media?parent=69619"}],"wp:term":[{"taxonomy":"category","embeddable":true,"href":"https:\/\/noticiasribeiraopreto.com.br\/index.php\/wp-json\/wp\/v2\/categories?post=69619"},{"taxonomy":"post_tag","embeddable":true,"href":"https:\/\/noticiasribeiraopreto.com.br\/index.php\/wp-json\/wp\/v2\/tags?post=69619"}],"curies":[{"name":"wp","href":"https:\/\/api.w.org\/{rel}","templated":true}]}}