{"id":69621,"date":"2025-05-07T16:59:50","date_gmt":"2025-05-07T19:59:50","guid":{"rendered":"https:\/\/noticiasribeiraopreto.com.br\/index.php\/2025\/05\/07\/quem-e-o-cardeal-brasileiro-do-interior-de-sp-considerado-favorito-no-conclave\/"},"modified":"2025-05-07T16:59:50","modified_gmt":"2025-05-07T19:59:50","slug":"quem-e-o-cardeal-brasileiro-do-interior-de-sp-considerado-favorito-no-conclave","status":"publish","type":"post","link":"https:\/\/noticiasribeiraopreto.com.br\/index.php\/2025\/05\/07\/quem-e-o-cardeal-brasileiro-do-interior-de-sp-considerado-favorito-no-conclave\/","title":{"rendered":"Quem \u00e9 o cardeal brasileiro do interior de SP considerado favorito no conclave?"},"content":{"rendered":"<p> <br \/>\n<\/p>\n<div>\n<p>Entre os <strong>sete cardeais brasileiros<\/strong> que participam do <strong>conclave<\/strong>, processo de escolha do novo papa da Igreja Cat\u00f3lica, que <strong>teve in\u00edcio nesta quarta-feira (7)<\/strong>, um nome se destaca: <strong>Dom S\u00e9rgio da Rocha<\/strong>, nascido em <strong>Dobrada<\/strong>, cidade no <strong>interior de S\u00e3o Paulo<\/strong>.<\/p>\n<p><em>&gt;&gt;&gt;FIQUE POR DENTRO: AO VIVO: Acompanhe a movimenta\u00e7\u00e3o no Conclave para escolha do novo papa<\/em><\/p>\n<p>Embora qualquer homem cat\u00f3lico possa ser eleito papa, desde 1379 os escolhidos t\u00eam sido, consistentemente, <strong>cardeais<\/strong>. Portanto, considerando sua atua\u00e7\u00e3o em diversas regi\u00f5es do Brasil e o envolvimento direto com o papa Francisco, o cardeal aparece como um dos nomes brasileiros com potencial para ser escolhido no pr\u00f3ximo conclave.<\/p>\n<p><mark style=\"background-color:#fcb900\" class=\"has-inline-color\">O jornal franc\u00eas <strong>Lib\u00e9ration<\/strong>, inclusive, citou <strong>Dom S\u00e9rgio da Rocha<\/strong> na lista dos <strong>15 cardeais favoritos ao cargo<\/strong> mais alto da Igreja Cat\u00f3lica.<\/mark><\/p>\n<h2 class=\"wp-block-heading\"><strong>Quem \u00e9 Dom S\u00e9rgio da Rocha?<\/strong><\/h2>\n<p><strong>Dom S\u00e9rgio da Rocha<\/strong> nasceu em <strong>Dobrada<\/strong>, cidade a cerca de 90 quil\u00f4metros de <strong>Ribeir\u00e3o Preto<\/strong>, no dia 21 de outubro de 1959 e foi ordenado <strong>padre <\/strong>em 1984.<\/p>\n<p>Concluiu o mestrado em <strong>Teologia Moral<\/strong> pela Pontif\u00edcia Faculdade de Teologia Nossa Senhora da Assun\u00e7\u00e3o, em S\u00e3o Paulo. Al\u00e9m disso, obteve o doutorado pela Academia Alfonsiana da Pontif\u00edcia Universidade Lateranense, em Roma.<\/p>\n<h3 class=\"wp-block-heading\"><strong>Caminho na Igreja Cat\u00f3lica<\/strong><\/h3>\n<p>Em 2007, <strong>Dom S\u00e9rgio<\/strong> assumiu o cargo de <strong>arcebispo coadjutor da Arquidiocese de Teresina<\/strong>. No ano seguinte, tornou-se <strong>arcebispo metropolitano<\/strong> da mesma arquidiocese. Em seguida, em 2011, passou a liderar a Arquidiocese de Bras\u00edlia. <strong><mark style=\"background-color:#fcb900\" class=\"has-inline-color\">Posteriormente, em 2016, durante o pontificado de Francisco, tornou-se cardeal<\/mark><\/strong>.<\/p>\n<div class=\"wp-block-image\">\n<figure class=\"aligncenter size-large is-resized\"><img data-recalc-dims=\"1\" fetchpriority=\"high\" decoding=\"async\" width=\"1024\" height=\"576\" src=\"https:\/\/i0.wp.com\/www.acidadeon.com\/ribeiraopreto\/wp-content\/uploads\/sites\/3\/2025\/04\/Copia-de-Copia-de-Copia-de-TAMANHO-EXATO-PARA-FOTOS-NO-SISTEMA-NOVO-4_2025-04-22_20-35-52-1024x576.webp?resize=1024%2C576&#038;ssl=1\" alt=\"\" class=\"wp-image-114364\" style=\"width:714px;height:auto\" srcset=\"https:\/\/www.acidadeon.com\/ribeiraopreto\/wp-content\/uploads\/sites\/3\/2025\/04\/Copia-de-Copia-de-Copia-de-TAMANHO-EXATO-PARA-FOTOS-NO-SISTEMA-NOVO-4_2025-04-22_20-35-52-1024x576.webp 1024w, https:\/\/www.acidadeon.com\/ribeiraopreto\/wp-content\/uploads\/sites\/3\/2025\/04\/Copia-de-Copia-de-Copia-de-TAMANHO-EXATO-PARA-FOTOS-NO-SISTEMA-NOVO-4_2025-04-22_20-35-52-300x169.webp 300w, https:\/\/www.acidadeon.com\/ribeiraopreto\/wp-content\/uploads\/sites\/3\/2025\/04\/Copia-de-Copia-de-Copia-de-TAMANHO-EXATO-PARA-FOTOS-NO-SISTEMA-NOVO-4_2025-04-22_20-35-52-768x432.webp 768w, https:\/\/www.acidadeon.com\/ribeiraopreto\/wp-content\/uploads\/sites\/3\/2025\/04\/Copia-de-Copia-de-Copia-de-TAMANHO-EXATO-PARA-FOTOS-NO-SISTEMA-NOVO-4_2025-04-22_20-35-52-696x392.webp 696w, https:\/\/www.acidadeon.com\/ribeiraopreto\/wp-content\/uploads\/sites\/3\/2025\/04\/Copia-de-Copia-de-Copia-de-TAMANHO-EXATO-PARA-FOTOS-NO-SISTEMA-NOVO-4_2025-04-22_20-35-52-1068x601.webp 1068w, https:\/\/www.acidadeon.com\/ribeiraopreto\/wp-content\/uploads\/sites\/3\/2025\/04\/Copia-de-Copia-de-Copia-de-TAMANHO-EXATO-PARA-FOTOS-NO-SISTEMA-NOVO-4_2025-04-22_20-35-52.webp 1200w\" sizes=\"(max-width: 1024px) 100vw, 1024px\"\/><figcaption class=\"wp-element-caption\">Dom S\u00e9rgio da Rocha aparece como um dos nomes brasileiros com potencial para ser escolhido como novo papa \u2013 Foto: Arquivo Pessoal<\/figcaption><\/figure>\n<\/div>\n<p>Em 2020, <strong>Dom S\u00e9rgio<\/strong> passou a comandar a Arquidiocese de Salvador. Al\u00e9m disso, det\u00e9m o t\u00edtulo de Primaz do Brasil, por liderar a <strong>primeira sede da Igreja Cat\u00f3lica no pa\u00eds<\/strong>.<\/p>\n<p>Paralelamente a essas fun\u00e7\u00f5es, entre 2015 e 2019, presidiu a <strong>Confer\u00eancia Nacional dos Bispos do Brasil (CNBB)<\/strong>.<\/p>\n<p>Mais recentemente, em 2023, tornou-se o primeiro brasileiro indicado para o Conselho de Cardeais, grupo criado para auxiliar o papa no governo da Igreja e na revis\u00e3o da C\u00faria Romana.<\/p>\n<hr class=\"wp-block-separator has-alpha-channel-opacity\"\/>\n<p>SAIBA MAIS<\/p>\n<p>Cardeal nascido no interior de SP leva \u2018profecia\u2019 para o conclave<\/p>\n<h2 class=\"wp-block-heading\"><strong>FIQUE ON<\/strong><\/h2>\n<p>Fique ligado em tudo que acontece em Ribeir\u00e3o Preto e regi\u00e3o. Siga os perfis do\u00a0<strong>acidade on\u00a0<\/strong>no<a href=\"https:\/\/www.instagram.com\/acidadeonribeirao\">\u00a0Instagram\u00a0<\/a>e no\u00a0<a href=\"https:\/\/www.facebook.com\/acidadeonribeirao\/\">Facebook<\/a>.<\/p>\n<p>Receba not\u00edcias do\u00a0<strong>acidade on<\/strong>\u00a0no WhatsApp.<a href=\"https:\/\/chat.whatsapp.com\/BjKQZ9oJwlz8VVT50NuePq\">\u00a0Para entrar no grupo, basta clicar aqui.<\/a><\/p>\n<p>Fa\u00e7a uma den\u00fancia ou sugira uma reportagem sobre Ribeir\u00e3o Preto e regi\u00e3o pelo WhatsApp: 16 99117 7802.<\/p>\n<p><!-- CONTENT END 1 -->\n<\/div>\n<p><script async src=\"\/\/www.instagram.com\/embed.js\"><\/script><br \/>\n<br \/><br \/>\n<br \/><a href=\"https:\/\/www.acidadeon.com\/ribeiraopreto\/cotidiano\/quem-e-o-cardeal-brasileiro-do-interior-de-sp-considerado-favorito-no-conclave\/\">Source link <\/a><\/p>\n","protected":false},"excerpt":{"rendered":"<p>Entre os sete cardeais brasileiros que participam do conclave, processo de escolha do novo papa da Igreja Cat\u00f3lica, que teve in\u00edcio nesta quarta-feira (7), um&#8230;<\/p>\n","protected":false},"author":1,"featured_media":69622,"comment_status":"open","ping_status":"open","sticky":false,"template":"","format":"standard","meta":{"advanced_seo_description":"","jetpack_seo_html_title":"","jetpack_seo_noindex":false,"jetpack_post_was_ever_published":false,"_jetpack_newsletter_access":"","_jetpack_dont_email_post_to_subs":false,"_jetpack_newsletter_tier_id":0,"_jetpack_memberships_contains_paywalled_content":false,"_jetpack_memberships_contains_paid_content":false,"footnotes":"","jetpack_publicize_message":"","jetpack_publicize_feature_enabled":true,"jetpack_social_post_already_shared":true,"jetpack_social_options":{"image_generator_settings":{"template":"highway","default_image_id":0,"font":"","enabled":false},"version":2}},"categories":[11],"tags":[],"class_list":["post-69621","post","type-post","status-publish","format-standard","has-post-thumbnail","hentry","category-noticias-de-ribeirao-preto-sp-e-regiao-ismael-colosi"],"jetpack_publicize_connections":[],"jetpack_featured_media_url":"https:\/\/i0.wp.com\/noticiasribeiraopreto.com.br\/wp-content\/uploads\/2025\/05\/Copia-de-Copia-de-Copia-de-TAMANHO-EXATO-PARA-FOTOS-NO-SISTEMA-NOVO-2025-05-07T151316.923_2025-05-07_18-13-23.webp.webp?fit=1200%2C675&ssl=1","jetpack-related-posts":[{"id":68121,"url":"https:\/\/noticiasribeiraopreto.com.br\/index.php\/2025\/04\/22\/saiba-quem-e-o-cardeal-de-cidade-a-90-km-de-ribeirao-preto-que-pode-virar-papa\/","url_meta":{"origin":69621,"position":0},"title":"Saiba quem \u00e9 o cardeal de cidade a 90 km de Ribeir\u00e3o Preto que pode virar papa","author":"noticiasribeiraopreto.com.br","date":"22 de April de 2025","format":false,"excerpt":"Com a morte do papa Francisco, a Igreja Cat\u00f3lica inicia a escolha do novo pont\u00edfice. No conclave, reuni\u00e3o secreta com cardeais eleitores, eles votam para eleger o sucessor. Entre os sete cardeais brasileiros, um nome se destaca: Dom S\u00e9rgio da Rocha, nascido em Dobrada, cidade a cerca de 90 km\u2026","rel":"","context":"In &quot;Not\u00edcias de Ribeir\u00e3o Preto-SP e Regi\u00e3o&quot;","block_context":{"text":"Not\u00edcias de Ribeir\u00e3o Preto-SP e Regi\u00e3o","link":"https:\/\/noticiasribeiraopreto.com.br\/index.php\/category\/noticias-de-ribeirao-preto-sp-e-regiao-ismael-colosi\/"},"img":{"alt_text":"","src":"https:\/\/i0.wp.com\/noticiasribeiraopreto.com.br\/wp-content\/uploads\/2025\/04\/Copia-de-Copia-de-Copia-de-TAMANHO-EXATO-PARA-FOTOS-NO-SISTEMA-NOVO-4_2025-04-22_20-35-52.webp.webp?fit=1200%2C675&ssl=1&resize=350%2C200","width":350,"height":200,"srcset":"https:\/\/i0.wp.com\/noticiasribeiraopreto.com.br\/wp-content\/uploads\/2025\/04\/Copia-de-Copia-de-Copia-de-TAMANHO-EXATO-PARA-FOTOS-NO-SISTEMA-NOVO-4_2025-04-22_20-35-52.webp.webp?fit=1200%2C675&ssl=1&resize=350%2C200 1x, https:\/\/i0.wp.com\/noticiasribeiraopreto.com.br\/wp-content\/uploads\/2025\/04\/Copia-de-Copia-de-Copia-de-TAMANHO-EXATO-PARA-FOTOS-NO-SISTEMA-NOVO-4_2025-04-22_20-35-52.webp.webp?fit=1200%2C675&ssl=1&resize=525%2C300 1.5x, https:\/\/i0.wp.com\/noticiasribeiraopreto.com.br\/wp-content\/uploads\/2025\/04\/Copia-de-Copia-de-Copia-de-TAMANHO-EXATO-PARA-FOTOS-NO-SISTEMA-NOVO-4_2025-04-22_20-35-52.webp.webp?fit=1200%2C675&ssl=1&resize=700%2C400 2x, https:\/\/i0.wp.com\/noticiasribeiraopreto.com.br\/wp-content\/uploads\/2025\/04\/Copia-de-Copia-de-Copia-de-TAMANHO-EXATO-PARA-FOTOS-NO-SISTEMA-NOVO-4_2025-04-22_20-35-52.webp.webp?fit=1200%2C675&ssl=1&resize=1050%2C600 3x"},"classes":[]},{"id":69708,"url":"https:\/\/noticiasribeiraopreto.com.br\/index.php\/2025\/05\/08\/fumaca-branca-conclave-define-novo-papa\/","url_meta":{"origin":69621,"position":1},"title":"Fuma\u00e7a branca: Conclave define novo papa","author":"noticiasribeiraopreto.com.br","date":"8 de May de 2025","format":false,"excerpt":"Por volta das 13h desta quinta-feira (8) o novo papa foi escolhido pelo conclave. Foi neste hor\u00e1rio que a chamin\u00e9 da Capela Sistina, no Vaticano, soltou a fuma\u00e7a branca. O sucessor de Francisco foi escolhido na quarta vota\u00e7\u00e3o deste conclave, que come\u00e7ou na quarta-feira (7). Pela manh\u00e3, novamente foi solta\u2026","rel":"","context":"In &quot;Not\u00edcias de Ribeir\u00e3o Preto-SP e Regi\u00e3o&quot;","block_context":{"text":"Not\u00edcias de Ribeir\u00e3o Preto-SP e Regi\u00e3o","link":"https:\/\/noticiasribeiraopreto.com.br\/index.php\/category\/noticias-de-ribeirao-preto-sp-e-regiao-ismael-colosi\/"},"img":{"alt_text":"","src":"https:\/\/i0.wp.com\/noticiasribeiraopreto.com.br\/wp-content\/uploads\/2025\/05\/fumaca-branca_2025-05-08_16-09-53.webp.webp?fit=1200%2C756&ssl=1&resize=350%2C200","width":350,"height":200,"srcset":"https:\/\/i0.wp.com\/noticiasribeiraopreto.com.br\/wp-content\/uploads\/2025\/05\/fumaca-branca_2025-05-08_16-09-53.webp.webp?fit=1200%2C756&ssl=1&resize=350%2C200 1x, https:\/\/i0.wp.com\/noticiasribeiraopreto.com.br\/wp-content\/uploads\/2025\/05\/fumaca-branca_2025-05-08_16-09-53.webp.webp?fit=1200%2C756&ssl=1&resize=525%2C300 1.5x, https:\/\/i0.wp.com\/noticiasribeiraopreto.com.br\/wp-content\/uploads\/2025\/05\/fumaca-branca_2025-05-08_16-09-53.webp.webp?fit=1200%2C756&ssl=1&resize=700%2C400 2x, https:\/\/i0.wp.com\/noticiasribeiraopreto.com.br\/wp-content\/uploads\/2025\/05\/fumaca-branca_2025-05-08_16-09-53.webp.webp?fit=1200%2C756&ssl=1&resize=1050%2C600 3x"},"classes":[]},{"id":67984,"url":"https:\/\/noticiasribeiraopreto.com.br\/index.php\/2025\/04\/21\/sete-brasileiros-podem-votar-na-escolha-do-novo-papa-entenda-como-funciona-o-conclave\/","url_meta":{"origin":69621,"position":2},"title":"Sete brasileiros podem votar na escolha do novo papa; Entenda como funciona o conclave","author":"noticiasribeiraopreto.com.br","date":"21 de April de 2025","format":false,"excerpt":"O papa Francisco morreu na madrugada desta segunda-feira (21), aos 88 anos. Com a vac\u00e2ncia do cargo, tem in\u00edcio o processo de escolha do novo l\u00edder da Igreja Cat\u00f3lica, conhecido como conclave. Nesse processo, at\u00e9 sete cardeais brasileiros est\u00e3o aptos a participar da vota\u00e7\u00e3o que definir\u00e1 o pr\u00f3ximo papa. >>>FIQUE\u2026","rel":"","context":"In &quot;Not\u00edcias de Ribeir\u00e3o Preto-SP e Regi\u00e3o&quot;","block_context":{"text":"Not\u00edcias de Ribeir\u00e3o Preto-SP e Regi\u00e3o","link":"https:\/\/noticiasribeiraopreto.com.br\/index.php\/category\/noticias-de-ribeirao-preto-sp-e-regiao-ismael-colosi\/"},"img":{"alt_text":"","src":"https:\/\/i0.wp.com\/noticiasribeiraopreto.com.br\/wp-content\/uploads\/2025\/04\/Copia-de-Copia-de-Copia-de-TAMANHO-EXATO-PARA-FOTOS-NO-SISTEMA-NOVO_2025-04-21_18-57-29.webp.webp?fit=1200%2C675&ssl=1&resize=350%2C200","width":350,"height":200,"srcset":"https:\/\/i0.wp.com\/noticiasribeiraopreto.com.br\/wp-content\/uploads\/2025\/04\/Copia-de-Copia-de-Copia-de-TAMANHO-EXATO-PARA-FOTOS-NO-SISTEMA-NOVO_2025-04-21_18-57-29.webp.webp?fit=1200%2C675&ssl=1&resize=350%2C200 1x, https:\/\/i0.wp.com\/noticiasribeiraopreto.com.br\/wp-content\/uploads\/2025\/04\/Copia-de-Copia-de-Copia-de-TAMANHO-EXATO-PARA-FOTOS-NO-SISTEMA-NOVO_2025-04-21_18-57-29.webp.webp?fit=1200%2C675&ssl=1&resize=525%2C300 1.5x, https:\/\/i0.wp.com\/noticiasribeiraopreto.com.br\/wp-content\/uploads\/2025\/04\/Copia-de-Copia-de-Copia-de-TAMANHO-EXATO-PARA-FOTOS-NO-SISTEMA-NOVO_2025-04-21_18-57-29.webp.webp?fit=1200%2C675&ssl=1&resize=700%2C400 2x, https:\/\/i0.wp.com\/noticiasribeiraopreto.com.br\/wp-content\/uploads\/2025\/04\/Copia-de-Copia-de-Copia-de-TAMANHO-EXATO-PARA-FOTOS-NO-SISTEMA-NOVO_2025-04-21_18-57-29.webp.webp?fit=1200%2C675&ssl=1&resize=1050%2C600 3x"},"classes":[]},{"id":68015,"url":"https:\/\/noticiasribeiraopreto.com.br\/index.php\/2025\/04\/21\/quais-cardeais-brasileiros-participam-do-conclave-para-escolher-o-proximo-papa\/","url_meta":{"origin":69621,"position":3},"title":"Quais cardeais brasileiros participam do conclave para escolher o pr\u00f3ximo papa","author":"noticiasribeiraopreto.com.br","date":"21 de April de 2025","format":false,"excerpt":"Com a morte do papa Francisco nesta segunda-feira, 21, um novo papa ser\u00e1 escolhido a partir de um conclave, o processo de elei\u00e7\u00e3o do pr\u00f3ximo pont\u00edfice. Podem concorrer ao cargo os cardeais da Igreja Cat\u00f3lica. Entre os ocupantes do posto em todo o mundo, oito s\u00e3o brasileiros. Sete deles t\u00eam\u2026","rel":"","context":"In &quot;Not\u00edcias de Ribeir\u00e3o Preto-SP e Regi\u00e3o&quot;","block_context":{"text":"Not\u00edcias de Ribeir\u00e3o Preto-SP e Regi\u00e3o","link":"https:\/\/noticiasribeiraopreto.com.br\/index.php\/category\/noticias-de-ribeirao-preto-sp-e-regiao-ismael-colosi\/"},"img":{"alt_text":"","src":"https:\/\/i0.wp.com\/noticiasribeiraopreto.com.br\/wp-content\/uploads\/2025\/04\/3f2dc6a2-3d73-471e-a2da-6e513528ad5a.jpg?fit=587%2C442&ssl=1&resize=350%2C200","width":350,"height":200,"srcset":"https:\/\/i0.wp.com\/noticiasribeiraopreto.com.br\/wp-content\/uploads\/2025\/04\/3f2dc6a2-3d73-471e-a2da-6e513528ad5a.jpg?fit=587%2C442&ssl=1&resize=350%2C200 1x, https:\/\/i0.wp.com\/noticiasribeiraopreto.com.br\/wp-content\/uploads\/2025\/04\/3f2dc6a2-3d73-471e-a2da-6e513528ad5a.jpg?fit=587%2C442&ssl=1&resize=525%2C300 1.5x"},"classes":[]},{"id":69670,"url":"https:\/\/noticiasribeiraopreto.com.br\/index.php\/2025\/05\/08\/conclave-segundo-dia-comeca-com-fumaca-preta-e-papa-nao-foi-escolhido\/","url_meta":{"origin":69621,"position":4},"title":"Conclave: Segundo dia come\u00e7a com fuma\u00e7a preta e papa n\u00e3o foi escolhido","author":"noticiasribeiraopreto.com.br","date":"8 de May de 2025","format":false,"excerpt":"A fuma\u00e7a preta \u2013 que indica que o papa ainda n\u00e3o foi eleito \u2013 saiu ap\u00f3s a nova rodada de vota\u00e7\u00f5es nesta quinta-feira (8), segundo dia do conclave. Nesta quarta-feira (7), tamb\u00e9m houve fuma\u00e7a preta. FIQUE POR DENTRO:\u00a0AO VIVO: Acompanhe a movimenta\u00e7\u00e3o no Conclave para escolha do novo papa O\u2026","rel":"","context":"In &quot;Not\u00edcias de Ribeir\u00e3o Preto-SP e Regi\u00e3o&quot;","block_context":{"text":"Not\u00edcias de Ribeir\u00e3o Preto-SP e Regi\u00e3o","link":"https:\/\/noticiasribeiraopreto.com.br\/index.php\/category\/noticias-de-ribeirao-preto-sp-e-regiao-ismael-colosi\/"},"img":{"alt_text":"","src":"https:\/\/i0.wp.com\/noticiasribeiraopreto.com.br\/wp-content\/uploads\/2025\/05\/FUMACA-PRETA-2_2025-05-08_10-12-47.webp.webp?fit=1200%2C682&ssl=1&resize=350%2C200","width":350,"height":200,"srcset":"https:\/\/i0.wp.com\/noticiasribeiraopreto.com.br\/wp-content\/uploads\/2025\/05\/FUMACA-PRETA-2_2025-05-08_10-12-47.webp.webp?fit=1200%2C682&ssl=1&resize=350%2C200 1x, https:\/\/i0.wp.com\/noticiasribeiraopreto.com.br\/wp-content\/uploads\/2025\/05\/FUMACA-PRETA-2_2025-05-08_10-12-47.webp.webp?fit=1200%2C682&ssl=1&resize=525%2C300 1.5x, https:\/\/i0.wp.com\/noticiasribeiraopreto.com.br\/wp-content\/uploads\/2025\/05\/FUMACA-PRETA-2_2025-05-08_10-12-47.webp.webp?fit=1200%2C682&ssl=1&resize=700%2C400 2x, https:\/\/i0.wp.com\/noticiasribeiraopreto.com.br\/wp-content\/uploads\/2025\/05\/FUMACA-PRETA-2_2025-05-08_10-12-47.webp.webp?fit=1200%2C682&ssl=1&resize=1050%2C600 3x"},"classes":[]},{"id":69735,"url":"https:\/\/noticiasribeiraopreto.com.br\/index.php\/2025\/05\/08\/robert-prevost-e-o-escolhido-no-conclave-saiba-quem-e-o-novo-papa\/","url_meta":{"origin":69621,"position":5},"title":"Robert Prevost \u00e9 o escolhido no conclave; Saiba quem \u00e9 o novo papa","author":"noticiasribeiraopreto.com.br","date":"8 de May de 2025","format":false,"excerpt":"O grupo de cardeais reunidos para o conclave na Capela Sistina escolheu nesta quinta-feira (8), o 267\u00ba papa da hist\u00f3ria, que vai suceder Francisco \u00e0 frente do Vaticano. O novo papa \u00e9 o cardeal Robert Prevost, dos Estados Unidos. O novo papa escolheu o nome Le\u00e3o XIV. Robert Prevost tem\u2026","rel":"","context":"In &quot;Not\u00edcias de Ribeir\u00e3o Preto-SP e Regi\u00e3o&quot;","block_context":{"text":"Not\u00edcias de Ribeir\u00e3o Preto-SP e Regi\u00e3o","link":"https:\/\/noticiasribeiraopreto.com.br\/index.php\/category\/noticias-de-ribeirao-preto-sp-e-regiao-ismael-colosi\/"},"img":{"alt_text":"","src":"https:\/\/i0.wp.com\/noticiasribeiraopreto.com.br\/wp-content\/uploads\/2025\/05\/prevost-1_2025-05-08_17-37-14.webp.webp?fit=1200%2C797&ssl=1&resize=350%2C200","width":350,"height":200,"srcset":"https:\/\/i0.wp.com\/noticiasribeiraopreto.com.br\/wp-content\/uploads\/2025\/05\/prevost-1_2025-05-08_17-37-14.webp.webp?fit=1200%2C797&ssl=1&resize=350%2C200 1x, https:\/\/i0.wp.com\/noticiasribeiraopreto.com.br\/wp-content\/uploads\/2025\/05\/prevost-1_2025-05-08_17-37-14.webp.webp?fit=1200%2C797&ssl=1&resize=525%2C300 1.5x, https:\/\/i0.wp.com\/noticiasribeiraopreto.com.br\/wp-content\/uploads\/2025\/05\/prevost-1_2025-05-08_17-37-14.webp.webp?fit=1200%2C797&ssl=1&resize=700%2C400 2x, https:\/\/i0.wp.com\/noticiasribeiraopreto.com.br\/wp-content\/uploads\/2025\/05\/prevost-1_2025-05-08_17-37-14.webp.webp?fit=1200%2C797&ssl=1&resize=1050%2C600 3x"},"classes":[]}],"jetpack_sharing_enabled":true,"jetpack_shortlink":"https:\/\/wp.me\/peQAOb-i6V","_links":{"self":[{"href":"https:\/\/noticiasribeiraopreto.com.br\/index.php\/wp-json\/wp\/v2\/posts\/69621","targetHints":{"allow":["GET"]}}],"collection":[{"href":"https:\/\/noticiasribeiraopreto.com.br\/index.php\/wp-json\/wp\/v2\/posts"}],"about":[{"href":"https:\/\/noticiasribeiraopreto.com.br\/index.php\/wp-json\/wp\/v2\/types\/post"}],"author":[{"embeddable":true,"href":"https:\/\/noticiasribeiraopreto.com.br\/index.php\/wp-json\/wp\/v2\/users\/1"}],"replies":[{"embeddable":true,"href":"https:\/\/noticiasribeiraopreto.com.br\/index.php\/wp-json\/wp\/v2\/comments?post=69621"}],"version-history":[{"count":0,"href":"https:\/\/noticiasribeiraopreto.com.br\/index.php\/wp-json\/wp\/v2\/posts\/69621\/revisions"}],"wp:featuredmedia":[{"embeddable":true,"href":"https:\/\/noticiasribeiraopreto.com.br\/index.php\/wp-json\/wp\/v2\/media\/69622"}],"wp:attachment":[{"href":"https:\/\/noticiasribeiraopreto.com.br\/index.php\/wp-json\/wp\/v2\/media?parent=69621"}],"wp:term":[{"taxonomy":"category","embeddable":true,"href":"https:\/\/noticiasribeiraopreto.com.br\/index.php\/wp-json\/wp\/v2\/categories?post=69621"},{"taxonomy":"post_tag","embeddable":true,"href":"https:\/\/noticiasribeiraopreto.com.br\/index.php\/wp-json\/wp\/v2\/tags?post=69621"}],"curies":[{"name":"wp","href":"https:\/\/api.w.org\/{rel}","templated":true}]}}