{"id":69623,"date":"2025-05-07T17:05:52","date_gmt":"2025-05-07T20:05:52","guid":{"rendered":"https:\/\/noticiasribeiraopreto.com.br\/index.php\/2025\/05\/07\/sem-licitacao-prefeitura-de-franca-renova-contrato-de-empresa-para-atender-ate-136-mil-horas-em-plantoes\/"},"modified":"2025-05-07T17:05:52","modified_gmt":"2025-05-07T20:05:52","slug":"sem-licitacao-prefeitura-de-franca-renova-contrato-de-empresa-para-atender-ate-136-mil-horas-em-plantoes","status":"publish","type":"post","link":"https:\/\/noticiasribeiraopreto.com.br\/index.php\/2025\/05\/07\/sem-licitacao-prefeitura-de-franca-renova-contrato-de-empresa-para-atender-ate-136-mil-horas-em-plantoes\/","title":{"rendered":"Sem licita\u00e7\u00e3o, Prefeitura de Franca renova contrato de empresa para atender at\u00e9 136 mil horas em plant\u00f5es"},"content":{"rendered":"<p> <br \/>\n<\/p>\n<div>\n<p>A Prefeitura de Franca divulgou termo de aditamento de contrato para manter a empresa da cidade A.R Cheade Servi\u00e7os M\u00e9dicos Ltda para fazer atendimentos de plant\u00e3o de 6 e 12 horas na especialidade de cl\u00ednica m\u00e9dica e pedi\u00e1trica. Os atendimentos s\u00e3o direcionados para unidades de urg\u00eancia e emerg\u00eancia da cidade, tais como os prontos-socorros e UPAs. O aditamento, assinado pela secret\u00e1ria municipal de Sa\u00fade Wal\u00e9ria Souza de Mascarenhas, foi publicado em di\u00e1rio oficial, e na pr\u00e1tica renova o contrato sem a necessidade de nova licita\u00e7\u00e3o.<\/p>\n<p>Esse aditamento \u00e9 referente ao processo n. 22155, que inicialmente foi feito em 2022. Conforme o contrato divulgado na Transpar\u00eancia da Prefeitura de Franca, a empresa pode ser contratada para atender at\u00e9 136.512 horas por ano em plant\u00f5es de 6 ou 12 horas na \u00e1rea cl\u00ednica, o que daria. No caso da emerg\u00eancia em pediatria, o contrato \u00e9 para 43.200 horas por ano. Na pr\u00e1tica, essa contrata\u00e7\u00e3o j\u00e1 atenderia os atendimentos em todo o ano, afinal, 12 meses tem 8.760 horas.<\/p>\n<p>Est\u00e1 previsto no contrato o atendimento no Pronto-socorro Dr. \u00c1lvaro Azzuz, no Pronto-socorro infantil Dr. Magid Bachur Filho, a UPA do Jardim Aeroporto I Dr. Newton Novato, a UPA do Jardim Anita Dr. Joviano Rodrigues Moraes Jardim Sobrinho e outros locais que venham a ser designados pela Secretaria Municipal de Sa\u00fade.<\/p>\n<p>Quando o contrato foi firmado, o valor por plant\u00e3o de 12 horas a ser pago com recursos p\u00fablicos foi de R$ 1.741,70. O plant\u00e3o de 6 horas tem o valor de R$ 870,85. Na pediatria, o plant\u00e3o de 12 horas tinha o valor de R$ 2.011,35, enquanto de 6 horas era de R$ 1.005,68. O trabalho nos dias 24 e 31 de dezembro tem acr\u00e9scimo de 100%. O \u00edndice indicado para haver reajuste \u00e9 o IPC FIPE.<\/p>\n<p>\u201cPara a realiza\u00e7\u00e3o de apura\u00e7\u00e3o de quantitativo de plant\u00f5es\/horas a serem pagos a cada empresa prestadora de servi\u00e7o, a Secretaria de Sa\u00fade, atrav\u00e9s dos fiscais de contrato ou servidor(es) designado(s), realizar\u00e1 a confer\u00eancia dos plant\u00f5es executados, entre os dias 20 do m\u00eas anterior e 19 do m\u00eas vigente, a fim de que o pagamento seja realizado \u00e0 vista ap\u00f3s o encaminhamento da fatura\/nota fiscal a Secretaria Municipal de Finan\u00e7as e, desde que, a empresa contratada tenha cumprido com todas as exig\u00eancias contratuais. O pagamento somente ser\u00e1 efetuado ap\u00f3s a devida confer\u00eancia dos servi\u00e7os realizados, tendo em conta o n\u00famero de plant\u00f5es efetivamente realizados e comprovados atrav\u00e9s de registro de hor\u00e1rio e atendimentos. Ser\u00e3o considerados os hor\u00e1rios de in\u00edcio e t\u00e9rmino dos plant\u00f5es conforme aferi\u00e7\u00e3o do Sistema de Informa\u00e7\u00e3o e Gest\u00e3o em Sa\u00fade-SIGS, as escalas de plant\u00f5es e listas de frequ\u00eancias e\/ou estat\u00edsticas de atendimento\u201d, informou a Prefeitura de Franca, no contrato, com rela\u00e7\u00e3o aos pagamentos.<\/p>\n<p>O prazo de vig\u00eancia do contrato aditado fica prorrogado por mais 12 meses. Na publica\u00e7\u00e3o feita com rela\u00e7\u00e3o ao aditamento, n\u00e3o foi apresentada a justificativa. Por\u00e9m, houve a informa\u00e7\u00e3o que esse detalhamento foi anexado no processo de trata da contrata\u00e7\u00e3o.<\/p>\n<p>Descredenciamento<\/p>\n<p>Tamb\u00e9m conforme o mesmo processo n. 22155, de 2022, a Prefeitura de Franca realizou o descredenciamento da emprea Matias da Rocha Abboud Servi\u00e7os M\u00e9dicos Ltda, que tem sede em Guar\u00e1. N\u00e3o houve detalhamento sobre o motivo da medida.<\/p>\n<p><!-- CONTENT END 1 --><\/p><\/div>\n<p><br \/>\n<br \/><a href=\"https:\/\/www.f3noticias.com.br\/sem-licitacao-prefeitura-de-franca-renova-contrato-de-empresa-para-atender-ate-136-mil-horas-em-plantoes\/\">Source link <\/a><\/p>\n","protected":false},"excerpt":{"rendered":"<p>A Prefeitura de Franca divulgou termo de aditamento de contrato para manter a empresa da cidade A.R Cheade Servi\u00e7os M\u00e9dicos Ltda para fazer atendimentos de&#8230;<\/p>\n","protected":false},"author":1,"featured_media":69624,"comment_status":"open","ping_status":"open","sticky":false,"template":"","format":"standard","meta":{"advanced_seo_description":"","jetpack_seo_html_title":"","jetpack_seo_noindex":false,"jetpack_post_was_ever_published":false,"_jetpack_newsletter_access":"","_jetpack_dont_email_post_to_subs":false,"_jetpack_newsletter_tier_id":0,"_jetpack_memberships_contains_paywalled_content":false,"_jetpack_memberships_contains_paid_content":false,"footnotes":"","jetpack_publicize_message":"","jetpack_publicize_feature_enabled":true,"jetpack_social_post_already_shared":true,"jetpack_social_options":{"image_generator_settings":{"template":"highway","default_image_id":0,"font":"","enabled":false},"version":2}},"categories":[3597],"tags":[],"class_list":["post-69623","post","type-post","status-publish","format-standard","has-post-thumbnail","hentry","category-noticias-franca-sp"],"jetpack_publicize_connections":[],"jetpack_featured_media_url":"https:\/\/i0.wp.com\/noticiasribeiraopreto.com.br\/wp-content\/uploads\/2025\/05\/20240107_183116-scaled-e1706832527661.jpg?fit=700%2C412&ssl=1","jetpack-related-posts":[{"id":70038,"url":"https:\/\/noticiasribeiraopreto.com.br\/index.php\/2025\/05\/22\/depois-de-problemas-na-praca-nossa-senhora-da-conceicao-agora-e-praca-barao-que-sera-fechada\/","url_meta":{"origin":69623,"position":0},"title":"Depois de problemas na pra\u00e7a Nossa Senhora da Concei\u00e7\u00e3o, agora \u00e9 pra\u00e7a Bar\u00e3o que ser\u00e1 fechada","author":"noticiasribeiraopreto.com.br","date":"22 de May de 2025","format":false,"excerpt":"As obras de remodela\u00e7\u00e3o do Centro de Franca ainda v\u00e3o continuar e agora a pra\u00e7a Bar\u00e3o vai ser fechada. Essas obras foram feitas na pra\u00e7a Nossa Senhora da Concei\u00e7\u00e3o e tiveram v\u00e1rios problemas, atrasos. Quem mora na regi\u00e3o, tem com\u00e9rcio ou trabalha diz estar preocupado. Na instala\u00e7\u00e3o de tapumes, houve\u2026","rel":"","context":"In &quot;Not\u00edcias de Franca-SP&quot;","block_context":{"text":"Not\u00edcias de Franca-SP","link":"https:\/\/noticiasribeiraopreto.com.br\/index.php\/category\/noticias-de-ribeirao-preto-sp-e-regiao-ismael-colosi\/noticias-franca-sp\/"},"img":{"alt_text":"","src":"https:\/\/i0.wp.com\/noticiasribeiraopreto.com.br\/wp-content\/uploads\/2025\/05\/Screenshot_20250520_190846_Gallery.jpg?fit=1200%2C755&ssl=1&resize=350%2C200","width":350,"height":200,"srcset":"https:\/\/i0.wp.com\/noticiasribeiraopreto.com.br\/wp-content\/uploads\/2025\/05\/Screenshot_20250520_190846_Gallery.jpg?fit=1200%2C755&ssl=1&resize=350%2C200 1x, https:\/\/i0.wp.com\/noticiasribeiraopreto.com.br\/wp-content\/uploads\/2025\/05\/Screenshot_20250520_190846_Gallery.jpg?fit=1200%2C755&ssl=1&resize=525%2C300 1.5x, https:\/\/i0.wp.com\/noticiasribeiraopreto.com.br\/wp-content\/uploads\/2025\/05\/Screenshot_20250520_190846_Gallery.jpg?fit=1200%2C755&ssl=1&resize=700%2C400 2x, https:\/\/i0.wp.com\/noticiasribeiraopreto.com.br\/wp-content\/uploads\/2025\/05\/Screenshot_20250520_190846_Gallery.jpg?fit=1200%2C755&ssl=1&resize=1050%2C600 3x"},"classes":[]},{"id":69170,"url":"https:\/\/noticiasribeiraopreto.com.br\/index.php\/2025\/05\/03\/prefeitura-de-franca-repassa-mais-de-meio-milhao-de-reais-para-associacao-dos-deficientes-acolher-mulheres-vitimas-de-violencia\/","url_meta":{"origin":69623,"position":1},"title":"Prefeitura de Franca repassa mais de meio milh\u00e3o de reais para associa\u00e7\u00e3o dos deficientes acolher mulheres v\u00edtimas de viol\u00eancia","author":"noticiasribeiraopreto.com.br","date":"3 de May de 2025","format":false,"excerpt":"A Associa\u00e7\u00e3o dos Deficientes F\u00edsicos de Franca teve aditamento de contrato com a Prefeitura de Franca pelo segundo ano seguido para executar servi\u00e7o de acolhimento institucional para mulheres em situa\u00e7\u00e3o de viol\u00eancia. Para executar esse projeto na cidade, a institui\u00e7\u00e3o privada vai receber o valor de R$ 573.433,12. O aditamento\u2026","rel":"","context":"In &quot;Not\u00edcias de Franca-SP&quot;","block_context":{"text":"Not\u00edcias de Franca-SP","link":"https:\/\/noticiasribeiraopreto.com.br\/index.php\/category\/noticias-de-ribeirao-preto-sp-e-regiao-ismael-colosi\/noticias-franca-sp\/"},"img":{"alt_text":"","src":"https:\/\/i0.wp.com\/noticiasribeiraopreto.com.br\/wp-content\/uploads\/2025\/05\/prefeitura-franca-3-e1696340631668.jpeg?fit=700%2C467&ssl=1&resize=350%2C200","width":350,"height":200,"srcset":"https:\/\/i0.wp.com\/noticiasribeiraopreto.com.br\/wp-content\/uploads\/2025\/05\/prefeitura-franca-3-e1696340631668.jpeg?fit=700%2C467&ssl=1&resize=350%2C200 1x, https:\/\/i0.wp.com\/noticiasribeiraopreto.com.br\/wp-content\/uploads\/2025\/05\/prefeitura-franca-3-e1696340631668.jpeg?fit=700%2C467&ssl=1&resize=525%2C300 1.5x, https:\/\/i0.wp.com\/noticiasribeiraopreto.com.br\/wp-content\/uploads\/2025\/05\/prefeitura-franca-3-e1696340631668.jpeg?fit=700%2C467&ssl=1&resize=700%2C400 2x"},"classes":[]},{"id":75421,"url":"https:\/\/noticiasribeiraopreto.com.br\/index.php\/2025\/08\/08\/licitacao-de-carros-custara-r-376-mi\/","url_meta":{"origin":69623,"position":2},"title":"Licita\u00e7\u00e3o de carros custar\u00e1 R$ 3,76 mi","author":"noticiasribeiraopreto.com.br","date":"8 de August de 2025","format":false,"excerpt":"8 de agosto de 2025 14:008 de agosto de 2025 09:187 Compartilhar0 Um deles dever\u00e1 ser utilizado pelo prefeito Ricardo Silva; atual contrato aberto em 2022 venceu e empresa n\u00e3o quis renov\u00e1-lo A prefeitura de Ribeir\u00e3o Preto finalizou a licita\u00e7\u00e3o na modalidade preg\u00e3o eletr\u00f4nico visando a loca\u00e7\u00e3o, por cinco anos,\u2026","rel":"","context":"In &quot;Not\u00edcias de Ribeir\u00e3o Preto-SP e Regi\u00e3o&quot;","block_context":{"text":"Not\u00edcias de Ribeir\u00e3o Preto-SP e Regi\u00e3o","link":"https:\/\/noticiasribeiraopreto.com.br\/index.php\/category\/noticias-de-ribeirao-preto-sp-e-regiao-ismael-colosi\/"},"img":{"alt_text":"","src":"https:\/\/i0.wp.com\/noticiasribeiraopreto.com.br\/wp-content\/uploads\/2025\/08\/CarrosRP-Alfredo-Risk-scaled.jpg?fit=1170%2C780&ssl=1&resize=350%2C200","width":350,"height":200,"srcset":"https:\/\/i0.wp.com\/noticiasribeiraopreto.com.br\/wp-content\/uploads\/2025\/08\/CarrosRP-Alfredo-Risk-scaled.jpg?fit=1170%2C780&ssl=1&resize=350%2C200 1x, https:\/\/i0.wp.com\/noticiasribeiraopreto.com.br\/wp-content\/uploads\/2025\/08\/CarrosRP-Alfredo-Risk-scaled.jpg?fit=1170%2C780&ssl=1&resize=525%2C300 1.5x, https:\/\/i0.wp.com\/noticiasribeiraopreto.com.br\/wp-content\/uploads\/2025\/08\/CarrosRP-Alfredo-Risk-scaled.jpg?fit=1170%2C780&ssl=1&resize=700%2C400 2x, https:\/\/i0.wp.com\/noticiasribeiraopreto.com.br\/wp-content\/uploads\/2025\/08\/CarrosRP-Alfredo-Risk-scaled.jpg?fit=1170%2C780&ssl=1&resize=1050%2C600 3x"},"classes":[]},{"id":70128,"url":"https:\/\/noticiasribeiraopreto.com.br\/index.php\/2025\/05\/22\/balanco-de-4-meses-da-prefeitura-de-franca-mostra-gasto-de-28-com-pessoal-e-menos-1-para-investimento\/","url_meta":{"origin":69623,"position":3},"title":"Balan\u00e7o de 4 meses da Prefeitura de Franca mostra gasto de 28% com pessoal e menos 1% para investimento","author":"noticiasribeiraopreto.com.br","date":"22 de May de 2025","format":false,"excerpt":"A administra\u00e7\u00e3o do prefeito Alexandre Ferreira (MDB) gastou entre janeiro e abril de 2025 o total de R$ 129.208.557,57 com pessoal e encargos sociais, enquanto destinou R$ 1.055.937,79 para realizar investimentos em Franca. Esses dados foram apresentados no demonstrativo da despesa do m\u00eas de abril de 2025, divulgado no Di\u00e1rio\u2026","rel":"","context":"In &quot;Not\u00edcias de Franca-SP&quot;","block_context":{"text":"Not\u00edcias de Franca-SP","link":"https:\/\/noticiasribeiraopreto.com.br\/index.php\/category\/noticias-de-ribeirao-preto-sp-e-regiao-ismael-colosi\/noticias-franca-sp\/"},"img":{"alt_text":"","src":"https:\/\/i0.wp.com\/noticiasribeiraopreto.com.br\/wp-content\/uploads\/2025\/05\/alexandre-ferreira.jpg?fit=600%2C400&ssl=1&resize=350%2C200","width":350,"height":200,"srcset":"https:\/\/i0.wp.com\/noticiasribeiraopreto.com.br\/wp-content\/uploads\/2025\/05\/alexandre-ferreira.jpg?fit=600%2C400&ssl=1&resize=350%2C200 1x, https:\/\/i0.wp.com\/noticiasribeiraopreto.com.br\/wp-content\/uploads\/2025\/05\/alexandre-ferreira.jpg?fit=600%2C400&ssl=1&resize=525%2C300 1.5x"},"classes":[]},{"id":44628,"url":"https:\/\/noticiasribeiraopreto.com.br\/index.php\/2024\/03\/28\/definida-empresa-da-coleta-de-lixo-em-rp\/","url_meta":{"origin":69623,"position":4},"title":"Definida empresa da coleta de lixo em RP","author":"noticiasribeiraopreto.com.br","date":"28 de March de 2024","format":false,"excerpt":"A prefeitura de Ribeir\u00e3o Preto conseguiu derrubar a liminar concedida a Ecco Liberty Solu\u00e7\u00f5es Ambientais Ltda. pelo juiz Gustavo M\u00fcller Lorenzato, da 1\u00aa Vara da Fazenda P\u00fablica, e concluiu o preg\u00e3o eletr\u00f4nico para contrata\u00e7\u00e3o de empresa respons\u00e1vel pela coleta, gerenciamento e destina\u00e7\u00e3o de res\u00edduos s\u00f3lidos na cidade. A Ecco Liberty\u2026","rel":"","context":"In &quot;Not\u00edcias de Ribeir\u00e3o Preto-SP e Regi\u00e3o&quot;","block_context":{"text":"Not\u00edcias de Ribeir\u00e3o Preto-SP e Regi\u00e3o","link":"https:\/\/noticiasribeiraopreto.com.br\/index.php\/category\/noticias-de-ribeirao-preto-sp-e-regiao-ismael-colosi\/"},"img":{"alt_text":"","src":"https:\/\/i0.wp.com\/noticiasribeiraopreto.com.br\/wp-content\/uploads\/2024\/03\/coleta-de-lixo-Rodrigo-Nagafuti-2.jpg?fit=750%2C500&ssl=1&resize=350%2C200","width":350,"height":200,"srcset":"https:\/\/i0.wp.com\/noticiasribeiraopreto.com.br\/wp-content\/uploads\/2024\/03\/coleta-de-lixo-Rodrigo-Nagafuti-2.jpg?fit=750%2C500&ssl=1&resize=350%2C200 1x, https:\/\/i0.wp.com\/noticiasribeiraopreto.com.br\/wp-content\/uploads\/2024\/03\/coleta-de-lixo-Rodrigo-Nagafuti-2.jpg?fit=750%2C500&ssl=1&resize=525%2C300 1.5x, https:\/\/i0.wp.com\/noticiasribeiraopreto.com.br\/wp-content\/uploads\/2024\/03\/coleta-de-lixo-Rodrigo-Nagafuti-2.jpg?fit=750%2C500&ssl=1&resize=700%2C400 2x"},"classes":[]},{"id":33016,"url":"https:\/\/noticiasribeiraopreto.com.br\/index.php\/2024\/01\/27\/liminar-suspende-julgamento-de-licitacao-para-coleta-de-lixo-em-rp\/","url_meta":{"origin":69623,"position":5},"title":"Liminar suspende julgamento de licita\u00e7\u00e3o para coleta de lixo em RP","author":"noticiasribeiraopreto.com.br","date":"27 de January de 2024","format":false,"excerpt":"Liminar concedida a Ecco Liberty Solu\u00e7\u00f5es Ambientais Ltda. pelo juiz Gustavo M\u00fcller Lorenzato, da 1\u00aa Vara da Fazenda P\u00fablica, suspendeu o preg\u00e3o eletr\u00f4nico lan\u00e7ado pela prefeitura de Ribeir\u00e3o Preto para contrata\u00e7\u00e3o de empresa respons\u00e1vel pela coleta, gerenciamento e destina\u00e7\u00e3o de res\u00edduos s\u00f3lidos na cidade.A Ecco Liberty entrou com mandado de\u2026","rel":"","context":"In &quot;Not\u00edcias de Ribeir\u00e3o Preto-SP e Regi\u00e3o&quot;","block_context":{"text":"Not\u00edcias de Ribeir\u00e3o Preto-SP e Regi\u00e3o","link":"https:\/\/noticiasribeiraopreto.com.br\/index.php\/category\/noticias-de-ribeirao-preto-sp-e-regiao-ismael-colosi\/"},"img":{"alt_text":"","src":"https:\/\/i0.wp.com\/noticiasribeiraopreto.com.br\/wp-content\/uploads\/2024\/01\/LixoRP-Max-Gallao-Mesquita-scaled.jpg?fit=1000%2C517&ssl=1&resize=350%2C200","width":350,"height":200,"srcset":"https:\/\/i0.wp.com\/noticiasribeiraopreto.com.br\/wp-content\/uploads\/2024\/01\/LixoRP-Max-Gallao-Mesquita-scaled.jpg?fit=1000%2C517&ssl=1&resize=350%2C200 1x, https:\/\/i0.wp.com\/noticiasribeiraopreto.com.br\/wp-content\/uploads\/2024\/01\/LixoRP-Max-Gallao-Mesquita-scaled.jpg?fit=1000%2C517&ssl=1&resize=525%2C300 1.5x, https:\/\/i0.wp.com\/noticiasribeiraopreto.com.br\/wp-content\/uploads\/2024\/01\/LixoRP-Max-Gallao-Mesquita-scaled.jpg?fit=1000%2C517&ssl=1&resize=700%2C400 2x"},"classes":[]}],"jetpack_sharing_enabled":true,"jetpack_shortlink":"https:\/\/wp.me\/peQAOb-i6X","_links":{"self":[{"href":"https:\/\/noticiasribeiraopreto.com.br\/index.php\/wp-json\/wp\/v2\/posts\/69623","targetHints":{"allow":["GET"]}}],"collection":[{"href":"https:\/\/noticiasribeiraopreto.com.br\/index.php\/wp-json\/wp\/v2\/posts"}],"about":[{"href":"https:\/\/noticiasribeiraopreto.com.br\/index.php\/wp-json\/wp\/v2\/types\/post"}],"author":[{"embeddable":true,"href":"https:\/\/noticiasribeiraopreto.com.br\/index.php\/wp-json\/wp\/v2\/users\/1"}],"replies":[{"embeddable":true,"href":"https:\/\/noticiasribeiraopreto.com.br\/index.php\/wp-json\/wp\/v2\/comments?post=69623"}],"version-history":[{"count":0,"href":"https:\/\/noticiasribeiraopreto.com.br\/index.php\/wp-json\/wp\/v2\/posts\/69623\/revisions"}],"wp:featuredmedia":[{"embeddable":true,"href":"https:\/\/noticiasribeiraopreto.com.br\/index.php\/wp-json\/wp\/v2\/media\/69624"}],"wp:attachment":[{"href":"https:\/\/noticiasribeiraopreto.com.br\/index.php\/wp-json\/wp\/v2\/media?parent=69623"}],"wp:term":[{"taxonomy":"category","embeddable":true,"href":"https:\/\/noticiasribeiraopreto.com.br\/index.php\/wp-json\/wp\/v2\/categories?post=69623"},{"taxonomy":"post_tag","embeddable":true,"href":"https:\/\/noticiasribeiraopreto.com.br\/index.php\/wp-json\/wp\/v2\/tags?post=69623"}],"curies":[{"name":"wp","href":"https:\/\/api.w.org\/{rel}","templated":true}]}}