{"id":69630,"date":"2025-05-07T17:28:47","date_gmt":"2025-05-07T20:28:47","guid":{"rendered":"https:\/\/noticiasribeiraopreto.com.br\/index.php\/2025\/05\/07\/mulher-e-morta-a-facadas-na-frente-da-filha-na-regiao-de-ribeirao-preto\/"},"modified":"2025-05-07T17:28:47","modified_gmt":"2025-05-07T20:28:47","slug":"mulher-e-morta-a-facadas-na-frente-da-filha-na-regiao-de-ribeirao-preto","status":"publish","type":"post","link":"https:\/\/noticiasribeiraopreto.com.br\/index.php\/2025\/05\/07\/mulher-e-morta-a-facadas-na-frente-da-filha-na-regiao-de-ribeirao-preto\/","title":{"rendered":"Mulher \u00e9 morta a facadas na frente da filha na regi\u00e3o de Ribeir\u00e3o Preto"},"content":{"rendered":"<p> <br \/>\n<\/p>\n<div data-td-block-uid=\"tdi_95\">\n<div class=\"tdb-block-inner td-fix-index\">\n<p><strong>Uma mulher de 29 anos foi morta a facadas na frente da filha menor de idade, na manh\u00e3 desta ter\u00e7a-feira (6), em Cajuru, cidade a aproximadamente 60 quil\u00f4metros de Ribeir\u00e3o Preto. <\/strong>O <strong>ex-marido<\/strong>, de <strong>31 anos<\/strong>, \u00e9 o <strong>principal suspeito <\/strong>do crime.<\/p>\n<p><mark style=\"background-color:#abb8c3\" class=\"has-inline-color has-black-color\">Segundo o boletim de ocorr\u00eancia (BO), Daiane Ta\u00eds Sousa Fernandes foi esfaqueada no quarto da casa onde morava com duas filhas, na Vila Dom Bosco. <\/mark><\/p>\n<p>Para acessar o im\u00f3vel, o suspeito teria se aproveitado de uma porta destrancada. Uma das filhas havia deixado a porta sem trava ao sair para ir \u00e0 escola.<\/p>\n<p>A mulher ainda gritou por socorro e pedia para parar, quando a filha que estava na resid\u00eancia foi ao quarto e viu a agress\u00e3o.<\/p>\n<p>O suspeito fugiu em seguida e a mulher chegou a ser socorrida at\u00e9 ao Pronto-socorro de Cajuru, mas n\u00e3o resistiu aos ferimentos e faleceu.<\/p>\n<p>A PM (Pol\u00edcia Militar) apreendeu a faca que teria sido utilizada no crime, encontrada no quarto. <\/p>\n<p>O caso foi registrado na Delegacia de Pol\u00edcia de Cajuru como feminic\u00eddio para investiga\u00e7\u00e3o da Pol\u00edcia Civil.<\/p>\n<p>SAIBA MAIS<\/p>\n<p>\u2018N\u00e3o tenho culpa de nada\u2019, diz sogra da professora Larissa ap\u00f3s pris\u00e3o em Ribeir\u00e3o<\/p>\n<h2 class=\"wp-block-heading\"><strong>FIQUE ON<\/strong><\/h2>\n<p>Fique ligado em tudo que acontece em Ribeir\u00e3o Preto e regi\u00e3o. Siga os perfis do\u00a0<strong>acidade on<\/strong>\u00a0no<a href=\"https:\/\/www.instagram.com\/acidadeonribeirao\">\u00a0Instagram<\/a>\u00a0e no\u00a0<a href=\"https:\/\/www.facebook.com\/acidadeonribeirao\/\">Facebook.<\/a><\/p>\n<p>Receba not\u00edcias do\u00a0<strong>acidade on\u00a0<\/strong>no WhatsApp.\u00a0<a href=\"https:\/\/chat.whatsapp.com\/BjKQZ9oJwlz8VVT50NuePq\">Para entrar no grupo, basta clicar aqui.<\/a><\/p>\n<p>Fa\u00e7a uma den\u00fancia ou sugira uma reportagem sobre Ribeir\u00e3o Preto e regi\u00e3o pelo WhatsApp: 16 99117 7802.<\/p>\n<p>VEJA TAMB\u00c9M<\/p>\n<p>O que \u00e9 a s\u00edndrome de Boreout?<\/p>\n<p><!-- CONTENT END 1 -->\n<\/div>\n<\/div>\n<p><script async src=\"\/\/www.instagram.com\/embed.js\"><\/script><br \/>\n<br \/><br \/>\n<br \/><a href=\"https:\/\/www.acidadeon.com\/ribeiraopreto\/cotidiano\/mulher-e-morta-a-facadas-na-frente-da-filha-na-regiao-de-ribeirao-preto\/\">Source link <\/a><\/p>\n","protected":false},"excerpt":{"rendered":"<p>Uma mulher de 29 anos foi morta a facadas na frente da filha menor de idade, na manh\u00e3 desta ter\u00e7a-feira (6), em Cajuru, cidade a&#8230;<\/p>\n","protected":false},"author":1,"featured_media":69631,"comment_status":"open","ping_status":"open","sticky":false,"template":"","format":"standard","meta":{"advanced_seo_description":"","jetpack_seo_html_title":"","jetpack_seo_noindex":false,"jetpack_post_was_ever_published":false,"_jetpack_newsletter_access":"","_jetpack_dont_email_post_to_subs":false,"_jetpack_newsletter_tier_id":0,"_jetpack_memberships_contains_paywalled_content":false,"_jetpack_memberships_contains_paid_content":false,"footnotes":"","jetpack_publicize_message":"","jetpack_publicize_feature_enabled":true,"jetpack_social_post_already_shared":true,"jetpack_social_options":{"image_generator_settings":{"template":"highway","default_image_id":0,"font":"","enabled":false},"version":2}},"categories":[11],"tags":[],"class_list":["post-69630","post","type-post","status-publish","format-standard","has-post-thumbnail","hentry","category-noticias-de-ribeirao-preto-sp-e-regiao-ismael-colosi"],"jetpack_publicize_connections":[],"jetpack_featured_media_url":"https:\/\/i0.wp.com\/noticiasribeiraopreto.com.br\/wp-content\/uploads\/2025\/05\/1746649727_20220620_114539075_policia_qru_1024x576_25052021184749_jpg_715985292.jpg?fit=1425%2C720&ssl=1","jetpack-related-posts":[{"id":84272,"url":"https:\/\/noticiasribeiraopreto.com.br\/index.php\/2026\/04\/06\/mulher-e-morta-a-facadas-e-ex-marido-e-o-principal-suspeito-na-regiao-de-ribeirao-preto\/","url_meta":{"origin":69630,"position":0},"title":"Mulher \u00e9 morta a facadas e ex-marido \u00e9 o principal suspeito na regi\u00e3o de Ribeir\u00e3o Preto","author":"noticiasribeiraopreto.com.br","date":"6 de April de 2026","format":false,"excerpt":"Ler o resumo da not\u00edcia Mulher \u00e9 morta a facadas e ex-marido \u00e9 suspeito na regi\u00e3o de Ribeir\u00e3o Preto Uma mulher de 27 anos foi morta a facadas na tarde deste domingo (5), em Patroc\u00ednio Paulista, a 100 quil\u00f4metros de Ribeir\u00e3o Preto. O ex-marido da v\u00edtima, de 33 anos, \u00e9\u2026","rel":"","context":"In &quot;Not\u00edcias de Ribeir\u00e3o Preto-SP e Regi\u00e3o&quot;","block_context":{"text":"Not\u00edcias de Ribeir\u00e3o Preto-SP e Regi\u00e3o","link":"https:\/\/noticiasribeiraopreto.com.br\/index.php\/category\/noticias-de-ribeirao-preto-sp-e-regiao-ismael-colosi\/"},"img":{"alt_text":"","src":"https:\/\/i0.wp.com\/noticiasribeiraopreto.com.br\/wp-content\/uploads\/2026\/04\/lauane_2026-04-06_17-15-30.webp.webp?fit=1200%2C942&ssl=1&resize=350%2C200","width":350,"height":200,"srcset":"https:\/\/i0.wp.com\/noticiasribeiraopreto.com.br\/wp-content\/uploads\/2026\/04\/lauane_2026-04-06_17-15-30.webp.webp?fit=1200%2C942&ssl=1&resize=350%2C200 1x, https:\/\/i0.wp.com\/noticiasribeiraopreto.com.br\/wp-content\/uploads\/2026\/04\/lauane_2026-04-06_17-15-30.webp.webp?fit=1200%2C942&ssl=1&resize=525%2C300 1.5x, https:\/\/i0.wp.com\/noticiasribeiraopreto.com.br\/wp-content\/uploads\/2026\/04\/lauane_2026-04-06_17-15-30.webp.webp?fit=1200%2C942&ssl=1&resize=700%2C400 2x, https:\/\/i0.wp.com\/noticiasribeiraopreto.com.br\/wp-content\/uploads\/2026\/04\/lauane_2026-04-06_17-15-30.webp.webp?fit=1200%2C942&ssl=1&resize=1050%2C600 3x"},"classes":[]},{"id":81251,"url":"https:\/\/noticiasribeiraopreto.com.br\/index.php\/2025\/12\/29\/mulher-e-morta-a-facadas-na-frente-do-filho-em-rp\/","url_meta":{"origin":69630,"position":1},"title":"Mulher \u00e9 morta a facadas na frente do filho em RP","author":"noticiasribeiraopreto.com.br","date":"29 de December de 2025","format":false,"excerpt":"\r \r \r 29 de dezembro de 2025 17:50 \r Compartilhar0 Marido teria agredido v\u00edtima ap\u00f3s uma discuss\u00e3o na resid\u00eancia da fam\u00edlia que fica no Parque Ribeir\u00e3o Uma mulher, de 42 anos, foi morta a facadas na frente do filho, de 3 anos, na madrugada desta segunda-feira (29), no Parque\u2026","rel":"","context":"In &quot;Not\u00edcias de Ribeir\u00e3o Preto-SP e Regi\u00e3o&quot;","block_context":{"text":"Not\u00edcias de Ribeir\u00e3o Preto-SP e Regi\u00e3o","link":"https:\/\/noticiasribeiraopreto.com.br\/index.php\/category\/noticias-de-ribeirao-preto-sp-e-regiao-ismael-colosi\/"},"img":{"alt_text":"","src":"https:\/\/i0.wp.com\/noticiasribeiraopreto.com.br\/wp-content\/uploads\/2025\/12\/feminicidio.jpg?fit=800%2C500&ssl=1&resize=350%2C200","width":350,"height":200,"srcset":"https:\/\/i0.wp.com\/noticiasribeiraopreto.com.br\/wp-content\/uploads\/2025\/12\/feminicidio.jpg?fit=800%2C500&ssl=1&resize=350%2C200 1x, https:\/\/i0.wp.com\/noticiasribeiraopreto.com.br\/wp-content\/uploads\/2025\/12\/feminicidio.jpg?fit=800%2C500&ssl=1&resize=525%2C300 1.5x, https:\/\/i0.wp.com\/noticiasribeiraopreto.com.br\/wp-content\/uploads\/2025\/12\/feminicidio.jpg?fit=800%2C500&ssl=1&resize=700%2C400 2x"},"classes":[]},{"id":81266,"url":"https:\/\/noticiasribeiraopreto.com.br\/index.php\/2025\/12\/30\/marido-e-preso-suspeito-de-matar-mulher-a-facadas-na-frente-do-filho-em-ribeirao-preto\/","url_meta":{"origin":69630,"position":2},"title":"Marido \u00e9 preso suspeito de matar mulher a facadas na frente do filho em Ribeir\u00e3o Preto","author":"noticiasribeiraopreto.com.br","date":"30 de December de 2025","format":false,"excerpt":"Uma mulher foi morta a facada na madrugada desta segunda-feira (29), no Parque Ribeir\u00e3o, zona Oeste de Ribeir\u00e3o Preto. O marido da v\u00edtima foi preso suspeito de cometer o crime na frente do filho do casal, uma crian\u00e7a, na resid\u00eancia da fam\u00edlia, na avenida dos Andradas. A v\u00edtima foi identificada\u2026","rel":"","context":"In &quot;Not\u00edcias de Ribeir\u00e3o Preto-SP e Regi\u00e3o&quot;","block_context":{"text":"Not\u00edcias de Ribeir\u00e3o Preto-SP e Regi\u00e3o","link":"https:\/\/noticiasribeiraopreto.com.br\/index.php\/category\/noticias-de-ribeirao-preto-sp-e-regiao-ismael-colosi\/"},"img":{"alt_text":"","src":"https:\/\/i0.wp.com\/noticiasribeiraopreto.com.br\/wp-content\/uploads\/2025\/12\/WhatsApp-Image-2025-12-29-at-14.32.26_2025-12-29_17-42-25-e1767030183300.webp.webp?fit=1093%2C800&ssl=1&resize=350%2C200","width":350,"height":200,"srcset":"https:\/\/i0.wp.com\/noticiasribeiraopreto.com.br\/wp-content\/uploads\/2025\/12\/WhatsApp-Image-2025-12-29-at-14.32.26_2025-12-29_17-42-25-e1767030183300.webp.webp?fit=1093%2C800&ssl=1&resize=350%2C200 1x, https:\/\/i0.wp.com\/noticiasribeiraopreto.com.br\/wp-content\/uploads\/2025\/12\/WhatsApp-Image-2025-12-29-at-14.32.26_2025-12-29_17-42-25-e1767030183300.webp.webp?fit=1093%2C800&ssl=1&resize=525%2C300 1.5x, https:\/\/i0.wp.com\/noticiasribeiraopreto.com.br\/wp-content\/uploads\/2025\/12\/WhatsApp-Image-2025-12-29-at-14.32.26_2025-12-29_17-42-25-e1767030183300.webp.webp?fit=1093%2C800&ssl=1&resize=700%2C400 2x, https:\/\/i0.wp.com\/noticiasribeiraopreto.com.br\/wp-content\/uploads\/2025\/12\/WhatsApp-Image-2025-12-29-at-14.32.26_2025-12-29_17-42-25-e1767030183300.webp.webp?fit=1093%2C800&ssl=1&resize=1050%2C600 3x"},"classes":[]},{"id":60091,"url":"https:\/\/noticiasribeiraopreto.com.br\/index.php\/2024\/11\/05\/mulher-e-encontrada-morta-a-facadas-na-regiao-de-ribeirao-preto\/","url_meta":{"origin":69630,"position":3},"title":"Mulher \u00e9 encontrada morta a facadas na regi\u00e3o de Ribeir\u00e3o Preto","author":"noticiasribeiraopreto.com.br","date":"5 de November de 2024","format":false,"excerpt":"Uma mulher de 54 anos foi encontrada morta a facadas na segunda-feira (4), em\u00a0Barretos, na regi\u00e3o de Ribeir\u00e3o Preto. O principal suspeito pelo crime \u00e9 o atual companheiro dela, com quem ela estava h\u00e1 dois anos. Ela apresentava\u00a0marcas no pesco\u00e7o, perna, bra\u00e7o e m\u00e3o. O filho do suspeito que acionou\u2026","rel":"","context":"In &quot;Not\u00edcias de Ribeir\u00e3o Preto-SP e Regi\u00e3o&quot;","block_context":{"text":"Not\u00edcias de Ribeir\u00e3o Preto-SP e Regi\u00e3o","link":"https:\/\/noticiasribeiraopreto.com.br\/index.php\/category\/noticias-de-ribeirao-preto-sp-e-regiao-ismael-colosi\/"},"img":{"alt_text":"","src":"https:\/\/i0.wp.com\/noticiasribeiraopreto.com.br\/wp-content\/uploads\/2024\/11\/Design-sem-nome-2_2024-11-05_21-45-23_png_2024-11-05_21-45-23.webp.webp?fit=1068%2C601&ssl=1&resize=350%2C200","width":350,"height":200,"srcset":"https:\/\/i0.wp.com\/noticiasribeiraopreto.com.br\/wp-content\/uploads\/2024\/11\/Design-sem-nome-2_2024-11-05_21-45-23_png_2024-11-05_21-45-23.webp.webp?fit=1068%2C601&ssl=1&resize=350%2C200 1x, https:\/\/i0.wp.com\/noticiasribeiraopreto.com.br\/wp-content\/uploads\/2024\/11\/Design-sem-nome-2_2024-11-05_21-45-23_png_2024-11-05_21-45-23.webp.webp?fit=1068%2C601&ssl=1&resize=525%2C300 1.5x, https:\/\/i0.wp.com\/noticiasribeiraopreto.com.br\/wp-content\/uploads\/2024\/11\/Design-sem-nome-2_2024-11-05_21-45-23_png_2024-11-05_21-45-23.webp.webp?fit=1068%2C601&ssl=1&resize=700%2C400 2x, https:\/\/i0.wp.com\/noticiasribeiraopreto.com.br\/wp-content\/uploads\/2024\/11\/Design-sem-nome-2_2024-11-05_21-45-23_png_2024-11-05_21-45-23.webp.webp?fit=1068%2C601&ssl=1&resize=1050%2C600 3x"},"classes":[]},{"id":78406,"url":"https:\/\/noticiasribeiraopreto.com.br\/index.php\/2025\/10\/09\/ministerio-publico-denuncia-mulher-que-matou-a-propria-mae-com-20-facadas-em-ribeirao-preto\/","url_meta":{"origin":69630,"position":4},"title":"Minist\u00e9rio P\u00fablico denuncia mulher que matou a pr\u00f3pria m\u00e3e com 20 facadas em Ribeir\u00e3o Preto","author":"noticiasribeiraopreto.com.br","date":"9 de October de 2025","format":false,"excerpt":"O Minist\u00e9rio P\u00fablico denunciou Michele Feliciano, de 32 anos, pela morte de sua m\u00e3e, a diretora aposentada M\u00e1rcia Feliciano Costa, de 59 anos, ocorrida em setembro deste ano em uma \u00e1rea de lazer no bairro Planalto Verde, zona Oeste de Ribeir\u00e3o Preto. Em depoimento \u00e0 pol\u00edcia, Michele confessou ter esfaqueado\u2026","rel":"","context":"In &quot;Not\u00edcias de Ribeir\u00e3o Preto-SP e Regi\u00e3o&quot;","block_context":{"text":"Not\u00edcias de Ribeir\u00e3o Preto-SP e Regi\u00e3o","link":"https:\/\/noticiasribeiraopreto.com.br\/index.php\/category\/noticias-de-ribeirao-preto-sp-e-regiao-ismael-colosi\/"},"img":{"alt_text":"","src":"https:\/\/i0.wp.com\/noticiasribeiraopreto.com.br\/wp-content\/uploads\/2025\/09\/Copia-de-Copia-de-Copia-de-TAMANHO-EXATO-PARA-FOTOS-NO-SISTEMA-NOVO-2025-09-19T172611.359_2025-09-19_20-26-19.webp.webp?fit=1200%2C675&ssl=1&resize=350%2C200","width":350,"height":200,"srcset":"https:\/\/i0.wp.com\/noticiasribeiraopreto.com.br\/wp-content\/uploads\/2025\/09\/Copia-de-Copia-de-Copia-de-TAMANHO-EXATO-PARA-FOTOS-NO-SISTEMA-NOVO-2025-09-19T172611.359_2025-09-19_20-26-19.webp.webp?fit=1200%2C675&ssl=1&resize=350%2C200 1x, https:\/\/i0.wp.com\/noticiasribeiraopreto.com.br\/wp-content\/uploads\/2025\/09\/Copia-de-Copia-de-Copia-de-TAMANHO-EXATO-PARA-FOTOS-NO-SISTEMA-NOVO-2025-09-19T172611.359_2025-09-19_20-26-19.webp.webp?fit=1200%2C675&ssl=1&resize=525%2C300 1.5x, https:\/\/i0.wp.com\/noticiasribeiraopreto.com.br\/wp-content\/uploads\/2025\/09\/Copia-de-Copia-de-Copia-de-TAMANHO-EXATO-PARA-FOTOS-NO-SISTEMA-NOVO-2025-09-19T172611.359_2025-09-19_20-26-19.webp.webp?fit=1200%2C675&ssl=1&resize=700%2C400 2x, https:\/\/i0.wp.com\/noticiasribeiraopreto.com.br\/wp-content\/uploads\/2025\/09\/Copia-de-Copia-de-Copia-de-TAMANHO-EXATO-PARA-FOTOS-NO-SISTEMA-NOVO-2025-09-19T172611.359_2025-09-19_20-26-19.webp.webp?fit=1200%2C675&ssl=1&resize=1050%2C600 3x"},"classes":[]},{"id":76561,"url":"https:\/\/noticiasribeiraopreto.com.br\/index.php\/2025\/08\/31\/mulher-morre-apos-ser-esfaqueada-na-regiao-de-ribeirao-policia-suspeita-de-feminicidio\/","url_meta":{"origin":69630,"position":5},"title":"Mulher morre ap\u00f3s ser esfaqueada na regi\u00e3o de Ribeir\u00e3o; pol\u00edcia suspeita de feminic\u00eddio","author":"noticiasribeiraopreto.com.br","date":"31 de August de 2025","format":false,"excerpt":"Uma mulher de 42 anos foi morta a facadas em Morro Agudo, cidade a 70 quil\u00f4metros de Ribeir\u00e3o Preto. O crime aconteceu na noite de s\u00e1bado (30), no bairro Alfredo Benedetti, e foi registrado como feminic\u00eddio. De acordo com o BO (boletim de ocorr\u00eancia), a filha de Suelen Cristina Hon\u00f3rio\u2026","rel":"","context":"In &quot;Not\u00edcias de Ribeir\u00e3o Preto-SP e Regi\u00e3o&quot;","block_context":{"text":"Not\u00edcias de Ribeir\u00e3o Preto-SP e Regi\u00e3o","link":"https:\/\/noticiasribeiraopreto.com.br\/index.php\/category\/noticias-de-ribeirao-preto-sp-e-regiao-ismael-colosi\/"},"img":{"alt_text":"","src":"https:\/\/i0.wp.com\/noticiasribeiraopreto.com.br\/wp-content\/uploads\/2025\/08\/suelen_2025-08-31_20-22-37.webp.webp?fit=1081%2C843&ssl=1&resize=350%2C200","width":350,"height":200,"srcset":"https:\/\/i0.wp.com\/noticiasribeiraopreto.com.br\/wp-content\/uploads\/2025\/08\/suelen_2025-08-31_20-22-37.webp.webp?fit=1081%2C843&ssl=1&resize=350%2C200 1x, https:\/\/i0.wp.com\/noticiasribeiraopreto.com.br\/wp-content\/uploads\/2025\/08\/suelen_2025-08-31_20-22-37.webp.webp?fit=1081%2C843&ssl=1&resize=525%2C300 1.5x, https:\/\/i0.wp.com\/noticiasribeiraopreto.com.br\/wp-content\/uploads\/2025\/08\/suelen_2025-08-31_20-22-37.webp.webp?fit=1081%2C843&ssl=1&resize=700%2C400 2x, https:\/\/i0.wp.com\/noticiasribeiraopreto.com.br\/wp-content\/uploads\/2025\/08\/suelen_2025-08-31_20-22-37.webp.webp?fit=1081%2C843&ssl=1&resize=1050%2C600 3x"},"classes":[]}],"jetpack_sharing_enabled":true,"jetpack_shortlink":"https:\/\/wp.me\/peQAOb-i74","_links":{"self":[{"href":"https:\/\/noticiasribeiraopreto.com.br\/index.php\/wp-json\/wp\/v2\/posts\/69630","targetHints":{"allow":["GET"]}}],"collection":[{"href":"https:\/\/noticiasribeiraopreto.com.br\/index.php\/wp-json\/wp\/v2\/posts"}],"about":[{"href":"https:\/\/noticiasribeiraopreto.com.br\/index.php\/wp-json\/wp\/v2\/types\/post"}],"author":[{"embeddable":true,"href":"https:\/\/noticiasribeiraopreto.com.br\/index.php\/wp-json\/wp\/v2\/users\/1"}],"replies":[{"embeddable":true,"href":"https:\/\/noticiasribeiraopreto.com.br\/index.php\/wp-json\/wp\/v2\/comments?post=69630"}],"version-history":[{"count":0,"href":"https:\/\/noticiasribeiraopreto.com.br\/index.php\/wp-json\/wp\/v2\/posts\/69630\/revisions"}],"wp:featuredmedia":[{"embeddable":true,"href":"https:\/\/noticiasribeiraopreto.com.br\/index.php\/wp-json\/wp\/v2\/media\/69631"}],"wp:attachment":[{"href":"https:\/\/noticiasribeiraopreto.com.br\/index.php\/wp-json\/wp\/v2\/media?parent=69630"}],"wp:term":[{"taxonomy":"category","embeddable":true,"href":"https:\/\/noticiasribeiraopreto.com.br\/index.php\/wp-json\/wp\/v2\/categories?post=69630"},{"taxonomy":"post_tag","embeddable":true,"href":"https:\/\/noticiasribeiraopreto.com.br\/index.php\/wp-json\/wp\/v2\/tags?post=69630"}],"curies":[{"name":"wp","href":"https:\/\/api.w.org\/{rel}","templated":true}]}}