{"id":69636,"date":"2025-05-07T19:55:01","date_gmt":"2025-05-07T22:55:01","guid":{"rendered":"https:\/\/noticiasribeiraopreto.com.br\/index.php\/2025\/05\/07\/acidente-com-capotamento-deixa-o-transito-lento-em-avenida-de-ribeirao-preto\/"},"modified":"2025-05-07T19:55:01","modified_gmt":"2025-05-07T22:55:01","slug":"acidente-com-capotamento-deixa-o-transito-lento-em-avenida-de-ribeirao-preto","status":"publish","type":"post","link":"https:\/\/noticiasribeiraopreto.com.br\/index.php\/2025\/05\/07\/acidente-com-capotamento-deixa-o-transito-lento-em-avenida-de-ribeirao-preto\/","title":{"rendered":"Acidente com capotamento deixa o tr\u00e2nsito lento em avenida de Ribeir\u00e3o Preto"},"content":{"rendered":"<p> <br \/>\n<\/p>\n<div data-td-block-uid=\"tdi_95\">\n<div class=\"tdb-block-inner td-fix-index\">\n<p>Na noite desta quarta-feira (7),<strong> um acidente envolvendo ao menos tr\u00eas ve\u00edculos deixou o tr\u00e2nsito lento na avenida Bandeirantes<\/strong>, no sentido Sert\u00e3ozinho\u2013Ribeir\u00e3o Preto, nas proximidades das garagens das empresas R\u00e1pido Oeste e Via\u00e7\u00e3o Cometa. <\/p>\n<p>De acordo com o Corpo de Bombeiros, <strong>um dos ve\u00edculos envolvidos capotou ap\u00f3s o impacto. <\/strong><\/p>\n<p>Equipes de resgate est\u00e3o no local prestando atendimento e trabalhando na libera\u00e7\u00e3o da via. At\u00e9 o momento, n<strong>\u00e3o h\u00e1 informa\u00e7\u00f5es confirmadas sobre feridos.<\/strong><\/p>\n<hr class=\"wp-block-separator has-alpha-channel-opacity\"\/>\n<p>SAIBA MAIS<\/p>\n<p>Quando ser\u00e1 a pr\u00f3xima reuni\u00e3o do conclave 2025?<\/p>\n<h4 class=\"wp-block-heading\"><strong>FIQUE ON<\/strong><\/h4>\n<p>Fique ligado em tudo que acontece em Ribeir\u00e3o Preto e regi\u00e3o. Siga os perfis do\u00a0<strong>acidade on\u00a0<\/strong>no<a href=\"https:\/\/www.instagram.com\/acidadeonribeirao\">\u00a0Instagram\u00a0<\/a>e no\u00a0<a href=\"https:\/\/www.facebook.com\/acidadeonribeirao\/\">Facebook<\/a>.<\/p>\n<p>Receba not\u00edcias do\u00a0<strong>acidade on<\/strong>\u00a0no WhatsApp.<a href=\"https:\/\/chat.whatsapp.com\/BjKQZ9oJwlz8VVT50NuePq\">\u00a0Para entrar no grupo, basta clicar aqui.<\/a><\/p>\n<p>Fa\u00e7a uma den\u00fancia ou sugira uma reportagem sobre Ribeir\u00e3o Preto e regi\u00e3o pelo WhatsApp: 16 99117 7802.<\/p>\n<p>VEJA TAMB\u00c9M<\/p>\n<p>O que Gigi Hadid falou sobre Bradley Cooper?<\/p>\n<p><!-- CONTENT END 1 -->\n<\/div>\n<\/div>\n<p><script async src=\"\/\/www.instagram.com\/embed.js\"><\/script><br \/>\n<br \/><br \/>\n<br \/><a href=\"https:\/\/www.acidadeon.com\/ribeiraopreto\/cotidiano\/acidente-com-capotamento-deixa-o-transito-lento-em-avenida-de-ribeirao-preto\/\">Source link <\/a><\/p>\n","protected":false},"excerpt":{"rendered":"<p>Na noite desta quarta-feira (7), um acidente envolvendo ao menos tr\u00eas ve\u00edculos deixou o tr\u00e2nsito lento na avenida Bandeirantes, no sentido Sert\u00e3ozinho\u2013Ribeir\u00e3o Preto, nas proximidades&#8230;<\/p>\n","protected":false},"author":1,"featured_media":69637,"comment_status":"open","ping_status":"open","sticky":false,"template":"","format":"standard","meta":{"advanced_seo_description":"","jetpack_seo_html_title":"","jetpack_seo_noindex":false,"jetpack_post_was_ever_published":false,"_jetpack_newsletter_access":"","_jetpack_dont_email_post_to_subs":false,"_jetpack_newsletter_tier_id":0,"_jetpack_memberships_contains_paywalled_content":false,"_jetpack_memberships_contains_paid_content":false,"footnotes":"","jetpack_publicize_message":"","jetpack_publicize_feature_enabled":true,"jetpack_social_post_already_shared":true,"jetpack_social_options":{"image_generator_settings":{"template":"highway","default_image_id":0,"font":"","enabled":false},"version":2}},"categories":[11],"tags":[],"class_list":["post-69636","post","type-post","status-publish","format-standard","has-post-thumbnail","hentry","category-noticias-de-ribeirao-preto-sp-e-regiao-ismael-colosi"],"jetpack_publicize_connections":[],"jetpack_featured_media_url":"https:\/\/i0.wp.com\/noticiasribeiraopreto.com.br\/wp-content\/uploads\/2025\/05\/Copia-de-Copia-de-Copia-de-TAMANHO-EXATO-PARA-FOTOS-NO-SISTEMA-NOVO-49_2025-05-07_22-27-36.webp.webp?fit=1200%2C675&ssl=1","jetpack-related-posts":[{"id":77123,"url":"https:\/\/noticiasribeiraopreto.com.br\/index.php\/2025\/09\/11\/acidente-com-onibus-e-dois-carros-deixa-o-transito-lento-na-rodovia-anhanguera\/","url_meta":{"origin":69636,"position":0},"title":"Acidente com \u00f4nibus e dois carros deixa o tr\u00e2nsito lento na rodovia Anhanguera","author":"noticiasribeiraopreto.com.br","date":"11 de September de 2025","format":false,"excerpt":"Um engavetamento envolvendo um \u00f4nibus e dois carros deixou o tr\u00e2nsito lento na noite desta quinta-feira (11) na rodovia Anhanguera (SP-330), em Ribeir\u00e3o Preto. O acidente aconteceu no km 309, no sentido norte da via. Segundo informa\u00e7\u00f5es do Centro de Controle e Informa\u00e7\u00f5es da Artesp, o coletivo colidiu na traseira\u2026","rel":"","context":"In &quot;Not\u00edcias de Ribeir\u00e3o Preto-SP e Regi\u00e3o&quot;","block_context":{"text":"Not\u00edcias de Ribeir\u00e3o Preto-SP e Regi\u00e3o","link":"https:\/\/noticiasribeiraopreto.com.br\/index.php\/category\/noticias-de-ribeirao-preto-sp-e-regiao-ismael-colosi\/"},"img":{"alt_text":"","src":"https:\/\/i0.wp.com\/noticiasribeiraopreto.com.br\/wp-content\/uploads\/2025\/09\/Copia-de-Copia-de-Copia-de-TAMANHO-EXATO-PARA-FOTOS-NO-SISTEMA-NOVO-2025-09-11T202023.327_2025-09-11_23-20-45.webp.webp?fit=1200%2C675&ssl=1&resize=350%2C200","width":350,"height":200,"srcset":"https:\/\/i0.wp.com\/noticiasribeiraopreto.com.br\/wp-content\/uploads\/2025\/09\/Copia-de-Copia-de-Copia-de-TAMANHO-EXATO-PARA-FOTOS-NO-SISTEMA-NOVO-2025-09-11T202023.327_2025-09-11_23-20-45.webp.webp?fit=1200%2C675&ssl=1&resize=350%2C200 1x, https:\/\/i0.wp.com\/noticiasribeiraopreto.com.br\/wp-content\/uploads\/2025\/09\/Copia-de-Copia-de-Copia-de-TAMANHO-EXATO-PARA-FOTOS-NO-SISTEMA-NOVO-2025-09-11T202023.327_2025-09-11_23-20-45.webp.webp?fit=1200%2C675&ssl=1&resize=525%2C300 1.5x, https:\/\/i0.wp.com\/noticiasribeiraopreto.com.br\/wp-content\/uploads\/2025\/09\/Copia-de-Copia-de-Copia-de-TAMANHO-EXATO-PARA-FOTOS-NO-SISTEMA-NOVO-2025-09-11T202023.327_2025-09-11_23-20-45.webp.webp?fit=1200%2C675&ssl=1&resize=700%2C400 2x, https:\/\/i0.wp.com\/noticiasribeiraopreto.com.br\/wp-content\/uploads\/2025\/09\/Copia-de-Copia-de-Copia-de-TAMANHO-EXATO-PARA-FOTOS-NO-SISTEMA-NOVO-2025-09-11T202023.327_2025-09-11_23-20-45.webp.webp?fit=1200%2C675&ssl=1&resize=1050%2C600 3x"},"classes":[]},{"id":8364,"url":"https:\/\/noticiasribeiraopreto.com.br\/index.php\/2023\/11\/29\/acidente-entre-carros-deixa-transito-lento-no-centro-de-ribeirao-preto-veja-o-video\/","url_meta":{"origin":69636,"position":1},"title":"Acidente entre carros deixa tr\u00e2nsito lento no Centro de Ribeir\u00e3o Preto; Veja o v\u00eddeo","author":"noticiasribeiraopreto.com.br","date":"29 de November de 2023","format":false,"excerpt":"Uma batida entre dois carros deixou o tr\u00e2nsito lento na tarde desta quarta-feira (29), na regi\u00e3o central de Ribeir\u00e3o Preto.\u00a0 O acidente ocorreu no cruzamento das ruas Bar\u00e3o do Amazonas e Mariana Junqueira. Apesar do susto, n\u00e3o h\u00e1 registros de v\u00edtimas graves at\u00e9 o momento. De acordo com as primeiras\u2026","rel":"","context":"In &quot;Not\u00edcias de Ribeir\u00e3o Preto-SP e Regi\u00e3o&quot;","block_context":{"text":"Not\u00edcias de Ribeir\u00e3o Preto-SP e Regi\u00e3o","link":"https:\/\/noticiasribeiraopreto.com.br\/index.php\/category\/noticias-de-ribeirao-preto-sp-e-regiao-ismael-colosi\/"},"img":{"alt_text":"","src":"https:\/\/i0.wp.com\/noticiasribeiraopreto.com.br\/wp-content\/uploads\/2023\/11\/Acidente-centro.png?fit=1016%2C564&ssl=1&resize=350%2C200","width":350,"height":200,"srcset":"https:\/\/i0.wp.com\/noticiasribeiraopreto.com.br\/wp-content\/uploads\/2023\/11\/Acidente-centro.png?fit=1016%2C564&ssl=1&resize=350%2C200 1x, https:\/\/i0.wp.com\/noticiasribeiraopreto.com.br\/wp-content\/uploads\/2023\/11\/Acidente-centro.png?fit=1016%2C564&ssl=1&resize=525%2C300 1.5x, https:\/\/i0.wp.com\/noticiasribeiraopreto.com.br\/wp-content\/uploads\/2023\/11\/Acidente-centro.png?fit=1016%2C564&ssl=1&resize=700%2C400 2x"},"classes":[]},{"id":70492,"url":"https:\/\/noticiasribeiraopreto.com.br\/index.php\/2025\/05\/27\/manha-de-acidentes-de-transito-em-ribeirao-preto\/","url_meta":{"origin":69636,"position":2},"title":"Manh\u00e3 de acidentes de tr\u00e2nsito em Ribeir\u00e3o Preto","author":"noticiasribeiraopreto.com.br","date":"27 de May de 2025","format":false,"excerpt":"Pelo menos quatro ocorr\u00eancias foram registradas em diferentes pontos da cidade 27 de maio de 2025 10:006 Compartilhar1 Por: Alfredo Risk e Adalberto Luque A manh\u00e3 desta ter\u00e7a-feira (27) come\u00e7ou com tr\u00e2nsito tumultuado e pelo menos quatro acidentes de tr\u00e2nsito em v\u00e1rios pontos da cidade. Um dos acidentes ocorreu na\u2026","rel":"","context":"In &quot;Not\u00edcias de Ribeir\u00e3o Preto-SP e Regi\u00e3o&quot;","block_context":{"text":"Not\u00edcias de Ribeir\u00e3o Preto-SP e Regi\u00e3o","link":"https:\/\/noticiasribeiraopreto.com.br\/index.php\/category\/noticias-de-ribeirao-preto-sp-e-regiao-ismael-colosi\/"},"img":{"alt_text":"","src":"https:\/\/i0.wp.com\/noticiasribeiraopreto.com.br\/wp-content\/uploads\/2025\/05\/27-mai-2025-acidentesrp1.jpg?fit=850%2C567&ssl=1&resize=350%2C200","width":350,"height":200,"srcset":"https:\/\/i0.wp.com\/noticiasribeiraopreto.com.br\/wp-content\/uploads\/2025\/05\/27-mai-2025-acidentesrp1.jpg?fit=850%2C567&ssl=1&resize=350%2C200 1x, https:\/\/i0.wp.com\/noticiasribeiraopreto.com.br\/wp-content\/uploads\/2025\/05\/27-mai-2025-acidentesrp1.jpg?fit=850%2C567&ssl=1&resize=525%2C300 1.5x, https:\/\/i0.wp.com\/noticiasribeiraopreto.com.br\/wp-content\/uploads\/2025\/05\/27-mai-2025-acidentesrp1.jpg?fit=850%2C567&ssl=1&resize=700%2C400 2x"},"classes":[]},{"id":82262,"url":"https:\/\/noticiasribeiraopreto.com.br\/index.php\/2026\/02\/09\/acidente-de-transito-e-registrado-em-avenida-da-zona-norte-de-ribeirao-preto\/","url_meta":{"origin":69636,"position":3},"title":"Acidente de tr\u00e2nsito \u00e9 registrado em avenida da zona Norte de Ribeir\u00e3o Preto","author":"noticiasribeiraopreto.com.br","date":"9 de February de 2026","format":false,"excerpt":"Um acidente de tr\u00e2nsito foi registrado na avenida Cavalheiro Paschoal Innecchi, no Jardim Independ\u00eancia, zona Norte de Ribeir\u00e3o Preto, na manh\u00e3 desta segunda-feira (9). De acordo com as primeiras informa\u00e7\u00f5es, um ve\u00edculo Uno teria batido na grade de prote\u00e7\u00e3o da ciclovia da avenida. Com o impacto, a parte da frente\u2026","rel":"","context":"In &quot;Not\u00edcias de Ribeir\u00e3o Preto-SP e Regi\u00e3o&quot;","block_context":{"text":"Not\u00edcias de Ribeir\u00e3o Preto-SP e Regi\u00e3o","link":"https:\/\/noticiasribeiraopreto.com.br\/index.php\/category\/noticias-de-ribeirao-preto-sp-e-regiao-ismael-colosi\/"},"img":{"alt_text":"","src":"https:\/\/i0.wp.com\/noticiasribeiraopreto.com.br\/wp-content\/uploads\/2026\/02\/palace-4_2026-02-09_11-42-30.webp.webp?fit=1200%2C675&ssl=1&resize=350%2C200","width":350,"height":200,"srcset":"https:\/\/i0.wp.com\/noticiasribeiraopreto.com.br\/wp-content\/uploads\/2026\/02\/palace-4_2026-02-09_11-42-30.webp.webp?fit=1200%2C675&ssl=1&resize=350%2C200 1x, https:\/\/i0.wp.com\/noticiasribeiraopreto.com.br\/wp-content\/uploads\/2026\/02\/palace-4_2026-02-09_11-42-30.webp.webp?fit=1200%2C675&ssl=1&resize=525%2C300 1.5x, https:\/\/i0.wp.com\/noticiasribeiraopreto.com.br\/wp-content\/uploads\/2026\/02\/palace-4_2026-02-09_11-42-30.webp.webp?fit=1200%2C675&ssl=1&resize=700%2C400 2x, https:\/\/i0.wp.com\/noticiasribeiraopreto.com.br\/wp-content\/uploads\/2026\/02\/palace-4_2026-02-09_11-42-30.webp.webp?fit=1200%2C675&ssl=1&resize=1050%2C600 3x"},"classes":[]},{"id":75475,"url":"https:\/\/noticiasribeiraopreto.com.br\/index.php\/2025\/08\/09\/acidente-causa-lentidao-na-francisco-junqueira-em-ribeirao-preto\/","url_meta":{"origin":69636,"position":4},"title":"Acidente causa lentid\u00e3o na Francisco Junqueira em Ribeir\u00e3o Preto","author":"noticiasribeiraopreto.com.br","date":"9 de August de 2025","format":false,"excerpt":"Um acidente na manh\u00e3 deste s\u00e1bado (9), no cruzamento das avenidas Francisco Junqueira e Jer\u00f4nimo Gon\u00e7alves, causou lentid\u00e3o no tr\u00e2nsito em Ribeir\u00e3o Preto. Ao menos uma moto e um carro teriam se envolvido. O tr\u00e2nsito ficou lento para o motorista que seguia em dire\u00e7\u00e3o \u00e0 rotat\u00f3ria Amin Calil. N\u00e3o h\u00e1,\u2026","rel":"","context":"In &quot;Not\u00edcias de Ribeir\u00e3o Preto-SP e Regi\u00e3o&quot;","block_context":{"text":"Not\u00edcias de Ribeir\u00e3o Preto-SP e Regi\u00e3o","link":"https:\/\/noticiasribeiraopreto.com.br\/index.php\/category\/noticias-de-ribeirao-preto-sp-e-regiao-ismael-colosi\/"},"img":{"alt_text":"","src":"https:\/\/i0.wp.com\/noticiasribeiraopreto.com.br\/wp-content\/uploads\/2025\/08\/MOTO_2025-08-09_13-22-12.webp.webp?fit=1200%2C663&ssl=1&resize=350%2C200","width":350,"height":200,"srcset":"https:\/\/i0.wp.com\/noticiasribeiraopreto.com.br\/wp-content\/uploads\/2025\/08\/MOTO_2025-08-09_13-22-12.webp.webp?fit=1200%2C663&ssl=1&resize=350%2C200 1x, https:\/\/i0.wp.com\/noticiasribeiraopreto.com.br\/wp-content\/uploads\/2025\/08\/MOTO_2025-08-09_13-22-12.webp.webp?fit=1200%2C663&ssl=1&resize=525%2C300 1.5x, https:\/\/i0.wp.com\/noticiasribeiraopreto.com.br\/wp-content\/uploads\/2025\/08\/MOTO_2025-08-09_13-22-12.webp.webp?fit=1200%2C663&ssl=1&resize=700%2C400 2x, https:\/\/i0.wp.com\/noticiasribeiraopreto.com.br\/wp-content\/uploads\/2025\/08\/MOTO_2025-08-09_13-22-12.webp.webp?fit=1200%2C663&ssl=1&resize=1050%2C600 3x"},"classes":[]},{"id":35910,"url":"https:\/\/noticiasribeiraopreto.com.br\/index.php\/2024\/02\/07\/acidente-entre-carros-deixa-tres-pessoas-feridas-na-regiao-de-ribeirao-preto\/","url_meta":{"origin":69636,"position":5},"title":"Acidente entre carros deixa tr\u00eas pessoas feridas na regi\u00e3o de Ribeir\u00e3o Preto","author":"noticiasribeiraopreto.com.br","date":"7 de February de 2024","format":false,"excerpt":"Um acidente envolvendo tr\u00eas carros deixou tr\u00eas pessoas feridas, no final da tarde desta quarta feria (7), na avenida Dr. Abrah\u00e3o Brickmann, no bairro Vicente Leporace I, em Franca, cidade na regi\u00e3o de Ribeir\u00e3o Preto. Apesar do impacto, os envolvidos foram socorridos apenas com ferimentos leves. Chovia em Franca no\u2026","rel":"","context":"In &quot;Not\u00edcias de Ribeir\u00e3o Preto-SP e Regi\u00e3o&quot;","block_context":{"text":"Not\u00edcias de Ribeir\u00e3o Preto-SP e Regi\u00e3o","link":"https:\/\/noticiasribeiraopreto.com.br\/index.php\/category\/noticias-de-ribeirao-preto-sp-e-regiao-ismael-colosi\/"},"img":{"alt_text":"","src":"https:\/\/i0.wp.com\/noticiasribeiraopreto.com.br\/wp-content\/uploads\/2024\/02\/Copia-de-Copia-de-TAMANHO-EXATO-PARA-FOTOS-NO-SISTEMA-NOVO-33.png?fit=1200%2C675&ssl=1&resize=350%2C200","width":350,"height":200,"srcset":"https:\/\/i0.wp.com\/noticiasribeiraopreto.com.br\/wp-content\/uploads\/2024\/02\/Copia-de-Copia-de-TAMANHO-EXATO-PARA-FOTOS-NO-SISTEMA-NOVO-33.png?fit=1200%2C675&ssl=1&resize=350%2C200 1x, https:\/\/i0.wp.com\/noticiasribeiraopreto.com.br\/wp-content\/uploads\/2024\/02\/Copia-de-Copia-de-TAMANHO-EXATO-PARA-FOTOS-NO-SISTEMA-NOVO-33.png?fit=1200%2C675&ssl=1&resize=525%2C300 1.5x, https:\/\/i0.wp.com\/noticiasribeiraopreto.com.br\/wp-content\/uploads\/2024\/02\/Copia-de-Copia-de-TAMANHO-EXATO-PARA-FOTOS-NO-SISTEMA-NOVO-33.png?fit=1200%2C675&ssl=1&resize=700%2C400 2x, https:\/\/i0.wp.com\/noticiasribeiraopreto.com.br\/wp-content\/uploads\/2024\/02\/Copia-de-Copia-de-TAMANHO-EXATO-PARA-FOTOS-NO-SISTEMA-NOVO-33.png?fit=1200%2C675&ssl=1&resize=1050%2C600 3x"},"classes":[]}],"jetpack_sharing_enabled":true,"jetpack_shortlink":"https:\/\/wp.me\/peQAOb-i7a","_links":{"self":[{"href":"https:\/\/noticiasribeiraopreto.com.br\/index.php\/wp-json\/wp\/v2\/posts\/69636","targetHints":{"allow":["GET"]}}],"collection":[{"href":"https:\/\/noticiasribeiraopreto.com.br\/index.php\/wp-json\/wp\/v2\/posts"}],"about":[{"href":"https:\/\/noticiasribeiraopreto.com.br\/index.php\/wp-json\/wp\/v2\/types\/post"}],"author":[{"embeddable":true,"href":"https:\/\/noticiasribeiraopreto.com.br\/index.php\/wp-json\/wp\/v2\/users\/1"}],"replies":[{"embeddable":true,"href":"https:\/\/noticiasribeiraopreto.com.br\/index.php\/wp-json\/wp\/v2\/comments?post=69636"}],"version-history":[{"count":0,"href":"https:\/\/noticiasribeiraopreto.com.br\/index.php\/wp-json\/wp\/v2\/posts\/69636\/revisions"}],"wp:featuredmedia":[{"embeddable":true,"href":"https:\/\/noticiasribeiraopreto.com.br\/index.php\/wp-json\/wp\/v2\/media\/69637"}],"wp:attachment":[{"href":"https:\/\/noticiasribeiraopreto.com.br\/index.php\/wp-json\/wp\/v2\/media?parent=69636"}],"wp:term":[{"taxonomy":"category","embeddable":true,"href":"https:\/\/noticiasribeiraopreto.com.br\/index.php\/wp-json\/wp\/v2\/categories?post=69636"},{"taxonomy":"post_tag","embeddable":true,"href":"https:\/\/noticiasribeiraopreto.com.br\/index.php\/wp-json\/wp\/v2\/tags?post=69636"}],"curies":[{"name":"wp","href":"https:\/\/api.w.org\/{rel}","templated":true}]}}