{"id":69638,"date":"2025-05-07T20:01:39","date_gmt":"2025-05-07T23:01:39","guid":{"rendered":"https:\/\/noticiasribeiraopreto.com.br\/index.php\/2025\/05\/07\/festa-do-peao-de-barretos-celebra-70-anos-com-musica-tema-lancada-por-grandes-nomes-do-sertanejo\/"},"modified":"2025-05-07T20:01:39","modified_gmt":"2025-05-07T23:01:39","slug":"festa-do-peao-de-barretos-celebra-70-anos-com-musica-tema-lancada-por-grandes-nomes-do-sertanejo","status":"publish","type":"post","link":"https:\/\/noticiasribeiraopreto.com.br\/index.php\/2025\/05\/07\/festa-do-peao-de-barretos-celebra-70-anos-com-musica-tema-lancada-por-grandes-nomes-do-sertanejo\/","title":{"rendered":"Festa do Pe\u00e3o de Barretos celebra 70 anos com m\u00fasica-tema lan\u00e7ada por grandes nomes do sertanejo"},"content":{"rendered":"<p> <br \/>\n<\/p>\n<div>\n<p>A<strong> Festa do Pe\u00e3o de Barretos<\/strong>, o maior e mais tradicional evento do g\u00eanero na Am\u00e9rica Latina, completa <strong>70 anos <\/strong>em 2025. E como parte da comemora\u00e7\u00e3o, nesta quinta-feira (8), o p\u00fablico poder\u00e1 conferir o lan\u00e7amento da m\u00fasica-tema \u201c<strong>Barret\u00e3o 70t\u00e3o<\/strong>\u201d em todas as plataformas digitais.<\/p>\n<p>A can\u00e7\u00e3o \u00e9 interpretada pelas duplas <strong>Edson e Hudson<\/strong>, <strong>C\u00e9sar Menotti e Fabiano <\/strong>e <strong>Rionegro e Solim\u00f5es<\/strong>. As duplas se reuniram para a homenagem e tamb\u00e9m protagonizam o clipe da m\u00fasica, que poder\u00e1 ser conferido no <a href=\"https:\/\/www.youtube.com\/channel\/UC4R_y420CKV8R9nMogfudwA\" target=\"_blank\" rel=\"noreferrer noopener\">Youtube oficial do evento<\/a>.<\/p>\n<p>Neste ano, a <strong>Festa do Pe\u00e3o de Barretos <\/strong>acontece entre os <strong>dias 21 a 31 de agosto<\/strong>, no Parque do Pe\u00e3o, em <strong>Barretos<\/strong>, cidade a cerca de 120 quil\u00f4metros de <strong>Ribeir\u00e3o Preto<\/strong> \u2013 veja a programa\u00e7\u00e3o j\u00e1 confirmada abaixo.<\/p>\n<figure class=\"wp-block-pullquote\">\n<blockquote>\n<p>Barret\u00e3o 70t\u00e3o nasceu como uma justa homenagem \u00e0 maior festa de pe\u00e3o do mundo. Vivemos momentos incr\u00edveis durante todos esses anos, com recorde de bilheteria, shows hist\u00f3ricos e participa\u00e7\u00f5es memor\u00e1veis! Barretos faz parte das nossas vidas de um jeito muito, mas muito especial<\/p>\n<p><cite>declara Edson<\/cite><\/p><\/blockquote>\n<\/figure>\n<h2 class=\"wp-block-heading\"><strong>V\u00eddeo clipe e apresenta\u00e7\u00e3o especial<\/strong><\/h2>\n<p>Composta por <strong>Edson<\/strong>, <strong>Hudson<\/strong>, <strong>D\u00e9ia Cypri e<\/strong> <strong>Rionegro<\/strong>, a can\u00e7\u00e3o tema de 70 anos <mark style=\"background-color:#fcb900\" class=\"has-inline-color\">enaltece tanto o rodeio e as emo\u00e7\u00f5es da arena, quanto \u00e0 alegria dos shows e aspectos da tradi\u00e7\u00e3o e da cultura envolvidas no universo de Barretos.<\/mark><\/p>\n<p>O clipe foi gravado no <strong>Parque do Pe\u00e3o<\/strong> e em loca\u00e7\u00f5es hist\u00f3ricas da cidade de Barretos. A dire\u00e7\u00e3o \u00e9 de Marcio Alessandro.<\/p>\n<figure class=\"wp-block-pullquote\">\n<blockquote>\n<p>Barretos \u00e9 muito mais que um evento! \u00c9 um s\u00edmbolo da nossa cultura sertaneja. Ano passado j\u00e1 tivemos a honra de sermos embaixadores, e poder lan\u00e7ar a m\u00fasica tema \u00e9 novamente uma emo\u00e7\u00e3o enorme para n\u00f3s<\/p>\n<p><cite> afirmam C\u00e9sar Menotti e Fabiano<\/cite><\/p><\/blockquote>\n<\/figure>\n<p>Al\u00e9m da m\u00fasica tema e do clipe, o show \u201c<strong>Barret\u00e3o 70t\u00e3o<\/strong>\u201d ser\u00e1 uma das atra\u00e7\u00f5es da <strong>Festa<\/strong>, no dia 30 de agosto. De acordo com a organiza\u00e7\u00e3o, <strong>os artistas est\u00e3o preparando um repert\u00f3rio exclusivo<\/strong>, onde falam sobre a longa hist\u00f3ria com <strong>Barretos<\/strong>.<\/p>\n<p>A dupla <strong>Rionegro e Solim\u00f5es<\/strong>, por exemplo, chegou a participar e vencer, em 1986, do concurso de m\u00fasica raiz \u201cVioleira Rose Abr\u00e3o\u201d, promovido pela Festa.<\/p>\n<p><strong>C\u00e9sar Menotti e Fabiano<\/strong> tamb\u00e9m lembram com carinho da \u00e9poca que tentavam a sorte pelo Parque do Pe\u00e3o, durante o evento, entregando CDs para o p\u00fablico.<\/p>\n<p>J\u00e1 <strong>Edson e Hudson<\/strong> colecionam shows em diferentes momentos da carreira, afinal, j\u00e1 foram 10 apresenta\u00e7\u00f5es em Barretos.<\/p>\n<h3 class=\"wp-block-heading\"><strong>Confira as apresenta\u00e7\u00f5es j\u00e1 confirmadas na festa:<\/strong><\/h3>\n<ul class=\"wp-block-list\">\n<li><strong>21\/08 (quinta-feira)<\/strong> \u2013 Fernando &amp; Sorocaba, Guilherme &amp; Santiago, Jo\u00e3o Bosco &amp; Vin\u00edcius<\/li>\n<\/ul>\n<ul class=\"wp-block-list\">\n<li><strong>22\/08 (sexta-feira)<\/strong> \u2013 Bruno &amp; Marrone, Hugo &amp; Guilherme, Murilo Huff (Est\u00e1dio); Munhoz &amp; Mariano, VH &amp; Alexandre, Us Agroboy, Luiz Claudio &amp; Giuliano e Henrique &amp; Diego (Amanhecer)<\/li>\n<\/ul>\n<ul class=\"wp-block-list\">\n<li><strong>23\/08 (s\u00e1bado)<\/strong> \u2013 Ana Castela, Z\u00e9 Neto &amp; Cristiano com participa\u00e7\u00e3o de Diego &amp; Arnaldo, e Nattan (Est\u00e1dio); Guilherme &amp; Benuto, Maria Cec\u00edlia &amp; Rodolfo, L\u00e9o &amp; Raphael, Jiraya Uai, Diego &amp; Arnaldo em show completo (Amanhecer)<\/li>\n<\/ul>\n<ul class=\"wp-block-list\">\n<li><strong>24\/08 (domingo) <\/strong>\u2013 Matheus &amp; Kauan, L\u00e9o Foguete e Felipe &amp; Rodrigo.<\/li>\n<\/ul>\n<ul class=\"wp-block-list\">\n<li><strong>25\/08 (segunda-feira \u2013 feriado municipal)<\/strong> \u2013 Frei Gilson (Palco Est\u00e1dio), com entrada solid\u00e1ria mediante doa\u00e7\u00e3o de 1 kg de alimento; Gian &amp; Giovani e Augusto &amp; At\u00edlio (Palco Amanhecer)<\/li>\n<\/ul>\n<ul class=\"wp-block-list\">\n<li><strong>26\/08 (ter\u00e7a-feira)<\/strong> \u2013 Bruno &amp; Barretto e Jads &amp; Jadson (Palco Amanhecer)<\/li>\n<\/ul>\n<ul class=\"wp-block-list\">\n<li><strong>27\/08 (quarta-feira)<\/strong> \u2013 Daniel e o projeto \u201cC\u00ea T\u00e1 Doido\u201d com \u00cdcaro &amp; Gilmar, Panda e Humberto &amp; Ronaldo (Est\u00e1dio); Jo\u00e3o Villa &amp; Rafael e Lorena Cristine (Amanhecer)<\/li>\n<\/ul>\n<ul class=\"wp-block-list\">\n<li><strong>29\/08 (sexta-feira)<\/strong> \u2013 Chit\u00e3ozinho &amp; Xoror\u00f3, Leonardo, Maiara &amp; Mara\u00edsa (Est\u00e1dio); Z\u00e9 Felipe, Em\u00edlio &amp; Eduardo, Jo\u00e3o Pedro &amp; Cristiano, Danilo &amp; Davi, Loubet (Amanhecer)<\/li>\n<\/ul>\n<ul class=\"wp-block-list\">\n<li><strong>30\/08 (s\u00e1bado)<\/strong> \u2013 Projeto especial \u201cBarret\u00e3o 70t\u00e3o\u201d com Edson &amp; Hudson, Rionegro &amp; Solim\u00f5es e C\u00e9sar Menotti &amp; Fabiano<\/li>\n<\/ul>\n<hr class=\"wp-block-separator has-alpha-channel-opacity\"\/>\n<p>SAIBA MAIS<\/p>\n<p>Quando ser\u00e1 a pr\u00f3xima reuni\u00e3o do conclave 2025?<\/p>\n<h4 class=\"wp-block-heading\"><strong>FIQUE ON<\/strong><\/h4>\n<p>Fique ligado em tudo que acontece em Ribeir\u00e3o Preto e regi\u00e3o. Siga os perfis do\u00a0<strong>acidade on\u00a0<\/strong>no<a href=\"https:\/\/www.instagram.com\/acidadeonribeirao\">\u00a0Instagram\u00a0<\/a>e no\u00a0<a href=\"https:\/\/www.facebook.com\/acidadeonribeirao\/\">Facebook<\/a>.<\/p>\n<p>Receba not\u00edcias do\u00a0<strong>acidade on<\/strong>\u00a0no WhatsApp.<a href=\"https:\/\/chat.whatsapp.com\/BjKQZ9oJwlz8VVT50NuePq\">\u00a0Para entrar no grupo, basta clicar aqui.<\/a><\/p>\n<p>Fa\u00e7a uma den\u00fancia ou sugira uma reportagem sobre Ribeir\u00e3o Preto e regi\u00e3o pelo WhatsApp: 16 99117 7802.<\/p>\n<p>VEJA TAMB\u00c9M<\/p>\n<p>O que Gigi Hadid falou sobre Bradley Cooper?<\/p>\n<p><!-- CONTENT END 1 -->\n<\/div>\n<p><script async src=\"\/\/www.instagram.com\/embed.js\"><\/script><br \/>\n<br \/><br \/>\n<br \/><a href=\"https:\/\/www.acidadeon.com\/ribeiraopreto\/lazer-e-cultura\/festa-do-peao-de-barretos-celebra-70-anos-com-musica-tema-lancada-por-grandes-nomes-do-sertanejo\/\">Source link <\/a><\/p>\n","protected":false},"excerpt":{"rendered":"<p>A Festa do Pe\u00e3o de Barretos, o maior e mais tradicional evento do g\u00eanero na Am\u00e9rica Latina, completa 70 anos em 2025. E como parte&#8230;<\/p>\n","protected":false},"author":1,"featured_media":69639,"comment_status":"open","ping_status":"open","sticky":false,"template":"","format":"standard","meta":{"advanced_seo_description":"","jetpack_seo_html_title":"","jetpack_seo_noindex":false,"jetpack_post_was_ever_published":false,"_jetpack_newsletter_access":"","_jetpack_dont_email_post_to_subs":false,"_jetpack_newsletter_tier_id":0,"_jetpack_memberships_contains_paywalled_content":false,"_jetpack_memberships_contains_paid_content":false,"footnotes":"","jetpack_publicize_message":"","jetpack_publicize_feature_enabled":true,"jetpack_social_post_already_shared":true,"jetpack_social_options":{"image_generator_settings":{"template":"highway","default_image_id":0,"font":"","enabled":false},"version":2}},"categories":[11],"tags":[],"class_list":["post-69638","post","type-post","status-publish","format-standard","has-post-thumbnail","hentry","category-noticias-de-ribeirao-preto-sp-e-regiao-ismael-colosi"],"jetpack_publicize_connections":[],"jetpack_featured_media_url":"https:\/\/i0.wp.com\/noticiasribeiraopreto.com.br\/wp-content\/uploads\/2025\/05\/WhatsApp-Image-2025-05-07-at-16.01.40_2025-05-07_21-20-44.webp.webp?fit=1200%2C800&ssl=1","jetpack-related-posts":[{"id":65081,"url":"https:\/\/noticiasribeiraopreto.com.br\/index.php\/2025\/03\/15\/veja-as-atracoes-confirmadas-para-o-primeiro-dia-da-festa-do-peao-de-barretos-de-2025\/","url_meta":{"origin":69638,"position":0},"title":"Veja as atra\u00e7\u00f5es confirmadas para o primeiro dia da Festa do Pe\u00e3o de Barretos de 2025","author":"noticiasribeiraopreto.com.br","date":"15 de March de 2025","format":false,"excerpt":"A 70\u00aa edi\u00e7\u00e3o da Festa do Pe\u00e3o de Barretos, que acontece entre os dias 21 a 31 de agosto, no Parque do Pe\u00e3o, em Barretos, anunciou nesta sexta-feira (14) tr\u00eas atra\u00e7\u00f5es do palco Est\u00e1dios de Rodeios. Os artistas abrir\u00e3o a programa\u00e7\u00e3o do Barret\u00e3o, no dia 21 de agosto. Entre as\u2026","rel":"","context":"In &quot;Not\u00edcias de Ribeir\u00e3o Preto-SP e Regi\u00e3o&quot;","block_context":{"text":"Not\u00edcias de Ribeir\u00e3o Preto-SP e Regi\u00e3o","link":"https:\/\/noticiasribeiraopreto.com.br\/index.php\/category\/noticias-de-ribeirao-preto-sp-e-regiao-ismael-colosi\/"},"img":{"alt_text":"","src":"https:\/\/i0.wp.com\/noticiasribeiraopreto.com.br\/wp-content\/uploads\/2025\/03\/Fernando-e-Sorocaba_2025-03-15_14-35-21.webp.webp?fit=1200%2C675&ssl=1&resize=350%2C200","width":350,"height":200,"srcset":"https:\/\/i0.wp.com\/noticiasribeiraopreto.com.br\/wp-content\/uploads\/2025\/03\/Fernando-e-Sorocaba_2025-03-15_14-35-21.webp.webp?fit=1200%2C675&ssl=1&resize=350%2C200 1x, https:\/\/i0.wp.com\/noticiasribeiraopreto.com.br\/wp-content\/uploads\/2025\/03\/Fernando-e-Sorocaba_2025-03-15_14-35-21.webp.webp?fit=1200%2C675&ssl=1&resize=525%2C300 1.5x, https:\/\/i0.wp.com\/noticiasribeiraopreto.com.br\/wp-content\/uploads\/2025\/03\/Fernando-e-Sorocaba_2025-03-15_14-35-21.webp.webp?fit=1200%2C675&ssl=1&resize=700%2C400 2x, https:\/\/i0.wp.com\/noticiasribeiraopreto.com.br\/wp-content\/uploads\/2025\/03\/Fernando-e-Sorocaba_2025-03-15_14-35-21.webp.webp?fit=1200%2C675&ssl=1&resize=1050%2C600 3x"},"classes":[]},{"id":43012,"url":"https:\/\/noticiasribeiraopreto.com.br\/index.php\/2024\/03\/18\/veja-a-programacao-musical-da-festa-do-peao-de-barretos-2024\/","url_meta":{"origin":69638,"position":1},"title":"Veja a programa\u00e7\u00e3o musical da Festa do Pe\u00e3o de Barretos 2024","author":"noticiasribeiraopreto.com.br","date":"18 de March de 2024","format":false,"excerpt":"A Festa do Pe\u00e3o de Barretos, que acontece de 15 a 25 de agosto, tem mais uma atra\u00e7\u00e3o musical confirmada. Desta vez, \u00e9 a dupla Zez\u00e9 Di Camargo & Luciano que confirmou presen\u00e7a no dia 23 de agosto. No mesmo dia em que a dupla sertaneja, que faz sucesso desde\u2026","rel":"","context":"In &quot;Not\u00edcias de Ribeir\u00e3o Preto-SP e Regi\u00e3o&quot;","block_context":{"text":"Not\u00edcias de Ribeir\u00e3o Preto-SP e Regi\u00e3o","link":"https:\/\/noticiasribeiraopreto.com.br\/index.php\/category\/noticias-de-ribeirao-preto-sp-e-regiao-ismael-colosi\/"},"img":{"alt_text":"","src":"https:\/\/i0.wp.com\/noticiasribeiraopreto.com.br\/wp-content\/uploads\/2024\/03\/Copia-de-Copia-de-TAMANHO-EXATO-PARA-FOTOS-NO-SISTEMA-NOVO-64.jpg?fit=1200%2C675&ssl=1&resize=350%2C200","width":350,"height":200,"srcset":"https:\/\/i0.wp.com\/noticiasribeiraopreto.com.br\/wp-content\/uploads\/2024\/03\/Copia-de-Copia-de-TAMANHO-EXATO-PARA-FOTOS-NO-SISTEMA-NOVO-64.jpg?fit=1200%2C675&ssl=1&resize=350%2C200 1x, https:\/\/i0.wp.com\/noticiasribeiraopreto.com.br\/wp-content\/uploads\/2024\/03\/Copia-de-Copia-de-TAMANHO-EXATO-PARA-FOTOS-NO-SISTEMA-NOVO-64.jpg?fit=1200%2C675&ssl=1&resize=525%2C300 1.5x, https:\/\/i0.wp.com\/noticiasribeiraopreto.com.br\/wp-content\/uploads\/2024\/03\/Copia-de-Copia-de-TAMANHO-EXATO-PARA-FOTOS-NO-SISTEMA-NOVO-64.jpg?fit=1200%2C675&ssl=1&resize=700%2C400 2x, https:\/\/i0.wp.com\/noticiasribeiraopreto.com.br\/wp-content\/uploads\/2024\/03\/Copia-de-Copia-de-TAMANHO-EXATO-PARA-FOTOS-NO-SISTEMA-NOVO-64.jpg?fit=1200%2C675&ssl=1&resize=1050%2C600 3x"},"classes":[]},{"id":75998,"url":"https:\/\/noticiasribeiraopreto.com.br\/index.php\/2025\/08\/20\/eptv-leva-musica-cultura-e-emocao-para-os-especiais-dos-70-anos-de-barretos\/","url_meta":{"origin":69638,"position":2},"title":"EPTV leva m\u00fasica, cultura e emo\u00e7\u00e3o para os Especiais dos 70 anos de Barretos","author":"noticiasribeiraopreto.com.br","date":"20 de August de 2025","format":false,"excerpt":"A Festa do Pe\u00e3o de Boiadeiro de Barretos, o maior rodeio da Am\u00e9rica Latina, comemora 70 anos de hist\u00f3ria entre os dias 21 e 31 de agosto, em Barretos. Para marcar essa edi\u00e7\u00e3o especial, a cobertura realizada pela EPTV, afiliada da TV Globo no interior paulista, ser\u00e1 ampliada e contar\u00e1\u2026","rel":"","context":"In &quot;Not\u00edcias de Ribeir\u00e3o Preto-SP e Regi\u00e3o&quot;","block_context":{"text":"Not\u00edcias de Ribeir\u00e3o Preto-SP e Regi\u00e3o","link":"https:\/\/noticiasribeiraopreto.com.br\/index.php\/category\/noticias-de-ribeirao-preto-sp-e-regiao-ismael-colosi\/"},"img":{"alt_text":"","src":"https:\/\/i0.wp.com\/noticiasribeiraopreto.com.br\/wp-content\/uploads\/2025\/08\/especial-barretos_2025-08-20_14-19-32.webp.webp?fit=1200%2C675&ssl=1&resize=350%2C200","width":350,"height":200,"srcset":"https:\/\/i0.wp.com\/noticiasribeiraopreto.com.br\/wp-content\/uploads\/2025\/08\/especial-barretos_2025-08-20_14-19-32.webp.webp?fit=1200%2C675&ssl=1&resize=350%2C200 1x, https:\/\/i0.wp.com\/noticiasribeiraopreto.com.br\/wp-content\/uploads\/2025\/08\/especial-barretos_2025-08-20_14-19-32.webp.webp?fit=1200%2C675&ssl=1&resize=525%2C300 1.5x, https:\/\/i0.wp.com\/noticiasribeiraopreto.com.br\/wp-content\/uploads\/2025\/08\/especial-barretos_2025-08-20_14-19-32.webp.webp?fit=1200%2C675&ssl=1&resize=700%2C400 2x, https:\/\/i0.wp.com\/noticiasribeiraopreto.com.br\/wp-content\/uploads\/2025\/08\/especial-barretos_2025-08-20_14-19-32.webp.webp?fit=1200%2C675&ssl=1&resize=1050%2C600 3x"},"classes":[]},{"id":75802,"url":"https:\/\/noticiasribeiraopreto.com.br\/index.php\/2025\/08\/15\/eptv-produz-edicao-especial-do-globo-reporter-em-homenagem-aos-70-anos-da-festa-do-peao-de-barretos\/","url_meta":{"origin":69638,"position":3},"title":"EPTV produz edi\u00e7\u00e3o especial do Globo Rep\u00f3rter em homenagem aos 70 anos da Festa do Pe\u00e3o de Barretos","author":"noticiasribeiraopreto.com.br","date":"15 de August de 2025","format":false,"excerpt":"A Festa do Pe\u00e3o de Barretos, maior rodeio da Am\u00e9rica Latina, completa 70 anos de hist\u00f3ria neste ano e acontece entre os dias 21 e 31 de agosto, em Barretos, cidade a 120 quil\u00f4metros de Ribeir\u00e3o Preto. Para marcar a data, a EPTV, afiliada da Rede Globo no interior de\u2026","rel":"","context":"In &quot;Not\u00edcias de Ribeir\u00e3o Preto-SP e Regi\u00e3o&quot;","block_context":{"text":"Not\u00edcias de Ribeir\u00e3o Preto-SP e Regi\u00e3o","link":"https:\/\/noticiasribeiraopreto.com.br\/index.php\/category\/noticias-de-ribeirao-preto-sp-e-regiao-ismael-colosi\/"},"img":{"alt_text":"","src":"https:\/\/i0.wp.com\/noticiasribeiraopreto.com.br\/wp-content\/uploads\/2025\/08\/172312398066b4c90cb1cc8_2024-08-14_20-51-59_jpg_2024-08-14_20-51-59.webp.webp?fit=800%2C533&ssl=1&resize=350%2C200","width":350,"height":200,"srcset":"https:\/\/i0.wp.com\/noticiasribeiraopreto.com.br\/wp-content\/uploads\/2025\/08\/172312398066b4c90cb1cc8_2024-08-14_20-51-59_jpg_2024-08-14_20-51-59.webp.webp?fit=800%2C533&ssl=1&resize=350%2C200 1x, https:\/\/i0.wp.com\/noticiasribeiraopreto.com.br\/wp-content\/uploads\/2025\/08\/172312398066b4c90cb1cc8_2024-08-14_20-51-59_jpg_2024-08-14_20-51-59.webp.webp?fit=800%2C533&ssl=1&resize=525%2C300 1.5x, https:\/\/i0.wp.com\/noticiasribeiraopreto.com.br\/wp-content\/uploads\/2025\/08\/172312398066b4c90cb1cc8_2024-08-14_20-51-59_jpg_2024-08-14_20-51-59.webp.webp?fit=800%2C533&ssl=1&resize=700%2C400 2x"},"classes":[]},{"id":45214,"url":"https:\/\/noticiasribeiraopreto.com.br\/index.php\/2024\/04\/03\/festa-do-peao-de-barretos-tera-show-de-ze-neto-cristiano\/","url_meta":{"origin":69638,"position":4},"title":"Festa do Pe\u00e3o de Barretos ter\u00e1 show de Z\u00e9 Neto &#038; Cristiano","author":"noticiasribeiraopreto.com.br","date":"3 de April de 2024","format":false,"excerpt":"Festa do Pe\u00e3o de Barretos ter\u00e1 show de Z\u00e9 Neto & CristianoA dupla Z\u00e9 Neto & Cristiano, uma das mais aclamadas e ouvidas do pa\u00eds, est\u00e1 confirmada na grade musical da 69\u00aa Festa do Pe\u00e3o de Boiadeiro de Barretos (15 a 25 de agosto). Os cantores far\u00e3o show no dia\u2026","rel":"","context":"In &quot;Not\u00edcias de Ribeir\u00e3o Preto-SP e Regi\u00e3o&quot;","block_context":{"text":"Not\u00edcias de Ribeir\u00e3o Preto-SP e Regi\u00e3o","link":"https:\/\/noticiasribeiraopreto.com.br\/index.php\/category\/noticias-de-ribeirao-preto-sp-e-regiao-ismael-colosi\/"},"img":{"alt_text":"","src":"https:\/\/i0.wp.com\/noticiasribeiraopreto.com.br\/wp-content\/uploads\/2024\/04\/78896df7ff9867b582066d0c653570be.jpeg?fit=1200%2C800&ssl=1&resize=350%2C200","width":350,"height":200,"srcset":"https:\/\/i0.wp.com\/noticiasribeiraopreto.com.br\/wp-content\/uploads\/2024\/04\/78896df7ff9867b582066d0c653570be.jpeg?fit=1200%2C800&ssl=1&resize=350%2C200 1x, https:\/\/i0.wp.com\/noticiasribeiraopreto.com.br\/wp-content\/uploads\/2024\/04\/78896df7ff9867b582066d0c653570be.jpeg?fit=1200%2C800&ssl=1&resize=525%2C300 1.5x, https:\/\/i0.wp.com\/noticiasribeiraopreto.com.br\/wp-content\/uploads\/2024\/04\/78896df7ff9867b582066d0c653570be.jpeg?fit=1200%2C800&ssl=1&resize=700%2C400 2x, https:\/\/i0.wp.com\/noticiasribeiraopreto.com.br\/wp-content\/uploads\/2024\/04\/78896df7ff9867b582066d0c653570be.jpeg?fit=1200%2C800&ssl=1&resize=1050%2C600 3x"},"classes":[]},{"id":33985,"url":"https:\/\/noticiasribeiraopreto.com.br\/index.php\/2024\/01\/31\/ana-castela-esta-confirmada-na-festa-do-peao-de-barretos\/","url_meta":{"origin":69638,"position":5},"title":"Ana Castela est\u00e1 confirmada na Festa do Pe\u00e3o de Barretos","author":"noticiasribeiraopreto.com.br","date":"31 de January de 2024","format":false,"excerpt":"A cantora sertaneja Ana Castela, conhecida como \u201cBoiadeira\u201d est\u00e1 confirmada na programa\u00e7\u00e3o musical da Festa do Pe\u00e3o de Barretos deste ano, que acontece de 15 a 25 de agosto. A apresenta\u00e7\u00e3o da \u201cBoiadeira\u201d ser\u00e1 no dia 17, mesmo dia em que as duplas sertanejas Jorge e Mateus e os embaixadores\u2026","rel":"","context":"In &quot;Not\u00edcias de Ribeir\u00e3o Preto-SP e Regi\u00e3o&quot;","block_context":{"text":"Not\u00edcias de Ribeir\u00e3o Preto-SP e Regi\u00e3o","link":"https:\/\/noticiasribeiraopreto.com.br\/index.php\/category\/noticias-de-ribeirao-preto-sp-e-regiao-ismael-colosi\/"},"img":{"alt_text":"","src":"https:\/\/i0.wp.com\/noticiasribeiraopreto.com.br\/wp-content\/uploads\/2024\/01\/WhatsApp-Image-2024-01-31-at-12.25.44.jpeg?fit=1200%2C800&ssl=1&resize=350%2C200","width":350,"height":200,"srcset":"https:\/\/i0.wp.com\/noticiasribeiraopreto.com.br\/wp-content\/uploads\/2024\/01\/WhatsApp-Image-2024-01-31-at-12.25.44.jpeg?fit=1200%2C800&ssl=1&resize=350%2C200 1x, https:\/\/i0.wp.com\/noticiasribeiraopreto.com.br\/wp-content\/uploads\/2024\/01\/WhatsApp-Image-2024-01-31-at-12.25.44.jpeg?fit=1200%2C800&ssl=1&resize=525%2C300 1.5x, https:\/\/i0.wp.com\/noticiasribeiraopreto.com.br\/wp-content\/uploads\/2024\/01\/WhatsApp-Image-2024-01-31-at-12.25.44.jpeg?fit=1200%2C800&ssl=1&resize=700%2C400 2x, https:\/\/i0.wp.com\/noticiasribeiraopreto.com.br\/wp-content\/uploads\/2024\/01\/WhatsApp-Image-2024-01-31-at-12.25.44.jpeg?fit=1200%2C800&ssl=1&resize=1050%2C600 3x"},"classes":[]}],"jetpack_sharing_enabled":true,"jetpack_shortlink":"https:\/\/wp.me\/peQAOb-i7c","_links":{"self":[{"href":"https:\/\/noticiasribeiraopreto.com.br\/index.php\/wp-json\/wp\/v2\/posts\/69638","targetHints":{"allow":["GET"]}}],"collection":[{"href":"https:\/\/noticiasribeiraopreto.com.br\/index.php\/wp-json\/wp\/v2\/posts"}],"about":[{"href":"https:\/\/noticiasribeiraopreto.com.br\/index.php\/wp-json\/wp\/v2\/types\/post"}],"author":[{"embeddable":true,"href":"https:\/\/noticiasribeiraopreto.com.br\/index.php\/wp-json\/wp\/v2\/users\/1"}],"replies":[{"embeddable":true,"href":"https:\/\/noticiasribeiraopreto.com.br\/index.php\/wp-json\/wp\/v2\/comments?post=69638"}],"version-history":[{"count":0,"href":"https:\/\/noticiasribeiraopreto.com.br\/index.php\/wp-json\/wp\/v2\/posts\/69638\/revisions"}],"wp:featuredmedia":[{"embeddable":true,"href":"https:\/\/noticiasribeiraopreto.com.br\/index.php\/wp-json\/wp\/v2\/media\/69639"}],"wp:attachment":[{"href":"https:\/\/noticiasribeiraopreto.com.br\/index.php\/wp-json\/wp\/v2\/media?parent=69638"}],"wp:term":[{"taxonomy":"category","embeddable":true,"href":"https:\/\/noticiasribeiraopreto.com.br\/index.php\/wp-json\/wp\/v2\/categories?post=69638"},{"taxonomy":"post_tag","embeddable":true,"href":"https:\/\/noticiasribeiraopreto.com.br\/index.php\/wp-json\/wp\/v2\/tags?post=69638"}],"curies":[{"name":"wp","href":"https:\/\/api.w.org\/{rel}","templated":true}]}}