{"id":69642,"date":"2025-05-07T20:12:03","date_gmt":"2025-05-07T23:12:03","guid":{"rendered":"https:\/\/noticiasribeiraopreto.com.br\/index.php\/2025\/05\/07\/jornal-da-franca-como-controlar-a-compulsao-alimentar-5-dicas-para-evitar-os-ataques-de-fome\/"},"modified":"2025-05-07T20:12:03","modified_gmt":"2025-05-07T23:12:03","slug":"jornal-da-franca-como-controlar-a-compulsao-alimentar-5-dicas-para-evitar-os-ataques-de-fome","status":"publish","type":"post","link":"https:\/\/noticiasribeiraopreto.com.br\/index.php\/2025\/05\/07\/jornal-da-franca-como-controlar-a-compulsao-alimentar-5-dicas-para-evitar-os-ataques-de-fome\/","title":{"rendered":"Jornal da Franca &#8211; Como controlar a compuls\u00e3o alimentar: 5 dicas para evitar os ataques de fome"},"content":{"rendered":"<div class='code-block code-block-1' style='margin: 8px 0 8px auto; text-align: right; display: block; clear: both;'>\n<p><a href=\"https:\/\/wa.link\/vpicfd\"><img data-recalc-dims=\"1\" class=\"wp-image-4922\" style=\"aspect-ratio: 2.0253164556962027; width: 561px; height: auto;\" src=\"https:\/\/i0.wp.com\/ismaelcolosi.com.br\/wp-content\/uploads\/2023\/11\/grupo-de-empregos-whatsapp-e-facebook-ismael-colosi-vagas.jpg?ssl=1\" alt=\"\" \/><\/a><\/p>\n<!-- \/wp:image -->\n<\/div>\n<p> <br \/>\n<\/p>\n<div>\n<p>A boa not\u00edcia \u00e9 que existem maneiras eficazes de lidar com esses impulsos e estabelecer uma rela\u00e7\u00e3o mais equilibrada com a comida.<\/p>\n<\/p><\/div>\n<p>Quem nunca se viu de repente com aquele desejo incontrol\u00e1vel por um doce ou um lanche fora de hora, n\u00e3o \u00e9 verdade?<\/p>\n<p>Esse tipo de vontade \u00e9 mais comum do que se imagina e, quando se torna frequente ou intenso, pode prejudicar bastante a rotina alimentar.<\/p>\n<p>A boa not\u00edcia \u00e9 que existem maneiras eficazes de lidar com esses impulsos e estabelecer uma rela\u00e7\u00e3o mais equilibrada com a comida.<\/p>\n<div>\n<p><strong>Transtorno alimentar<\/strong><\/p>\n<p>De acordo com dados da Organiza\u00e7\u00e3o Mundial da Sa\u00fade (OMS), 4,7% da popula\u00e7\u00e3o brasileira sofre de transtornos alimentares \u2014 quase o dobro da m\u00e9dia global, de 2,6%, segundo pesquisa realizada em 2021.<\/p>\n<p>Diante desse cen\u00e1rio, fica ainda mais evidente a import\u00e2ncia de adotar estrat\u00e9gias para evitar comportamentos que prejudicam com frequ\u00eancia nossos esfor\u00e7os.<\/p>\n<p>Pensando nisso, o Dr. Edson Ramuth, fundador do Emagrecentro, rede especializada em emagrecimento saud\u00e1vel e est\u00e9tica corporal, oferece orienta\u00e7\u00f5es pr\u00e1ticas.<\/p>\n<p><strong>1. Identificar gatilhos emocionais<\/strong><\/p>\n<p>Muitas vezes, o desejo de consumir algo est\u00e1 relacionado a sentimentos como estresse, ansiedade ou t\u00e9dio. Reconhecer essas sensa\u00e7\u00f5es \u00e9 um passo essencial.<\/p>\n<p>\u201cO emocional tem grande influ\u00eancia nas escolhas alimentares. Aprender a gerenciar os sentimentos de forma positiva \u00e9 fundamental para evitar o impulso de comer fora de hora\u201d, orienta o especialista.<\/p>\n<p><strong>2. Manter op\u00e7\u00f5es nutritivas \u00e0 m\u00e3o<\/strong><\/p>\n<p>Ter itens alimentares saud\u00e1veis e f\u00e1ceis de consumir \u00e0 disposi\u00e7\u00e3o faz toda a diferen\u00e7a.\u201cCastanhas, iogurtes naturais e barra de prote\u00ednas s\u00e3o \u00f3timas alternativas. \u00c9 importante ter sempre produtos nutritivos ao alcance para evitar escolhas impulsivas\u201d, sugere o m\u00e9dico.<\/p>\n<p><strong>3. Elaborar um card\u00e1pio de boas escolhas<\/strong><\/p>\n<p>Realizar pelo menos as tr\u00eas principais refei\u00e7\u00f5es ao longo do dia (caf\u00e9 da manh\u00e3, almo\u00e7o e jantar) \u00e9 primordial! Consumir por\u00e7\u00f5es menores, ajuda a manter os n\u00edveis de glicose no sangue est\u00e1veis e a evitar a fome s\u00fabita.<\/p>\n<p>\u201cAo organizar suas por\u00e7\u00f5es, voc\u00ea diminui as chances de comer de forma descontrolada e garante o fornecimento adequado de nutrientes durante o dia\u201d, explica.<\/p>\n<p><strong>4. N\u00e3o ser radical<\/strong><\/p>\n<p>O segredo n\u00e3o est\u00e1 em cortar totalmente os pratos que voc\u00ea gosta, mas em consumi-los de maneira moderada.<\/p>\n<p>\u201cPermitir-se pequenos prazeres \u00e9 ideal para manter o equil\u00edbrio. Se voc\u00ea gosta de chocolate, por exemplo, inclua uma por\u00e7\u00e3o pequena limitada na sua dieta de forma consciente. Restringir completamente pode gerar frustra\u00e7\u00e3o e aumentar as chances de um efeito rebote\u201d, destaca Ramuth.<\/p>\n<p><strong>5. Buscar apoio especializado<\/strong><\/p>\n<p>\u201cO acompanhamento com especialistas da \u00e1rea \u00e9 importante, principalmente quando os epis\u00f3dios se tornam recorrentes ou est\u00e3o ligados a quest\u00f5es emocionais mais profundas. Contar com suporte em um espa\u00e7o especializado proporciona mais seguran\u00e7a, resultados duradouros e apoio cont\u00ednuo\u201d, conclui Dr. Edson.<\/p>\n<\/div>\n<p><br \/>\n<br \/><a href=\"https:\/\/www.jornaldafranca.com.br\/como-controlar-a-compulsao-alimentar-5-dicas-para-evitar-os-ataques-de-fome\/\">Source link <\/a><\/p>\n<!-- CONTENT END 1 -->\n","protected":false},"excerpt":{"rendered":"<p>A boa not\u00edcia \u00e9 que existem maneiras eficazes de lidar com esses impulsos e estabelecer uma rela\u00e7\u00e3o mais equilibrada com a comida. Quem nunca se&#8230;<\/p>\n","protected":false},"author":1,"featured_media":69643,"comment_status":"open","ping_status":"open","sticky":false,"template":"","format":"standard","meta":{"advanced_seo_description":"","jetpack_seo_html_title":"","jetpack_seo_noindex":false,"jetpack_post_was_ever_published":false,"_jetpack_newsletter_access":"","_jetpack_dont_email_post_to_subs":false,"_jetpack_newsletter_tier_id":0,"_jetpack_memberships_contains_paywalled_content":false,"_jetpack_memberships_contains_paid_content":false,"footnotes":"","jetpack_publicize_message":"","jetpack_publicize_feature_enabled":true,"jetpack_social_post_already_shared":true,"jetpack_social_options":{"image_generator_settings":{"template":"highway","default_image_id":0,"font":"","enabled":false},"version":2}},"categories":[3597],"tags":[],"class_list":["post-69642","post","type-post","status-publish","format-standard","has-post-thumbnail","hentry","category-noticias-franca-sp"],"jetpack_publicize_connections":[],"jetpack_featured_media_url":"https:\/\/i0.wp.com\/noticiasribeiraopreto.com.br\/wp-content\/uploads\/2025\/05\/2149243004.jpg?fit=1000%2C667&ssl=1","jetpack-related-posts":[{"id":69514,"url":"https:\/\/noticiasribeiraopreto.com.br\/index.php\/2025\/05\/07\/jornal-da-franca-voce-desconta-suas-emocoes-na-comida-entenda-por-que-isso-ocorre\/","url_meta":{"origin":69642,"position":0},"title":"Jornal da Franca &#8211; Voc\u00ea desconta suas emo\u00e7\u00f5es na comida? Entenda por que isso ocorre","author":"noticiasribeiraopreto.com.br","date":"7 de May de 2025","format":false,"excerpt":"compartilhar no whatsapp compartilhar no telegram compartilhar no facebook compartilhar no linkedin Coisas como estresse, dietas restritivas e desequil\u00edbrios hormonais t\u00eam a ver com o comer emocional; saiba como evitar esse h\u00e1bito Fome emocional pode desencadear v\u00e1rios transtornos, como a compuls\u00e3o alimentar \u2013 foto Dra. Paula Rosado \u00a0 Voc\u00ea j\u00e1\u2026","rel":"","context":"In &quot;Not\u00edcias de Franca-SP&quot;","block_context":{"text":"Not\u00edcias de Franca-SP","link":"https:\/\/noticiasribeiraopreto.com.br\/index.php\/category\/noticias-de-ribeirao-preto-sp-e-regiao-ismael-colosi\/noticias-franca-sp\/"},"img":{"alt_text":"","src":"https:\/\/i0.wp.com\/noticiasribeiraopreto.com.br\/wp-content\/uploads\/2025\/05\/Compusao-Alimentar.jpg?fit=1200%2C600&ssl=1&resize=350%2C200","width":350,"height":200,"srcset":"https:\/\/i0.wp.com\/noticiasribeiraopreto.com.br\/wp-content\/uploads\/2025\/05\/Compusao-Alimentar.jpg?fit=1200%2C600&ssl=1&resize=350%2C200 1x, https:\/\/i0.wp.com\/noticiasribeiraopreto.com.br\/wp-content\/uploads\/2025\/05\/Compusao-Alimentar.jpg?fit=1200%2C600&ssl=1&resize=525%2C300 1.5x, https:\/\/i0.wp.com\/noticiasribeiraopreto.com.br\/wp-content\/uploads\/2025\/05\/Compusao-Alimentar.jpg?fit=1200%2C600&ssl=1&resize=700%2C400 2x, https:\/\/i0.wp.com\/noticiasribeiraopreto.com.br\/wp-content\/uploads\/2025\/05\/Compusao-Alimentar.jpg?fit=1200%2C600&ssl=1&resize=1050%2C600 3x"},"classes":[]},{"id":67916,"url":"https:\/\/noticiasribeiraopreto.com.br\/index.php\/2025\/04\/20\/jornal-da-franca-esta-chutando-o-balde-e-comendo-demais-pois-puxe-o-freio-e-veja-aqui-como-comer-bem\/","url_meta":{"origin":69642,"position":1},"title":"Jornal da Franca &#8211; Est\u00e1 chutando o balde e comendo demais? Pois puxe o freio e veja aqui como comer bem","author":"noticiasribeiraopreto.com.br","date":"20 de April de 2025","format":false,"excerpt":"compartilhar no whatsapp compartilhar no telegram compartilhar no facebook compartilhar no linkedin Alimenta\u00e7\u00e3o deve ser feita ao longo do dia, em por\u00e7\u00f5es moderadas Todo o ac\u00famulo de estresse do dia a dia se torna o gatilho perfeito para as pessoas chutarem o balde, comerem demais e engordarem. Para comer bem\u2026","rel":"","context":"In &quot;Not\u00edcias de Franca-SP&quot;","block_context":{"text":"Not\u00edcias de Franca-SP","link":"https:\/\/noticiasribeiraopreto.com.br\/index.php\/category\/noticias-de-ribeirao-preto-sp-e-regiao-ismael-colosi\/noticias-franca-sp\/"},"img":{"alt_text":"","src":"https:\/\/i0.wp.com\/noticiasribeiraopreto.com.br\/wp-content\/uploads\/2025\/04\/pLENARIO-12.jpg?fit=800%2C445&ssl=1&resize=350%2C200","width":350,"height":200,"srcset":"https:\/\/i0.wp.com\/noticiasribeiraopreto.com.br\/wp-content\/uploads\/2025\/04\/pLENARIO-12.jpg?fit=800%2C445&ssl=1&resize=350%2C200 1x, https:\/\/i0.wp.com\/noticiasribeiraopreto.com.br\/wp-content\/uploads\/2025\/04\/pLENARIO-12.jpg?fit=800%2C445&ssl=1&resize=525%2C300 1.5x, https:\/\/i0.wp.com\/noticiasribeiraopreto.com.br\/wp-content\/uploads\/2025\/04\/pLENARIO-12.jpg?fit=800%2C445&ssl=1&resize=700%2C400 2x"},"classes":[]},{"id":67216,"url":"https:\/\/noticiasribeiraopreto.com.br\/index.php\/2025\/04\/11\/jornal-da-franca-hipertensao-medico-da-dicas-para-lidar-com-a-condicao-em-idade-mais-avancada\/","url_meta":{"origin":69642,"position":2},"title":"Jornal da Franca &#8211; Hipertens\u00e3o: m\u00e9dico d\u00e1 dicas para lidar com a condi\u00e7\u00e3o em idade mais avan\u00e7ada","author":"noticiasribeiraopreto.com.br","date":"11 de April de 2025","format":false,"excerpt":"Pr\u00e1tica de atividades f\u00edsicas e acompanhamento m\u00e9dico frequente s\u00e3o essenciais para o controle de sintomas da press\u00e3o alta A hipertens\u00e3o arterial, conhecida como \u201cpress\u00e3o alta\u201d, \u00e9 uma condi\u00e7\u00e3o cr\u00f4nica que exige aten\u00e7\u00e3o e cuidados cont\u00ednuos. Caracterizada pelo aumento da press\u00e3o do sangue contra as paredes das art\u00e9rias, pode impactar a\u2026","rel":"","context":"In &quot;Not\u00edcias de Franca-SP&quot;","block_context":{"text":"Not\u00edcias de Franca-SP","link":"https:\/\/noticiasribeiraopreto.com.br\/index.php\/category\/noticias-de-ribeirao-preto-sp-e-regiao-ismael-colosi\/noticias-franca-sp\/"},"img":{"alt_text":"","src":"https:\/\/i0.wp.com\/noticiasribeiraopreto.com.br\/wp-content\/uploads\/2025\/04\/essa-1.jpg?fit=1000%2C667&ssl=1&resize=350%2C200","width":350,"height":200,"srcset":"https:\/\/i0.wp.com\/noticiasribeiraopreto.com.br\/wp-content\/uploads\/2025\/04\/essa-1.jpg?fit=1000%2C667&ssl=1&resize=350%2C200 1x, https:\/\/i0.wp.com\/noticiasribeiraopreto.com.br\/wp-content\/uploads\/2025\/04\/essa-1.jpg?fit=1000%2C667&ssl=1&resize=525%2C300 1.5x, https:\/\/i0.wp.com\/noticiasribeiraopreto.com.br\/wp-content\/uploads\/2025\/04\/essa-1.jpg?fit=1000%2C667&ssl=1&resize=700%2C400 2x"},"classes":[]},{"id":69273,"url":"https:\/\/noticiasribeiraopreto.com.br\/index.php\/2025\/05\/04\/jornal-da-franca-cientistas-descobriram-por-que-o-estomago-sempre-tem-um-lugar-para-a-sobremesa\/","url_meta":{"origin":69642,"position":3},"title":"Jornal da Franca &#8211; Cientistas descobriram por que o est\u00f4mago sempre tem um lugar para a sobremesa","author":"noticiasribeiraopreto.com.br","date":"4 de May de 2025","format":false,"excerpt":"compartilhar no whatsapp compartilhar no telegram compartilhar no facebook compartilhar no linkedin Mesmo com o est\u00f4mago cheio, muitos de n\u00f3s ainda buscamos aquele pedacinho de sobremesa, como se o c\u00e9rebro tivesse um \u201cespa\u00e7o reservado\u201d para ela Cientistas descobriram o motivo pelo qual sempre sobra espa\u00e7o no est\u00f4mago para a sobremesa\u2026","rel":"","context":"In &quot;Not\u00edcias de Franca-SP&quot;","block_context":{"text":"Not\u00edcias de Franca-SP","link":"https:\/\/noticiasribeiraopreto.com.br\/index.php\/category\/noticias-de-ribeirao-preto-sp-e-regiao-ismael-colosi\/noticias-franca-sp\/"},"img":{"alt_text":"","src":"https:\/\/i0.wp.com\/noticiasribeiraopreto.com.br\/wp-content\/uploads\/2025\/05\/bolo-de-chocolate-confeitado.jpg?fit=1200%2C900&ssl=1&resize=350%2C200","width":350,"height":200,"srcset":"https:\/\/i0.wp.com\/noticiasribeiraopreto.com.br\/wp-content\/uploads\/2025\/05\/bolo-de-chocolate-confeitado.jpg?fit=1200%2C900&ssl=1&resize=350%2C200 1x, https:\/\/i0.wp.com\/noticiasribeiraopreto.com.br\/wp-content\/uploads\/2025\/05\/bolo-de-chocolate-confeitado.jpg?fit=1200%2C900&ssl=1&resize=525%2C300 1.5x, https:\/\/i0.wp.com\/noticiasribeiraopreto.com.br\/wp-content\/uploads\/2025\/05\/bolo-de-chocolate-confeitado.jpg?fit=1200%2C900&ssl=1&resize=700%2C400 2x, https:\/\/i0.wp.com\/noticiasribeiraopreto.com.br\/wp-content\/uploads\/2025\/05\/bolo-de-chocolate-confeitado.jpg?fit=1200%2C900&ssl=1&resize=1050%2C600 3x"},"classes":[]},{"id":68327,"url":"https:\/\/noticiasribeiraopreto.com.br\/index.php\/2025\/04\/24\/jornal-da-franca-franca-recebe-oficina-nacional-sobre-seguranca-alimentar-na-proxima-terca-feira-29\/","url_meta":{"origin":69642,"position":4},"title":"Jornal da Franca &#8211; Franca recebe oficina nacional sobre seguran\u00e7a alimentar na pr\u00f3xima ter\u00e7a-feira, 29","author":"noticiasribeiraopreto.com.br","date":"24 de April de 2025","format":false,"excerpt":"compartilhar no whatsapp compartilhar no telegram compartilhar no facebook compartilhar no linkedin Evento do programa Alimenta Cidades discute a\u00e7\u00f5es para garantir comida de verdade no prato das fam\u00edlias Oficina Alimenta Cidades ser\u00e1 realizada na Uni-Facef na pr\u00f3xima ter\u00e7a-feira, 29 \u00a0 Na pr\u00f3xima ter\u00e7a-feira, 29, Franca ser\u00e1 sede de um importante\u2026","rel":"","context":"In &quot;Not\u00edcias de Franca-SP&quot;","block_context":{"text":"Not\u00edcias de Franca-SP","link":"https:\/\/noticiasribeiraopreto.com.br\/index.php\/category\/noticias-de-ribeirao-preto-sp-e-regiao-ismael-colosi\/noticias-franca-sp\/"},"img":{"alt_text":"","src":"https:\/\/i0.wp.com\/noticiasribeiraopreto.com.br\/wp-content\/uploads\/2025\/04\/uni-facef-jf-scaled.jpg?fit=1200%2C795&ssl=1&resize=350%2C200","width":350,"height":200,"srcset":"https:\/\/i0.wp.com\/noticiasribeiraopreto.com.br\/wp-content\/uploads\/2025\/04\/uni-facef-jf-scaled.jpg?fit=1200%2C795&ssl=1&resize=350%2C200 1x, https:\/\/i0.wp.com\/noticiasribeiraopreto.com.br\/wp-content\/uploads\/2025\/04\/uni-facef-jf-scaled.jpg?fit=1200%2C795&ssl=1&resize=525%2C300 1.5x, https:\/\/i0.wp.com\/noticiasribeiraopreto.com.br\/wp-content\/uploads\/2025\/04\/uni-facef-jf-scaled.jpg?fit=1200%2C795&ssl=1&resize=700%2C400 2x, https:\/\/i0.wp.com\/noticiasribeiraopreto.com.br\/wp-content\/uploads\/2025\/04\/uni-facef-jf-scaled.jpg?fit=1200%2C795&ssl=1&resize=1050%2C600 3x"},"classes":[]},{"id":70404,"url":"https:\/\/noticiasribeiraopreto.com.br\/index.php\/2025\/05\/26\/jornal-da-franca-muitos-francanos-fazem-dieta-intermitente-mas-veja-o-que-dizem-os-especialistas\/","url_meta":{"origin":69642,"position":5},"title":"Jornal da Franca &#8211; Muitos francanos fazem dieta intermitente; mas veja o que dizem os especialistas","author":"noticiasribeiraopreto.com.br","date":"26 de May de 2025","format":false,"excerpt":"compartilhar no whatsapp compartilhar no telegram compartilhar no facebook compartilhar no linkedin Especialistas mostram o que este tipo de dieta restritiva pode causar no corpo da pessoa Nos dias atuais, a busca por um estilo de vida mais saud\u00e1vel e h\u00e1bitos alimentares positivos \u00e9 o que boa parte dos francanos\u2026","rel":"","context":"In &quot;Not\u00edcias de Franca-SP&quot;","block_context":{"text":"Not\u00edcias de Franca-SP","link":"https:\/\/noticiasribeiraopreto.com.br\/index.php\/category\/noticias-de-ribeirao-preto-sp-e-regiao-ismael-colosi\/noticias-franca-sp\/"},"img":{"alt_text":"","src":"https:\/\/i0.wp.com\/noticiasribeiraopreto.com.br\/wp-content\/uploads\/2025\/05\/dieta.jpg?fit=984%2C656&ssl=1&resize=350%2C200","width":350,"height":200,"srcset":"https:\/\/i0.wp.com\/noticiasribeiraopreto.com.br\/wp-content\/uploads\/2025\/05\/dieta.jpg?fit=984%2C656&ssl=1&resize=350%2C200 1x, https:\/\/i0.wp.com\/noticiasribeiraopreto.com.br\/wp-content\/uploads\/2025\/05\/dieta.jpg?fit=984%2C656&ssl=1&resize=525%2C300 1.5x, https:\/\/i0.wp.com\/noticiasribeiraopreto.com.br\/wp-content\/uploads\/2025\/05\/dieta.jpg?fit=984%2C656&ssl=1&resize=700%2C400 2x"},"classes":[]}],"jetpack_sharing_enabled":true,"jetpack_shortlink":"https:\/\/wp.me\/peQAOb-i7g","_links":{"self":[{"href":"https:\/\/noticiasribeiraopreto.com.br\/index.php\/wp-json\/wp\/v2\/posts\/69642","targetHints":{"allow":["GET"]}}],"collection":[{"href":"https:\/\/noticiasribeiraopreto.com.br\/index.php\/wp-json\/wp\/v2\/posts"}],"about":[{"href":"https:\/\/noticiasribeiraopreto.com.br\/index.php\/wp-json\/wp\/v2\/types\/post"}],"author":[{"embeddable":true,"href":"https:\/\/noticiasribeiraopreto.com.br\/index.php\/wp-json\/wp\/v2\/users\/1"}],"replies":[{"embeddable":true,"href":"https:\/\/noticiasribeiraopreto.com.br\/index.php\/wp-json\/wp\/v2\/comments?post=69642"}],"version-history":[{"count":0,"href":"https:\/\/noticiasribeiraopreto.com.br\/index.php\/wp-json\/wp\/v2\/posts\/69642\/revisions"}],"wp:featuredmedia":[{"embeddable":true,"href":"https:\/\/noticiasribeiraopreto.com.br\/index.php\/wp-json\/wp\/v2\/media\/69643"}],"wp:attachment":[{"href":"https:\/\/noticiasribeiraopreto.com.br\/index.php\/wp-json\/wp\/v2\/media?parent=69642"}],"wp:term":[{"taxonomy":"category","embeddable":true,"href":"https:\/\/noticiasribeiraopreto.com.br\/index.php\/wp-json\/wp\/v2\/categories?post=69642"},{"taxonomy":"post_tag","embeddable":true,"href":"https:\/\/noticiasribeiraopreto.com.br\/index.php\/wp-json\/wp\/v2\/tags?post=69642"}],"curies":[{"name":"wp","href":"https:\/\/api.w.org\/{rel}","templated":true}]}}