{"id":69646,"date":"2025-05-07T20:24:56","date_gmt":"2025-05-07T23:24:56","guid":{"rendered":"https:\/\/noticiasribeiraopreto.com.br\/index.php\/2025\/05\/07\/acidente-entre-carro-e-moto-deixa-uma-mulher-ferida-na-regiao-de-ribeirao-preto\/"},"modified":"2025-05-07T20:24:56","modified_gmt":"2025-05-07T23:24:56","slug":"acidente-entre-carro-e-moto-deixa-uma-mulher-ferida-na-regiao-de-ribeirao-preto","status":"publish","type":"post","link":"https:\/\/noticiasribeiraopreto.com.br\/index.php\/2025\/05\/07\/acidente-entre-carro-e-moto-deixa-uma-mulher-ferida-na-regiao-de-ribeirao-preto\/","title":{"rendered":"Acidente entre carro e moto deixa uma mulher ferida na regi\u00e3o de Ribeir\u00e3o Preto"},"content":{"rendered":"<div class='code-block code-block-1' style='margin: 8px 0 8px auto; text-align: right; display: block; clear: both;'>\n<p><a href=\"https:\/\/wa.link\/vpicfd\"><img data-recalc-dims=\"1\" class=\"wp-image-4922\" style=\"aspect-ratio: 2.0253164556962027; width: 561px; height: auto;\" src=\"https:\/\/i0.wp.com\/ismaelcolosi.com.br\/wp-content\/uploads\/2023\/11\/grupo-de-empregos-whatsapp-e-facebook-ismael-colosi-vagas.jpg?ssl=1\" alt=\"\" \/><\/a><\/p>\n<!-- \/wp:image -->\n<\/div>\n<p> <br \/>\n<\/p>\n<p><strong>Uma mulher ficou ferida ap\u00f3s um acidente entre um carro e uma moto<\/strong>, na manh\u00e3 desta quarta-feira (7) no cruzamento das avenidas Affonso Trigo e Jos\u00e9 Ferreira dos Reis, em <strong>Sert\u00e3ozinho<\/strong>, na regi\u00e3o de Ribeir\u00e3o Preto.<\/p>\n<ul class=\"wp-block-list\">\n<li><strong>FIQUE POR DENTRO<\/strong> &#8211; Agrishow: trabalhador fica em estado grave ap\u00f3s acidente durante a desmontagem do evento<\/li>\n<\/ul>\n<p>Em nota, <strong>a Secretaria de Sa\u00fade do munic\u00edpio informou que a v\u00edtima deu entrada na Unidade de Pronto-Atendimento por volta das 13h<\/strong>, consciente e orientada, no entanto, foi constatada fratura de quadril.<\/p>\n<p>Ela foi transferida para a Santa Casa de Sert\u00e3ozinho. At\u00e9 o momento da transfer\u00eancia, o estado de sa\u00fade dela era considerado est\u00e1vel.<\/p>\n<hr class=\"wp-block-separator has-alpha-channel-opacity\" \/>\n<p>SAIBA MAIS<br \/>Agrishow: trabalhador fica em estado grave ap\u00f3s acidente durante a desmontagem do evento<\/p>\n<h2 class=\"wp-block-heading\"><strong>FIQUE ON<\/strong><\/h2>\n<p>Fique ligado em tudo que acontece em Ribeir\u00e3o Preto e regi\u00e3o. Siga os perfis do&nbsp;<strong>acidade on&nbsp;<\/strong>no<a href=\"https:\/\/www.instagram.com\/acidadeonribeirao\">&nbsp;Instagram&nbsp;<\/a>e no&nbsp;<a href=\"https:\/\/www.facebook.com\/acidadeonribeirao\/\">Facebook<\/a>.<\/p>\n<p>Receba not\u00edcias do&nbsp;<strong>acidade on<\/strong>&nbsp;no WhatsApp.<a href=\"https:\/\/chat.whatsapp.com\/BjKQZ9oJwlz8VVT50NuePq\">&nbsp;Para entrar no grupo, basta clicar aqui.<\/a><\/p>\n<p>Fa\u00e7a uma den\u00fancia ou sugira uma reportagem sobre Ribeir\u00e3o Preto e regi\u00e3o pelo WhatsApp: 16 99117 7802.<\/p>\n<p>VEJA TAMB\u00c9M<br \/>Cardeal nascido no interior de SP leva \u2018profecia\u2019 para o conclave<\/p>\n<\/p>\n<p>O post Acidente entre carro e moto deixa uma mulher ferida na regi\u00e3o de Ribeir\u00e3o Preto apareceu primeiro em ACidade ON Ribeir\u00e3o Preto.<\/p>\n<p><script async src=\"\/\/www.instagram.com\/embed.js\"><\/script><br \/>\n<br \/><br \/>\n<br \/><a href=\"https:\/\/www.acidadeon.com\/ribeiraopreto\/cotidiano\/acidente-entre-carro-e-moto-deixa-uma-mulher-ferida-na-regiao-de-ribeirao-preto\/\">Source link <\/a><\/p>\n<!-- CONTENT END 1 -->\n","protected":false},"excerpt":{"rendered":"<p>Uma mulher ficou ferida ap\u00f3s um acidente entre um carro e uma moto, na manh\u00e3 desta quarta-feira (7) no cruzamento das avenidas Affonso Trigo e&#8230;<\/p>\n","protected":false},"author":1,"featured_media":69647,"comment_status":"open","ping_status":"open","sticky":false,"template":"","format":"standard","meta":{"advanced_seo_description":"","jetpack_seo_html_title":"","jetpack_seo_noindex":false,"jetpack_post_was_ever_published":false,"_jetpack_newsletter_access":"","_jetpack_dont_email_post_to_subs":false,"_jetpack_newsletter_tier_id":0,"_jetpack_memberships_contains_paywalled_content":false,"_jetpack_memberships_contains_paid_content":false,"footnotes":"","jetpack_publicize_message":"","jetpack_publicize_feature_enabled":true,"jetpack_social_post_already_shared":true,"jetpack_social_options":{"image_generator_settings":{"template":"highway","default_image_id":0,"font":"","enabled":false},"version":2}},"categories":[11],"tags":[],"class_list":["post-69646","post","type-post","status-publish","format-standard","has-post-thumbnail","hentry","category-noticias-de-ribeirao-preto-sp-e-regiao-ismael-colosi"],"jetpack_publicize_connections":[],"jetpack_featured_media_url":"https:\/\/i0.wp.com\/noticiasribeiraopreto.com.br\/wp-content\/uploads\/2025\/05\/Copia-de-Copia-de-Copia-de-TAMANHO-EXATO-PARA-FOTOS-NO-SISTEMA-NOVO-46_2025-05-07_19-53-24.webp.webp?fit=1200%2C675&ssl=1","jetpack-related-posts":[{"id":69625,"url":"https:\/\/noticiasribeiraopreto.com.br\/index.php\/2025\/05\/07\/agrishow-trabalhador-fica-em-estado-grave-apos-acidente-durante-a-desmontagem-do-evento\/","url_meta":{"origin":69646,"position":0},"title":"Agrishow: trabalhador fica em estado grave ap\u00f3s acidente durante a desmontagem do evento","author":"noticiasribeiraopreto.com.br","date":"7 de May de 2025","format":false,"excerpt":"Um trabalhador sofreu um acidente grave nesta quarta-feira (7), por volta das 11h, durante a desmontagem de um estande na Agrishow, em Ribeir\u00e3o Preto, enquanto operava a movimenta\u00e7\u00e3o de um maquin\u00e1rio de um expositor. A v\u00edtima foi socorrida no local por uma equipe de sa\u00fade e, em seguida, transferida para\u2026","rel":"","context":"In &quot;Not\u00edcias de Ribeir\u00e3o Preto-SP e Regi\u00e3o&quot;","block_context":{"text":"Not\u00edcias de Ribeir\u00e3o Preto-SP e Regi\u00e3o","link":"https:\/\/noticiasribeiraopreto.com.br\/index.php\/category\/noticias-de-ribeirao-preto-sp-e-regiao-ismael-colosi\/"},"img":{"alt_text":"","src":"https:\/\/i0.wp.com\/noticiasribeiraopreto.com.br\/wp-content\/uploads\/2025\/01\/Copia-de-Copia-de-Copia-de-TAMANHO-EXATO-PARA-FOTOS-NO-SISTEMA-NOVO-2025-01-13T132434.793_2025-01-13_16-24-39_png_2025-01-13_16-24-39.webp.webp?fit=1200%2C675&ssl=1&resize=350%2C200","width":350,"height":200,"srcset":"https:\/\/i0.wp.com\/noticiasribeiraopreto.com.br\/wp-content\/uploads\/2025\/01\/Copia-de-Copia-de-Copia-de-TAMANHO-EXATO-PARA-FOTOS-NO-SISTEMA-NOVO-2025-01-13T132434.793_2025-01-13_16-24-39_png_2025-01-13_16-24-39.webp.webp?fit=1200%2C675&ssl=1&resize=350%2C200 1x, https:\/\/i0.wp.com\/noticiasribeiraopreto.com.br\/wp-content\/uploads\/2025\/01\/Copia-de-Copia-de-Copia-de-TAMANHO-EXATO-PARA-FOTOS-NO-SISTEMA-NOVO-2025-01-13T132434.793_2025-01-13_16-24-39_png_2025-01-13_16-24-39.webp.webp?fit=1200%2C675&ssl=1&resize=525%2C300 1.5x, https:\/\/i0.wp.com\/noticiasribeiraopreto.com.br\/wp-content\/uploads\/2025\/01\/Copia-de-Copia-de-Copia-de-TAMANHO-EXATO-PARA-FOTOS-NO-SISTEMA-NOVO-2025-01-13T132434.793_2025-01-13_16-24-39_png_2025-01-13_16-24-39.webp.webp?fit=1200%2C675&ssl=1&resize=700%2C400 2x, https:\/\/i0.wp.com\/noticiasribeiraopreto.com.br\/wp-content\/uploads\/2025\/01\/Copia-de-Copia-de-Copia-de-TAMANHO-EXATO-PARA-FOTOS-NO-SISTEMA-NOVO-2025-01-13T132434.793_2025-01-13_16-24-39_png_2025-01-13_16-24-39.webp.webp?fit=1200%2C675&ssl=1&resize=1050%2C600 3x"},"classes":[]},{"id":55641,"url":"https:\/\/noticiasribeiraopreto.com.br\/index.php\/2024\/08\/04\/motociclista-morre-e-mulher-fica-ferida-apos-acidente-em-rodovia-na-regiao-de-ribeirao-preto\/","url_meta":{"origin":69646,"position":1},"title":"Motociclista morre e mulher fica ferida ap\u00f3s acidente em rodovia na regi\u00e3o de Ribeir\u00e3o Preto","author":"noticiasribeiraopreto.com.br","date":"4 de August de 2024","format":false,"excerpt":"Um homem morreu e uma mulher ficou ferida ap\u00f3s um acidente na rodovia Carlos Tonani (SP-333), pr\u00f3ximo ao quil\u00f4metro 97, em Sert\u00e3ozinho, cidade na regi\u00e3o de Ribeir\u00e3o Preto, na noite deste s\u00e1bado (3). De acordo com o boletim de ocorr\u00eancia (BO), William Yudy Matayoshi Da Silva, de 28 anos, seguia\u2026","rel":"","context":"In &quot;Not\u00edcias de Ribeir\u00e3o Preto-SP e Regi\u00e3o&quot;","block_context":{"text":"Not\u00edcias de Ribeir\u00e3o Preto-SP e Regi\u00e3o","link":"https:\/\/noticiasribeiraopreto.com.br\/index.php\/category\/noticias-de-ribeirao-preto-sp-e-regiao-ismael-colosi\/"},"img":{"alt_text":"","src":"https:\/\/i0.wp.com\/noticiasribeiraopreto.com.br\/wp-content\/uploads\/2024\/08\/Copia-de-Copia-de-TAMANHO-EXATO-PARA-FOTOS-NO-SISTEMA-NOVO-2024-08-04T113336.227_2024-08-04_14-33-41_png_2024-08-04_14-33-41.webp.webp?fit=1200%2C675&ssl=1&resize=350%2C200","width":350,"height":200,"srcset":"https:\/\/i0.wp.com\/noticiasribeiraopreto.com.br\/wp-content\/uploads\/2024\/08\/Copia-de-Copia-de-TAMANHO-EXATO-PARA-FOTOS-NO-SISTEMA-NOVO-2024-08-04T113336.227_2024-08-04_14-33-41_png_2024-08-04_14-33-41.webp.webp?fit=1200%2C675&ssl=1&resize=350%2C200 1x, https:\/\/i0.wp.com\/noticiasribeiraopreto.com.br\/wp-content\/uploads\/2024\/08\/Copia-de-Copia-de-TAMANHO-EXATO-PARA-FOTOS-NO-SISTEMA-NOVO-2024-08-04T113336.227_2024-08-04_14-33-41_png_2024-08-04_14-33-41.webp.webp?fit=1200%2C675&ssl=1&resize=525%2C300 1.5x, https:\/\/i0.wp.com\/noticiasribeiraopreto.com.br\/wp-content\/uploads\/2024\/08\/Copia-de-Copia-de-TAMANHO-EXATO-PARA-FOTOS-NO-SISTEMA-NOVO-2024-08-04T113336.227_2024-08-04_14-33-41_png_2024-08-04_14-33-41.webp.webp?fit=1200%2C675&ssl=1&resize=700%2C400 2x, https:\/\/i0.wp.com\/noticiasribeiraopreto.com.br\/wp-content\/uploads\/2024\/08\/Copia-de-Copia-de-TAMANHO-EXATO-PARA-FOTOS-NO-SISTEMA-NOVO-2024-08-04T113336.227_2024-08-04_14-33-41_png_2024-08-04_14-33-41.webp.webp?fit=1200%2C675&ssl=1&resize=1050%2C600 3x"},"classes":[]},{"id":58268,"url":"https:\/\/noticiasribeiraopreto.com.br\/index.php\/2024\/09\/23\/motociclista-morre-e-mulher-fica-ferida-apos-acidente-na-regiao-de-ribeirao\/","url_meta":{"origin":69646,"position":2},"title":"Motociclista morre e mulher fica ferida ap\u00f3s acidente na regi\u00e3o de Ribeir\u00e3o","author":"noticiasribeiraopreto.com.br","date":"23 de September de 2024","format":false,"excerpt":"Um motociclista morreu ap\u00f3s acidente de tr\u00e2nsito no domingo (22), em Cruz das Posses, distrito de Sert\u00e3ozinho, na regi\u00e3o de Ribeir\u00e3o Preto. A esposa da v\u00edtima estava na garupa e sofreu ferimentos leves. De acordo com a Pol\u00edcia Militar, o caso aconteceu na vicinal Alc\u00eddio Balbo. Reginaldo Benedito da Silva,\u2026","rel":"","context":"In &quot;Not\u00edcias de Ribeir\u00e3o Preto-SP e Regi\u00e3o&quot;","block_context":{"text":"Not\u00edcias de Ribeir\u00e3o Preto-SP e Regi\u00e3o","link":"https:\/\/noticiasribeiraopreto.com.br\/index.php\/category\/noticias-de-ribeirao-preto-sp-e-regiao-ismael-colosi\/"},"img":{"alt_text":"","src":"https:\/\/i0.wp.com\/noticiasribeiraopreto.com.br\/wp-content\/uploads\/2024\/09\/Copia-de-Copia-de-Copia-de-TAMANHO-EXATO-PARA-FOTOS-NO-SISTEMA-NOVO-38_2024-09-23_15-32-01_png_2024-09-23_15-32-01.webp.webp?fit=1200%2C675&ssl=1&resize=350%2C200","width":350,"height":200,"srcset":"https:\/\/i0.wp.com\/noticiasribeiraopreto.com.br\/wp-content\/uploads\/2024\/09\/Copia-de-Copia-de-Copia-de-TAMANHO-EXATO-PARA-FOTOS-NO-SISTEMA-NOVO-38_2024-09-23_15-32-01_png_2024-09-23_15-32-01.webp.webp?fit=1200%2C675&ssl=1&resize=350%2C200 1x, https:\/\/i0.wp.com\/noticiasribeiraopreto.com.br\/wp-content\/uploads\/2024\/09\/Copia-de-Copia-de-Copia-de-TAMANHO-EXATO-PARA-FOTOS-NO-SISTEMA-NOVO-38_2024-09-23_15-32-01_png_2024-09-23_15-32-01.webp.webp?fit=1200%2C675&ssl=1&resize=525%2C300 1.5x, https:\/\/i0.wp.com\/noticiasribeiraopreto.com.br\/wp-content\/uploads\/2024\/09\/Copia-de-Copia-de-Copia-de-TAMANHO-EXATO-PARA-FOTOS-NO-SISTEMA-NOVO-38_2024-09-23_15-32-01_png_2024-09-23_15-32-01.webp.webp?fit=1200%2C675&ssl=1&resize=700%2C400 2x, https:\/\/i0.wp.com\/noticiasribeiraopreto.com.br\/wp-content\/uploads\/2024\/09\/Copia-de-Copia-de-Copia-de-TAMANHO-EXATO-PARA-FOTOS-NO-SISTEMA-NOVO-38_2024-09-23_15-32-01_png_2024-09-23_15-32-01.webp.webp?fit=1200%2C675&ssl=1&resize=1050%2C600 3x"},"classes":[]},{"id":69616,"url":"https:\/\/noticiasribeiraopreto.com.br\/index.php\/2025\/05\/07\/trabalhador-sofre-acidente-grave-durante-desmontagem-na-agrishow\/","url_meta":{"origin":69646,"position":3},"title":"Trabalhador sofre acidente grave durante desmontagem na Agrishow","author":"noticiasribeiraopreto.com.br","date":"7 de May de 2025","format":false,"excerpt":"7 de maio de 2025 16:2910 Compartilhar0 Um trabalhador ficou gravemente ferido no fim da manh\u00e3 desta quarta-feira (7) durante a desmontagem de um expositor na Agrishow, em Ribeir\u00e3o Preto (SP). Segundo nota divulgada pela assessoria de imprensa do evento, o acidente ocorreu por volta das 11h, enquanto o funcion\u00e1rio\u2026","rel":"","context":"In &quot;Not\u00edcias de Ribeir\u00e3o Preto-SP e Regi\u00e3o&quot;","block_context":{"text":"Not\u00edcias de Ribeir\u00e3o Preto-SP e Regi\u00e3o","link":"https:\/\/noticiasribeiraopreto.com.br\/index.php\/category\/noticias-de-ribeirao-preto-sp-e-regiao-ismael-colosi\/"},"img":{"alt_text":"","src":"https:\/\/i0.wp.com\/noticiasribeiraopreto.com.br\/wp-content\/uploads\/2025\/05\/acidente_agrishow.jpeg?fit=720%2C524&ssl=1&resize=350%2C200","width":350,"height":200,"srcset":"https:\/\/i0.wp.com\/noticiasribeiraopreto.com.br\/wp-content\/uploads\/2025\/05\/acidente_agrishow.jpeg?fit=720%2C524&ssl=1&resize=350%2C200 1x, https:\/\/i0.wp.com\/noticiasribeiraopreto.com.br\/wp-content\/uploads\/2025\/05\/acidente_agrishow.jpeg?fit=720%2C524&ssl=1&resize=525%2C300 1.5x, https:\/\/i0.wp.com\/noticiasribeiraopreto.com.br\/wp-content\/uploads\/2025\/05\/acidente_agrishow.jpeg?fit=720%2C524&ssl=1&resize=700%2C400 2x"},"classes":[]},{"id":61657,"url":"https:\/\/noticiasribeiraopreto.com.br\/index.php\/2024\/12\/18\/acidente-entre-carro-e-moto-deixa-cinco-pessoas-feridas-em-ribeirao-preto\/","url_meta":{"origin":69646,"position":4},"title":"Acidente entre carro e moto deixa cinco pessoas feridas em Ribeir\u00e3o Preto","author":"noticiasribeiraopreto.com.br","date":"18 de December de 2024","format":false,"excerpt":"Um acidente envolvendo um carro e uma moto deixou duas pessoas em estado grave e outras tr\u00eas com ferimentos leves, na tarde desta quarta-feira (18), na avenida Bandeirantes, em Ribeir\u00e3o Preto. Segundo o filho do motorista do carro, o acelerador do ve\u00edculo travou e , quando ele tentou reduzir, o\u2026","rel":"","context":"In &quot;Not\u00edcias de Ribeir\u00e3o Preto-SP e Regi\u00e3o&quot;","block_context":{"text":"Not\u00edcias de Ribeir\u00e3o Preto-SP e Regi\u00e3o","link":"https:\/\/noticiasribeiraopreto.com.br\/index.php\/category\/noticias-de-ribeirao-preto-sp-e-regiao-ismael-colosi\/"},"img":{"alt_text":"","src":"https:\/\/i0.wp.com\/noticiasribeiraopreto.com.br\/wp-content\/uploads\/2024\/12\/acidente-f_2024-12-18_17-26-14_png_2024-12-18_17-26-14.webp.webp?fit=1200%2C677&ssl=1&resize=350%2C200","width":350,"height":200,"srcset":"https:\/\/i0.wp.com\/noticiasribeiraopreto.com.br\/wp-content\/uploads\/2024\/12\/acidente-f_2024-12-18_17-26-14_png_2024-12-18_17-26-14.webp.webp?fit=1200%2C677&ssl=1&resize=350%2C200 1x, https:\/\/i0.wp.com\/noticiasribeiraopreto.com.br\/wp-content\/uploads\/2024\/12\/acidente-f_2024-12-18_17-26-14_png_2024-12-18_17-26-14.webp.webp?fit=1200%2C677&ssl=1&resize=525%2C300 1.5x, https:\/\/i0.wp.com\/noticiasribeiraopreto.com.br\/wp-content\/uploads\/2024\/12\/acidente-f_2024-12-18_17-26-14_png_2024-12-18_17-26-14.webp.webp?fit=1200%2C677&ssl=1&resize=700%2C400 2x, https:\/\/i0.wp.com\/noticiasribeiraopreto.com.br\/wp-content\/uploads\/2024\/12\/acidente-f_2024-12-18_17-26-14_png_2024-12-18_17-26-14.webp.webp?fit=1200%2C677&ssl=1&resize=1050%2C600 3x"},"classes":[]},{"id":60254,"url":"https:\/\/noticiasribeiraopreto.com.br\/index.php\/2024\/11\/08\/acidente-grave-deixa-mulher-e-crianca-feridas-na-zona-norte-de-ribeirao\/","url_meta":{"origin":69646,"position":5},"title":"Acidente grave deixa mulher e crian\u00e7a feridas na zona Norte de Ribeir\u00e3o","author":"noticiasribeiraopreto.com.br","date":"8 de November de 2024","format":false,"excerpt":"Um acidente no cruzamento da rua Tapaj\u00f3s com a rua Rio Verde, na zona Norte de Ribeir\u00e3o Preto, deixou uma mulher e uma crian\u00e7a de 4 anos feridas, na noite desta sexta-feira (9). De acordo com a Pol\u00edcia Militar, a motorista do ve\u00edculo n\u00e3o respeitou a sinaliza\u00e7\u00e3o e bateu em\u2026","rel":"","context":"In &quot;Not\u00edcias de Ribeir\u00e3o Preto-SP e Regi\u00e3o&quot;","block_context":{"text":"Not\u00edcias de Ribeir\u00e3o Preto-SP e Regi\u00e3o","link":"https:\/\/noticiasribeiraopreto.com.br\/index.php\/category\/noticias-de-ribeirao-preto-sp-e-regiao-ismael-colosi\/"},"img":{"alt_text":"","src":"https:\/\/i0.wp.com\/noticiasribeiraopreto.com.br\/wp-content\/uploads\/2024\/11\/Copia-de-Copia-de-Copia-de-TAMANHO-EXATO-PARA-FOTOS-NO-SISTEMA-NOVO-80_2024-11-08_23-54-50_png_2024-11-08_23-54-50.webp.webp?fit=1200%2C675&ssl=1&resize=350%2C200","width":350,"height":200,"srcset":"https:\/\/i0.wp.com\/noticiasribeiraopreto.com.br\/wp-content\/uploads\/2024\/11\/Copia-de-Copia-de-Copia-de-TAMANHO-EXATO-PARA-FOTOS-NO-SISTEMA-NOVO-80_2024-11-08_23-54-50_png_2024-11-08_23-54-50.webp.webp?fit=1200%2C675&ssl=1&resize=350%2C200 1x, https:\/\/i0.wp.com\/noticiasribeiraopreto.com.br\/wp-content\/uploads\/2024\/11\/Copia-de-Copia-de-Copia-de-TAMANHO-EXATO-PARA-FOTOS-NO-SISTEMA-NOVO-80_2024-11-08_23-54-50_png_2024-11-08_23-54-50.webp.webp?fit=1200%2C675&ssl=1&resize=525%2C300 1.5x, https:\/\/i0.wp.com\/noticiasribeiraopreto.com.br\/wp-content\/uploads\/2024\/11\/Copia-de-Copia-de-Copia-de-TAMANHO-EXATO-PARA-FOTOS-NO-SISTEMA-NOVO-80_2024-11-08_23-54-50_png_2024-11-08_23-54-50.webp.webp?fit=1200%2C675&ssl=1&resize=700%2C400 2x, https:\/\/i0.wp.com\/noticiasribeiraopreto.com.br\/wp-content\/uploads\/2024\/11\/Copia-de-Copia-de-Copia-de-TAMANHO-EXATO-PARA-FOTOS-NO-SISTEMA-NOVO-80_2024-11-08_23-54-50_png_2024-11-08_23-54-50.webp.webp?fit=1200%2C675&ssl=1&resize=1050%2C600 3x"},"classes":[]}],"jetpack_sharing_enabled":true,"jetpack_shortlink":"https:\/\/wp.me\/peQAOb-i7k","_links":{"self":[{"href":"https:\/\/noticiasribeiraopreto.com.br\/index.php\/wp-json\/wp\/v2\/posts\/69646","targetHints":{"allow":["GET"]}}],"collection":[{"href":"https:\/\/noticiasribeiraopreto.com.br\/index.php\/wp-json\/wp\/v2\/posts"}],"about":[{"href":"https:\/\/noticiasribeiraopreto.com.br\/index.php\/wp-json\/wp\/v2\/types\/post"}],"author":[{"embeddable":true,"href":"https:\/\/noticiasribeiraopreto.com.br\/index.php\/wp-json\/wp\/v2\/users\/1"}],"replies":[{"embeddable":true,"href":"https:\/\/noticiasribeiraopreto.com.br\/index.php\/wp-json\/wp\/v2\/comments?post=69646"}],"version-history":[{"count":0,"href":"https:\/\/noticiasribeiraopreto.com.br\/index.php\/wp-json\/wp\/v2\/posts\/69646\/revisions"}],"wp:featuredmedia":[{"embeddable":true,"href":"https:\/\/noticiasribeiraopreto.com.br\/index.php\/wp-json\/wp\/v2\/media\/69647"}],"wp:attachment":[{"href":"https:\/\/noticiasribeiraopreto.com.br\/index.php\/wp-json\/wp\/v2\/media?parent=69646"}],"wp:term":[{"taxonomy":"category","embeddable":true,"href":"https:\/\/noticiasribeiraopreto.com.br\/index.php\/wp-json\/wp\/v2\/categories?post=69646"},{"taxonomy":"post_tag","embeddable":true,"href":"https:\/\/noticiasribeiraopreto.com.br\/index.php\/wp-json\/wp\/v2\/tags?post=69646"}],"curies":[{"name":"wp","href":"https:\/\/api.w.org\/{rel}","templated":true}]}}