{"id":69687,"date":"2025-05-08T11:20:44","date_gmt":"2025-05-08T14:20:44","guid":{"rendered":"https:\/\/noticiasribeiraopreto.com.br\/index.php\/2025\/05\/08\/homem-ouve-barulho-no-telhado-de-casa-e-acha-projetil-de-arma-de-fogo-em-laje\/"},"modified":"2025-05-08T11:20:44","modified_gmt":"2025-05-08T14:20:44","slug":"homem-ouve-barulho-no-telhado-de-casa-e-acha-projetil-de-arma-de-fogo-em-laje","status":"publish","type":"post","link":"https:\/\/noticiasribeiraopreto.com.br\/index.php\/2025\/05\/08\/homem-ouve-barulho-no-telhado-de-casa-e-acha-projetil-de-arma-de-fogo-em-laje\/","title":{"rendered":"Homem ouve barulho no telhado de casa e acha proj\u00e9til de arma de fogo em laje"},"content":{"rendered":"<p> <br \/>\n<\/p>\n<div data-td-block-uid=\"tdi_95\">\n<div class=\"tdb-block-inner td-fix-index\">\n<p><strong>Um homem ouviu um barulho no telhado de sua casa, no Parque S\u00e3o Sebasti\u00e3o, zona Leste de Ribeir\u00e3o Preto, e encontrou um proj\u00e9til de arma de fogo deflagrado na laje do im\u00f3vel.<\/strong><\/p>\n<p>Ele disse \u00e0 <strong>pol\u00edcia <\/strong>que o fato ocorreu na tarde do \u00faltimo dia <strong>14 de abril<\/strong>, na <strong>rua Valter Aldo\u00a0Ferlin<\/strong>. O <strong>boletim de ocorr\u00eancia (BO)<\/strong>, por\u00e9m, somente foi registrado\u00a0nesta <strong>quarta-feira (7)<\/strong>, depois de a tentativa de fazer\u00a0on-line.<\/p>\n<p>Ainda segundo o morador, logo em seguida ao barulho, ele constatou o vazamento de um cano de \u00e1gua na laje, que causou infiltra\u00e7\u00e3o para o interior de im\u00f3vel.<\/p>\n<p>Ao subir no telhado para verificar o vazamento, localizou o proj\u00e9til de arma ao lado do cano e um furo em uma telha.<\/p>\n<p>Ele ainda relatou n\u00e3o ter ideia de onde teria partido o tiro e que o barulho, contudo, n\u00e3o foi semelhante ao de um disparo de arma de fogo.<\/p>\n<p>O caso foi registrado na\u00a0CPJ\u00a0(Central de Pol\u00edcia Judici\u00e1ria) Permanente como disparo de arma de fogo para investiga\u00e7\u00e3o da\u00a0Pol\u00edcia\u00a0Civil.<\/p>\n<p>SAIBA MAIS<\/p>\n<p>Acidente deixa v\u00edtima grave e causa interdi\u00e7\u00e3o na Anhanguera em Ribeir\u00e3o Preto<\/p>\n<h2 class=\"wp-block-heading\"><strong>FIQUE ON<\/strong><\/h2>\n<p>Fique ligado em tudo que acontece em Ribeir\u00e3o Preto e regi\u00e3o. Siga os perfis do\u00a0<strong>acidade on\u00a0<\/strong>no<a href=\"https:\/\/www.instagram.com\/acidadeonribeirao\">\u00a0Instagram\u00a0<\/a>e no\u00a0<a href=\"https:\/\/www.facebook.com\/acidadeonribeirao\/\">Facebook<\/a>.<\/p>\n<p>Receba not\u00edcias do\u00a0<strong>acidade on<\/strong>\u00a0no WhatsApp.<a href=\"https:\/\/chat.whatsapp.com\/BjKQZ9oJwlz8VVT50NuePq\">\u00a0Para entrar no grupo, basta clicar aqui.<\/a><\/p>\n<p>Fa\u00e7a uma den\u00fancia ou sugira uma reportagem sobre Ribeir\u00e3o Preto e regi\u00e3o pelo WhatsApp: 16 99117 7802.<\/p>\n<p>LEIA TAMB\u00c9M<\/p>\n<p>Mora sozinho? Veja como receber benef\u00edcios do \u2018Caixa Tem\u2019<\/p>\n<p><!-- CONTENT END 1 -->\n<\/div>\n<\/div>\n<p><script async src=\"\/\/www.instagram.com\/embed.js\"><\/script><br \/>\n<br \/><br \/>\n<br \/><a href=\"https:\/\/www.acidadeon.com\/ribeiraopreto\/cotidiano\/homem-ouve-barulho-no-telhado-de-casa-e-acha-projetil-de-arma-de-fogo-em-laje\/\">Source link <\/a><\/p>\n","protected":false},"excerpt":{"rendered":"<p>Um homem ouviu um barulho no telhado de sua casa, no Parque S\u00e3o Sebasti\u00e3o, zona Leste de Ribeir\u00e3o Preto, e encontrou um proj\u00e9til de arma&#8230;<\/p>\n","protected":false},"author":1,"featured_media":69688,"comment_status":"open","ping_status":"open","sticky":false,"template":"","format":"standard","meta":{"advanced_seo_description":"","jetpack_seo_html_title":"","jetpack_seo_noindex":false,"jetpack_post_was_ever_published":false,"_jetpack_newsletter_access":"","_jetpack_dont_email_post_to_subs":false,"_jetpack_newsletter_tier_id":0,"_jetpack_memberships_contains_paywalled_content":false,"_jetpack_memberships_contains_paid_content":false,"footnotes":"","jetpack_publicize_message":"","jetpack_publicize_feature_enabled":true,"jetpack_social_post_already_shared":true,"jetpack_social_options":{"image_generator_settings":{"template":"highway","default_image_id":0,"font":"","enabled":false},"version":2}},"categories":[11],"tags":[],"class_list":["post-69687","post","type-post","status-publish","format-standard","has-post-thumbnail","hentry","category-noticias-de-ribeirao-preto-sp-e-regiao-ismael-colosi"],"jetpack_publicize_connections":[],"jetpack_featured_media_url":"https:\/\/i0.wp.com\/noticiasribeiraopreto.com.br\/wp-content\/uploads\/2025\/05\/1746714044_20220620_114539075_policia_qru_1024x576_25052021184749_jpg_715985292.jpg?fit=1425%2C720&ssl=1","jetpack-related-posts":[{"id":69712,"url":"https:\/\/noticiasribeiraopreto.com.br\/index.php\/2025\/05\/08\/maquina-carregadeira-furtada-e-encontrada-em-mata-na-regiao-de-ribeirao-preto\/","url_meta":{"origin":69687,"position":0},"title":"M\u00e1quina carregadeira furtada \u00e9 encontrada em  mata na regi\u00e3o de Ribeir\u00e3o Preto","author":"noticiasribeiraopreto.com.br","date":"8 de May de 2025","format":false,"excerpt":"A Pol\u00edcia Militar Ambiental encontrou nesta quarta-feira (7) uma m\u00e1quina carregadeira furtada, que estava em meio a uma mata de Guatapar\u00e1, cidade a aproximadamente 60 quil\u00f4metros de Ribeir\u00e3o Preto. A pol\u00edcia informou que o ve\u00edculo havia sido furtado nesta ter\u00e7a-feira (6) de uma empresa em Luiz Ant\u00f4nio, tamb\u00e9m na regi\u00e3o.\u2026","rel":"","context":"In &quot;Not\u00edcias de Ribeir\u00e3o Preto-SP e Regi\u00e3o&quot;","block_context":{"text":"Not\u00edcias de Ribeir\u00e3o Preto-SP e Regi\u00e3o","link":"https:\/\/noticiasribeiraopreto.com.br\/index.php\/category\/noticias-de-ribeirao-preto-sp-e-regiao-ismael-colosi\/"},"img":{"alt_text":"","src":"https:\/\/i0.wp.com\/noticiasribeiraopreto.com.br\/wp-content\/uploads\/2025\/05\/TRATOR_2025-05-08_15-17-24.webp.webp?fit=1200%2C783&ssl=1&resize=350%2C200","width":350,"height":200,"srcset":"https:\/\/i0.wp.com\/noticiasribeiraopreto.com.br\/wp-content\/uploads\/2025\/05\/TRATOR_2025-05-08_15-17-24.webp.webp?fit=1200%2C783&ssl=1&resize=350%2C200 1x, https:\/\/i0.wp.com\/noticiasribeiraopreto.com.br\/wp-content\/uploads\/2025\/05\/TRATOR_2025-05-08_15-17-24.webp.webp?fit=1200%2C783&ssl=1&resize=525%2C300 1.5x, https:\/\/i0.wp.com\/noticiasribeiraopreto.com.br\/wp-content\/uploads\/2025\/05\/TRATOR_2025-05-08_15-17-24.webp.webp?fit=1200%2C783&ssl=1&resize=700%2C400 2x, https:\/\/i0.wp.com\/noticiasribeiraopreto.com.br\/wp-content\/uploads\/2025\/05\/TRATOR_2025-05-08_15-17-24.webp.webp?fit=1200%2C783&ssl=1&resize=1050%2C600 3x"},"classes":[]},{"id":84691,"url":"https:\/\/noticiasribeiraopreto.com.br\/index.php\/2026\/04\/14\/suspeito-de-roubos-cai-de-telhado-durante-fuga-e-e-achado-escondido-embaixo-de-cama\/","url_meta":{"origin":69687,"position":1},"title":"Suspeito de roubos cai de telhado durante fuga e \u00e9 achado escondido embaixo de cama","author":"noticiasribeiraopreto.com.br","date":"14 de April de 2026","format":false,"excerpt":"Ler o resumo da not\u00edcia Homem suspeito de roubos foi detido na zona Norte de Ribeir\u00e3o Preto ap\u00f3s fuga por telhados. Um dos roubos teria ocorrido na casa da sogra de um policial militar em mar\u00e7o. Durante a fuga, o telhado cedeu e ele foi encontrado escondido embaixo de uma\u2026","rel":"","context":"In &quot;Not\u00edcias de Ribeir\u00e3o Preto-SP e Regi\u00e3o&quot;","block_context":{"text":"Not\u00edcias de Ribeir\u00e3o Preto-SP e Regi\u00e3o","link":"https:\/\/noticiasribeiraopreto.com.br\/index.php\/category\/noticias-de-ribeirao-preto-sp-e-regiao-ismael-colosi\/"},"img":{"alt_text":"","src":"https:\/\/i0.wp.com\/noticiasribeiraopreto.com.br\/wp-content\/uploads\/2026\/04\/WhatsApp-Image-2026-04-14-at-11.54.01_2026-04-14_15-41-29.webp.webp?fit=1200%2C900&ssl=1&resize=350%2C200","width":350,"height":200,"srcset":"https:\/\/i0.wp.com\/noticiasribeiraopreto.com.br\/wp-content\/uploads\/2026\/04\/WhatsApp-Image-2026-04-14-at-11.54.01_2026-04-14_15-41-29.webp.webp?fit=1200%2C900&ssl=1&resize=350%2C200 1x, https:\/\/i0.wp.com\/noticiasribeiraopreto.com.br\/wp-content\/uploads\/2026\/04\/WhatsApp-Image-2026-04-14-at-11.54.01_2026-04-14_15-41-29.webp.webp?fit=1200%2C900&ssl=1&resize=525%2C300 1.5x, https:\/\/i0.wp.com\/noticiasribeiraopreto.com.br\/wp-content\/uploads\/2026\/04\/WhatsApp-Image-2026-04-14-at-11.54.01_2026-04-14_15-41-29.webp.webp?fit=1200%2C900&ssl=1&resize=700%2C400 2x, https:\/\/i0.wp.com\/noticiasribeiraopreto.com.br\/wp-content\/uploads\/2026\/04\/WhatsApp-Image-2026-04-14-at-11.54.01_2026-04-14_15-41-29.webp.webp?fit=1200%2C900&ssl=1&resize=1050%2C600 3x"},"classes":[]},{"id":34117,"url":"https:\/\/noticiasribeiraopreto.com.br\/index.php\/2024\/02\/01\/fugitivo-e-preso-com-arma-na-regiao\/","url_meta":{"origin":69687,"position":2},"title":"Fugitivo \u00e9 preso com arma na regi\u00e3o","author":"noticiasribeiraopreto.com.br","date":"1 de February de 2024","format":false,"excerpt":"Procurado ainda tentou escapar da PM pulando sobre v\u00e1rios telhados de casas vizinhas, mas acabou preso 31 de janeiro de 2024 | 16:51 2Por: Adalberto LuqueUm homem foi preso, nesta ter\u00e7a-feira (30), na cidade de Porto Ferreira. Era procurado pela Justi\u00e7a e os policiais militares encontraram uma arma e um\u2026","rel":"","context":"In &quot;Not\u00edcias de Ribeir\u00e3o Preto-SP e Regi\u00e3o&quot;","block_context":{"text":"Not\u00edcias de Ribeir\u00e3o Preto-SP e Regi\u00e3o","link":"https:\/\/noticiasribeiraopreto.com.br\/index.php\/category\/noticias-de-ribeirao-preto-sp-e-regiao-ismael-colosi\/"},"img":{"alt_text":"","src":"https:\/\/i0.wp.com\/noticiasribeiraopreto.com.br\/wp-content\/uploads\/2024\/02\/00-31-jan-2024-foragido-porto-ferreira-foto-divulgacao-scaled.jpg?fit=645%2C645&ssl=1&resize=350%2C200","width":350,"height":200,"srcset":"https:\/\/i0.wp.com\/noticiasribeiraopreto.com.br\/wp-content\/uploads\/2024\/02\/00-31-jan-2024-foragido-porto-ferreira-foto-divulgacao-scaled.jpg?fit=645%2C645&ssl=1&resize=350%2C200 1x, https:\/\/i0.wp.com\/noticiasribeiraopreto.com.br\/wp-content\/uploads\/2024\/02\/00-31-jan-2024-foragido-porto-ferreira-foto-divulgacao-scaled.jpg?fit=645%2C645&ssl=1&resize=525%2C300 1.5x"},"classes":[]},{"id":61662,"url":"https:\/\/noticiasribeiraopreto.com.br\/index.php\/2024\/12\/18\/o-que-se-sabe-sobre-o-corpo-encontrado-em-telhado-de-casa-na-zona-sul-de-ribeirao\/","url_meta":{"origin":69687,"position":3},"title":"O que se sabe sobre o corpo encontrado em telhado de casa na zona Sul de Ribeir\u00e3o","author":"noticiasribeiraopreto.com.br","date":"18 de December de 2024","format":false,"excerpt":"Um corpo foi encontrado nesta ter\u00e7a-feira (17), em cima do telhado de uma resid\u00eancia na rua Altino Arantes, no Jardim Sumar\u00e9, zona Sul de Ribeir\u00e3o Preto. Consta no boletim de ocorr\u00eancia (BO) que a v\u00edtima era um homem, mas n\u00e3o foi poss\u00edvel a sua identifica\u00e7\u00e3o. Ainda conforme o registro, a\u2026","rel":"","context":"In &quot;Not\u00edcias de Ribeir\u00e3o Preto-SP e Regi\u00e3o&quot;","block_context":{"text":"Not\u00edcias de Ribeir\u00e3o Preto-SP e Regi\u00e3o","link":"https:\/\/noticiasribeiraopreto.com.br\/index.php\/category\/noticias-de-ribeirao-preto-sp-e-regiao-ismael-colosi\/"},"img":{"alt_text":"","src":"https:\/\/i0.wp.com\/noticiasribeiraopreto.com.br\/wp-content\/uploads\/2024\/12\/corpe_encontrado_1200x675_17122024155618_2024-12-17_19-22-53_jpg_2024-12-17_19-22-53.webp.webp?fit=1200%2C675&ssl=1&resize=350%2C200","width":350,"height":200,"srcset":"https:\/\/i0.wp.com\/noticiasribeiraopreto.com.br\/wp-content\/uploads\/2024\/12\/corpe_encontrado_1200x675_17122024155618_2024-12-17_19-22-53_jpg_2024-12-17_19-22-53.webp.webp?fit=1200%2C675&ssl=1&resize=350%2C200 1x, https:\/\/i0.wp.com\/noticiasribeiraopreto.com.br\/wp-content\/uploads\/2024\/12\/corpe_encontrado_1200x675_17122024155618_2024-12-17_19-22-53_jpg_2024-12-17_19-22-53.webp.webp?fit=1200%2C675&ssl=1&resize=525%2C300 1.5x, https:\/\/i0.wp.com\/noticiasribeiraopreto.com.br\/wp-content\/uploads\/2024\/12\/corpe_encontrado_1200x675_17122024155618_2024-12-17_19-22-53_jpg_2024-12-17_19-22-53.webp.webp?fit=1200%2C675&ssl=1&resize=700%2C400 2x, https:\/\/i0.wp.com\/noticiasribeiraopreto.com.br\/wp-content\/uploads\/2024\/12\/corpe_encontrado_1200x675_17122024155618_2024-12-17_19-22-53_jpg_2024-12-17_19-22-53.webp.webp?fit=1200%2C675&ssl=1&resize=1050%2C600 3x"},"classes":[]},{"id":73669,"url":"https:\/\/noticiasribeiraopreto.com.br\/index.php\/2025\/07\/07\/casa-na-zona-oeste-desmanchava-motos-de-luxo\/","url_meta":{"origin":69687,"position":4},"title":"Casa na zona Oeste desmanchava motos de luxo","author":"noticiasribeiraopreto.com.br","date":"7 de July de 2025","format":false,"excerpt":"Ao fugir ao ver viatura da Guarda Civil Metropolitana, homem deixou port\u00e3o aberto e agentes localizaram diversas motos e at\u00e9 simulacro de arma de fogo 7 de julho de 2025 12:257 de julho de 2025 12:278 Compartilhar2 Por: Alfredo Risk e\u00a0Adalberto Luque Uma mulher foi detida, na manh\u00e3 desta segunda-feira\u2026","rel":"","context":"In &quot;Not\u00edcias de Ribeir\u00e3o Preto-SP e Regi\u00e3o&quot;","block_context":{"text":"Not\u00edcias de Ribeir\u00e3o Preto-SP e Regi\u00e3o","link":"https:\/\/noticiasribeiraopreto.com.br\/index.php\/category\/noticias-de-ribeirao-preto-sp-e-regiao-ismael-colosi\/"},"img":{"alt_text":"","src":"https:\/\/i0.wp.com\/noticiasribeiraopreto.com.br\/wp-content\/uploads\/2025\/07\/07-jul-2025-desmanchemotos1.jpg?fit=822%2C617&ssl=1&resize=350%2C200","width":350,"height":200,"srcset":"https:\/\/i0.wp.com\/noticiasribeiraopreto.com.br\/wp-content\/uploads\/2025\/07\/07-jul-2025-desmanchemotos1.jpg?fit=822%2C617&ssl=1&resize=350%2C200 1x, https:\/\/i0.wp.com\/noticiasribeiraopreto.com.br\/wp-content\/uploads\/2025\/07\/07-jul-2025-desmanchemotos1.jpg?fit=822%2C617&ssl=1&resize=525%2C300 1.5x, https:\/\/i0.wp.com\/noticiasribeiraopreto.com.br\/wp-content\/uploads\/2025\/07\/07-jul-2025-desmanchemotos1.jpg?fit=822%2C617&ssl=1&resize=700%2C400 2x"},"classes":[]},{"id":84587,"url":"https:\/\/noticiasribeiraopreto.com.br\/index.php\/2026\/04\/12\/mulher-e-baleada-nas-nadegas-apos-discussao-no-interior-de-sp\/","url_meta":{"origin":69687,"position":5},"title":"Mulher \u00e9 baleada nas n\u00e1degas ap\u00f3s discuss\u00e3o\u00a0no interior de SP","author":"noticiasribeiraopreto.com.br","date":"12 de April de 2026","format":false,"excerpt":"00:00 A+ A- Ler o resumo da not\u00edcia Mulher de 29 anos foi baleada nas n\u00e1degas na madrugada de domingo (12), em Franca, no interior de S\u00e3o Paulo. A v\u00edtima e o marido, organizador do evento, tiveram uma briga com um homem durante o show de Henrique e Juliano no\u2026","rel":"","context":"In &quot;Not\u00edcias de Ribeir\u00e3o Preto-SP e Regi\u00e3o&quot;","block_context":{"text":"Not\u00edcias de Ribeir\u00e3o Preto-SP e Regi\u00e3o","link":"https:\/\/noticiasribeiraopreto.com.br\/index.php\/category\/noticias-de-ribeirao-preto-sp-e-regiao-ismael-colosi\/"},"img":{"alt_text":"","src":"https:\/\/i0.wp.com\/noticiasribeiraopreto.com.br\/wp-content\/uploads\/2026\/04\/image_2026-04-12_20-11-24.webp.webp?fit=984%2C616&ssl=1&resize=350%2C200","width":350,"height":200,"srcset":"https:\/\/i0.wp.com\/noticiasribeiraopreto.com.br\/wp-content\/uploads\/2026\/04\/image_2026-04-12_20-11-24.webp.webp?fit=984%2C616&ssl=1&resize=350%2C200 1x, https:\/\/i0.wp.com\/noticiasribeiraopreto.com.br\/wp-content\/uploads\/2026\/04\/image_2026-04-12_20-11-24.webp.webp?fit=984%2C616&ssl=1&resize=525%2C300 1.5x, https:\/\/i0.wp.com\/noticiasribeiraopreto.com.br\/wp-content\/uploads\/2026\/04\/image_2026-04-12_20-11-24.webp.webp?fit=984%2C616&ssl=1&resize=700%2C400 2x"},"classes":[]}],"jetpack_sharing_enabled":true,"jetpack_shortlink":"https:\/\/wp.me\/peQAOb-i7Z","_links":{"self":[{"href":"https:\/\/noticiasribeiraopreto.com.br\/index.php\/wp-json\/wp\/v2\/posts\/69687","targetHints":{"allow":["GET"]}}],"collection":[{"href":"https:\/\/noticiasribeiraopreto.com.br\/index.php\/wp-json\/wp\/v2\/posts"}],"about":[{"href":"https:\/\/noticiasribeiraopreto.com.br\/index.php\/wp-json\/wp\/v2\/types\/post"}],"author":[{"embeddable":true,"href":"https:\/\/noticiasribeiraopreto.com.br\/index.php\/wp-json\/wp\/v2\/users\/1"}],"replies":[{"embeddable":true,"href":"https:\/\/noticiasribeiraopreto.com.br\/index.php\/wp-json\/wp\/v2\/comments?post=69687"}],"version-history":[{"count":0,"href":"https:\/\/noticiasribeiraopreto.com.br\/index.php\/wp-json\/wp\/v2\/posts\/69687\/revisions"}],"wp:featuredmedia":[{"embeddable":true,"href":"https:\/\/noticiasribeiraopreto.com.br\/index.php\/wp-json\/wp\/v2\/media\/69688"}],"wp:attachment":[{"href":"https:\/\/noticiasribeiraopreto.com.br\/index.php\/wp-json\/wp\/v2\/media?parent=69687"}],"wp:term":[{"taxonomy":"category","embeddable":true,"href":"https:\/\/noticiasribeiraopreto.com.br\/index.php\/wp-json\/wp\/v2\/categories?post=69687"},{"taxonomy":"post_tag","embeddable":true,"href":"https:\/\/noticiasribeiraopreto.com.br\/index.php\/wp-json\/wp\/v2\/tags?post=69687"}],"curies":[{"name":"wp","href":"https:\/\/api.w.org\/{rel}","templated":true}]}}