{"id":69689,"date":"2025-05-08T11:29:40","date_gmt":"2025-05-08T14:29:40","guid":{"rendered":"https:\/\/noticiasribeiraopreto.com.br\/index.php\/2025\/05\/08\/karate-kid-lendas-chega-aos-cinemas-de-ribeirao-preto-confira-os-lancamentos\/"},"modified":"2025-05-08T11:29:40","modified_gmt":"2025-05-08T14:29:40","slug":"karate-kid-lendas-chega-aos-cinemas-de-ribeirao-preto-confira-os-lancamentos","status":"publish","type":"post","link":"https:\/\/noticiasribeiraopreto.com.br\/index.php\/2025\/05\/08\/karate-kid-lendas-chega-aos-cinemas-de-ribeirao-preto-confira-os-lancamentos\/","title":{"rendered":"\u2018Karat\u00ea Kid: Lendas\u2019 chega aos cinemas de Ribeir\u00e3o Preto; Confira os lan\u00e7amentos"},"content":{"rendered":"<p> <br \/>\n<\/p>\n<div>\n<p>Tr\u00eas novos filmes chegam aos cinemas de <strong>Ribeir\u00e3o Preto<\/strong> nesta <strong>quinta-feira (8)<\/strong>. O destaque da programa\u00e7\u00e3o \u00e9 o filme \u201c<strong>Karat\u00ea Kid: Lendas<\/strong>\u201d. A franquia est\u00e1 de volta aos cinemas ap\u00f3s <strong>15 anos <\/strong>longe das telonas e, desta vez, acompanha <strong>Li Fong<\/strong>. Veja a programa\u00e7\u00e3o completa abaixo.<\/p>\n<p>Ribeir\u00e3o Preto conta com quatro cinemas, o\u00a0<strong>UCI<\/strong>\u00a0localizado no Ribeir\u00e3o Shopping, o\u00a0<strong>Cinep\u00f3lis<\/strong>\u00a0nos shoppings Santa \u00darsula e Iguatemi e o\u00a0<strong>Cinemark<\/strong>, no Novo Shopping.<\/p>\n<h2 class=\"wp-block-heading\"><strong>Karat\u00ea Kid: Lendas<\/strong><\/h2>\n<p>O enredo narra a hist\u00f3ria do prod\u00edgio do kung fu <strong>Li Fong (Ben Wang)<\/strong>, que ap\u00f3s uma trag\u00e9dia familiar, se muda com a m\u00e3e para <strong>Nova York<\/strong>. Com a mudan\u00e7a, o jovem encontra dificuldades para superar seu passado e se encaixar em uma nova cultura.<\/p>\n<p>Quando um novo amigo precisa de ajuda, <strong>Li<\/strong> entra em uma competi\u00e7\u00e3o de karat\u00ea, por\u00e9m, suas habilidades n\u00e3o bastam para vencer. O <strong>Senhor Han (Jackie Chan)<\/strong>, professor de kung fu de <strong>Li<\/strong> recruta o <em>Karate Kid <\/em>original para ajud\u00e1-lo. <mark style=\"background-color:#fcb900\" class=\"has-inline-color has-black-color\">O filme n\u00e3o \u00e9 recomendado para menores de <strong>12 anos<\/strong>.<\/mark> Assista ao trailer:<\/p>\n<figure class=\"wp-block-embed is-type-video is-provider-youtube wp-block-embed-youtube wp-embed-aspect-16-9 wp-has-aspect-ratio\">\n<div class=\"wp-block-embed__wrapper\">\n<p><iframe loading=\"lazy\" title=\"Karat\u00ea Kid: Lendas | Trailer Oficial Dublado\" width=\"500\" height=\"281\" src=\"https:\/\/www.youtube.com\/embed\/jdZPKED0Dqg?feature=oembed\" frameborder=\"0\" allow=\"accelerometer; autoplay; clipboard-write; encrypted-media; gyroscope; picture-in-picture; web-share\" referrerpolicy=\"strict-origin-when-cross-origin\" allowfullscreen><\/iframe><\/p>\n<\/div>\n<\/figure>\n<h2 class=\"wp-block-heading\"><strong>Invenc\u00edvel<\/strong><\/h2>\n<p>Este drama baseado em uma hist\u00f3ria real acompanha <strong>Austin (Jacob Laval)<\/strong>, uma crian\u00e7a autista portadora de uma doen\u00e7a rara que deixa seus ossos quebradi\u00e7os. Apesar dos obst\u00e1culos, <strong>Austin<\/strong> tem uma vis\u00e3o de mundo alegre e transforma todos ao seu redor, especialmente seu pai, <strong>Scott (Zachary Levi)<\/strong>.O filme acompanha a adapta\u00e7\u00e3o de <strong>Austin<\/strong> na escola e os desdobramentos de seus pais para dar o melhor e a vida mais normal poss\u00edvel ao filho. <mark style=\"background-color:#fcb900\" class=\"has-inline-color has-black-color\">A classifica\u00e7\u00e3o indicativa \u00e9 de <strong>12 anos<\/strong>.<\/mark> Veja o trailer:<\/p>\n<figure class=\"wp-block-embed is-type-video is-provider-youtube wp-block-embed-youtube wp-embed-aspect-16-9 wp-has-aspect-ratio\">\n<div class=\"wp-block-embed__wrapper\">\n<p><iframe loading=\"lazy\" title=\"Invenc\u00edvel | Trailer Oficial Dublado\" width=\"500\" height=\"281\" src=\"https:\/\/www.youtube.com\/embed\/jwKYJ0maU30?feature=oembed\" frameborder=\"0\" allow=\"accelerometer; autoplay; clipboard-write; encrypted-media; gyroscope; picture-in-picture; web-share\" referrerpolicy=\"strict-origin-when-cross-origin\" allowfullscreen><\/iframe><\/p>\n<\/div>\n<\/figure>\n<h2 class=\"wp-block-heading\"><strong>A Mulher no Jardim<\/strong><\/h2>\n<p><strong>Ramona (Danielle Deadwyler)<\/strong> come\u00e7a a ser perturbada por uma mulher vestida de preto que aparece misteriosamente em seu jardim declarando mensagens enigm\u00e1ticas e amea\u00e7as assustadoras. Devastada por um luto e cuidando sozinha de seus dois filhos, <strong>Ramona<\/strong> acredita que a mulher est\u00e1 perdida ou demente. Mas, quanto mais perto a mulher se aproxima da casa, mais claro fica que suas inten\u00e7\u00f5es s\u00e3o outras. <mark style=\"background-color:#fcb900\" class=\"has-inline-color has-black-color\">A classifica\u00e7\u00e3o indicativa do filme \u00e9 de <strong>16 anos<\/strong>.<\/mark> Confira o trailer:<\/p>\n<figure class=\"wp-block-embed is-type-video is-provider-youtube wp-block-embed-youtube wp-embed-aspect-16-9 wp-has-aspect-ratio\">\n<p>\n<iframe loading=\"lazy\" title=\"A Mulher no Jardim - Trailer 2 Oficial | Dublado\" width=\"500\" height=\"281\" src=\"https:\/\/www.youtube.com\/embed\/ZMRTDkW0q6w?feature=oembed\" frameborder=\"0\" allow=\"accelerometer; autoplay; clipboard-write; encrypted-media; gyroscope; picture-in-picture; web-share\" referrerpolicy=\"strict-origin-when-cross-origin\" allowfullscreen><\/iframe>\n<\/p>\n<\/figure>\n<p>SAIBA MAIS<br \/>Zool\u00f3gico de Ribeir\u00e3o Preto recebe filhotes de jacar\u00e9 amea\u00e7ados de extin\u00e7\u00e3o<\/p>\n<h4 class=\"wp-block-heading\"><strong>FIQUE ON<\/strong><\/h4>\n<p>Fique ligado em tudo que acontece em Ribeir\u00e3o Preto e regi\u00e3o. Siga os perfis do\u00a0<strong>acidade on\u00a0<\/strong>no\u00a0<a href=\"https:\/\/www.instagram.com\/acidadeonribeirao\" target=\"_blank\" rel=\"noreferrer noopener\">Instagram<\/a>\u00a0e no\u00a0<a href=\"https:\/\/www.facebook.com\/acidadeonribeirao\" target=\"_blank\" rel=\"noreferrer noopener\">Facebook<\/a>.<\/p>\n<p>Receba not\u00edcias do\u00a0<strong>acidade on<\/strong>\u00a0no WhatsApp. Para entrar no grupo, basta\u00a0<a href=\"https:\/\/chat.whatsapp.com\/BjKQZ9oJwlz8VVT50NuePq\" target=\"_blank\" rel=\"noreferrer noopener\">clicar aqui<\/a>.<\/p>\n<p>Fa\u00e7a uma den\u00fancia ou sugira uma reportagem sobre Ribeir\u00e3o Preto e regi\u00e3o pelo WhatsApp: 16 99117 7802.<\/p>\n<p>VEJA TAMB\u00c9M<br \/>Quando sai a terceira fuma\u00e7a do conclave?<\/p>\n<p><!-- CONTENT END 1 -->\n<\/div>\n<p><script async src=\"\/\/www.instagram.com\/embed.js\"><\/script><br \/>\n<br \/><br \/>\n<br \/><a href=\"https:\/\/www.acidadeon.com\/ribeiraopreto\/lazer-e-cultura\/karate-kid-lendas-chega-aos-cinemas-de-ribeirao-preto-confira-os-lancamentos\/\">Source link <\/a><\/p>\n","protected":false},"excerpt":{"rendered":"<p>Tr\u00eas novos filmes chegam aos cinemas de Ribeir\u00e3o Preto nesta quinta-feira (8). O destaque da programa\u00e7\u00e3o \u00e9 o filme \u201cKarat\u00ea Kid: Lendas\u201d. A franquia est\u00e1&#8230;<\/p>\n","protected":false},"author":1,"featured_media":69691,"comment_status":"open","ping_status":"open","sticky":false,"template":"","format":"standard","meta":{"advanced_seo_description":"","jetpack_seo_html_title":"","jetpack_seo_noindex":false,"jetpack_post_was_ever_published":false,"_jetpack_newsletter_access":"","_jetpack_dont_email_post_to_subs":false,"_jetpack_newsletter_tier_id":0,"_jetpack_memberships_contains_paywalled_content":false,"_jetpack_memberships_contains_paid_content":false,"footnotes":"","jetpack_publicize_message":"","jetpack_publicize_feature_enabled":true,"jetpack_social_post_already_shared":true,"jetpack_social_options":{"image_generator_settings":{"template":"highway","default_image_id":0,"font":"","enabled":false},"version":2}},"categories":[11],"tags":[],"class_list":["post-69689","post","type-post","status-publish","format-standard","has-post-thumbnail","hentry","category-noticias-de-ribeirao-preto-sp-e-regiao-ismael-colosi"],"jetpack_publicize_connections":[],"jetpack_featured_media_url":"https:\/\/i0.wp.com\/noticiasribeiraopreto.com.br\/wp-content\/uploads\/2025\/05\/karate-kid-lendas.webp.webp?fit=414%2C280&ssl=1","jetpack-related-posts":[{"id":70735,"url":"https:\/\/noticiasribeiraopreto.com.br\/index.php\/2025\/05\/29\/quatro-novos-lancamentos-chegam-aos-cinemas-de-ribeirao-preto-nesta-quinta-feira\/","url_meta":{"origin":69689,"position":0},"title":"Quatro novos lan\u00e7amentos chegam aos cinemas de Ribeir\u00e3o Preto nesta quinta-feira","author":"noticiasribeiraopreto.com.br","date":"29 de May de 2025","format":false,"excerpt":"Encerrando o m\u00eas de maio, a programa\u00e7\u00e3o dos cinemas de Ribeir\u00e3o Preto recebe nesta quinta-feira (29) quatro novos lan\u00e7amentos. O destaque da semana \u00e9 o filme de a\u00e7\u00e3o e suspense \u201cConfinado\u201d, estrelado por Bill Skarsg\u00e5rd. Ribeir\u00e3o Preto conta com quatro cinemas, o\u00a0UCI\u00a0localizado no Ribeir\u00e3o Shopping, o\u00a0Cinep\u00f3lis\u00a0nos shoppings Santa \u00darsula e\u2026","rel":"","context":"In &quot;Not\u00edcias de Ribeir\u00e3o Preto-SP e Regi\u00e3o&quot;","block_context":{"text":"Not\u00edcias de Ribeir\u00e3o Preto-SP e Regi\u00e3o","link":"https:\/\/noticiasribeiraopreto.com.br\/index.php\/category\/noticias-de-ribeirao-preto-sp-e-regiao-ismael-colosi\/"},"img":{"alt_text":"","src":"https:\/\/i0.wp.com\/noticiasribeiraopreto.com.br\/wp-content\/uploads\/2025\/05\/Bill-Skarsgard_2025-05-29_12-20-07.webp.webp?fit=1200%2C675&ssl=1&resize=350%2C200","width":350,"height":200,"srcset":"https:\/\/i0.wp.com\/noticiasribeiraopreto.com.br\/wp-content\/uploads\/2025\/05\/Bill-Skarsgard_2025-05-29_12-20-07.webp.webp?fit=1200%2C675&ssl=1&resize=350%2C200 1x, https:\/\/i0.wp.com\/noticiasribeiraopreto.com.br\/wp-content\/uploads\/2025\/05\/Bill-Skarsgard_2025-05-29_12-20-07.webp.webp?fit=1200%2C675&ssl=1&resize=525%2C300 1.5x, https:\/\/i0.wp.com\/noticiasribeiraopreto.com.br\/wp-content\/uploads\/2025\/05\/Bill-Skarsgard_2025-05-29_12-20-07.webp.webp?fit=1200%2C675&ssl=1&resize=700%2C400 2x, https:\/\/i0.wp.com\/noticiasribeiraopreto.com.br\/wp-content\/uploads\/2025\/05\/Bill-Skarsgard_2025-05-29_12-20-07.webp.webp?fit=1200%2C675&ssl=1&resize=1050%2C600 3x"},"classes":[]},{"id":78121,"url":"https:\/\/noticiasribeiraopreto.com.br\/index.php\/2025\/10\/02\/cinemas-de-ribeirao-preto-recebem-estreias-de-filmes-de-acao-terror-e-relancamentos\/","url_meta":{"origin":69689,"position":1},"title":"Cinemas de Ribeir\u00e3o Preto recebem estreias de filmes de a\u00e7\u00e3o, terror e relan\u00e7amentos","author":"noticiasribeiraopreto.com.br","date":"2 de October de 2025","format":false,"excerpt":"Novos filmes chegam a programa\u00e7\u00e3o dos cinemas de Ribeir\u00e3o Preto nesta quinta-feira (2). Entre as estreias, o destaque \u00e9 o lan\u00e7amento de \u201cCora\u00e7\u00e3o de Lutador\u201d, que conta a hist\u00f3ria de Mark Kerr, lenda do MMA. Al\u00e9m disso, as telonas recebem o relan\u00e7amento do filme Avatar e o M\u00e1gico de Oz.\u2026","rel":"","context":"In &quot;Not\u00edcias de Ribeir\u00e3o Preto-SP e Regi\u00e3o&quot;","block_context":{"text":"Not\u00edcias de Ribeir\u00e3o Preto-SP e Regi\u00e3o","link":"https:\/\/noticiasribeiraopreto.com.br\/index.php\/category\/noticias-de-ribeirao-preto-sp-e-regiao-ismael-colosi\/"},"img":{"alt_text":"","src":"https:\/\/i0.wp.com\/noticiasribeiraopreto.com.br\/wp-content\/uploads\/2025\/10\/coracao-de-lutador-the-smashing-machine-2025.webp.webp?fit=1200%2C630&ssl=1&resize=350%2C200","width":350,"height":200,"srcset":"https:\/\/i0.wp.com\/noticiasribeiraopreto.com.br\/wp-content\/uploads\/2025\/10\/coracao-de-lutador-the-smashing-machine-2025.webp.webp?fit=1200%2C630&ssl=1&resize=350%2C200 1x, https:\/\/i0.wp.com\/noticiasribeiraopreto.com.br\/wp-content\/uploads\/2025\/10\/coracao-de-lutador-the-smashing-machine-2025.webp.webp?fit=1200%2C630&ssl=1&resize=525%2C300 1.5x, https:\/\/i0.wp.com\/noticiasribeiraopreto.com.br\/wp-content\/uploads\/2025\/10\/coracao-de-lutador-the-smashing-machine-2025.webp.webp?fit=1200%2C630&ssl=1&resize=700%2C400 2x, https:\/\/i0.wp.com\/noticiasribeiraopreto.com.br\/wp-content\/uploads\/2025\/10\/coracao-de-lutador-the-smashing-machine-2025.webp.webp?fit=1200%2C630&ssl=1&resize=1050%2C600 3x"},"classes":[]},{"id":62137,"url":"https:\/\/noticiasribeiraopreto.com.br\/index.php\/2025\/01\/04\/ferias-confira-opcoes-de-filmes-em-cartaz-nos-cinemas-de-ribeirao-preto\/","url_meta":{"origin":69689,"position":2},"title":"F\u00e9rias: Confira op\u00e7\u00f5es de filmes em cartaz nos cinemas de Ribeir\u00e3o Preto","author":"noticiasribeiraopreto.com.br","date":"4 de January de 2025","format":false,"excerpt":"Durante as f\u00e9rias, os cinemas de Ribeir\u00e3o Preto oferecem uma programa\u00e7\u00e3o diversificada para todos os gostos. Al\u00e9m disso, as recentes estreias nos servi\u00e7os de streaming tamb\u00e9m garantem boas op\u00e7\u00f5es de longas e s\u00e9ries. Cinemas Ribeir\u00e3o Preto conta com quatro cinemas espalhados pela cidade, sendo o Cinemark, no Novo Shopping, duas\u2026","rel":"","context":"In &quot;Not\u00edcias de Ribeir\u00e3o Preto-SP e Regi\u00e3o&quot;","block_context":{"text":"Not\u00edcias de Ribeir\u00e3o Preto-SP e Regi\u00e3o","link":"https:\/\/noticiasribeiraopreto.com.br\/index.php\/category\/noticias-de-ribeirao-preto-sp-e-regiao-ismael-colosi\/"},"img":{"alt_text":"","src":"https:\/\/i0.wp.com\/noticiasribeiraopreto.com.br\/wp-content\/uploads\/2024\/09\/pexels-tima-miroshnichenko-7991158_2024-09-09_14-25-55.webp.webp?fit=888%2C592&ssl=1&resize=350%2C200","width":350,"height":200,"srcset":"https:\/\/i0.wp.com\/noticiasribeiraopreto.com.br\/wp-content\/uploads\/2024\/09\/pexels-tima-miroshnichenko-7991158_2024-09-09_14-25-55.webp.webp?fit=888%2C592&ssl=1&resize=350%2C200 1x, https:\/\/i0.wp.com\/noticiasribeiraopreto.com.br\/wp-content\/uploads\/2024\/09\/pexels-tima-miroshnichenko-7991158_2024-09-09_14-25-55.webp.webp?fit=888%2C592&ssl=1&resize=525%2C300 1.5x, https:\/\/i0.wp.com\/noticiasribeiraopreto.com.br\/wp-content\/uploads\/2024\/09\/pexels-tima-miroshnichenko-7991158_2024-09-09_14-25-55.webp.webp?fit=888%2C592&ssl=1&resize=700%2C400 2x"},"classes":[]},{"id":66047,"url":"https:\/\/noticiasribeiraopreto.com.br\/index.php\/2025\/03\/27\/resgate-implacavel-e-outros-quatro-filmes-estreiam-nos-cinemas-de-ribeirao-preto\/","url_meta":{"origin":69689,"position":3},"title":"\u2018Resgate Implac\u00e1vel\u2019 e outros quatro filmes estreiam nos cinemas de Ribeir\u00e3o Preto","author":"noticiasribeiraopreto.com.br","date":"27 de March de 2025","format":false,"excerpt":"A quinta-feira (27) \u00e9 marcada pela estreia de quatro filmes nas telonas dos cinemas de Ribeir\u00e3o Preto. As op\u00e7\u00f5es contam com filmes de a\u00e7\u00e3o, drama e com\u00e9dia. O destaque da programa\u00e7\u00e3o \u00e9 o filme estrelado por Jason Statham, \u201cResgate implac\u00e1vel\u201d. Ribeir\u00e3o Preto conta com quatro cinemas, o UCI localizado no\u2026","rel":"","context":"In &quot;Not\u00edcias de Ribeir\u00e3o Preto-SP e Regi\u00e3o&quot;","block_context":{"text":"Not\u00edcias de Ribeir\u00e3o Preto-SP e Regi\u00e3o","link":"https:\/\/noticiasribeiraopreto.com.br\/index.php\/category\/noticias-de-ribeirao-preto-sp-e-regiao-ismael-colosi\/"},"img":{"alt_text":"","src":"https:\/\/i0.wp.com\/noticiasribeiraopreto.com.br\/wp-content\/uploads\/2025\/03\/Resgate-Implacavel-filme-de-acao-com-Jason-Statham0033697700202503211020-3_2025-03-27_12-34-23.webp.webp?fit=1200%2C714&ssl=1&resize=350%2C200","width":350,"height":200,"srcset":"https:\/\/i0.wp.com\/noticiasribeiraopreto.com.br\/wp-content\/uploads\/2025\/03\/Resgate-Implacavel-filme-de-acao-com-Jason-Statham0033697700202503211020-3_2025-03-27_12-34-23.webp.webp?fit=1200%2C714&ssl=1&resize=350%2C200 1x, https:\/\/i0.wp.com\/noticiasribeiraopreto.com.br\/wp-content\/uploads\/2025\/03\/Resgate-Implacavel-filme-de-acao-com-Jason-Statham0033697700202503211020-3_2025-03-27_12-34-23.webp.webp?fit=1200%2C714&ssl=1&resize=525%2C300 1.5x, https:\/\/i0.wp.com\/noticiasribeiraopreto.com.br\/wp-content\/uploads\/2025\/03\/Resgate-Implacavel-filme-de-acao-com-Jason-Statham0033697700202503211020-3_2025-03-27_12-34-23.webp.webp?fit=1200%2C714&ssl=1&resize=700%2C400 2x, https:\/\/i0.wp.com\/noticiasribeiraopreto.com.br\/wp-content\/uploads\/2025\/03\/Resgate-Implacavel-filme-de-acao-com-Jason-Statham0033697700202503211020-3_2025-03-27_12-34-23.webp.webp?fit=1200%2C714&ssl=1&resize=1050%2C600 3x"},"classes":[]},{"id":77771,"url":"https:\/\/noticiasribeiraopreto.com.br\/index.php\/2025\/09\/25\/filme-com-dicaprio-e-animacoes-chegam-aos-cinemas-de-ribeirao-preto\/","url_meta":{"origin":69689,"position":4},"title":"Filme com DiCaprio e anima\u00e7\u00f5es chegam aos cinemas de Ribeir\u00e3o Preto","author":"noticiasribeiraopreto.com.br","date":"25 de September de 2025","format":false,"excerpt":"Os cinemas de Ribeir\u00e3o Preto recebem quatro novos t\u00edtulos na programa\u00e7\u00e3o desta quinta-feira (25). O destaque \u00e9 o filme \u201cUma Batalha Ap\u00f3s a Outra\u201c, estrelado por Leonardo DiCaprio. Filmes de anima\u00e7\u00e3o para curtir com a fam\u00edlia tamb\u00e9m entram em cartaz esta semana. Ribeir\u00e3o Preto conta com quatro cinemas, o UCI\u2026","rel":"","context":"In &quot;Not\u00edcias de Ribeir\u00e3o Preto-SP e Regi\u00e3o&quot;","block_context":{"text":"Not\u00edcias de Ribeir\u00e3o Preto-SP e Regi\u00e3o","link":"https:\/\/noticiasribeiraopreto.com.br\/index.php\/category\/noticias-de-ribeirao-preto-sp-e-regiao-ismael-colosi\/"},"img":{"alt_text":"","src":"https:\/\/i0.wp.com\/noticiasribeiraopreto.com.br\/wp-content\/uploads\/2025\/09\/uma-batalha-apos-a-outra-leonardo-dicaprio_2025-09-25_14-33-14.webp.webp?fit=570%2C231&ssl=1&resize=350%2C200","width":350,"height":200,"srcset":"https:\/\/i0.wp.com\/noticiasribeiraopreto.com.br\/wp-content\/uploads\/2025\/09\/uma-batalha-apos-a-outra-leonardo-dicaprio_2025-09-25_14-33-14.webp.webp?fit=570%2C231&ssl=1&resize=350%2C200 1x, https:\/\/i0.wp.com\/noticiasribeiraopreto.com.br\/wp-content\/uploads\/2025\/09\/uma-batalha-apos-a-outra-leonardo-dicaprio_2025-09-25_14-33-14.webp.webp?fit=570%2C231&ssl=1&resize=525%2C300 1.5x"},"classes":[]},{"id":60888,"url":"https:\/\/noticiasribeiraopreto.com.br\/index.php\/2024\/11\/28\/moana-2-e-a-contadora-de-filmes-estreiam-nos-cinemas-de-ribeirao-preto\/","url_meta":{"origin":69689,"position":5},"title":"\u2018Moana 2\u2019 e \u2018A Contadora de Filmes\u2019 estreiam nos cinemas de Ribeir\u00e3o Preto","author":"noticiasribeiraopreto.com.br","date":"28 de November de 2024","format":false,"excerpt":"Esta quinta-feira (28) \u00e9 marcada pelo lan\u00e7amento de dois filmes nos cinemas de Ribeir\u00e3o Preto. Uma das grandes apostas do ano \u201cMoana 2\u201d e o longa chileno \u201cA Contadora de Filmes\u201d entram em cartaz. Ribeir\u00e3o Preto conta com quatro cinemas, o UCI localizado no Ribeir\u00e3o Shopping, o Cinep\u00f3lis nos shoppings\u2026","rel":"","context":"In &quot;Not\u00edcias de Ribeir\u00e3o Preto-SP e Regi\u00e3o&quot;","block_context":{"text":"Not\u00edcias de Ribeir\u00e3o Preto-SP e Regi\u00e3o","link":"https:\/\/noticiasribeiraopreto.com.br\/index.php\/category\/noticias-de-ribeirao-preto-sp-e-regiao-ismael-colosi\/"},"img":{"alt_text":"","src":"https:\/\/i0.wp.com\/noticiasribeiraopreto.com.br\/wp-content\/uploads\/2024\/11\/novo-poster-moana_2024-11-28_12-14-29.webp.webp?fit=1200%2C675&ssl=1&resize=350%2C200","width":350,"height":200,"srcset":"https:\/\/i0.wp.com\/noticiasribeiraopreto.com.br\/wp-content\/uploads\/2024\/11\/novo-poster-moana_2024-11-28_12-14-29.webp.webp?fit=1200%2C675&ssl=1&resize=350%2C200 1x, https:\/\/i0.wp.com\/noticiasribeiraopreto.com.br\/wp-content\/uploads\/2024\/11\/novo-poster-moana_2024-11-28_12-14-29.webp.webp?fit=1200%2C675&ssl=1&resize=525%2C300 1.5x, https:\/\/i0.wp.com\/noticiasribeiraopreto.com.br\/wp-content\/uploads\/2024\/11\/novo-poster-moana_2024-11-28_12-14-29.webp.webp?fit=1200%2C675&ssl=1&resize=700%2C400 2x, https:\/\/i0.wp.com\/noticiasribeiraopreto.com.br\/wp-content\/uploads\/2024\/11\/novo-poster-moana_2024-11-28_12-14-29.webp.webp?fit=1200%2C675&ssl=1&resize=1050%2C600 3x"},"classes":[]}],"jetpack_sharing_enabled":true,"jetpack_shortlink":"https:\/\/wp.me\/peQAOb-i81","_links":{"self":[{"href":"https:\/\/noticiasribeiraopreto.com.br\/index.php\/wp-json\/wp\/v2\/posts\/69689","targetHints":{"allow":["GET"]}}],"collection":[{"href":"https:\/\/noticiasribeiraopreto.com.br\/index.php\/wp-json\/wp\/v2\/posts"}],"about":[{"href":"https:\/\/noticiasribeiraopreto.com.br\/index.php\/wp-json\/wp\/v2\/types\/post"}],"author":[{"embeddable":true,"href":"https:\/\/noticiasribeiraopreto.com.br\/index.php\/wp-json\/wp\/v2\/users\/1"}],"replies":[{"embeddable":true,"href":"https:\/\/noticiasribeiraopreto.com.br\/index.php\/wp-json\/wp\/v2\/comments?post=69689"}],"version-history":[{"count":0,"href":"https:\/\/noticiasribeiraopreto.com.br\/index.php\/wp-json\/wp\/v2\/posts\/69689\/revisions"}],"wp:featuredmedia":[{"embeddable":true,"href":"https:\/\/noticiasribeiraopreto.com.br\/index.php\/wp-json\/wp\/v2\/media\/69691"}],"wp:attachment":[{"href":"https:\/\/noticiasribeiraopreto.com.br\/index.php\/wp-json\/wp\/v2\/media?parent=69689"}],"wp:term":[{"taxonomy":"category","embeddable":true,"href":"https:\/\/noticiasribeiraopreto.com.br\/index.php\/wp-json\/wp\/v2\/categories?post=69689"},{"taxonomy":"post_tag","embeddable":true,"href":"https:\/\/noticiasribeiraopreto.com.br\/index.php\/wp-json\/wp\/v2\/tags?post=69689"}],"curies":[{"name":"wp","href":"https:\/\/api.w.org\/{rel}","templated":true}]}}