{"id":69692,"date":"2025-05-08T11:38:14","date_gmt":"2025-05-08T14:38:14","guid":{"rendered":"https:\/\/noticiasribeiraopreto.com.br\/index.php\/2025\/05\/08\/acidente-deixa-vitima-grave-e-causa-interdicao-na-anhanguera-em-ribeirao-preto\/"},"modified":"2025-05-08T11:38:14","modified_gmt":"2025-05-08T14:38:14","slug":"acidente-deixa-vitima-grave-e-causa-interdicao-na-anhanguera-em-ribeirao-preto","status":"publish","type":"post","link":"https:\/\/noticiasribeiraopreto.com.br\/index.php\/2025\/05\/08\/acidente-deixa-vitima-grave-e-causa-interdicao-na-anhanguera-em-ribeirao-preto\/","title":{"rendered":"Acidente deixa v\u00edtima grave e causa interdi\u00e7\u00e3o na Anhanguera em Ribeir\u00e3o Preto"},"content":{"rendered":"<p> <br \/>\n<\/p>\n<div data-td-block-uid=\"tdi_95\">\n<div class=\"tdb-block-inner td-fix-index\">\n<p><strong>Um acidente deixou uma v\u00edtima em estado grave e causou interdi\u00e7\u00e3o na manh\u00e3 desta quinta-feira (8), no km 309 pela pista sentido Sul (Capital) da rodovia Anhanguera (SP-330), em Ribeir\u00e3o Preto.<\/strong><\/p>\n<p><mark style=\"background-color:#abb8c3\" class=\"has-inline-color has-black-color\">Segundo a concession\u00e1ria ViaPaulista, uma moto colidiu na traseira de um utilit\u00e1rio e, na sequ\u00eancia, o motociclista foi atropelado por um caminh\u00e3o-pipa.<\/mark><\/p>\n<p>Ainda conforme a ViaPaulista, a v\u00edtima foi socorrida e encaminhada a um hospital particular da cidade.<\/p>\n<p>A interdi\u00e7\u00e3o durou aproximadamente 50 minutos e as faixas foram liberadas, de acordo com a concession\u00e1ria.<\/p>\n<p>As causas do acidente ainda dever\u00e3o ser apuradas.<\/p>\n<p>SAIBA MAIS<\/p>\n<p>Veranico mant\u00e9m as temperaturas em eleva\u00e7\u00e3o no interior de SP; Veja previs\u00e3o<\/p>\n<h2 class=\"wp-block-heading\"><strong>FIQUE ON<\/strong><\/h2>\n<p>Fique ligado em tudo que acontece em Ribeir\u00e3o Preto e regi\u00e3o. Siga os perfis do\u00a0<strong>acidade on\u00a0<\/strong>no<a href=\"https:\/\/www.instagram.com\/acidadeonribeirao\">\u00a0Instagram\u00a0<\/a>e no\u00a0<a href=\"https:\/\/www.facebook.com\/acidadeonribeirao\/\">Facebook<\/a>.<\/p>\n<p>Receba not\u00edcias do\u00a0<strong>acidade on<\/strong>\u00a0no WhatsApp.<a href=\"https:\/\/chat.whatsapp.com\/BjKQZ9oJwlz8VVT50NuePq\">\u00a0Para entrar no grupo, basta clicar aqui.<\/a><\/p>\n<p>Fa\u00e7a uma den\u00fancia ou sugira uma reportagem sobre Ribeir\u00e3o Preto e regi\u00e3o pelo WhatsApp: 16 99117 7802.<\/p>\n<p>LEIA TAMB\u00c9M<\/p>\n<p>Mora sozinho? Veja como receber benef\u00edcios do \u2018Caixa Tem\u2019<\/p>\n<p><!-- CONTENT END 1 -->\n<\/div>\n<\/div>\n<p><script async src=\"\/\/www.instagram.com\/embed.js\"><\/script><br \/>\n<br \/><br \/>\n<br \/><a href=\"https:\/\/www.acidadeon.com\/ribeiraopreto\/cotidiano\/acidente-deixa-vitima-grave-e-causa-interdicao-na-anhanguera-em-ribeirao-preto\/\">Source link <\/a><\/p>\n","protected":false},"excerpt":{"rendered":"<p>Um acidente deixou uma v\u00edtima em estado grave e causou interdi\u00e7\u00e3o na manh\u00e3 desta quinta-feira (8), no km 309 pela pista sentido Sul (Capital) da&#8230;<\/p>\n","protected":false},"author":1,"featured_media":69693,"comment_status":"open","ping_status":"open","sticky":false,"template":"","format":"standard","meta":{"advanced_seo_description":"","jetpack_seo_html_title":"","jetpack_seo_noindex":false,"jetpack_post_was_ever_published":false,"_jetpack_newsletter_access":"","_jetpack_dont_email_post_to_subs":false,"_jetpack_newsletter_tier_id":0,"_jetpack_memberships_contains_paywalled_content":false,"_jetpack_memberships_contains_paid_content":false,"footnotes":"","jetpack_publicize_message":"","jetpack_publicize_feature_enabled":true,"jetpack_social_post_already_shared":true,"jetpack_social_options":{"image_generator_settings":{"template":"highway","default_image_id":0,"font":"","enabled":false},"version":2}},"categories":[11],"tags":[],"class_list":["post-69692","post","type-post","status-publish","format-standard","has-post-thumbnail","hentry","category-noticias-de-ribeirao-preto-sp-e-regiao-ismael-colosi"],"jetpack_publicize_connections":[],"jetpack_featured_media_url":"https:\/\/i0.wp.com\/noticiasribeiraopreto.com.br\/wp-content\/uploads\/2025\/05\/ANHANGUERA_2025-05-08_11-33-06.webp.webp?fit=1200%2C619&ssl=1","jetpack-related-posts":[{"id":46191,"url":"https:\/\/noticiasribeiraopreto.com.br\/index.php\/2024\/04\/10\/acidentes-deixam-vitimas-na-anhanguera-e-causam-interdicao-na-regiao-de-ribeirao\/","url_meta":{"origin":69692,"position":0},"title":"Acidentes deixam v\u00edtimas na Anhanguera e causam interdi\u00e7\u00e3o na regi\u00e3o de Ribeir\u00e3o","author":"noticiasribeiraopreto.com.br","date":"10 de April de 2024","format":false,"excerpt":"Dois acidentes foram registrados nesta quarta-feira (10) em pontos diferentes da rodovia Anhanguera (SP-330), na regi\u00e3o de Ribeir\u00e3o Preto. Segundo a concession\u00e1ria ViaPaulista, o primeiro ocorreu durante a madrugada, no km 269, sentido Norte (Capital-interior), em S\u00e3o Sim\u00e3o, No local houve o tombamento de uma carreta e o registro de\u2026","rel":"","context":"In &quot;Not\u00edcias de Ribeir\u00e3o Preto-SP e Regi\u00e3o&quot;","block_context":{"text":"Not\u00edcias de Ribeir\u00e3o Preto-SP e Regi\u00e3o","link":"https:\/\/noticiasribeiraopreto.com.br\/index.php\/category\/noticias-de-ribeirao-preto-sp-e-regiao-ismael-colosi\/"},"img":{"alt_text":"","src":"https:\/\/i0.wp.com\/noticiasribeiraopreto.com.br\/wp-content\/uploads\/2024\/04\/WhatsApp-Image-2024-04-10-at-09.42.58-scaled.jpeg?fit=1200%2C900&ssl=1&resize=350%2C200","width":350,"height":200,"srcset":"https:\/\/i0.wp.com\/noticiasribeiraopreto.com.br\/wp-content\/uploads\/2024\/04\/WhatsApp-Image-2024-04-10-at-09.42.58-scaled.jpeg?fit=1200%2C900&ssl=1&resize=350%2C200 1x, https:\/\/i0.wp.com\/noticiasribeiraopreto.com.br\/wp-content\/uploads\/2024\/04\/WhatsApp-Image-2024-04-10-at-09.42.58-scaled.jpeg?fit=1200%2C900&ssl=1&resize=525%2C300 1.5x, https:\/\/i0.wp.com\/noticiasribeiraopreto.com.br\/wp-content\/uploads\/2024\/04\/WhatsApp-Image-2024-04-10-at-09.42.58-scaled.jpeg?fit=1200%2C900&ssl=1&resize=700%2C400 2x, https:\/\/i0.wp.com\/noticiasribeiraopreto.com.br\/wp-content\/uploads\/2024\/04\/WhatsApp-Image-2024-04-10-at-09.42.58-scaled.jpeg?fit=1200%2C900&ssl=1&resize=1050%2C600 3x"},"classes":[]},{"id":38466,"url":"https:\/\/noticiasribeiraopreto.com.br\/index.php\/2024\/02\/20\/acidente-com-caminhao-e-duas-motos-deixa-vitimas-na-anhanguera-em-ribeirao\/","url_meta":{"origin":69692,"position":1},"title":"Acidente com caminh\u00e3o e duas motos deixa v\u00edtimas na Anhanguera em Ribeir\u00e3o","author":"noticiasribeiraopreto.com.br","date":"20 de February de 2024","format":false,"excerpt":"Na manh\u00e3 desta ter\u00e7a-feira (20), um acidente envolvendo duas motocicletas e um caminh\u00e3o deixou duas v\u00edtimas, e causou a interdi\u00e7\u00e3o de uma faixa pelo km 311 no sentido Sul (Capital) da rodovia Anhanguera (SP-330), em Ribeir\u00e3o Preto. Segundo informa\u00e7\u00f5es da concession\u00e1ria ViaPaulista, houve uma colis\u00e3o traseira seguida de choque contra\u2026","rel":"","context":"In &quot;Not\u00edcias de Ribeir\u00e3o Preto-SP e Regi\u00e3o&quot;","block_context":{"text":"Not\u00edcias de Ribeir\u00e3o Preto-SP e Regi\u00e3o","link":"https:\/\/noticiasribeiraopreto.com.br\/index.php\/category\/noticias-de-ribeirao-preto-sp-e-regiao-ismael-colosi\/"},"img":{"alt_text":"","src":"https:\/\/i0.wp.com\/noticiasribeiraopreto.com.br\/wp-content\/uploads\/2024\/02\/policia_militar_1024x576_17072021134619.jpg?fit=1024%2C576&ssl=1&resize=350%2C200","width":350,"height":200,"srcset":"https:\/\/i0.wp.com\/noticiasribeiraopreto.com.br\/wp-content\/uploads\/2024\/02\/policia_militar_1024x576_17072021134619.jpg?fit=1024%2C576&ssl=1&resize=350%2C200 1x, https:\/\/i0.wp.com\/noticiasribeiraopreto.com.br\/wp-content\/uploads\/2024\/02\/policia_militar_1024x576_17072021134619.jpg?fit=1024%2C576&ssl=1&resize=525%2C300 1.5x, https:\/\/i0.wp.com\/noticiasribeiraopreto.com.br\/wp-content\/uploads\/2024\/02\/policia_militar_1024x576_17072021134619.jpg?fit=1024%2C576&ssl=1&resize=700%2C400 2x"},"classes":[]},{"id":61905,"url":"https:\/\/noticiasribeiraopreto.com.br\/index.php\/2024\/12\/27\/acidente-com-caminhoes-deixa-vitima-grave-e-causa-interdicao-em-rodovia\/","url_meta":{"origin":69692,"position":2},"title":"Acidente com caminh\u00f5es deixa v\u00edtima grave e causa interdi\u00e7\u00e3o em rodovia","author":"noticiasribeiraopreto.com.br","date":"27 de December de 2024","format":false,"excerpt":"Uma batida entre dois caminh\u00f5es deixou uma v\u00edtima em estado grave na noite desta quinta-feira (26), na rodovia Ant\u00f4nio Machado Sant\u2019Anna (SP-255), em Ribeir\u00e3o Preto. Segundo a concession\u00e1ria ViaPaulista, os ve\u00edculos se envolveram em uma colis\u00e3o traseira no km 4 e as duas pistas ficaram interditadas no sentido Sul, o\u2026","rel":"","context":"In &quot;Not\u00edcias de Ribeir\u00e3o Preto-SP e Regi\u00e3o&quot;","block_context":{"text":"Not\u00edcias de Ribeir\u00e3o Preto-SP e Regi\u00e3o","link":"https:\/\/noticiasribeiraopreto.com.br\/index.php\/category\/noticias-de-ribeirao-preto-sp-e-regiao-ismael-colosi\/"},"img":{"alt_text":"","src":"https:\/\/i0.wp.com\/noticiasribeiraopreto.com.br\/wp-content\/uploads\/2024\/12\/20220809_065618844_policia_rodoviaria_1200x675_21062022083038.jpg?fit=1200%2C675&ssl=1&resize=350%2C200","width":350,"height":200,"srcset":"https:\/\/i0.wp.com\/noticiasribeiraopreto.com.br\/wp-content\/uploads\/2024\/12\/20220809_065618844_policia_rodoviaria_1200x675_21062022083038.jpg?fit=1200%2C675&ssl=1&resize=350%2C200 1x, https:\/\/i0.wp.com\/noticiasribeiraopreto.com.br\/wp-content\/uploads\/2024\/12\/20220809_065618844_policia_rodoviaria_1200x675_21062022083038.jpg?fit=1200%2C675&ssl=1&resize=525%2C300 1.5x, https:\/\/i0.wp.com\/noticiasribeiraopreto.com.br\/wp-content\/uploads\/2024\/12\/20220809_065618844_policia_rodoviaria_1200x675_21062022083038.jpg?fit=1200%2C675&ssl=1&resize=700%2C400 2x, https:\/\/i0.wp.com\/noticiasribeiraopreto.com.br\/wp-content\/uploads\/2024\/12\/20220809_065618844_policia_rodoviaria_1200x675_21062022083038.jpg?fit=1200%2C675&ssl=1&resize=1050%2C600 3x"},"classes":[]},{"id":83963,"url":"https:\/\/noticiasribeiraopreto.com.br\/index.php\/2026\/03\/30\/acidente-causa-bloqueio-na-anhanguera-na-regiao-de-ribeirao-preto\/","url_meta":{"origin":69692,"position":3},"title":"Acidente causa bloqueio na Anhanguera na regi\u00e3o de Ribeir\u00e3o Preto","author":"noticiasribeiraopreto.com.br","date":"30 de March de 2026","format":false,"excerpt":"Um acidente nesta segunda-feira (30) provoca uma interdi\u00e7\u00e3o parcial no km 275 da rodovia Anhanguera (SP-330), em S\u00e3o Sim\u00e3o, na regi\u00e3o de Ribeir\u00e3o Preto. Segundo a concession\u00e1ria Arteris ViaPaulista, as equipes foram acionadas para atendimento de colis\u00e3o seguido de choque contra a barreira envolvendo um caminh\u00e3o e uma van, na\u2026","rel":"","context":"In &quot;Not\u00edcias de Ribeir\u00e3o Preto-SP e Regi\u00e3o&quot;","block_context":{"text":"Not\u00edcias de Ribeir\u00e3o Preto-SP e Regi\u00e3o","link":"https:\/\/noticiasribeiraopreto.com.br\/index.php\/category\/noticias-de-ribeirao-preto-sp-e-regiao-ismael-colosi\/"},"img":{"alt_text":"","src":"https:\/\/i0.wp.com\/noticiasribeiraopreto.com.br\/wp-content\/uploads\/2024\/06\/BOMBEIROS-1024x575-1_2024-05-31_13-44-44_jpg_2024-05-31_13-44-44.webp.webp?fit=1024%2C575&ssl=1&resize=350%2C200","width":350,"height":200,"srcset":"https:\/\/i0.wp.com\/noticiasribeiraopreto.com.br\/wp-content\/uploads\/2024\/06\/BOMBEIROS-1024x575-1_2024-05-31_13-44-44_jpg_2024-05-31_13-44-44.webp.webp?fit=1024%2C575&ssl=1&resize=350%2C200 1x, https:\/\/i0.wp.com\/noticiasribeiraopreto.com.br\/wp-content\/uploads\/2024\/06\/BOMBEIROS-1024x575-1_2024-05-31_13-44-44_jpg_2024-05-31_13-44-44.webp.webp?fit=1024%2C575&ssl=1&resize=525%2C300 1.5x, https:\/\/i0.wp.com\/noticiasribeiraopreto.com.br\/wp-content\/uploads\/2024\/06\/BOMBEIROS-1024x575-1_2024-05-31_13-44-44_jpg_2024-05-31_13-44-44.webp.webp?fit=1024%2C575&ssl=1&resize=700%2C400 2x"},"classes":[]},{"id":84016,"url":"https:\/\/noticiasribeiraopreto.com.br\/index.php\/2026\/03\/31\/motociclista-morre-em-acidente-em-rodovia-de-ribeirao-preto-ha-interdicao\/","url_meta":{"origin":69692,"position":4},"title":"Motociclista morre em acidente em rodovia de Ribeir\u00e3o Preto; H\u00e1 interdi\u00e7\u00e3o","author":"noticiasribeiraopreto.com.br","date":"31 de March de 2026","format":false,"excerpt":"Um motociclista morreu na manh\u00e3 desta ter\u00e7a-feira (31) em um acidente entre moto e caminh\u00e3o no km 4 da rodovia Ant\u00f4nio Machado Sant\u2019Anna (SP-255), em Ribeir\u00e3o Preto. Segundo as informa\u00e7\u00f5es da concession\u00e1ria ViaPaulista, por causas ainda a serem esclarecidas, a moto atingiu a traseira do caminh\u00e3o em um trecho final\u2026","rel":"","context":"In &quot;Not\u00edcias de Ribeir\u00e3o Preto-SP e Regi\u00e3o&quot;","block_context":{"text":"Not\u00edcias de Ribeir\u00e3o Preto-SP e Regi\u00e3o","link":"https:\/\/noticiasribeiraopreto.com.br\/index.php\/category\/noticias-de-ribeirao-preto-sp-e-regiao-ismael-colosi\/"},"img":{"alt_text":"","src":"https:\/\/i0.wp.com\/noticiasribeiraopreto.com.br\/wp-content\/uploads\/2026\/03\/MOTO_2026-03-31_10-49-52.webp.webp?fit=1200%2C997&ssl=1&resize=350%2C200","width":350,"height":200,"srcset":"https:\/\/i0.wp.com\/noticiasribeiraopreto.com.br\/wp-content\/uploads\/2026\/03\/MOTO_2026-03-31_10-49-52.webp.webp?fit=1200%2C997&ssl=1&resize=350%2C200 1x, https:\/\/i0.wp.com\/noticiasribeiraopreto.com.br\/wp-content\/uploads\/2026\/03\/MOTO_2026-03-31_10-49-52.webp.webp?fit=1200%2C997&ssl=1&resize=525%2C300 1.5x, https:\/\/i0.wp.com\/noticiasribeiraopreto.com.br\/wp-content\/uploads\/2026\/03\/MOTO_2026-03-31_10-49-52.webp.webp?fit=1200%2C997&ssl=1&resize=700%2C400 2x, https:\/\/i0.wp.com\/noticiasribeiraopreto.com.br\/wp-content\/uploads\/2026\/03\/MOTO_2026-03-31_10-49-52.webp.webp?fit=1200%2C997&ssl=1&resize=1050%2C600 3x"},"classes":[]},{"id":69494,"url":"https:\/\/noticiasribeiraopreto.com.br\/index.php\/2025\/05\/06\/acidente-de-transito-deixa-rodovia-anhanguera-parcialmente-interditada-em-ribeirao\/","url_meta":{"origin":69692,"position":5},"title":"Acidente de tr\u00e2nsito deixa rodovia Anhanguera parcialmente interditada em Ribeir\u00e3o","author":"noticiasribeiraopreto.com.br","date":"6 de May de 2025","format":false,"excerpt":"Um acidente de tr\u00e2nsito provocou a interdi\u00e7\u00e3o de parte da rodovia Anhanguera (SP-330), pr\u00f3ximo ao km 308, em Ribeir\u00e3o Preto, na noite desta ter\u00e7a-feira (6). De acordo com as primeiras informa\u00e7\u00f5es do CCI (Centro de Controle de Informa\u00e7\u00f5es) da Artesp, trata-se de uma colis\u00e3o envolvendo um \u00f4nibus, uma moto, um\u2026","rel":"","context":"In &quot;Not\u00edcias de Ribeir\u00e3o Preto-SP e Regi\u00e3o&quot;","block_context":{"text":"Not\u00edcias de Ribeir\u00e3o Preto-SP e Regi\u00e3o","link":"https:\/\/noticiasribeiraopreto.com.br\/index.php\/category\/noticias-de-ribeirao-preto-sp-e-regiao-ismael-colosi\/"},"img":{"alt_text":"","src":"https:\/\/i0.wp.com\/noticiasribeiraopreto.com.br\/wp-content\/uploads\/2025\/05\/download-18_2025-05-06_21-57-06.webp.webp?fit=640%2C352&ssl=1&resize=350%2C200","width":350,"height":200,"srcset":"https:\/\/i0.wp.com\/noticiasribeiraopreto.com.br\/wp-content\/uploads\/2025\/05\/download-18_2025-05-06_21-57-06.webp.webp?fit=640%2C352&ssl=1&resize=350%2C200 1x, https:\/\/i0.wp.com\/noticiasribeiraopreto.com.br\/wp-content\/uploads\/2025\/05\/download-18_2025-05-06_21-57-06.webp.webp?fit=640%2C352&ssl=1&resize=525%2C300 1.5x"},"classes":[]}],"jetpack_sharing_enabled":true,"jetpack_shortlink":"https:\/\/wp.me\/peQAOb-i84","_links":{"self":[{"href":"https:\/\/noticiasribeiraopreto.com.br\/index.php\/wp-json\/wp\/v2\/posts\/69692","targetHints":{"allow":["GET"]}}],"collection":[{"href":"https:\/\/noticiasribeiraopreto.com.br\/index.php\/wp-json\/wp\/v2\/posts"}],"about":[{"href":"https:\/\/noticiasribeiraopreto.com.br\/index.php\/wp-json\/wp\/v2\/types\/post"}],"author":[{"embeddable":true,"href":"https:\/\/noticiasribeiraopreto.com.br\/index.php\/wp-json\/wp\/v2\/users\/1"}],"replies":[{"embeddable":true,"href":"https:\/\/noticiasribeiraopreto.com.br\/index.php\/wp-json\/wp\/v2\/comments?post=69692"}],"version-history":[{"count":0,"href":"https:\/\/noticiasribeiraopreto.com.br\/index.php\/wp-json\/wp\/v2\/posts\/69692\/revisions"}],"wp:featuredmedia":[{"embeddable":true,"href":"https:\/\/noticiasribeiraopreto.com.br\/index.php\/wp-json\/wp\/v2\/media\/69693"}],"wp:attachment":[{"href":"https:\/\/noticiasribeiraopreto.com.br\/index.php\/wp-json\/wp\/v2\/media?parent=69692"}],"wp:term":[{"taxonomy":"category","embeddable":true,"href":"https:\/\/noticiasribeiraopreto.com.br\/index.php\/wp-json\/wp\/v2\/categories?post=69692"},{"taxonomy":"post_tag","embeddable":true,"href":"https:\/\/noticiasribeiraopreto.com.br\/index.php\/wp-json\/wp\/v2\/tags?post=69692"}],"curies":[{"name":"wp","href":"https:\/\/api.w.org\/{rel}","templated":true}]}}