{"id":69696,"date":"2025-05-08T12:19:59","date_gmt":"2025-05-08T15:19:59","guid":{"rendered":"https:\/\/noticiasribeiraopreto.com.br\/index.php\/2025\/05\/08\/morre-trabalhador-acidentado-na-agrishow\/"},"modified":"2025-05-08T12:19:59","modified_gmt":"2025-05-08T15:19:59","slug":"morre-trabalhador-acidentado-na-agrishow","status":"publish","type":"post","link":"https:\/\/noticiasribeiraopreto.com.br\/index.php\/2025\/05\/08\/morre-trabalhador-acidentado-na-agrishow\/","title":{"rendered":"Morre trabalhador acidentado na Agrishow"},"content":{"rendered":"<div class='code-block code-block-1' style='margin: 8px 0 8px auto; text-align: right; display: block; clear: both;'>\n<p><a href=\"https:\/\/wa.link\/vpicfd\"><img data-recalc-dims=\"1\" class=\"wp-image-4922\" style=\"aspect-ratio: 2.0253164556962027; width: 561px; height: auto;\" src=\"https:\/\/i0.wp.com\/ismaelcolosi.com.br\/wp-content\/uploads\/2023\/11\/grupo-de-empregos-whatsapp-e-facebook-ismael-colosi-vagas.jpg?ssl=1\" alt=\"\" \/><\/a><\/p>\n<!-- \/wp:image -->\n<\/div>\n<p> <br \/>\n<\/p>\n<div>\n<p>Carlos Daniel Costa, de 25 anos, trabalhador que sofreu um grave acidente no fim da manh\u00e3 de quarta-feira, 7 de maio, durante desmontagem de uma m\u00e1quina em exposi\u00e7\u00e3o num estande da Feira Internacional de Tecnologia Agr\u00edcola em A\u00e7\u00e3o (Agrishow 2025), morreu na madrugada desta quinta-feira (8). A 30\u00aa edi\u00e7\u00e3o do evento terminou na sexta-feira (2), em Ribeir\u00e3o Preto.<\/p>\n<p>O caso deve ser investigado pelo Minist\u00e9rio P\u00fablico do Trabalho (MPT), que j\u00e1 tem um processo contra os organizadores da Agrishow por causa do \u201ctrabalho em altura\u201d. A Pol\u00edcia Civil instaurou inqu\u00e9rito. O acidente ocorreu por volta das onze horas de quarta-feira, quando o jovem paranaense ajudava a desmontar maquin\u00e1rio que estava em exposi\u00e7\u00e3o dentro da \u00e1rea da feira.<\/p>\n<p>Uma pe\u00e7a se soltou e atingiu a cabe\u00e7a da v\u00edtima. Ele usava equipamento de prote\u00e7\u00e3o individual (EPI). A v\u00edtima recebeu os primeiros atendimentos no local por uma equipe especializada de sa\u00fade. Em seguida, foi encaminhada a um hospital particular da cidade.<\/p>\n<p>\u201cUm profissional que trabalhava na Agrishow deu entrada no Hospital da Unimed em estado grave e segue em avalia\u00e7\u00e3o pela equipe m\u00e9dica\u201d, diz nota da unidade hospitalar. Outros trabalhadores, que estavam nas proximidades onde ocorreu o acidente ficaram consternados com a gravidade dos ferimentos da v\u00edtima.<\/p>\n<p>A organiza\u00e7\u00e3o da Agrishow emitiu nota sobre a morte de Costa. \u201cCom profundo pesar, a Agrishow lamenta o falecimento do colaborador de um dos expositores da feira, que se acidentou na manh\u00e3 de ontem (quarta-feira) enquanto trabalhava junto a um maquin\u00e1rio no estande da empresa\u201d. diz.<\/p>\n<p>\u201cAs causas do acidente est\u00e3o sendo investigadas pelas autoridades locais, que recebem todo o suporte necess\u00e1rio, e a organiza\u00e7\u00e3o da Agrishow presta todo o apoio devido neste momento\u201d, citam os organizadores no comunicado este n\u00e3o foi o primeiro acidente fatal no recinto da feira. A empresa que contratou Costa tamb\u00e9m disse que lamenta o \u00f3bito e presta assist\u00eancia \u00e0 fam\u00edlia.<\/p>\n<p>Em 6 de maio do ano passado, o jovem M\u00e1rcio Sabino Silva, de 27 anos, morreu ap\u00f3s ser atingido na cabe\u00e7a pela estrutura met\u00e1lica de uma tenda que desabou pr\u00f3ximo ao heliponto instalado no recinto da Agrishow. Neste ano, o pouso e decolagens de aeronaves foi proibido no local.<\/p>\n<p>O heliponto foi transferido para Dumont. O boletim de ocorr\u00eancia foi registrado como les\u00e3o corporal e abuso na pr\u00e1tica da avia\u00e7\u00e3o, mas com a morte do trabalhador o caso passou a ser investigado como homic\u00eddio culposo, quando n\u00e3o h\u00e1 dolo, a inten\u00e7\u00e3o de matar.<\/p>\n<p>Na edi\u00e7\u00e3o de 2022, um trabalhador perdeu a m\u00e3o ap\u00f3s levar uma descarga el\u00e9trica. No dia 16 de maio do mesmo ano, tr\u00eas pessoas ficaram feridas. Os tr\u00eas oper\u00e1rios estavam trabalhando na desmontagem de uma estrutura que cedeu.<\/p>\n<p>O trio caiu de uma altura de dez metros. O Corpo de Bombeiros foi acionado e viaturas de resgate realizaram os primeiros socorros nos feridos. Depois de estabilizados, eles foram transferidos para a Unidade B\u00e1sica e Distrital de Sa\u00fade Doutor Marco Ant\u00f4nio Sah\u00e3o (UBDS Sul), na Vila Virg\u00ednia.<\/p>\n<p>Os feridos tiveram contus\u00f5es e escoria\u00e7\u00f5es. A 6\u00aa Vara do Trabalho de Ribeir\u00e3o Preto determinou a paralisa\u00e7\u00e3o dos servi\u00e7os e interven\u00e7\u00f5es nas instala\u00e7\u00f5es el\u00e9tricas em altura que estavam sendo realizados durante a desmontagem da estrutura da Agrishow.<\/p>\n<p>A ju\u00edza substituta Andressa Venturi da Cunha Weber atendeu aos pedidos do MPT. Uma for\u00e7a-tarefa de fiscaliza\u00e7\u00e3o encontrou irregularidades em normas de seguran\u00e7a do trabalho realizada por v\u00e1rias empresas. Posteriormente, a liminar foi cassada.<\/p>\n<p>A Agrishow 2025 gerou um volume total de R$ 14,6 bilh\u00f5es em inten\u00e7\u00f5es de neg\u00f3cios, novo recorde desde 1994 e 7,35% superior aos R$ 13,6 bilh\u00f5es de 2024, acr\u00e9scimo de R$ 1 bilh\u00e3o. Contudo, a concretiza\u00e7\u00e3o de todos os neg\u00f3cios depender\u00e1 do total da linha de cr\u00e9dito que o governo federal ir\u00e1 disponibilizar no Plano Safra, ainda n\u00e3o anunciado.<\/p>\n<p>A expectativa \u00e9 ultrapassar R$ 15 bilh\u00f5es em vendas. A organiza\u00e7\u00e3o tamb\u00e9m anunciou que 197 mil pessoas passaram pela feira desde a segunda-feira, 28 de abril. S\u00e3o cerca de dois mil visitantes a mais que os 195 mil do ano passado,crescimento de 1,02%, mas bem abaixo da proje\u00e7\u00e3o otimista de 220 mil pessoas. A pr\u00f3xima edi\u00e7\u00e3o ser\u00e1 de 27 de abril a 1\u00ba de maio de 2026.<\/p>\n<p>A Agrishow \u00e9 uma iniciativa das principais entidades do agroneg\u00f3cio no pa\u00eds. S\u00e3o elas a Associa\u00e7\u00e3o Brasileira do Agroneg\u00f3cio (Abag), Associa\u00e7\u00e3o Brasileira da Ind\u00fastria de M\u00e1quinas e Equipamentos (Abimaq), Associa\u00e7\u00e3o Nacional para Difus\u00e3o de Adubos (Anda), Federa\u00e7\u00e3o da Agricultura e da Pecu\u00e1ria do Estado de S\u00e3o Paulo (Faesp) e Sociedade Rural Brasileira (SRB). \u00c9 organizada pela Informa Markets.<\/p>\n<\/div>\n<p><br \/>\n<br \/><a href=\"https:\/\/www.tribunaribeirao.com.br\/morre-trabalhador-acidentado-na-agrishow\/\">Source link <\/a><\/p>\n<!-- CONTENT END 1 -->\n","protected":false},"excerpt":{"rendered":"<p>Carlos Daniel Costa, de 25 anos, trabalhador que sofreu um grave acidente no fim da manh\u00e3 de quarta-feira, 7 de maio, durante desmontagem de uma&#8230;<\/p>\n","protected":false},"author":1,"featured_media":69697,"comment_status":"open","ping_status":"open","sticky":false,"template":"","format":"standard","meta":{"advanced_seo_description":"","jetpack_seo_html_title":"","jetpack_seo_noindex":false,"jetpack_post_was_ever_published":false,"_jetpack_newsletter_access":"","_jetpack_dont_email_post_to_subs":false,"_jetpack_newsletter_tier_id":0,"_jetpack_memberships_contains_paywalled_content":false,"_jetpack_memberships_contains_paid_content":false,"footnotes":"","jetpack_publicize_message":"","jetpack_publicize_feature_enabled":true,"jetpack_social_post_already_shared":true,"jetpack_social_options":{"image_generator_settings":{"template":"highway","default_image_id":0,"font":"","enabled":false},"version":2}},"categories":[11],"tags":[],"class_list":["post-69696","post","type-post","status-publish","format-standard","has-post-thumbnail","hentry","category-noticias-de-ribeirao-preto-sp-e-regiao-ismael-colosi"],"jetpack_publicize_connections":[],"jetpack_featured_media_url":"https:\/\/i0.wp.com\/noticiasribeiraopreto.com.br\/wp-content\/uploads\/2025\/05\/acidente_agrishow-1.jpeg?fit=720%2C524&ssl=1","jetpack-related-posts":[{"id":69616,"url":"https:\/\/noticiasribeiraopreto.com.br\/index.php\/2025\/05\/07\/trabalhador-sofre-acidente-grave-durante-desmontagem-na-agrishow\/","url_meta":{"origin":69696,"position":0},"title":"Trabalhador sofre acidente grave durante desmontagem na Agrishow","author":"noticiasribeiraopreto.com.br","date":"7 de May de 2025","format":false,"excerpt":"7 de maio de 2025 16:2910 Compartilhar0 Um trabalhador ficou gravemente ferido no fim da manh\u00e3 desta quarta-feira (7) durante a desmontagem de um expositor na Agrishow, em Ribeir\u00e3o Preto (SP). Segundo nota divulgada pela assessoria de imprensa do evento, o acidente ocorreu por volta das 11h, enquanto o funcion\u00e1rio\u2026","rel":"","context":"In &quot;Not\u00edcias de Ribeir\u00e3o Preto-SP e Regi\u00e3o&quot;","block_context":{"text":"Not\u00edcias de Ribeir\u00e3o Preto-SP e Regi\u00e3o","link":"https:\/\/noticiasribeiraopreto.com.br\/index.php\/category\/noticias-de-ribeirao-preto-sp-e-regiao-ismael-colosi\/"},"img":{"alt_text":"","src":"https:\/\/i0.wp.com\/noticiasribeiraopreto.com.br\/wp-content\/uploads\/2025\/05\/acidente_agrishow.jpeg?fit=720%2C524&ssl=1&resize=350%2C200","width":350,"height":200,"srcset":"https:\/\/i0.wp.com\/noticiasribeiraopreto.com.br\/wp-content\/uploads\/2025\/05\/acidente_agrishow.jpeg?fit=720%2C524&ssl=1&resize=350%2C200 1x, https:\/\/i0.wp.com\/noticiasribeiraopreto.com.br\/wp-content\/uploads\/2025\/05\/acidente_agrishow.jpeg?fit=720%2C524&ssl=1&resize=525%2C300 1.5x, https:\/\/i0.wp.com\/noticiasribeiraopreto.com.br\/wp-content\/uploads\/2025\/05\/acidente_agrishow.jpeg?fit=720%2C524&ssl=1&resize=700%2C400 2x"},"classes":[]},{"id":69625,"url":"https:\/\/noticiasribeiraopreto.com.br\/index.php\/2025\/05\/07\/agrishow-trabalhador-fica-em-estado-grave-apos-acidente-durante-a-desmontagem-do-evento\/","url_meta":{"origin":69696,"position":1},"title":"Agrishow: trabalhador fica em estado grave ap\u00f3s acidente durante a desmontagem do evento","author":"noticiasribeiraopreto.com.br","date":"7 de May de 2025","format":false,"excerpt":"Um trabalhador sofreu um acidente grave nesta quarta-feira (7), por volta das 11h, durante a desmontagem de um estande na Agrishow, em Ribeir\u00e3o Preto, enquanto operava a movimenta\u00e7\u00e3o de um maquin\u00e1rio de um expositor. A v\u00edtima foi socorrida no local por uma equipe de sa\u00fade e, em seguida, transferida para\u2026","rel":"","context":"In &quot;Not\u00edcias de Ribeir\u00e3o Preto-SP e Regi\u00e3o&quot;","block_context":{"text":"Not\u00edcias de Ribeir\u00e3o Preto-SP e Regi\u00e3o","link":"https:\/\/noticiasribeiraopreto.com.br\/index.php\/category\/noticias-de-ribeirao-preto-sp-e-regiao-ismael-colosi\/"},"img":{"alt_text":"","src":"https:\/\/i0.wp.com\/noticiasribeiraopreto.com.br\/wp-content\/uploads\/2025\/01\/Copia-de-Copia-de-Copia-de-TAMANHO-EXATO-PARA-FOTOS-NO-SISTEMA-NOVO-2025-01-13T132434.793_2025-01-13_16-24-39_png_2025-01-13_16-24-39.webp.webp?fit=1200%2C675&ssl=1&resize=350%2C200","width":350,"height":200,"srcset":"https:\/\/i0.wp.com\/noticiasribeiraopreto.com.br\/wp-content\/uploads\/2025\/01\/Copia-de-Copia-de-Copia-de-TAMANHO-EXATO-PARA-FOTOS-NO-SISTEMA-NOVO-2025-01-13T132434.793_2025-01-13_16-24-39_png_2025-01-13_16-24-39.webp.webp?fit=1200%2C675&ssl=1&resize=350%2C200 1x, https:\/\/i0.wp.com\/noticiasribeiraopreto.com.br\/wp-content\/uploads\/2025\/01\/Copia-de-Copia-de-Copia-de-TAMANHO-EXATO-PARA-FOTOS-NO-SISTEMA-NOVO-2025-01-13T132434.793_2025-01-13_16-24-39_png_2025-01-13_16-24-39.webp.webp?fit=1200%2C675&ssl=1&resize=525%2C300 1.5x, https:\/\/i0.wp.com\/noticiasribeiraopreto.com.br\/wp-content\/uploads\/2025\/01\/Copia-de-Copia-de-Copia-de-TAMANHO-EXATO-PARA-FOTOS-NO-SISTEMA-NOVO-2025-01-13T132434.793_2025-01-13_16-24-39_png_2025-01-13_16-24-39.webp.webp?fit=1200%2C675&ssl=1&resize=700%2C400 2x, https:\/\/i0.wp.com\/noticiasribeiraopreto.com.br\/wp-content\/uploads\/2025\/01\/Copia-de-Copia-de-Copia-de-TAMANHO-EXATO-PARA-FOTOS-NO-SISTEMA-NOVO-2025-01-13T132434.793_2025-01-13_16-24-39_png_2025-01-13_16-24-39.webp.webp?fit=1200%2C675&ssl=1&resize=1050%2C600 3x"},"classes":[]},{"id":69720,"url":"https:\/\/noticiasribeiraopreto.com.br\/index.php\/2025\/05\/08\/morre-trabalhador-ferido-em-acidente-durante-desmontagem-na-agrishow\/","url_meta":{"origin":69696,"position":2},"title":"Morre trabalhador ferido em acidente durante desmontagem na Agrishow","author":"noticiasribeiraopreto.com.br","date":"8 de May de 2025","format":false,"excerpt":"O trabalhador de 25 anos que sofreu um acidente grave nesta quarta-feira (7), enquanto operava a movimenta\u00e7\u00e3o de um maquin\u00e1rio de um expositor durante desmontagem na\u00a0Agrishow, em Ribeir\u00e3o Preto, morreu nesta quinta-feira (8). A informa\u00e7\u00e3o foi confirmada pela assessoria da feira e pela empresa em que v\u00edtima atuava, que lamentaram\u2026","rel":"","context":"In &quot;Not\u00edcias de Ribeir\u00e3o Preto-SP e Regi\u00e3o&quot;","block_context":{"text":"Not\u00edcias de Ribeir\u00e3o Preto-SP e Regi\u00e3o","link":"https:\/\/noticiasribeiraopreto.com.br\/index.php\/category\/noticias-de-ribeirao-preto-sp-e-regiao-ismael-colosi\/"},"img":{"alt_text":"","src":"https:\/\/i0.wp.com\/noticiasribeiraopreto.com.br\/wp-content\/uploads\/2025\/05\/Copia-de-Copia-de-Copia-de-TAMANHO-EXATO-PARA-FOTOS-NO-SISTEMA-NOVO-47_2025-05-07_20-15-07.webp.webp?fit=1200%2C675&ssl=1&resize=350%2C200","width":350,"height":200,"srcset":"https:\/\/i0.wp.com\/noticiasribeiraopreto.com.br\/wp-content\/uploads\/2025\/05\/Copia-de-Copia-de-Copia-de-TAMANHO-EXATO-PARA-FOTOS-NO-SISTEMA-NOVO-47_2025-05-07_20-15-07.webp.webp?fit=1200%2C675&ssl=1&resize=350%2C200 1x, https:\/\/i0.wp.com\/noticiasribeiraopreto.com.br\/wp-content\/uploads\/2025\/05\/Copia-de-Copia-de-Copia-de-TAMANHO-EXATO-PARA-FOTOS-NO-SISTEMA-NOVO-47_2025-05-07_20-15-07.webp.webp?fit=1200%2C675&ssl=1&resize=525%2C300 1.5x, https:\/\/i0.wp.com\/noticiasribeiraopreto.com.br\/wp-content\/uploads\/2025\/05\/Copia-de-Copia-de-Copia-de-TAMANHO-EXATO-PARA-FOTOS-NO-SISTEMA-NOVO-47_2025-05-07_20-15-07.webp.webp?fit=1200%2C675&ssl=1&resize=700%2C400 2x, https:\/\/i0.wp.com\/noticiasribeiraopreto.com.br\/wp-content\/uploads\/2025\/05\/Copia-de-Copia-de-Copia-de-TAMANHO-EXATO-PARA-FOTOS-NO-SISTEMA-NOVO-47_2025-05-07_20-15-07.webp.webp?fit=1200%2C675&ssl=1&resize=1050%2C600 3x"},"classes":[]},{"id":48803,"url":"https:\/\/noticiasribeiraopreto.com.br\/index.php\/2024\/05\/06\/morre-trabalhador-atingido-por-barra-de-ferro-durante-agrishow-em-ribeirao-preto\/","url_meta":{"origin":69696,"position":3},"title":"Morre trabalhador atingido por barra de ferro durante Agrishow em Ribeir\u00e3o Preto","author":"noticiasribeiraopreto.com.br","date":"6 de May de 2024","format":false,"excerpt":"Morreu o trabalhador que foi v\u00edtima de um acidente a\u00e9reo envolvendo um helic\u00f3ptero particular durante a Agrishow, em Ribeir\u00e3o Preto. A informa\u00e7\u00e3o foi confirmada pela organiza\u00e7\u00e3o da feira. M\u00e1rcio Sabino Silva tinha 27 anos e teria sido atingido na cabe\u00e7a por uma barra de ferro que caiu de uma tenda,\u2026","rel":"","context":"In &quot;Not\u00edcias de Ribeir\u00e3o Preto-SP e Regi\u00e3o&quot;","block_context":{"text":"Not\u00edcias de Ribeir\u00e3o Preto-SP e Regi\u00e3o","link":"https:\/\/noticiasribeiraopreto.com.br\/index.php\/category\/noticias-de-ribeirao-preto-sp-e-regiao-ismael-colosi\/"},"img":{"alt_text":"","src":"https:\/\/i0.wp.com\/noticiasribeiraopreto.com.br\/wp-content\/uploads\/2024\/05\/WhatsApp-Image-2024-05-02-at-10.12.11_2024-05-03_11-02-57_jpeg_2024-05-03_11-02-57.webp.webp?fit=1200%2C675&ssl=1&resize=350%2C200","width":350,"height":200,"srcset":"https:\/\/i0.wp.com\/noticiasribeiraopreto.com.br\/wp-content\/uploads\/2024\/05\/WhatsApp-Image-2024-05-02-at-10.12.11_2024-05-03_11-02-57_jpeg_2024-05-03_11-02-57.webp.webp?fit=1200%2C675&ssl=1&resize=350%2C200 1x, https:\/\/i0.wp.com\/noticiasribeiraopreto.com.br\/wp-content\/uploads\/2024\/05\/WhatsApp-Image-2024-05-02-at-10.12.11_2024-05-03_11-02-57_jpeg_2024-05-03_11-02-57.webp.webp?fit=1200%2C675&ssl=1&resize=525%2C300 1.5x, https:\/\/i0.wp.com\/noticiasribeiraopreto.com.br\/wp-content\/uploads\/2024\/05\/WhatsApp-Image-2024-05-02-at-10.12.11_2024-05-03_11-02-57_jpeg_2024-05-03_11-02-57.webp.webp?fit=1200%2C675&ssl=1&resize=700%2C400 2x, https:\/\/i0.wp.com\/noticiasribeiraopreto.com.br\/wp-content\/uploads\/2024\/05\/WhatsApp-Image-2024-05-02-at-10.12.11_2024-05-03_11-02-57_jpeg_2024-05-03_11-02-57.webp.webp?fit=1200%2C675&ssl=1&resize=1050%2C600 3x"},"classes":[]},{"id":48321,"url":"https:\/\/noticiasribeiraopreto.com.br\/index.php\/2024\/05\/02\/o-que-se-sabe-sobre-acidente-com-feridos-na-agrishow-em-ribeirao-preto\/","url_meta":{"origin":69696,"position":4},"title":"O que se sabe sobre acidente com feridos na Agrishow em Ribeir\u00e3o Preto","author":"noticiasribeiraopreto.com.br","date":"2 de May de 2024","format":false,"excerpt":"Um acidente pr\u00f3ximo da \u00e1rea do heliponto da Agrishow deixou duas pessoas feridas na manh\u00e3 desta quinta-feira (2), em Ribeir\u00e3o Preto. O acidente envolveu um helic\u00f3ptero particular e uma tenda de prestador de servi\u00e7os, cuja estrutura cedeu com a for\u00e7a do vento da h\u00e9lice da aeronave. O que diz a\u2026","rel":"","context":"In &quot;Not\u00edcias de Ribeir\u00e3o Preto-SP e Regi\u00e3o&quot;","block_context":{"text":"Not\u00edcias de Ribeir\u00e3o Preto-SP e Regi\u00e3o","link":"https:\/\/noticiasribeiraopreto.com.br\/index.php\/category\/noticias-de-ribeirao-preto-sp-e-regiao-ismael-colosi\/"},"img":{"alt_text":"","src":"https:\/\/i0.wp.com\/noticiasribeiraopreto.com.br\/wp-content\/uploads\/2024\/05\/WhatsApp-Image-2024-05-02-at-11.09.47_2024-05-02_14-10-38_jpeg_2024-05-02_14-10-38.webp.webp?fit=1200%2C965&ssl=1&resize=350%2C200","width":350,"height":200,"srcset":"https:\/\/i0.wp.com\/noticiasribeiraopreto.com.br\/wp-content\/uploads\/2024\/05\/WhatsApp-Image-2024-05-02-at-11.09.47_2024-05-02_14-10-38_jpeg_2024-05-02_14-10-38.webp.webp?fit=1200%2C965&ssl=1&resize=350%2C200 1x, https:\/\/i0.wp.com\/noticiasribeiraopreto.com.br\/wp-content\/uploads\/2024\/05\/WhatsApp-Image-2024-05-02-at-11.09.47_2024-05-02_14-10-38_jpeg_2024-05-02_14-10-38.webp.webp?fit=1200%2C965&ssl=1&resize=525%2C300 1.5x, https:\/\/i0.wp.com\/noticiasribeiraopreto.com.br\/wp-content\/uploads\/2024\/05\/WhatsApp-Image-2024-05-02-at-11.09.47_2024-05-02_14-10-38_jpeg_2024-05-02_14-10-38.webp.webp?fit=1200%2C965&ssl=1&resize=700%2C400 2x, https:\/\/i0.wp.com\/noticiasribeiraopreto.com.br\/wp-content\/uploads\/2024\/05\/WhatsApp-Image-2024-05-02-at-11.09.47_2024-05-02_14-10-38_jpeg_2024-05-02_14-10-38.webp.webp?fit=1200%2C965&ssl=1&resize=1050%2C600 3x"},"classes":[]},{"id":48463,"url":"https:\/\/noticiasribeiraopreto.com.br\/index.php\/2024\/05\/03\/duas-pessoas-seguem-internadas-apos-acidente-na-agrishow-em-ribeirao-preto\/","url_meta":{"origin":69696,"position":5},"title":"Duas pessoas seguem internadas ap\u00f3s acidente na Agrishow em Ribeir\u00e3o Preto","author":"noticiasribeiraopreto.com.br","date":"3 de May de 2024","format":false,"excerpt":"As duas v\u00edtimas de um acidente que envolveu um helic\u00f3ptero e a queda da estrutura de uma tenda na Agrishow, em Ribeir\u00e3o Preto, seguem hospitalizadas. As v\u00edtimas, uma mulher de 25 anos e um homem, de 27 anos, estavam, na manh\u00e3 desta quinta-feira (2), em uma tenda de distribui\u00e7\u00e3o de\u2026","rel":"","context":"In &quot;Not\u00edcias de Ribeir\u00e3o Preto-SP e Regi\u00e3o&quot;","block_context":{"text":"Not\u00edcias de Ribeir\u00e3o Preto-SP e Regi\u00e3o","link":"https:\/\/noticiasribeiraopreto.com.br\/index.php\/category\/noticias-de-ribeirao-preto-sp-e-regiao-ismael-colosi\/"},"img":{"alt_text":"","src":"https:\/\/i0.wp.com\/noticiasribeiraopreto.com.br\/wp-content\/uploads\/2024\/05\/WhatsApp-Image-2024-05-02-at-10.12.11_2024-05-03_11-02-57_jpeg_2024-05-03_11-02-57.webp.webp?fit=1200%2C675&ssl=1&resize=350%2C200","width":350,"height":200,"srcset":"https:\/\/i0.wp.com\/noticiasribeiraopreto.com.br\/wp-content\/uploads\/2024\/05\/WhatsApp-Image-2024-05-02-at-10.12.11_2024-05-03_11-02-57_jpeg_2024-05-03_11-02-57.webp.webp?fit=1200%2C675&ssl=1&resize=350%2C200 1x, https:\/\/i0.wp.com\/noticiasribeiraopreto.com.br\/wp-content\/uploads\/2024\/05\/WhatsApp-Image-2024-05-02-at-10.12.11_2024-05-03_11-02-57_jpeg_2024-05-03_11-02-57.webp.webp?fit=1200%2C675&ssl=1&resize=525%2C300 1.5x, https:\/\/i0.wp.com\/noticiasribeiraopreto.com.br\/wp-content\/uploads\/2024\/05\/WhatsApp-Image-2024-05-02-at-10.12.11_2024-05-03_11-02-57_jpeg_2024-05-03_11-02-57.webp.webp?fit=1200%2C675&ssl=1&resize=700%2C400 2x, https:\/\/i0.wp.com\/noticiasribeiraopreto.com.br\/wp-content\/uploads\/2024\/05\/WhatsApp-Image-2024-05-02-at-10.12.11_2024-05-03_11-02-57_jpeg_2024-05-03_11-02-57.webp.webp?fit=1200%2C675&ssl=1&resize=1050%2C600 3x"},"classes":[]}],"jetpack_sharing_enabled":true,"jetpack_shortlink":"https:\/\/wp.me\/peQAOb-i88","_links":{"self":[{"href":"https:\/\/noticiasribeiraopreto.com.br\/index.php\/wp-json\/wp\/v2\/posts\/69696","targetHints":{"allow":["GET"]}}],"collection":[{"href":"https:\/\/noticiasribeiraopreto.com.br\/index.php\/wp-json\/wp\/v2\/posts"}],"about":[{"href":"https:\/\/noticiasribeiraopreto.com.br\/index.php\/wp-json\/wp\/v2\/types\/post"}],"author":[{"embeddable":true,"href":"https:\/\/noticiasribeiraopreto.com.br\/index.php\/wp-json\/wp\/v2\/users\/1"}],"replies":[{"embeddable":true,"href":"https:\/\/noticiasribeiraopreto.com.br\/index.php\/wp-json\/wp\/v2\/comments?post=69696"}],"version-history":[{"count":0,"href":"https:\/\/noticiasribeiraopreto.com.br\/index.php\/wp-json\/wp\/v2\/posts\/69696\/revisions"}],"wp:featuredmedia":[{"embeddable":true,"href":"https:\/\/noticiasribeiraopreto.com.br\/index.php\/wp-json\/wp\/v2\/media\/69697"}],"wp:attachment":[{"href":"https:\/\/noticiasribeiraopreto.com.br\/index.php\/wp-json\/wp\/v2\/media?parent=69696"}],"wp:term":[{"taxonomy":"category","embeddable":true,"href":"https:\/\/noticiasribeiraopreto.com.br\/index.php\/wp-json\/wp\/v2\/categories?post=69696"},{"taxonomy":"post_tag","embeddable":true,"href":"https:\/\/noticiasribeiraopreto.com.br\/index.php\/wp-json\/wp\/v2\/tags?post=69696"}],"curies":[{"name":"wp","href":"https:\/\/api.w.org\/{rel}","templated":true}]}}