{"id":69700,"date":"2025-05-08T13:31:19","date_gmt":"2025-05-08T16:31:19","guid":{"rendered":"https:\/\/noticiasribeiraopreto.com.br\/index.php\/2025\/05\/08\/plano-de-areas-verdes-abre-consulta\/"},"modified":"2025-05-08T13:31:19","modified_gmt":"2025-05-08T16:31:19","slug":"plano-de-areas-verdes-abre-consulta","status":"publish","type":"post","link":"https:\/\/noticiasribeiraopreto.com.br\/index.php\/2025\/05\/08\/plano-de-areas-verdes-abre-consulta\/","title":{"rendered":"Plano de \u00e1reas verdes abre consulta \u00a0"},"content":{"rendered":"<div class='code-block code-block-1' style='margin: 8px 0 8px auto; text-align: right; display: block; clear: both;'>\n<p><a href=\"https:\/\/wa.link\/vpicfd\"><img data-recalc-dims=\"1\" class=\"wp-image-4922\" style=\"aspect-ratio: 2.0253164556962027; width: 561px; height: auto;\" src=\"https:\/\/i0.wp.com\/ismaelcolosi.com.br\/wp-content\/uploads\/2023\/11\/grupo-de-empregos-whatsapp-e-facebook-ismael-colosi-vagas.jpg?ssl=1\" alt=\"\" \/><\/a><\/p>\n<!-- \/wp:image -->\n<\/div>\n<p> <br \/>\n<\/p>\n<div id=\"\">\n<p>\n\t\t\t\t\t\t\t\t\t<span class=\"entry-meta-item penci-posted-on\"><i class=\"fa fa-clock-o\"\/><time class=\"entry-date published\" datetime=\"2025-05-08T13:30:31-03:00\">8 de maio de 2025 13:30<\/time><time class=\"updated\" datetime=\"2025-05-08T09:41:44-03:00\">8 de maio de 2025 09:41<\/time><\/span><span class=\"entry-meta-item penci-post-countview\"><span class=\"entry-meta-item penci-post-countview penci_post-meta_item\"><i class=\"fa fa-eye\"\/><span class=\"penci-post-countview-number penci-post-countview-p425096\">7<\/span><\/span><\/span>\t\t\t\t\t\t\t\t<\/p>\n<p><!-- .entry-meta --><br \/>\n\t\t\t\t\t\t\t\t<span class=\"penci-social-buttons penci-social-share-footer\"><span class=\"penci-social-share-text\">Compartilhar<\/span><a href=\"#\" class=\"penci-post-like penci_post-meta_item  single-like-button penci-social-item like\" data-post_id=\"425096\" title=\"Like\" data-like=\"Like\" data-unlike=\"Unlike\"><i class=\"fa fa-thumbs-o-up\"\/><span class=\"penci-share-number\">0<\/span><\/a><i class=\"fa fa-facebook\"\/><a class=\"penci-social-item twitter\" target=\"_blank\" rel=\"noopener\" title=\"\" href=\"https:\/\/twitter.com\/intent\/tweet?text=Plano%20de%20\u00e1reas%20verdes%20abre%20consulta%20\u00a0%20-%20https:\/\/www.tribunaribeirao.com.br\/plano-de-areas-verdes-abre-consulta\/\"><i class=\"fa fa-twitter\"\/><\/a><i class=\"fa fa-linkedin\"\/><i class=\"fa fa-whatsapp\"\/><i class=\"fa fa-telegram\"\/><i class=\"fa fa-envelope\"\/><\/span>\t\t\t\t\t\t\t<\/div>\n<div>\n<p><span class=\"TextRun SCXW244560446 BCX0\" lang=\"PT-BR\" xml:lang=\"PT-BR\" data-contrast=\"auto\"><span class=\"NormalTextRun SCXW244560446 BCX0\">Com o objetivo de estimular a participa\u00e7\u00e3o popular nas decis\u00f5es relacionadas ao meio ambiente, a <\/span><span class=\"NormalTextRun SCXW244560446 BCX0\">p<\/span><span class=\"NormalTextRun SCXW244560446 BCX0\">refeitura de Ribeir\u00e3o Preto, por meio da Secretaria de Meio Ambiente, abriu na \u00faltima segunda-feir<\/span><span class=\"NormalTextRun SCXW244560446 BCX0\">a, 5 de maio, <\/span><span class=\"NormalTextRun SCXW244560446 BCX0\">consulta p\u00fablica do Plano Estrat\u00e9gico do Sistema de \u00c1reas Verdes e Arboriza\u00e7\u00e3o Urbana (<\/span><span class=\"NormalTextRun SpellingErrorV2Themed SCXW244560446 BCX0\">P<\/span><span class=\"NormalTextRun SpellingErrorV2Themed SCXW244560446 BCX0\">esavau<\/span><span class=\"NormalTextRun SCXW244560446 BCX0\">).<\/span><\/span><span class=\"LineBreakBlob BlobObject DragDrop SCXW244560446 BCX0\"><span class=\"SCXW244560446 BCX0\">\u00a0<\/span><br class=\"SCXW244560446 BCX0\"\/><\/span><span class=\"LineBreakBlob BlobObject DragDrop SCXW244560446 BCX0\"><span class=\"SCXW244560446 BCX0\">\u00a0<\/span><br class=\"SCXW244560446 BCX0\"\/><\/span><span class=\"TextRun SCXW244560446 BCX0\" lang=\"PT-BR\" xml:lang=\"PT-BR\" data-contrast=\"auto\"><span class=\"NormalTextRun SCXW244560446 BCX0\">A popula\u00e7\u00e3o pode contribuir com sugest\u00f5es at\u00e9 o dia 4 de julho, por meio do formul\u00e1rio online dispon\u00edvel no link<\/span> <span class=\"NormalTextRun SCXW244560446 BCX0\">https:\/\/docs.google.com\/<\/span><span class=\"NormalTextRun SpellingErrorV2Themed SCXW244560446 BCX0\">forms<\/span><span class=\"NormalTextRun SCXW244560446 BCX0\">\/d\/e\/1FAIpQLSey2aeA4EmpqjdCcwreJaoQcMIEC-g7EBdU1RwB9_wpxBeLxw\/<\/span><span class=\"NormalTextRun SpellingErrorV2Themed SCXW244560446 BCX0\">viewform<\/span><span class=\"NormalTextRun SCXW244560446 BCX0\">.<\/span><\/span><span class=\"LineBreakBlob BlobObject DragDrop SCXW244560446 BCX0\"><span class=\"SCXW244560446 BCX0\">\u00a0<\/span><br class=\"SCXW244560446 BCX0\"\/><\/span><span class=\"LineBreakBlob BlobObject DragDrop SCXW244560446 BCX0\"><span class=\"SCXW244560446 BCX0\">\u00a0<\/span><br class=\"SCXW244560446 BCX0\"\/><\/span><span class=\"TextRun SCXW244560446 BCX0\" lang=\"PT-BR\" xml:lang=\"PT-BR\" data-contrast=\"auto\"><span class=\"NormalTextRun SCXW244560446 BCX0\">O <\/span><span class=\"NormalTextRun SpellingErrorV2Themed SCXW244560446 BCX0\">P<\/span><span class=\"NormalTextRun SpellingErrorV2Themed SCXW244560446 BCX0\">esavau<\/span> <span class=\"NormalTextRun SCXW244560446 BCX0\">tem como finalidade orientar pol\u00edticas p\u00fablicas e a\u00e7\u00f5es para ampliar a cobertura vegetal do munic\u00edpio, aprimorar o manejo e garantir a conserva\u00e7\u00e3o das \u00e1reas verdes j\u00e1 existentes. <\/span><span class=\"NormalTextRun SCXW244560446 BCX0\">O plano busca<\/span><span class=\"NormalTextRun SCXW244560446 BCX0\"> contribuir para a constru\u00e7\u00e3o de uma cidade mais sustent\u00e1vel e <\/span><span class=\"NormalTextRun SCXW244560446 BCX0\">resiliente<\/span><span class=\"NormalTextRun SCXW244560446 BCX0\"> diante dos efeitos das mudan\u00e7as clim\u00e1ticas, como ondas de calor, secas prolongadas e queimadas.<\/span><\/span><span class=\"LineBreakBlob BlobObject DragDrop SCXW244560446 BCX0\"><span class=\"SCXW244560446 BCX0\">\u00a0<\/span><br class=\"SCXW244560446 BCX0\"\/><\/span><span class=\"LineBreakBlob BlobObject DragDrop SCXW244560446 BCX0\"><span class=\"SCXW244560446 BCX0\">\u00a0<\/span><br class=\"SCXW244560446 BCX0\"\/><\/span><span class=\"TextRun SCXW244560446 BCX0\" lang=\"PT-BR\" xml:lang=\"PT-BR\" data-contrast=\"auto\"><span class=\"NormalTextRun SCXW244560446 BCX0\">Ribeir\u00e3o Preto est\u00e1 entre as cidades brasileiras reconhecidas pela Organiza\u00e7\u00e3o das Na\u00e7\u00f5es Unidas para a Alimenta\u00e7\u00e3o e Agricultura (FAO) com o selo internacional \u201cCidade Verde do Mundo\u201d. A premia\u00e7\u00e3o foi anunciada <\/span><span class=\"NormalTextRun SCXW244560446 BCX0\">em abril <\/span><span class=\"NormalTextRun SCXW244560446 BCX0\">e contemplou 34 munic\u00edpios do pa\u00eds, sendo 14 do estado de S\u00e3o Paulo.\u00a0 <\/span><\/span><span class=\"LineBreakBlob BlobObject DragDrop SCXW244560446 BCX0\"><span class=\"SCXW244560446 BCX0\">\u00a0<\/span><br class=\"SCXW244560446 BCX0\"\/><\/span><span class=\"LineBreakBlob BlobObject DragDrop SCXW244560446 BCX0\"><span class=\"SCXW244560446 BCX0\">\u00a0<\/span><br class=\"SCXW244560446 BCX0\"\/><\/span><span class=\"TextRun SCXW244560446 BCX0\" lang=\"PT-BR\" xml:lang=\"PT-BR\" data-contrast=\"auto\"><span class=\"NormalTextRun SCXW244560446 BCX0\">Conhecido internacionalmente como <\/span><span class=\"NormalTextRun SpellingErrorV2Themed SCXW244560446 BCX0\">Tree<\/span> <span class=\"NormalTextRun SpellingErrorV2Themed SCXW244560446 BCX0\">Cities<\/span> <span class=\"NormalTextRun SpellingErrorV2Themed SCXW244560446 BCX0\">of<\/span> <span class=\"NormalTextRun SpellingErrorV2Themed SCXW244560446 BCX0\">the<\/span><span class=\"NormalTextRun SCXW244560446 BCX0\"> World, trata-se de uma certifica\u00e7\u00e3o concedida pela Organiza\u00e7\u00e3o das Na\u00e7\u00f5es Unidas em parceria com a <\/span><span class=\"NormalTextRun SCXW244560446 BCX0\">Arbor<\/span><span class=\"NormalTextRun SCXW244560446 BCX0\"> Day <\/span><span class=\"NormalTextRun SCXW244560446 BCX0\">Foundation<\/span><span class=\"NormalTextRun SCXW244560446 BCX0\">. A funda\u00e7\u00e3o n\u00e3o tem fins lucrativos e se dedica ao plantio de \u00e1rvores. Tem mais de um milh\u00e3o de membros e j\u00e1 plantou mais de 500 milh\u00f5es de \u00e1rvores em bairros, comunidades, cidades e florestas em todo o mundo.<\/span><\/span><span class=\"LineBreakBlob BlobObject DragDrop SCXW244560446 BCX0\"><span class=\"SCXW244560446 BCX0\">\u00a0<\/span><br class=\"SCXW244560446 BCX0\"\/><\/span><span class=\"LineBreakBlob BlobObject DragDrop SCXW244560446 BCX0\"><span class=\"SCXW244560446 BCX0\">\u00a0<\/span><br class=\"SCXW244560446 BCX0\"\/><\/span><span class=\"TextRun SCXW244560446 BCX0\" lang=\"PT-BR\" xml:lang=\"PT-BR\" data-contrast=\"auto\"><span class=\"NormalTextRun SCXW244560446 BCX0\">A certifica\u00e7\u00e3o reconhece cidades que desenvolvem e <\/span><span class=\"NormalTextRun SCXW244560446 BCX0\">implementam<\/span><span class=\"NormalTextRun SCXW244560446 BCX0\"> pol\u00edticas p\u00fablicas eficazes de manejo de florestas urbanas e naturais, promovendo a arboriza\u00e7\u00e3o como ferramenta de melhoria da qualidade de vida. O selo \u00e9 resultado de a\u00e7\u00f5es como o Plano Municipal de Arboriza\u00e7\u00e3o Urbana, o plantio de \u00e1rvores nativas e a recupera\u00e7\u00e3o de \u00e1reas verdes, al\u00e9m de projetos habitacionais que preservam ecossistemas como manguezais e restingas.<\/span><\/span><span class=\"LineBreakBlob BlobObject DragDrop SCXW244560446 BCX0\"><span class=\"SCXW244560446 BCX0\">\u00a0<\/span><br class=\"SCXW244560446 BCX0\"\/><\/span><span class=\"LineBreakBlob BlobObject DragDrop SCXW244560446 BCX0\"><span class=\"SCXW244560446 BCX0\">\u00a0<\/span><br class=\"SCXW244560446 BCX0\"\/><\/span><span class=\"TextRun SCXW244560446 BCX0\" lang=\"PT-BR\" xml:lang=\"PT-BR\" data-contrast=\"auto\"><span class=\"NormalTextRun SCXW244560446 BCX0\">No dia 12 de abril, a Secretaria Municipal de Meio Ambiente deu in\u00edcio ao plantio de mudas de \u00e1rvores na regi\u00e3o Central da cidade. O objetivo \u00e9 dar continuidade ao trabalho intensivo que a administra\u00e7\u00e3o municipal vem realizando, desde o come\u00e7o do ano, para aumentar a cobertura vegetal em Ribeir\u00e3o Preto, de 18% para 30%. <\/span><\/span><span class=\"LineBreakBlob BlobObject DragDrop SCXW244560446 BCX0\"><span class=\"SCXW244560446 BCX0\">\u00a0<\/span><br class=\"SCXW244560446 BCX0\"\/><\/span><span class=\"LineBreakBlob BlobObject DragDrop SCXW244560446 BCX0\"><span class=\"SCXW244560446 BCX0\">\u00a0<\/span><br class=\"SCXW244560446 BCX0\"\/><\/span><span class=\"TextRun SCXW244560446 BCX0\" lang=\"PT-BR\" xml:lang=\"PT-BR\" data-contrast=\"auto\"><span class=\"NormalTextRun SCXW244560446 BCX0\">De acordo com a proposta, as regi\u00f5es Norte e Central s\u00e3o as mais afetadas pela falta de arboriza\u00e7\u00e3o. At\u00e9 o momento, com o programa, a prefeitura j\u00e1 plantou mais de doze mil mudas de \u00e1rvores, ultrapassando a meta prevista. Tamb\u00e9m, doou 5.600 mudas para a popula\u00e7\u00e3o, atrav\u00e9s do Horto Municipal. Est\u00e3o sendo plantadas 77 esp\u00e9cies nativas, incluindo \u00e1rvores frut\u00edferas e ornamentais.<\/span><\/span><span class=\"LineBreakBlob BlobObject DragDrop SCXW244560446 BCX0\"><span class=\"SCXW244560446 BCX0\">\u00a0<\/span><br class=\"SCXW244560446 BCX0\"\/><\/span><span class=\"LineBreakBlob BlobObject DragDrop SCXW244560446 BCX0\"><span class=\"SCXW244560446 BCX0\">\u00a0<\/span><br class=\"SCXW244560446 BCX0\"\/><\/span><span class=\"TextRun SCXW244560446 BCX0\" lang=\"PT-BR\" xml:lang=\"PT-BR\" data-contrast=\"auto\"><span class=\"NormalTextRun SCXW244560446 BCX0\">Tem ip\u00ea-branco, ip\u00ea-roxo, goiabeira vermelha, goiabeira branca, <\/span><span class=\"NormalTextRun SpellingErrorV2Themed SCXW244560446 BCX0\">sombeiro<\/span><span class=\"NormalTextRun SCXW244560446 BCX0\"> e palmeiras. Al\u00e9m de contribuir para a redu\u00e7\u00e3o do d\u00e9ficit de arboriza\u00e7\u00e3o, o programa tamb\u00e9m visa melhorar a sensa\u00e7\u00e3o t\u00e9rmica na cidade, que tradicionalmente \u00e9 quente, e promover benef\u00edcios ao clima local. <\/span><\/span><span class=\"LineBreakBlob BlobObject DragDrop SCXW244560446 BCX0\"><span class=\"SCXW244560446 BCX0\">\u00a0<\/span><br class=\"SCXW244560446 BCX0\"\/><\/span><span class=\"LineBreakBlob BlobObject DragDrop SCXW244560446 BCX0\"><span class=\"SCXW244560446 BCX0\">\u00a0<\/span><br class=\"SCXW244560446 BCX0\"\/><\/span><span class=\"TextRun SCXW244560446 BCX0\" lang=\"PT-BR\" xml:lang=\"PT-BR\" data-contrast=\"auto\"><span class=\"NormalTextRun SCXW244560446 BCX0\">O relat\u00f3rio do Invent\u00e1rio Amostral da Arboriza\u00e7\u00e3o de Acompanhamento Vi\u00e1rio, divulgado em maio de 2022 (<\/span><\/span><a class=\"Hyperlink SCXW244560446 BCX0\" href=\"http:\/\/www.ribeiraopreto.sp.gov.br\/portal\/meio-ambiente\/inventario-amostral\" target=\"_blank\" rel=\"noreferrer noopener\"><span class=\"TextRun Underlined SCXW244560446 BCX0\" lang=\"PT-BR\" xml:lang=\"PT-BR\" data-contrast=\"none\"><span class=\"NormalTextRun SCXW244560446 BCX0\" data-ccp-charstyle=\"Hyperlink\">www.ribeiraopreto.sp.gov.br\/portal\/meio-ambiente\/inventario-amostral<\/span><\/span><\/a><span class=\"TextRun SCXW244560446 BCX0\" lang=\"PT-BR\" xml:lang=\"PT-BR\" data-contrast=\"auto\"><span class=\"NormalTextRun SCXW244560446 BCX0\">), demonstra que apenas 12,7% do per\u00edmetro urbano era <\/span><span class=\"NormalTextRun SCXW244560446 BCX0\">coberto<\/span><span class=\"NormalTextRun SCXW244560446 BCX0\"> por vegeta\u00e7\u00e3o de porte arbustivo ou arb\u00f3reo na \u00e9poca. O estudo utilizou imagens de sat\u00e9lite de outubro de 2021. De acordo com o levantamento, a cobertura \u00e9 desigual em Ribeir\u00e3o Preto. <\/span><\/span><span class=\"LineBreakBlob BlobObject DragDrop SCXW244560446 BCX0\"><span class=\"SCXW244560446 BCX0\">\u00a0<\/span><br class=\"SCXW244560446 BCX0\"\/><\/span><span class=\"LineBreakBlob BlobObject DragDrop SCXW244560446 BCX0\"><span class=\"SCXW244560446 BCX0\">\u00a0<\/span><br class=\"SCXW244560446 BCX0\"\/><\/span><span class=\"TextRun SCXW244560446 BCX0\" lang=\"PT-BR\" xml:lang=\"PT-BR\" data-contrast=\"auto\"><span class=\"NormalTextRun SCXW244560446 BCX0\">A Zona Sul era a mais verde (15,79%), seguida da regi\u00e3o Oeste (13,54%), Norte (11,39%) e Leste (11,34%). O Centro tinha apenas 3,58% de sua \u00e1rea arborizada. Dos 58 <\/span><span class=\"NormalTextRun SCXW244560446 BCX0\">subsetores<\/span><span class=\"NormalTextRun SCXW244560446 BCX0\"> urbanos (divis\u00f5es dentro das zonas, que agregam bairros pr\u00f3ximos), apenas tr\u00eas possu\u00eda \u00edndice de cobertura vegetal superior a 30%: a regi\u00e3o do Recreio das Ac\u00e1cias (44,7%) liderava.<\/span><\/span><span class=\"LineBreakBlob BlobObject DragDrop SCXW244560446 BCX0\"><span class=\"SCXW244560446 BCX0\">\u00a0<\/span><br class=\"SCXW244560446 BCX0\"\/><\/span><span class=\"LineBreakBlob BlobObject DragDrop SCXW244560446 BCX0\"><span class=\"SCXW244560446 BCX0\">\u00a0<\/span><br class=\"SCXW244560446 BCX0\"\/><\/span><span class=\"TextRun SCXW244560446 BCX0\" lang=\"PT-BR\" xml:lang=\"PT-BR\" data-contrast=\"auto\"><span class=\"NormalTextRun SCXW244560446 BCX0\">Das 26.669 esp\u00e9cies vegetais inventariadas, mais de 20 mil possu\u00edam altura igual ou inferior a seis metros, configurando uma car\u00eancia de sombreamento nas cal\u00e7adas. As mais comuns eram oiti, falsa-murta, <\/span><span class=\"NormalTextRun SpellingErrorV2Themed SCXW244560446 BCX0\">resed\u00e1<\/span><span class=\"NormalTextRun SCXW244560446 BCX0\">-an\u00e3o<\/span><span class=\"NormalTextRun SCXW244560446 BCX0\">, ip\u00eas de jardim, <\/span><span class=\"NormalTextRun SpellingErrorV2Themed SCXW244560446 BCX0\">aceroleira<\/span><span class=\"NormalTextRun SCXW244560446 BCX0\">, pitangueira, quaresmeira e limoeiro.<\/span><\/span><span class=\"LineBreakBlob BlobObject DragDrop SCXW244560446 BCX0\"><span class=\"SCXW244560446 BCX0\">\u00a0<\/span><br class=\"SCXW244560446 BCX0\"\/><\/span><span class=\"LineBreakBlob BlobObject DragDrop SCXW244560446 BCX0\"><span class=\"SCXW244560446 BCX0\">\u00a0<\/span><br class=\"SCXW244560446 BCX0\"\/><\/span><span class=\"TextRun SCXW244560446 BCX0\" lang=\"PT-BR\" xml:lang=\"PT-BR\" data-contrast=\"auto\"><span class=\"NormalTextRun SCXW244560446 BCX0\">Com o prop\u00f3sito de fortalecer as pol\u00edticas ambientais, a prefeitura de Ribeir\u00e3o Preto tem promovido o di\u00e1logo com organiza\u00e7\u00f5es da sociedade civil e demais setores da comunidade. A iniciativa busca solu\u00e7\u00f5es eficientes para enfrentar os desafios das mudan\u00e7as clim\u00e1ticas e ampliar a\u00e7\u00f5es voltadas \u00e0 preserva\u00e7\u00e3o e conserva\u00e7\u00e3o ambiental.<\/span><\/span><span class=\"LineBreakBlob BlobObject DragDrop SCXW244560446 BCX0\"><span class=\"SCXW244560446 BCX0\">\u00a0<\/span><br class=\"SCXW244560446 BCX0\"\/><\/span><span class=\"LineBreakBlob BlobObject DragDrop SCXW244560446 BCX0\"><span class=\"SCXW244560446 BCX0\">\u00a0<\/span><br class=\"SCXW244560446 BCX0\"\/><\/span>\u2014\u2014<\/p>\n<p>Jornal Tribuna Ribeir\u00e3o<\/p>\n<p>Um Jornal com a cara de Ribeir\u00e3o!<\/p>\n<p>Impresso | WEB | Redes sociais<\/p>\n<p>\u00a0<\/p>\n<p>Tribuna Ribeir\u00e3o \u2013 Fone: (16) 3632-2200 \u2013 Whatsapp: (16) 98161-8743<\/p>\n<p>Av. Bar\u00e3o do Bananal, 880 \u2013 Jardim Anhanguera, Ribeir\u00e3o Preto<\/p>\n<p>\u00a0<\/p>\n<p>@tribunaribeirao @jornaltribuna<\/p>\n<p>@jornaltribunaribeirao @jornalribeiraopreto<\/p>\n<p>@noticiasribeiraopreto @meiamaratona<\/p>\n<p>@meiamaratonainternacionalderibeiraopreto<\/p>\n<p>@meiamaratonatribunaribeirao<\/p>\n<p>\u00a0<\/p>\n<p>#TribunaRibeir\u00e3o #News #Not\u00edcia #Ribeir\u00e3oPreto #Not\u00edciasDeRibeir\u00e3oPreto #ClassificadosTribunaRibeir\u00e3o #Jornalismo #ClassificadosRibeir\u00e3o<\/p>\n<\/div>\n<p><script async src=\"\/\/platform.twitter.com\/widgets.js\" charset=\"utf-8\"><\/script><br \/>\n<br \/><br \/>\n<br \/><a href=\"https:\/\/www.tribunaribeirao.com.br\/plano-de-areas-verdes-abre-consulta\/\">Source link <\/a><\/p>\n<!-- CONTENT END 1 -->\n","protected":false},"excerpt":{"rendered":"<p>8 de maio de 2025 13:308 de maio de 2025 09:417 Compartilhar0 Com o objetivo de estimular a participa\u00e7\u00e3o popular nas decis\u00f5es relacionadas ao meio&#8230;<\/p>\n","protected":false},"author":1,"featured_media":69701,"comment_status":"open","ping_status":"open","sticky":false,"template":"","format":"standard","meta":{"advanced_seo_description":"","jetpack_seo_html_title":"","jetpack_seo_noindex":false,"jetpack_post_was_ever_published":false,"_jetpack_newsletter_access":"","_jetpack_dont_email_post_to_subs":false,"_jetpack_newsletter_tier_id":0,"_jetpack_memberships_contains_paywalled_content":false,"_jetpack_memberships_contains_paid_content":false,"footnotes":"","jetpack_publicize_message":"","jetpack_publicize_feature_enabled":true,"jetpack_social_post_already_shared":true,"jetpack_social_options":{"image_generator_settings":{"template":"highway","default_image_id":0,"font":"","enabled":false},"version":2}},"categories":[11],"tags":[],"class_list":["post-69700","post","type-post","status-publish","format-standard","has-post-thumbnail","hentry","category-noticias-de-ribeirao-preto-sp-e-regiao-ismael-colosi"],"jetpack_publicize_connections":[],"jetpack_featured_media_url":"https:\/\/i0.wp.com\/noticiasribeiraopreto.com.br\/wp-content\/uploads\/2025\/05\/Arvores-Guilherme-Sircili.jpg?fit=1619%2C1080&ssl=1","jetpack-related-posts":[{"id":47341,"url":"https:\/\/noticiasribeiraopreto.com.br\/index.php\/2024\/04\/25\/bolsa-familia-oferece-r-2-mil-em-maio-descubra-se-voce-esta-na-lista\/","url_meta":{"origin":69700,"position":0},"title":"Bolsa Fam\u00edlia oferece R$ 2 Mil em Maio: Descubra se voc\u00ea est\u00e1 na lista","author":"noticiasribeiraopreto.com.br","date":"25 de April de 2024","format":false,"excerpt":"A recente decis\u00e3o de permitir o ac\u00famulo do Bolsa Fam\u00edlia e dos Benef\u00edcios de Pagamento Cont\u00ednuo (BPC) \u00e9 uma not\u00edcia positiva para os benefici\u00e1rios, pois aumenta a probabilidade de receber mais de 2 mil reais a partir de maio de 2024. O BPC \u00e9 um benef\u00edcio eleg\u00edvel para idosos e\u2026","rel":"","context":"In &quot;Dinheiro e Investimento&quot;","block_context":{"text":"Dinheiro e Investimento","link":"https:\/\/noticiasribeiraopreto.com.br\/index.php\/category\/dinheiro-e-investimento-como-fazer-como-ganhar\/"},"img":{"alt_text":"","src":"https:\/\/i0.wp.com\/noticiasribeiraopreto.com.br\/wp-content\/uploads\/2024\/04\/Design-sem-nome-3.webp.webp?fit=1200%2C630&ssl=1&resize=350%2C200","width":350,"height":200,"srcset":"https:\/\/i0.wp.com\/noticiasribeiraopreto.com.br\/wp-content\/uploads\/2024\/04\/Design-sem-nome-3.webp.webp?fit=1200%2C630&ssl=1&resize=350%2C200 1x, https:\/\/i0.wp.com\/noticiasribeiraopreto.com.br\/wp-content\/uploads\/2024\/04\/Design-sem-nome-3.webp.webp?fit=1200%2C630&ssl=1&resize=525%2C300 1.5x, https:\/\/i0.wp.com\/noticiasribeiraopreto.com.br\/wp-content\/uploads\/2024\/04\/Design-sem-nome-3.webp.webp?fit=1200%2C630&ssl=1&resize=700%2C400 2x, https:\/\/i0.wp.com\/noticiasribeiraopreto.com.br\/wp-content\/uploads\/2024\/04\/Design-sem-nome-3.webp.webp?fit=1200%2C630&ssl=1&resize=1050%2C600 3x"},"classes":[]},{"id":47242,"url":"https:\/\/noticiasribeiraopreto.com.br\/index.php\/2024\/04\/25\/bolsa-familia-governo-divulga-nova-lista-nis-de-contemplados-para-receber-r-800-em-maio-confira-calendario\/","url_meta":{"origin":69700,"position":1},"title":"Bolsa Fam\u00edlia: Governo divulga nova lista NIS de contemplados para receber R$ 800 em MAIO; Confira calend\u00e1rio","author":"noticiasribeiraopreto.com.br","date":"25 de April de 2024","format":false,"excerpt":"O programa Bolsa Fam\u00edlia, que j\u00e1 se tornou parte importante do apoio socioecon\u00f4mico a milhares de fam\u00edlias no Brasil, apresenta novos pagamentos e benef\u00edcios adicionais que ter\u00e3o in\u00edcio no pr\u00f3ximo m\u00eas. Entenda agora como \u00e9 o pagamento e quais s\u00e3o os novos benef\u00edcios para os benefici\u00e1rios. 1. Quando come\u00e7am os\u2026","rel":"","context":"In &quot;Dinheiro e Investimento&quot;","block_context":{"text":"Dinheiro e Investimento","link":"https:\/\/noticiasribeiraopreto.com.br\/index.php\/category\/dinheiro-e-investimento-como-fazer-como-ganhar\/"},"img":{"alt_text":"","src":"https:\/\/i0.wp.com\/noticiasribeiraopreto.com.br\/wp-content\/uploads\/2024\/04\/STARTUP-2.webp.webp?fit=1200%2C630&ssl=1&resize=350%2C200","width":350,"height":200,"srcset":"https:\/\/i0.wp.com\/noticiasribeiraopreto.com.br\/wp-content\/uploads\/2024\/04\/STARTUP-2.webp.webp?fit=1200%2C630&ssl=1&resize=350%2C200 1x, https:\/\/i0.wp.com\/noticiasribeiraopreto.com.br\/wp-content\/uploads\/2024\/04\/STARTUP-2.webp.webp?fit=1200%2C630&ssl=1&resize=525%2C300 1.5x, https:\/\/i0.wp.com\/noticiasribeiraopreto.com.br\/wp-content\/uploads\/2024\/04\/STARTUP-2.webp.webp?fit=1200%2C630&ssl=1&resize=700%2C400 2x, https:\/\/i0.wp.com\/noticiasribeiraopreto.com.br\/wp-content\/uploads\/2024\/04\/STARTUP-2.webp.webp?fit=1200%2C630&ssl=1&resize=1050%2C600 3x"},"classes":[]},{"id":68932,"url":"https:\/\/noticiasribeiraopreto.com.br\/index.php\/2025\/04\/30\/frente-fria-e-queda-da-temperatura-em-maio-veja-previsao-para-o-mes-no-estado-de-sp\/","url_meta":{"origin":69700,"position":2},"title":"Frente fria e queda da temperatura em maio? Veja previs\u00e3o para o m\u00eas no estado de SP","author":"noticiasribeiraopreto.com.br","date":"30 de April de 2025","format":false,"excerpt":"O m\u00eas de maio come\u00e7a nesta quinta-feira (1), feriado do Dia do Trabalho, e a meteorologia divulgou a previs\u00e3o clim\u00e1tica para o per\u00edodo. A Climatempo diz que em maio de 2025 n\u00e3o haver\u00e1 a influ\u00eancia de fen\u00f4menos como El Ni\u00f1o e La Ni\u00f1a, pois ser\u00e1 de neutralidade t\u00e9rmica no Oceano\u2026","rel":"","context":"In &quot;Not\u00edcias de Ribeir\u00e3o Preto-SP e Regi\u00e3o&quot;","block_context":{"text":"Not\u00edcias de Ribeir\u00e3o Preto-SP e Regi\u00e3o","link":"https:\/\/noticiasribeiraopreto.com.br\/index.php\/category\/noticias-de-ribeirao-preto-sp-e-regiao-ismael-colosi\/"},"img":{"alt_text":"","src":"https:\/\/i0.wp.com\/noticiasribeiraopreto.com.br\/wp-content\/uploads\/2025\/04\/ceu_nublado_e_tempo_frio_em_campinas_cxdigo_19_166036-scaled.jpg?fit=1200%2C800&ssl=1&resize=350%2C200","width":350,"height":200,"srcset":"https:\/\/i0.wp.com\/noticiasribeiraopreto.com.br\/wp-content\/uploads\/2025\/04\/ceu_nublado_e_tempo_frio_em_campinas_cxdigo_19_166036-scaled.jpg?fit=1200%2C800&ssl=1&resize=350%2C200 1x, https:\/\/i0.wp.com\/noticiasribeiraopreto.com.br\/wp-content\/uploads\/2025\/04\/ceu_nublado_e_tempo_frio_em_campinas_cxdigo_19_166036-scaled.jpg?fit=1200%2C800&ssl=1&resize=525%2C300 1.5x, https:\/\/i0.wp.com\/noticiasribeiraopreto.com.br\/wp-content\/uploads\/2025\/04\/ceu_nublado_e_tempo_frio_em_campinas_cxdigo_19_166036-scaled.jpg?fit=1200%2C800&ssl=1&resize=700%2C400 2x, https:\/\/i0.wp.com\/noticiasribeiraopreto.com.br\/wp-content\/uploads\/2025\/04\/ceu_nublado_e_tempo_frio_em_campinas_cxdigo_19_166036-scaled.jpg?fit=1200%2C800&ssl=1&resize=1050%2C600 3x"},"classes":[]},{"id":14115,"url":"https:\/\/noticiasribeiraopreto.com.br\/index.php\/2023\/12\/11\/obras-do-corredor-de-onibus-castelo-branco-13-de-maio-estao-em-andamento\/","url_meta":{"origin":69700,"position":3},"title":"Obras do corredor de \u00f4nibus Castelo Branco\/ 13 de Maio est\u00e3o em andamento \u2013 Folha de Ribeir\u00e3o","author":"noticiasribeiraopreto.com.br","date":"11 de December de 2023","format":false,"excerpt":"As obras do corredor de \u00f4nibus das avenidas Castelo Branco\/ 13 de Maio est\u00e3o\u00a0em ritmo acelerado, com mais de 40% do projeto conclu\u00eddo. Com previs\u00e3o para ser entregue em setembro de 2024, os trabalhos est\u00e3o concentrados na reconstru\u00e7\u00e3o do pavimento dos corredores na avenida Le\u00e3o XIII e, nas marginais da\u2026","rel":"","context":"In &quot;Not\u00edcias de Ribeir\u00e3o Preto-SP e Regi\u00e3o&quot;","block_context":{"text":"Not\u00edcias de Ribeir\u00e3o Preto-SP e Regi\u00e3o","link":"https:\/\/noticiasribeiraopreto.com.br\/index.php\/category\/noticias-de-ribeirao-preto-sp-e-regiao-ismael-colosi\/"},"img":{"alt_text":"","src":"https:\/\/i0.wp.com\/noticiasribeiraopreto.com.br\/wp-content\/uploads\/2023\/12\/obras_corredor_castelo_branco_-_foto_guilherme_sircili_5.jpg?fit=1200%2C800&ssl=1&resize=350%2C200","width":350,"height":200,"srcset":"https:\/\/i0.wp.com\/noticiasribeiraopreto.com.br\/wp-content\/uploads\/2023\/12\/obras_corredor_castelo_branco_-_foto_guilherme_sircili_5.jpg?fit=1200%2C800&ssl=1&resize=350%2C200 1x, https:\/\/i0.wp.com\/noticiasribeiraopreto.com.br\/wp-content\/uploads\/2023\/12\/obras_corredor_castelo_branco_-_foto_guilherme_sircili_5.jpg?fit=1200%2C800&ssl=1&resize=525%2C300 1.5x, https:\/\/i0.wp.com\/noticiasribeiraopreto.com.br\/wp-content\/uploads\/2023\/12\/obras_corredor_castelo_branco_-_foto_guilherme_sircili_5.jpg?fit=1200%2C800&ssl=1&resize=700%2C400 2x, https:\/\/i0.wp.com\/noticiasribeiraopreto.com.br\/wp-content\/uploads\/2023\/12\/obras_corredor_castelo_branco_-_foto_guilherme_sircili_5.jpg?fit=1200%2C800&ssl=1&resize=1050%2C600 3x"},"classes":[]},{"id":70198,"url":"https:\/\/noticiasribeiraopreto.com.br\/index.php\/2025\/05\/23\/inss-devolvera-descontos-indevidos-de-abril-a-partir-de-segunda-feira\/","url_meta":{"origin":69700,"position":4},"title":"INSS devolver\u00e1 descontos indevidos de abril a partir de segunda-feira","author":"noticiasribeiraopreto.com.br","date":"23 de May de 2025","format":false,"excerpt":"23 de maio de 2025 15:551 Compartilhar0 Todos os aposentados e pensionistas do INSS que sofreram algum desconto de mensalidade associativa na folha de pagamentos referente a abril ter\u00e3o os valores devolvidos a partir desta segunda-feira, 26 de maio. Ser\u00e3o reembolsados, ao todo, R$ 292 milh\u00f5es aos benefici\u00e1rios. No fim\u2026","rel":"","context":"In &quot;Not\u00edcias de Ribeir\u00e3o Preto-SP e Regi\u00e3o&quot;","block_context":{"text":"Not\u00edcias de Ribeir\u00e3o Preto-SP e Regi\u00e3o","link":"https:\/\/noticiasribeiraopreto.com.br\/index.php\/category\/noticias-de-ribeirao-preto-sp-e-regiao-ismael-colosi\/"},"img":{"alt_text":"","src":"https:\/\/i0.wp.com\/noticiasribeiraopreto.com.br\/wp-content\/uploads\/2025\/05\/Como-consultar-beneficio-por-incapacidade-INSS.jpg?fit=1200%2C729&ssl=1&resize=350%2C200","width":350,"height":200,"srcset":"https:\/\/i0.wp.com\/noticiasribeiraopreto.com.br\/wp-content\/uploads\/2025\/05\/Como-consultar-beneficio-por-incapacidade-INSS.jpg?fit=1200%2C729&ssl=1&resize=350%2C200 1x, https:\/\/i0.wp.com\/noticiasribeiraopreto.com.br\/wp-content\/uploads\/2025\/05\/Como-consultar-beneficio-por-incapacidade-INSS.jpg?fit=1200%2C729&ssl=1&resize=525%2C300 1.5x, https:\/\/i0.wp.com\/noticiasribeiraopreto.com.br\/wp-content\/uploads\/2025\/05\/Como-consultar-beneficio-por-incapacidade-INSS.jpg?fit=1200%2C729&ssl=1&resize=700%2C400 2x, https:\/\/i0.wp.com\/noticiasribeiraopreto.com.br\/wp-content\/uploads\/2025\/05\/Como-consultar-beneficio-por-incapacidade-INSS.jpg?fit=1200%2C729&ssl=1&resize=1050%2C600 3x"},"classes":[]},{"id":69907,"url":"https:\/\/noticiasribeiraopreto.com.br\/index.php\/2025\/05\/10\/ribeirao-preto-recebe-projeto-que-leva-palestras-cientificas-aos-bares\/","url_meta":{"origin":69700,"position":5},"title":"Ribeir\u00e3o Preto recebe projeto que leva palestras cient\u00edficas aos bares","author":"noticiasribeiraopreto.com.br","date":"10 de May de 2025","format":false,"excerpt":"Entre os dias 19 a 21 de maio, sempre \u00e0s 19h, cientistas e pesquisadores do projeto Pint Of Science ir\u00e3o se apresentar em quatro bares e cervejarias de Ribeir\u00e3o Preto com palestras e mesas redondas sobre suas descobertas e \u00e1reas de conhecimento. Neste ano, o projeto comemora 10 anos no\u2026","rel":"","context":"In &quot;Not\u00edcias de Ribeir\u00e3o Preto-SP e Regi\u00e3o&quot;","block_context":{"text":"Not\u00edcias de Ribeir\u00e3o Preto-SP e Regi\u00e3o","link":"https:\/\/noticiasribeiraopreto.com.br\/index.php\/category\/noticias-de-ribeirao-preto-sp-e-regiao-ismael-colosi\/"},"img":{"alt_text":"","src":"https:\/\/i0.wp.com\/noticiasribeiraopreto.com.br\/wp-content\/uploads\/2025\/05\/Pint-Of-Science-158-_2025-05-10_14-18-29.webp.webp?fit=1200%2C675&ssl=1&resize=350%2C200","width":350,"height":200,"srcset":"https:\/\/i0.wp.com\/noticiasribeiraopreto.com.br\/wp-content\/uploads\/2025\/05\/Pint-Of-Science-158-_2025-05-10_14-18-29.webp.webp?fit=1200%2C675&ssl=1&resize=350%2C200 1x, https:\/\/i0.wp.com\/noticiasribeiraopreto.com.br\/wp-content\/uploads\/2025\/05\/Pint-Of-Science-158-_2025-05-10_14-18-29.webp.webp?fit=1200%2C675&ssl=1&resize=525%2C300 1.5x, https:\/\/i0.wp.com\/noticiasribeiraopreto.com.br\/wp-content\/uploads\/2025\/05\/Pint-Of-Science-158-_2025-05-10_14-18-29.webp.webp?fit=1200%2C675&ssl=1&resize=700%2C400 2x, https:\/\/i0.wp.com\/noticiasribeiraopreto.com.br\/wp-content\/uploads\/2025\/05\/Pint-Of-Science-158-_2025-05-10_14-18-29.webp.webp?fit=1200%2C675&ssl=1&resize=1050%2C600 3x"},"classes":[]}],"jetpack_sharing_enabled":true,"jetpack_shortlink":"https:\/\/wp.me\/peQAOb-i8c","_links":{"self":[{"href":"https:\/\/noticiasribeiraopreto.com.br\/index.php\/wp-json\/wp\/v2\/posts\/69700","targetHints":{"allow":["GET"]}}],"collection":[{"href":"https:\/\/noticiasribeiraopreto.com.br\/index.php\/wp-json\/wp\/v2\/posts"}],"about":[{"href":"https:\/\/noticiasribeiraopreto.com.br\/index.php\/wp-json\/wp\/v2\/types\/post"}],"author":[{"embeddable":true,"href":"https:\/\/noticiasribeiraopreto.com.br\/index.php\/wp-json\/wp\/v2\/users\/1"}],"replies":[{"embeddable":true,"href":"https:\/\/noticiasribeiraopreto.com.br\/index.php\/wp-json\/wp\/v2\/comments?post=69700"}],"version-history":[{"count":0,"href":"https:\/\/noticiasribeiraopreto.com.br\/index.php\/wp-json\/wp\/v2\/posts\/69700\/revisions"}],"wp:featuredmedia":[{"embeddable":true,"href":"https:\/\/noticiasribeiraopreto.com.br\/index.php\/wp-json\/wp\/v2\/media\/69701"}],"wp:attachment":[{"href":"https:\/\/noticiasribeiraopreto.com.br\/index.php\/wp-json\/wp\/v2\/media?parent=69700"}],"wp:term":[{"taxonomy":"category","embeddable":true,"href":"https:\/\/noticiasribeiraopreto.com.br\/index.php\/wp-json\/wp\/v2\/categories?post=69700"},{"taxonomy":"post_tag","embeddable":true,"href":"https:\/\/noticiasribeiraopreto.com.br\/index.php\/wp-json\/wp\/v2\/tags?post=69700"}],"curies":[{"name":"wp","href":"https:\/\/api.w.org\/{rel}","templated":true}]}}