{"id":69704,"date":"2025-05-08T14:15:12","date_gmt":"2025-05-08T17:15:12","guid":{"rendered":"https:\/\/noticiasribeiraopreto.com.br\/index.php\/2025\/05\/08\/forum-de-ribeirao-preto-ganha-cartorio-do-futuro-e-vara-de-garantia\/"},"modified":"2025-05-08T14:15:12","modified_gmt":"2025-05-08T17:15:12","slug":"forum-de-ribeirao-preto-ganha-cartorio-do-futuro-e-vara-de-garantia","status":"publish","type":"post","link":"https:\/\/noticiasribeiraopreto.com.br\/index.php\/2025\/05\/08\/forum-de-ribeirao-preto-ganha-cartorio-do-futuro-e-vara-de-garantia\/","title":{"rendered":"F\u00f3rum de Ribeir\u00e3o Preto ganha \u2018cart\u00f3rio do futuro\u2019 e vara de garantia"},"content":{"rendered":"<p> <br \/>\n<\/p>\n<div>\n<p>O <a href=\"https:\/\/www.tjsp.jus.br\/\"><strong>TJ-SP (Tribunal de Justi\u00e7a de S\u00e3o Paulo)<\/strong> <\/a>instalou nesta quinta-feira (8) no <strong>F\u00f3rum de Ribeir\u00e3o Preto<\/strong> a <strong>Vara Regional das Garantias da 6\u00aa Regi\u00e3o Administrativa Judici\u00e1ria<\/strong>, a<strong> 2\u00aa Vara de Viol\u00eancia Dom\u00e9stica e Familiar contra a Mulher<\/strong> e uma <strong>UPJ (Unidade de Processamento Judicial)<\/strong>, tamb\u00e9m conhecido como \u201ccart\u00f3rio do futuro\u201d.<\/p>\n<p>A UPJ vai atender \u00e0s demandas das 1\u00aa a 5\u00aa Varas Criminais de Ribeir\u00e3o Preto e tem o objetivo de dar mais celeridade no andamento dos processos. A implanta\u00e7\u00e3o contou com a presen\u00e7a do presidente do TJ-SP, o desembargador Fernando Antonio Torres Garcia, al\u00e9m de autoridades, como prefeito Ricardo Silva (PSD).<\/p>\n<h2 class=\"wp-block-heading\"><strong>Vara Regional das Garantias<\/strong><\/h2>\n<p>A <strong>Vara Regional das Garantias<\/strong> tem a compet\u00eancia para conhecer de procedimentos investigat\u00f3rios, inqu\u00e9ritos e autos de pris\u00e3o em flagrante at\u00e9 o oferecimento da den\u00fancia. Com isso, <strong>esses procedimentos n\u00e3o precisam ser redistribu\u00eddos para tramita\u00e7\u00e3o nas varas criminais.<\/strong><\/p>\n<p>O juiz das garantias tem a responsabilidade de realizar o controle da legalidade da investiga\u00e7\u00e3o criminal e de salvaguardar os direitos individuais da pessoa investigada. O magistrado deve receber a comunica\u00e7\u00e3o da pris\u00e3o de suspeitos.<\/p>\n<figure class=\"wp-block-pullquote\">\n<blockquote>\n<p>A Vara das Garantias fortalece o sistema de Justi\u00e7a ao assegurar controle rigoroso da legalidade das investiga\u00e7\u00f5es, protegendo direitos fundamentais<\/p>\n<p><cite>afirma o presidente Fernando Torres Garcia<\/cite><\/p><\/blockquote>\n<\/figure>\n<h2 class=\"wp-block-heading\"><strong>2\u00aa Vara de Viol\u00eancia Dom\u00e9stica e Familiar Contra a Mulher<\/strong><\/h2>\n<p>Com a instala\u00e7\u00e3o da 2\u00aa Vara de Viol\u00eancia Dom\u00e9stica e Familiar contra a Mulher,<strong> Ribeir\u00e3o Preto ser\u00e1 a segunda do interior paulista a contar com duas unidades especializadas<\/strong>. A vara tem compet\u00eancia para <strong>conhecer<\/strong>, <strong>julgar <\/strong>e <strong>executar causas decorrentes de viol\u00eancia dom\u00e9stica<\/strong>, pedidos de medidas protetivas, al\u00e9m de oferecer atendimento no suporte \u00e0s v\u00edtimas.<\/p>\n<h2 class=\"wp-block-heading\"><strong>Unidade de Processamento Judicial<\/strong><\/h2>\n<p>A UPJ Criminal atender\u00e1 das<strong> 1\u00aa a 5\u00aa Varas Criminais da Comarca de Ribeir\u00e3o Preto<\/strong> e ter\u00e1 como juiz corregedor L\u00facio Alberto Eneas da Silva Ferreira. Segundo o TJ-SP, a unidade tem o objetivo de trazer celeridade na tramita\u00e7\u00e3o processual.<\/p>\n<p>Conhecido como<em> \u201cCart\u00f3rio do Futuro\u201d<\/em>, o modelo unifica of\u00edcios de mesma compet\u00eancia para processamento e cumprimento das determina\u00e7\u00f5es judiciais e adota uma nova divis\u00e3o de tarefas e melhor distribui\u00e7\u00e3o dos recursos humanos e do espa\u00e7o f\u00edsico. As varas atreladas \u00e0 UPJ permanecem independentes e os gabinetes dos ju\u00edzes recebem refor\u00e7o no quadro funcional, com equipe que auxilia os magistrados nos atos decis\u00f3rios.<\/p>\n<p><em>\u201cEstudos mostram que o modelo gera aumento de produtividade de 60% em compara\u00e7\u00e3o ao formato tradicional dos of\u00edcios\u201d,<\/em> informa o TJ-SP.<\/p>\n<p>Na <strong>comarca de Ribeir\u00e3o Preto<\/strong> tramitam mais de<strong> 1,4 milh\u00e3o de processos<\/strong>, sendo <strong>173 mil na\u00a0\u00e1rea\u00a0Criminal.<\/strong><\/p>\n<hr class=\"wp-block-separator has-alpha-channel-opacity\"\/>\n<p>SAIBA MAIS <mark style=\"background-color:#ffffff\" class=\"has-inline-color has-white-color\">, no entanto<\/mark><\/p>\n<p>Fuma\u00e7a branca: Conclave define novo papa <mark style=\"background-color:#ffffff\" class=\"has-inline-color has-white-color\">, contudo<\/mark><\/p>\n<h2 class=\"wp-block-heading\"><strong>FIQUE ON<\/strong> <mark style=\"background-color:#ffffff\" class=\"has-inline-color has-white-color\">, por\u00e9m<\/mark><\/h2>\n<p>Fique ligado em tudo que acontece em Ribeir\u00e3o Preto e regi\u00e3o. Siga os perfis do\u00a0<strong>acidade on\u00a0<\/strong>no<a href=\"https:\/\/www.instagram.com\/acidadeonribeirao\">\u00a0Instagram\u00a0<\/a>e no\u00a0<a href=\"https:\/\/www.facebook.com\/acidadeonribeirao\/\">Facebook<\/a>. <mark style=\"background-color:#ffffff\" class=\"has-inline-color has-white-color\">, todavia<\/mark><\/p>\n<p>Receba not\u00edcias do\u00a0<strong>acidade on<\/strong>\u00a0no WhatsApp.<a href=\"https:\/\/chat.whatsapp.com\/BjKQZ9oJwlz8VVT50NuePq\">\u00a0Para entrar no grupo, basta clicar aqui.<\/a><mark style=\"background-color:#ffffff\" class=\"has-inline-color has-white-color\"> , todavia<\/mark><\/p>\n<p>Fa\u00e7a uma den\u00fancia ou sugira uma reportagem sobre Ribeir\u00e3o Preto e regi\u00e3o pelo WhatsApp: 16 99117 7802. <mark style=\"background-color:#ffffff\" class=\"has-inline-color has-white-color\">, no entanto<\/mark><\/p>\n<p>LEIA TAMB\u00c9M<mark style=\"background-color:#ffffff\" class=\"has-inline-color has-white-color\"> , contudo<\/mark><\/p>\n<p>Quantos livros F\u00e1bio de Melo escreveu?\u00a0<\/p>\n<p><!-- CONTENT END 1 -->\n<\/div>\n<p><script async src=\"\/\/www.instagram.com\/embed.js\"><\/script><br \/>\n<br \/><br \/>\n<br \/><a href=\"https:\/\/www.acidadeon.com\/ribeiraopreto\/politica\/forum-de-ribeirao-preto-ganha-cartorio-do-futuro-e-vara-de-garantia\/\">Source link <\/a><\/p>\n","protected":false},"excerpt":{"rendered":"<p>O TJ-SP (Tribunal de Justi\u00e7a de S\u00e3o Paulo) instalou nesta quinta-feira (8) no F\u00f3rum de Ribeir\u00e3o Preto a Vara Regional das Garantias da 6\u00aa Regi\u00e3o&#8230;<\/p>\n","protected":false},"author":1,"featured_media":69705,"comment_status":"open","ping_status":"open","sticky":false,"template":"","format":"standard","meta":{"advanced_seo_description":"","jetpack_seo_html_title":"","jetpack_seo_noindex":false,"jetpack_post_was_ever_published":false,"_jetpack_newsletter_access":"","_jetpack_dont_email_post_to_subs":false,"_jetpack_newsletter_tier_id":0,"_jetpack_memberships_contains_paywalled_content":false,"_jetpack_memberships_contains_paid_content":false,"footnotes":"","jetpack_publicize_message":"","jetpack_publicize_feature_enabled":true,"jetpack_social_post_already_shared":true,"jetpack_social_options":{"image_generator_settings":{"template":"highway","default_image_id":0,"font":"","enabled":false},"version":2}},"categories":[11],"tags":[],"class_list":["post-69704","post","type-post","status-publish","format-standard","has-post-thumbnail","hentry","category-noticias-de-ribeirao-preto-sp-e-regiao-ismael-colosi"],"jetpack_publicize_connections":[],"jetpack_featured_media_url":"https:\/\/i0.wp.com\/noticiasribeiraopreto.com.br\/wp-content\/uploads\/2025\/05\/forum_de_1200x675_23092021191006.jpg?fit=1200%2C675&ssl=1","jetpack-related-posts":[{"id":69737,"url":"https:\/\/noticiasribeiraopreto.com.br\/index.php\/2025\/05\/08\/forum-de-ribeirao-preto-ganha-cartorio-do-futuro-e-vara-de-garantias\/","url_meta":{"origin":69704,"position":0},"title":"F\u00f3rum de Ribeir\u00e3o Preto ganha \u2018cart\u00f3rio do futuro\u2019 e vara de garantias","author":"noticiasribeiraopreto.com.br","date":"8 de May de 2025","format":false,"excerpt":"O TJ-SP (Tribunal de Justi\u00e7a de S\u00e3o Paulo) instalou nesta quinta-feira (8) no F\u00f3rum de Ribeir\u00e3o Preto a Vara Regional das Garantias da 6\u00aa Regi\u00e3o Administrativa Judici\u00e1ria, a 2\u00aa Vara de Viol\u00eancia Dom\u00e9stica e Familiar contra a Mulher e uma UPJ (Unidade de Processamento Judicial), tamb\u00e9m conhecido como \u201ccart\u00f3rio do\u2026","rel":"","context":"In &quot;Not\u00edcias de Ribeir\u00e3o Preto-SP e Regi\u00e3o&quot;","block_context":{"text":"Not\u00edcias de Ribeir\u00e3o Preto-SP e Regi\u00e3o","link":"https:\/\/noticiasribeiraopreto.com.br\/index.php\/category\/noticias-de-ribeirao-preto-sp-e-regiao-ismael-colosi\/"},"img":{"alt_text":"","src":"https:\/\/i0.wp.com\/noticiasribeiraopreto.com.br\/wp-content\/uploads\/2025\/05\/1746738161_forum_de_1200x675_23092021191006.jpg?fit=1200%2C675&ssl=1&resize=350%2C200","width":350,"height":200,"srcset":"https:\/\/i0.wp.com\/noticiasribeiraopreto.com.br\/wp-content\/uploads\/2025\/05\/1746738161_forum_de_1200x675_23092021191006.jpg?fit=1200%2C675&ssl=1&resize=350%2C200 1x, https:\/\/i0.wp.com\/noticiasribeiraopreto.com.br\/wp-content\/uploads\/2025\/05\/1746738161_forum_de_1200x675_23092021191006.jpg?fit=1200%2C675&ssl=1&resize=525%2C300 1.5x, https:\/\/i0.wp.com\/noticiasribeiraopreto.com.br\/wp-content\/uploads\/2025\/05\/1746738161_forum_de_1200x675_23092021191006.jpg?fit=1200%2C675&ssl=1&resize=700%2C400 2x, https:\/\/i0.wp.com\/noticiasribeiraopreto.com.br\/wp-content\/uploads\/2025\/05\/1746738161_forum_de_1200x675_23092021191006.jpg?fit=1200%2C675&ssl=1&resize=1050%2C600 3x"},"classes":[]},{"id":69678,"url":"https:\/\/noticiasribeiraopreto.com.br\/index.php\/2025\/05\/08\/tj-instala-novas-varas-no-forum\/","url_meta":{"origin":69704,"position":1},"title":"TJ instala novas varas no F\u00f3rum \u00a0","author":"noticiasribeiraopreto.com.br","date":"8 de May de 2025","format":false,"excerpt":"O Tribunal de Justi\u00e7a de S\u00e3o Paulo vai instalar, nesta quinta-feira, 8 de maio, \u00e0s onze horas, no F\u00f3rum Estadual de Ribeir\u00e3o Preto Desembargador Jo\u00e3o Alves Meira J\u00fanior,\u00a0 a Vara Regional das Garantias da 6\u00aa Regi\u00e3o Administrativa Judici\u00e1ria (6\u00aa RAJ), a 2\u00aa Vara de Viol\u00eancia Dom\u00e9stica e Familiar contra a\u2026","rel":"","context":"In &quot;Not\u00edcias de Ribeir\u00e3o Preto-SP e Regi\u00e3o&quot;","block_context":{"text":"Not\u00edcias de Ribeir\u00e3o Preto-SP e Regi\u00e3o","link":"https:\/\/noticiasribeiraopreto.com.br\/index.php\/category\/noticias-de-ribeirao-preto-sp-e-regiao-ismael-colosi\/"},"img":{"alt_text":"","src":"https:\/\/i0.wp.com\/noticiasribeiraopreto.com.br\/wp-content\/uploads\/2025\/05\/ForumRP-Alfredo-Risk-Arquivo.jpg?fit=1200%2C667&ssl=1&resize=350%2C200","width":350,"height":200,"srcset":"https:\/\/i0.wp.com\/noticiasribeiraopreto.com.br\/wp-content\/uploads\/2025\/05\/ForumRP-Alfredo-Risk-Arquivo.jpg?fit=1200%2C667&ssl=1&resize=350%2C200 1x, https:\/\/i0.wp.com\/noticiasribeiraopreto.com.br\/wp-content\/uploads\/2025\/05\/ForumRP-Alfredo-Risk-Arquivo.jpg?fit=1200%2C667&ssl=1&resize=525%2C300 1.5x, https:\/\/i0.wp.com\/noticiasribeiraopreto.com.br\/wp-content\/uploads\/2025\/05\/ForumRP-Alfredo-Risk-Arquivo.jpg?fit=1200%2C667&ssl=1&resize=700%2C400 2x, https:\/\/i0.wp.com\/noticiasribeiraopreto.com.br\/wp-content\/uploads\/2025\/05\/ForumRP-Alfredo-Risk-Arquivo.jpg?fit=1200%2C667&ssl=1&resize=1050%2C600 3x"},"classes":[]},{"id":69739,"url":"https:\/\/noticiasribeiraopreto.com.br\/index.php\/2025\/05\/08\/justica-estadual-instala-estrutura-para-tentar-aprimorar-casos-de-prisoes-em-flagrante-na-regiao\/","url_meta":{"origin":69704,"position":2},"title":"Justi\u00e7a Estadual instala estrutura para tentar aprimorar casos de pris\u00f5es em flagrante na regi\u00e3o","author":"noticiasribeiraopreto.com.br","date":"8 de May de 2025","format":false,"excerpt":"A Justi\u00e7a Estadual, por meio do Tribunal de Justi\u00e7a de S\u00e3o Paulo (TJSP), instalou, nesta quinta-feira (8\/5), a Vara Regional das Garantias da 6\u00aa Regi\u00e3o Administrativa Judici\u00e1ria (6\u00aa RAJ), a 2\u00aa Vara de Viol\u00eancia Dom\u00e9stica e Familiar contra a Mulher e uma Unidade de Processamento Judicial (UPJ), essa \u00faltima para\u2026","rel":"","context":"In &quot;Not\u00edcias de Franca-SP&quot;","block_context":{"text":"Not\u00edcias de Franca-SP","link":"https:\/\/noticiasribeiraopreto.com.br\/index.php\/category\/noticias-de-ribeirao-preto-sp-e-regiao-ismael-colosi\/noticias-franca-sp\/"},"img":{"alt_text":"","src":"https:\/\/i0.wp.com\/noticiasribeiraopreto.com.br\/wp-content\/uploads\/2025\/05\/prisao_empresaria_araquarara.jpg?fit=800%2C417&ssl=1&resize=350%2C200","width":350,"height":200,"srcset":"https:\/\/i0.wp.com\/noticiasribeiraopreto.com.br\/wp-content\/uploads\/2025\/05\/prisao_empresaria_araquarara.jpg?fit=800%2C417&ssl=1&resize=350%2C200 1x, https:\/\/i0.wp.com\/noticiasribeiraopreto.com.br\/wp-content\/uploads\/2025\/05\/prisao_empresaria_araquarara.jpg?fit=800%2C417&ssl=1&resize=525%2C300 1.5x, https:\/\/i0.wp.com\/noticiasribeiraopreto.com.br\/wp-content\/uploads\/2025\/05\/prisao_empresaria_araquarara.jpg?fit=800%2C417&ssl=1&resize=700%2C400 2x"},"classes":[]},{"id":59430,"url":"https:\/\/noticiasribeiraopreto.com.br\/index.php\/2024\/10\/23\/tribunal-de-justica-de-sp-inaugura-novas-varas-civeis-e-da-familia-em-ribeirao-preto\/","url_meta":{"origin":69704,"position":3},"title":"Tribunal de Justi\u00e7a de SP inaugura novas Varas C\u00edveis e da Fam\u00edlia em Ribeir\u00e3o Preto","author":"noticiasribeiraopreto.com.br","date":"23 de October de 2024","format":false,"excerpt":"O TJSP (Tribunal de Justi\u00e7a de S\u00e3o Paulo) inaugura, nesta quinta-feira (24), sete novas unidades em Ribeir\u00e3o Preto. A solenidade acontece \u00e0s 15h, no f\u00f3rum da cidade, sob lideran\u00e7a\u202fdo presidente do TJSP, desembargador Fernando Antonio Torres Garcia. O evento tamb\u00e9m contar\u00e1 com a presen\u00e7a de magistrados e representantes de institui\u00e7\u00f5es\u2026","rel":"","context":"In &quot;Not\u00edcias de Ribeir\u00e3o Preto-SP e Regi\u00e3o&quot;","block_context":{"text":"Not\u00edcias de Ribeir\u00e3o Preto-SP e Regi\u00e3o","link":"https:\/\/noticiasribeiraopreto.com.br\/index.php\/category\/noticias-de-ribeirao-preto-sp-e-regiao-ismael-colosi\/"},"img":{"alt_text":"","src":"https:\/\/i0.wp.com\/noticiasribeiraopreto.com.br\/wp-content\/uploads\/2024\/10\/forum_de_1200x675_23092021191006.jpg?fit=1200%2C675&ssl=1&resize=350%2C200","width":350,"height":200,"srcset":"https:\/\/i0.wp.com\/noticiasribeiraopreto.com.br\/wp-content\/uploads\/2024\/10\/forum_de_1200x675_23092021191006.jpg?fit=1200%2C675&ssl=1&resize=350%2C200 1x, https:\/\/i0.wp.com\/noticiasribeiraopreto.com.br\/wp-content\/uploads\/2024\/10\/forum_de_1200x675_23092021191006.jpg?fit=1200%2C675&ssl=1&resize=525%2C300 1.5x, https:\/\/i0.wp.com\/noticiasribeiraopreto.com.br\/wp-content\/uploads\/2024\/10\/forum_de_1200x675_23092021191006.jpg?fit=1200%2C675&ssl=1&resize=700%2C400 2x, https:\/\/i0.wp.com\/noticiasribeiraopreto.com.br\/wp-content\/uploads\/2024\/10\/forum_de_1200x675_23092021191006.jpg?fit=1200%2C675&ssl=1&resize=1050%2C600 3x"},"classes":[]},{"id":46603,"url":"https:\/\/noticiasribeiraopreto.com.br\/index.php\/2024\/04\/12\/varas-de-pesca-avaliadas-em-r-250-mil-sao-apreendidas-em-ribeirao-preto\/","url_meta":{"origin":69704,"position":4},"title":"Varas de pesca avaliadas em R$ 250 mil s\u00e3o apreendidas em Ribeir\u00e3o Preto","author":"noticiasribeiraopreto.com.br","date":"12 de April de 2024","format":false,"excerpt":"Durante opera\u00e7\u00e3o de rotina realizada pela Receita Federal de Ribeir\u00e3o Preto em transportadoras da cidade foram apreendidas varas de pesca e acess\u00f3rios importados avaliados em R$ 250 mil. Segundo informa\u00e7\u00f5es da Receita, os objetos apreendidos estavam com falsa declara\u00e7\u00e3o de conte\u00fado, constando cosm\u00e9ticos na descri\u00e7\u00e3o da nota fiscal ao inv\u00e9s\u2026","rel":"","context":"In &quot;Not\u00edcias de Ribeir\u00e3o Preto-SP e Regi\u00e3o&quot;","block_context":{"text":"Not\u00edcias de Ribeir\u00e3o Preto-SP e Regi\u00e3o","link":"https:\/\/noticiasribeiraopreto.com.br\/index.php\/category\/noticias-de-ribeirao-preto-sp-e-regiao-ismael-colosi\/"},"img":{"alt_text":"","src":"https:\/\/i0.wp.com\/noticiasribeiraopreto.com.br\/wp-content\/uploads\/2024\/04\/Copia-de-Copia-de-TAMANHO-EXATO-PARA-FOTOS-NO-SISTEMA-NOVO-25-1.webp.webp?fit=1200%2C675&ssl=1&resize=350%2C200","width":350,"height":200,"srcset":"https:\/\/i0.wp.com\/noticiasribeiraopreto.com.br\/wp-content\/uploads\/2024\/04\/Copia-de-Copia-de-TAMANHO-EXATO-PARA-FOTOS-NO-SISTEMA-NOVO-25-1.webp.webp?fit=1200%2C675&ssl=1&resize=350%2C200 1x, https:\/\/i0.wp.com\/noticiasribeiraopreto.com.br\/wp-content\/uploads\/2024\/04\/Copia-de-Copia-de-TAMANHO-EXATO-PARA-FOTOS-NO-SISTEMA-NOVO-25-1.webp.webp?fit=1200%2C675&ssl=1&resize=525%2C300 1.5x, https:\/\/i0.wp.com\/noticiasribeiraopreto.com.br\/wp-content\/uploads\/2024\/04\/Copia-de-Copia-de-TAMANHO-EXATO-PARA-FOTOS-NO-SISTEMA-NOVO-25-1.webp.webp?fit=1200%2C675&ssl=1&resize=700%2C400 2x, https:\/\/i0.wp.com\/noticiasribeiraopreto.com.br\/wp-content\/uploads\/2024\/04\/Copia-de-Copia-de-TAMANHO-EXATO-PARA-FOTOS-NO-SISTEMA-NOVO-25-1.webp.webp?fit=1200%2C675&ssl=1&resize=1050%2C600 3x"},"classes":[]},{"id":48524,"url":"https:\/\/noticiasribeiraopreto.com.br\/index.php\/2024\/05\/03\/juiz-de-campinas-tambem-pede-para-deixar-operacao-sevandija\/","url_meta":{"origin":69704,"position":5},"title":"Juiz de Campinas tamb\u00e9m pede para deixar Opera\u00e7\u00e3o Sevandija","author":"noticiasribeiraopreto.com.br","date":"3 de May de 2024","format":false,"excerpt":"O juiz Nelson Augusto Bernardes de Souza, de Campinas, tamb\u00e9m pediu para deixar a an\u00e1lise dos processos da Opera\u00e7\u00e3o Sevandija, deflagrada em setembro de 2016 em Ribeir\u00e3o Preto. Esse \u00e9 o sexto juiz a recusar o caso. A decis\u00e3o de Nelson Augusto foi publicada na edi\u00e7\u00e3o desta sexta-feira (3), do\u2026","rel":"","context":"In &quot;Not\u00edcias de Ribeir\u00e3o Preto-SP e Regi\u00e3o&quot;","block_context":{"text":"Not\u00edcias de Ribeir\u00e3o Preto-SP e Regi\u00e3o","link":"https:\/\/noticiasribeiraopreto.com.br\/index.php\/category\/noticias-de-ribeirao-preto-sp-e-regiao-ismael-colosi\/"},"img":{"alt_text":"","src":"https:\/\/i0.wp.com\/noticiasribeiraopreto.com.br\/wp-content\/uploads\/2024\/05\/darcy_vera_1024x576_06122019151021.jpg?fit=1024%2C576&ssl=1&resize=350%2C200","width":350,"height":200,"srcset":"https:\/\/i0.wp.com\/noticiasribeiraopreto.com.br\/wp-content\/uploads\/2024\/05\/darcy_vera_1024x576_06122019151021.jpg?fit=1024%2C576&ssl=1&resize=350%2C200 1x, https:\/\/i0.wp.com\/noticiasribeiraopreto.com.br\/wp-content\/uploads\/2024\/05\/darcy_vera_1024x576_06122019151021.jpg?fit=1024%2C576&ssl=1&resize=525%2C300 1.5x, https:\/\/i0.wp.com\/noticiasribeiraopreto.com.br\/wp-content\/uploads\/2024\/05\/darcy_vera_1024x576_06122019151021.jpg?fit=1024%2C576&ssl=1&resize=700%2C400 2x"},"classes":[]}],"jetpack_sharing_enabled":true,"jetpack_shortlink":"https:\/\/wp.me\/peQAOb-i8g","_links":{"self":[{"href":"https:\/\/noticiasribeiraopreto.com.br\/index.php\/wp-json\/wp\/v2\/posts\/69704","targetHints":{"allow":["GET"]}}],"collection":[{"href":"https:\/\/noticiasribeiraopreto.com.br\/index.php\/wp-json\/wp\/v2\/posts"}],"about":[{"href":"https:\/\/noticiasribeiraopreto.com.br\/index.php\/wp-json\/wp\/v2\/types\/post"}],"author":[{"embeddable":true,"href":"https:\/\/noticiasribeiraopreto.com.br\/index.php\/wp-json\/wp\/v2\/users\/1"}],"replies":[{"embeddable":true,"href":"https:\/\/noticiasribeiraopreto.com.br\/index.php\/wp-json\/wp\/v2\/comments?post=69704"}],"version-history":[{"count":0,"href":"https:\/\/noticiasribeiraopreto.com.br\/index.php\/wp-json\/wp\/v2\/posts\/69704\/revisions"}],"wp:featuredmedia":[{"embeddable":true,"href":"https:\/\/noticiasribeiraopreto.com.br\/index.php\/wp-json\/wp\/v2\/media\/69705"}],"wp:attachment":[{"href":"https:\/\/noticiasribeiraopreto.com.br\/index.php\/wp-json\/wp\/v2\/media?parent=69704"}],"wp:term":[{"taxonomy":"category","embeddable":true,"href":"https:\/\/noticiasribeiraopreto.com.br\/index.php\/wp-json\/wp\/v2\/categories?post=69704"},{"taxonomy":"post_tag","embeddable":true,"href":"https:\/\/noticiasribeiraopreto.com.br\/index.php\/wp-json\/wp\/v2\/tags?post=69704"}],"curies":[{"name":"wp","href":"https:\/\/api.w.org\/{rel}","templated":true}]}}