{"id":69706,"date":"2025-05-08T14:22:01","date_gmt":"2025-05-08T17:22:01","guid":{"rendered":"https:\/\/noticiasribeiraopreto.com.br\/index.php\/2025\/05\/08\/ribeirao-preto-e-a-58a-cidade-mais-desenvolvidas-do-brasil-veja-ranking-da-firjan\/"},"modified":"2025-05-08T14:22:01","modified_gmt":"2025-05-08T17:22:01","slug":"ribeirao-preto-e-a-58a-cidade-mais-desenvolvidas-do-brasil-veja-ranking-da-firjan","status":"publish","type":"post","link":"https:\/\/noticiasribeiraopreto.com.br\/index.php\/2025\/05\/08\/ribeirao-preto-e-a-58a-cidade-mais-desenvolvidas-do-brasil-veja-ranking-da-firjan\/","title":{"rendered":"Ribeir\u00e3o Preto \u00e9 a 58\u00aa cidade mais desenvolvidas do Brasil; Veja ranking da Firjan"},"content":{"rendered":"<p> <br \/>\n<\/p>\n<div>\n<p><strong>Ribeir\u00e3o Preto<\/strong> ocupava em 2023, a <strong>58\u00aa posi\u00e7\u00e3o<\/strong> no ranking das <strong>cidades mais desenvolvidas do Brasil<\/strong>, segundo o <strong>\u00cdndice Firjan de Desenvolvimento Municipal (IFDM)<\/strong>.<\/p>\n<p>O indicador foi divulgado nesta quinta-feira (8), pela <strong>Federa\u00e7\u00e3o das Ind\u00fastrias do Estado do Rio de Janeiro (Firjan)<\/strong>, e leva em conta tr\u00eas indicadores: <strong>emprego e renda<\/strong>; <strong>educa\u00e7\u00e3o<\/strong>; e <strong>sa\u00fade<\/strong>.<\/p>\n<p><mark style=\"background-color:#fcb900\" class=\"has-inline-color\">A pesquisa analisou a situa\u00e7\u00e3o de 5.550 cidades brasileiras<\/mark> e analisou os avan\u00e7os dos munic\u00edpios entre 2013 e 2023 \u2013 veja o ranking das cidades com os melhores resultados no <strong>IFDM <\/strong>abaixo.<\/p>\n<p>Conforme divulgado pela <strong>Firjan<\/strong>, a <strong>Calif\u00f3rnia Brasileira<\/strong> obteve <strong>IFDM <\/strong>de <strong>0,8447 ponto<\/strong>. O \u00edndice varia de 0 a 1 ponto, sendo que quanto mais pr\u00f3ximo de 1 maior o desenvolvimento socioecon\u00f4mico, veja os resultados:<\/p>\n<div class=\"wp-block-image\">\n<figure class=\"aligncenter size-full\"><img data-recalc-dims=\"1\" fetchpriority=\"high\" decoding=\"async\" width=\"714\" height=\"507\" src=\"https:\/\/i0.wp.com\/www.acidadeon.com\/ribeiraopreto\/wp-content\/uploads\/sites\/3\/2025\/05\/IFDM-Ribeirao_2025-05-08_16-10-18.webp?resize=714%2C507&#038;ssl=1\" alt=\"IFDM e indicadores de Ribeir\u00e3o Preto - Foto: reprodu\u00e7\u00e3o\/ Firjan.\" class=\"wp-image-115905\" srcset=\"https:\/\/www.acidadeon.com\/ribeiraopreto\/wp-content\/uploads\/sites\/3\/2025\/05\/IFDM-Ribeirao_2025-05-08_16-10-18.webp 714w, https:\/\/www.acidadeon.com\/ribeiraopreto\/wp-content\/uploads\/sites\/3\/2025\/05\/IFDM-Ribeirao_2025-05-08_16-10-18-300x213.webp 300w, https:\/\/www.acidadeon.com\/ribeiraopreto\/wp-content\/uploads\/sites\/3\/2025\/05\/IFDM-Ribeirao_2025-05-08_16-10-18-696x494.webp 696w\" sizes=\"(max-width: 714px) 100vw, 714px\"\/><figcaption class=\"wp-element-caption\">IFDM e indicadores de Ribeir\u00e3o Preto \u2013 Foto: reprodu\u00e7\u00e3o\/ Firjan.<\/figcaption><\/figure>\n<\/div>\n<p>Ainda de acordo com a <strong>Firjan<\/strong>, s\u00e3o considerados munic\u00edpios em Desenvolvimento Moderado aqueles com resultados entre 0,6 e 0,8 ponto. Para ser considerada uma cidade com Desenvolvimento Alto, \u00e9 necess\u00e1rio obter resultados superiores a 0,8 ponto.<\/p>\n<figure class=\"wp-block-pullquote\">\n<blockquote>\n<p>Os dados analisados seguem as premissas originais da metodologia: s\u00e3o obtidos exclusivamente de fontes oficiais, possuem periodicidade anual, recorte municipal e abrang\u00eancia nacional<\/p>\n<p><cite>Firjan<\/cite><\/p><\/blockquote>\n<\/figure>\n<p><strong>S\u00e3o Paulo<\/strong> ocupa a <strong>segunda coloca\u00e7\u00e3o<\/strong> na ranking das <strong>capitais com os melhores resultados no IFDM<\/strong>. <a href=\"http:\/\/www.firjan.com.br\/ifdm\" target=\"_blank\" rel=\"noreferrer noopener\"><strong>Clique aqui e acesse <\/strong><\/a>para consultar a an\u00e1lise geral, dados espec\u00edficos dos munic\u00edpios e s\u00e9rie hist\u00f3rica do estudo.<\/p>\n<h2 class=\"wp-block-heading\"><strong>Quais s\u00e3o os crit\u00e9rios considerados na pesquisa?<\/strong><\/h2>\n<h3 class=\"wp-block-heading\"><strong>Sa\u00fade<\/strong><\/h3>\n<ul class=\"wp-block-list\">\n<li>Interna\u00e7\u00f5es por condi\u00e7\u00f5es sens\u00edveis \u00e0 educa\u00e7\u00e3o b\u00e1sica<\/li>\n<li>\u00d3bitos infantis evit\u00e1veis<\/li>\n<li>Propor\u00e7\u00e3o de 7+ consultas pr\u00e9-natal<\/li>\n<li>M\u00e9dicos a cada 1 mil habitantes<\/li>\n<li>Cobertura vacinal<\/li>\n<li>Gravidez na adolesc\u00eancia<\/li>\n<li>Interna\u00e7\u00f5es relacionadas ao saneamento inadequado<\/li>\n<li>Educa\u00e7\u00e3o<\/li>\n<\/ul>\n<h3 class=\"wp-block-heading\"><strong>Taxa de matr\u00edculas em creche<\/strong><\/h3>\n<ul class=\"wp-block-list\">\n<li>Adequa\u00e7\u00e3o de forma\u00e7\u00e3o docente nos ensinos fundamental e m\u00e9dio<\/li>\n<li>Distor\u00e7\u00e3o idade-s\u00e9rie no ensino fundamental e m\u00e9dio<\/li>\n<li>Ideb nos anos iniciais e finais do ensino fundamental<\/li>\n<li>Taxa de abandono no ensino fundamental e m\u00e9dio<\/li>\n<li>Educa\u00e7\u00e3o integral no ensino fundamental e m\u00e9dio<\/li>\n<\/ul>\n<h3 class=\"wp-block-heading\"><strong>Emprego e renda<\/strong><\/h3>\n<ul class=\"wp-block-list\">\n<li>Absor\u00e7\u00e3o da m\u00e3o-de-obra formal<\/li>\n<li>Propor\u00e7\u00e3o dos desligamentos volunt\u00e1rios<\/li>\n<li>PIB per capita<\/li>\n<li>Participa\u00e7\u00e3o dos sal\u00e1rios no PIB<\/li>\n<li>Popula\u00e7\u00e3o pobre ou de baixa renda<\/li>\n<li>Diversidade econ\u00f4mica<\/li>\n<\/ul>\n<h2 class=\"wp-block-heading\"><strong>Desenvolvimento socioecon\u00f4mico baixo ou cr\u00edtico<\/strong><\/h2>\n<p>Apesar do avan\u00e7o das cidades brasileiras na \u00faltima d\u00e9cada, <strong>IFDM <\/strong>aponta que <mark style=\"background-color:#fcb900\" class=\"has-inline-color\">47,3% ainda t\u00eam desenvolvimento socioecon\u00f4mico baixo ou cr\u00edtico<\/mark>. De acordo com a Federa\u00e7\u00e3o, s\u00e3o 57 milh\u00f5es de pessoas vivendo nessa situa\u00e7\u00e3o.<\/p>\n<figure class=\"wp-block-pullquote\">\n<blockquote>\n<p>Nossos c\u00e1lculos indicam que as cidades cr\u00edticas t\u00eam, em m\u00e9dia, mais de duas d\u00e9cadas de atraso em rela\u00e7\u00e3o as mais desenvolvidas do pa\u00eds. \u00c9 como se parte dos brasileiros ainda estivesse vivendo no s\u00e9culo passado<\/p>\n<p><cite>diz o presidente da Firjan, Luiz C\u00e9sio Caetano<\/cite><\/p><\/blockquote>\n<\/figure>\n<p>Os dez munic\u00edpios com piores \u00edndices s\u00e3o: Ipixuna (AM), com 0,1485, seguido por Jenipapo dos Vieiras (MA), com 0,1583; Uiramut\u00e3 (RR), com 0,1621; Juta\u00ed (AM), com 0,1802; Santa Rosa do Purus (AC), com 0,1806; Oeiras do Par\u00e1 (PA), com 0,2143; Fernando Falc\u00e3o (MA), com 0,2161; Limoeiro do Ajuru (PA), com 0,2420; Melga\u00e7o (PA), com 0,2429; e Curralinho (PA), com 0,2431.<\/p>\n<h2 class=\"wp-block-heading\"><strong>Veja as 10 cidades com os melhores resultados no IFDM<\/strong><\/h2>\n<ol class=\"wp-block-list\">\n<li>\u00c1guas de S\u00e3o Pedro (SP) \u2013 0,8932 ponto<\/li>\n<li>S\u00e3o Caetano do Sul (SP) \u2013 0,8882 ponto<\/li>\n<li>Curitiba (PR) \u2013 0,8855 ponto<\/li>\n<li>Maring\u00e1 (PR) \u2013 0,8814 ponto<\/li>\n<li>Americana (SP) \u2013 0,8813 ponto<\/li>\n<li>Toledo (PR) \u2013 0,8763 ponto<\/li>\n<li>Marechal C\u00e2ndido Rondon (PR) \u2013 0,8751 ponto<\/li>\n<li>S\u00e3o Jos\u00e9 do Rio Preto (SP) \u2013 0,8750 ponto<\/li>\n<li>Francisco Beltr\u00e3o (PR) \u2013 0,8742 ponto<\/li>\n<li>Indaiatuba (SP) \u2013 0,8723 ponto<\/li>\n<\/ol>\n<hr class=\"wp-block-separator has-alpha-channel-opacity\"\/>\n<p>SAIBA MAIS<\/p>\n<p>Fuma\u00e7a branca: Conclave define novo papa<\/p>\n<h2 class=\"wp-block-heading\"><strong>FIQUE ON<\/strong><\/h2>\n<p>Fique ligado em tudo que acontece em Ribeir\u00e3o Preto e regi\u00e3o. Siga os perfis do\u00a0<strong>acidade on\u00a0<\/strong>no<a href=\"https:\/\/www.instagram.com\/acidadeonribeirao\">\u00a0Instagram\u00a0<\/a>e no\u00a0<a href=\"https:\/\/www.facebook.com\/acidadeonribeirao\/\">Facebook<\/a>.<\/p>\n<p>Receba not\u00edcias do\u00a0<strong>acidade on<\/strong>\u00a0no WhatsApp.<a href=\"https:\/\/chat.whatsapp.com\/BjKQZ9oJwlz8VVT50NuePq\">\u00a0Para entrar no grupo, basta clicar aqui.<\/a><\/p>\n<p>Fa\u00e7a uma den\u00fancia ou sugira uma reportagem sobre Ribeir\u00e3o Preto e regi\u00e3o pelo WhatsApp: 16 99117 7802.<\/p>\n<p>LEIA TAMB\u00c9M<\/p>\n<p>Quantos livros F\u00e1bio de Melo escreveu?\u00a0<\/p>\n<p><!-- CONTENT END 1 -->\n<\/div>\n<p><script async src=\"\/\/www.instagram.com\/embed.js\"><\/script><br \/>\n<br \/><br \/>\n<br \/><a href=\"https:\/\/www.acidadeon.com\/ribeiraopreto\/economia\/ribeirao-preto-e-58a-cidade-mais-desenvolvidas-do-brasil-veja-ranking-da-firjan\/\">Source link <\/a><\/p>\n","protected":false},"excerpt":{"rendered":"<p>Ribeir\u00e3o Preto ocupava em 2023, a 58\u00aa posi\u00e7\u00e3o no ranking das cidades mais desenvolvidas do Brasil, segundo o \u00cdndice Firjan de Desenvolvimento Municipal (IFDM). O&#8230;<\/p>\n","protected":false},"author":1,"featured_media":69707,"comment_status":"open","ping_status":"open","sticky":false,"template":"","format":"standard","meta":{"advanced_seo_description":"","jetpack_seo_html_title":"","jetpack_seo_noindex":false,"jetpack_post_was_ever_published":false,"_jetpack_newsletter_access":"","_jetpack_dont_email_post_to_subs":false,"_jetpack_newsletter_tier_id":0,"_jetpack_memberships_contains_paywalled_content":false,"_jetpack_memberships_contains_paid_content":false,"footnotes":"","jetpack_publicize_message":"","jetpack_publicize_feature_enabled":true,"jetpack_social_post_already_shared":true,"jetpack_social_options":{"image_generator_settings":{"template":"highway","default_image_id":0,"font":"","enabled":false},"version":2}},"categories":[11],"tags":[],"class_list":["post-69706","post","type-post","status-publish","format-standard","has-post-thumbnail","hentry","category-noticias-de-ribeirao-preto-sp-e-regiao-ismael-colosi"],"jetpack_publicize_connections":[],"jetpack_featured_media_url":"https:\/\/i0.wp.com\/noticiasribeiraopreto.com.br\/wp-content\/uploads\/2025\/05\/aerea-ribeirao-preto.jpg?fit=1620%2C1080&ssl=1","jetpack-related-posts":[{"id":77690,"url":"https:\/\/noticiasribeiraopreto.com.br\/index.php\/2025\/09\/24\/ribeirao-cai-40-posicoes-no-ranking-fiscal\/","url_meta":{"origin":69706,"position":0},"title":"Ribeir\u00e3o cai 40 posi\u00e7\u00f5es no ranking fiscal\u2028","author":"noticiasribeiraopreto.com.br","date":"24 de September de 2025","format":false,"excerpt":"Apesar da queda, cidade melhorou nota no levantamento que analisou as contas de 5.129 munic\u00edpios brasileiros; gest\u00e3o foi considerada \u201cboa\u201d em 2024\u2028\u2028 Ribeir\u00e3o Preto caiu 40 posi\u00e7\u00f5es no ranking nacional do \u00cdndice Firjan de Gest\u00e3o Fiscal (IFGF) \u2013 que analisa as contas de mais de cinco mil munic\u00edpios brasileiros. A\u2026","rel":"","context":"In &quot;Not\u00edcias de Ribeir\u00e3o Preto-SP e Regi\u00e3o&quot;","block_context":{"text":"Not\u00edcias de Ribeir\u00e3o Preto-SP e Regi\u00e3o","link":"https:\/\/noticiasribeiraopreto.com.br\/index.php\/category\/noticias-de-ribeirao-preto-sp-e-regiao-ismael-colosi\/"},"img":{"alt_text":"","src":"https:\/\/i0.wp.com\/noticiasribeiraopreto.com.br\/wp-content\/uploads\/2025\/09\/Firjan-Guilherme-Sircili-scaled.jpg?fit=1054%2C780&ssl=1&resize=350%2C200","width":350,"height":200,"srcset":"https:\/\/i0.wp.com\/noticiasribeiraopreto.com.br\/wp-content\/uploads\/2025\/09\/Firjan-Guilherme-Sircili-scaled.jpg?fit=1054%2C780&ssl=1&resize=350%2C200 1x, https:\/\/i0.wp.com\/noticiasribeiraopreto.com.br\/wp-content\/uploads\/2025\/09\/Firjan-Guilherme-Sircili-scaled.jpg?fit=1054%2C780&ssl=1&resize=525%2C300 1.5x, https:\/\/i0.wp.com\/noticiasribeiraopreto.com.br\/wp-content\/uploads\/2025\/09\/Firjan-Guilherme-Sircili-scaled.jpg?fit=1054%2C780&ssl=1&resize=700%2C400 2x, https:\/\/i0.wp.com\/noticiasribeiraopreto.com.br\/wp-content\/uploads\/2025\/09\/Firjan-Guilherme-Sircili-scaled.jpg?fit=1054%2C780&ssl=1&resize=1050%2C600 3x"},"classes":[]},{"id":69781,"url":"https:\/\/noticiasribeiraopreto.com.br\/index.php\/2025\/05\/09\/ribeirao-preto-cai-no-indice-firjan\/","url_meta":{"origin":69706,"position":1},"title":"Ribeir\u00e3o Preto cai no \u00cdndice Firjan \u00a0","author":"noticiasribeiraopreto.com.br","date":"9 de May de 2025","format":false,"excerpt":"Ribeir\u00e3o Preto caiu no ranking Firjan de Desenvolvimento Municipal (IFDM), divulgado nesta quinta-feira, 8 de maio, pela Federa\u00e7\u00e3o das Ind\u00fastrias do Estado do Rio de Janeiro. \u00c9 considerado um dos mais importantes do pa\u00eds e acompanha, desde 2008, o desenvolvimento socioecon\u00f4mico de todos os 5.570 munic\u00edpios brasileiros em tr\u00eas \u00e1reas:\u2026","rel":"","context":"In &quot;Not\u00edcias de Ribeir\u00e3o Preto-SP e Regi\u00e3o&quot;","block_context":{"text":"Not\u00edcias de Ribeir\u00e3o Preto-SP e Regi\u00e3o","link":"https:\/\/noticiasribeiraopreto.com.br\/index.php\/category\/noticias-de-ribeirao-preto-sp-e-regiao-ismael-colosi\/"},"img":{"alt_text":"","src":"https:\/\/i0.wp.com\/noticiasribeiraopreto.com.br\/wp-content\/uploads\/2025\/05\/FirjanRP-Guilherme-Sircili.jpg?fit=1200%2C800&ssl=1&resize=350%2C200","width":350,"height":200,"srcset":"https:\/\/i0.wp.com\/noticiasribeiraopreto.com.br\/wp-content\/uploads\/2025\/05\/FirjanRP-Guilherme-Sircili.jpg?fit=1200%2C800&ssl=1&resize=350%2C200 1x, https:\/\/i0.wp.com\/noticiasribeiraopreto.com.br\/wp-content\/uploads\/2025\/05\/FirjanRP-Guilherme-Sircili.jpg?fit=1200%2C800&ssl=1&resize=525%2C300 1.5x, https:\/\/i0.wp.com\/noticiasribeiraopreto.com.br\/wp-content\/uploads\/2025\/05\/FirjanRP-Guilherme-Sircili.jpg?fit=1200%2C800&ssl=1&resize=700%2C400 2x, https:\/\/i0.wp.com\/noticiasribeiraopreto.com.br\/wp-content\/uploads\/2025\/05\/FirjanRP-Guilherme-Sircili.jpg?fit=1200%2C800&ssl=1&resize=1050%2C600 3x"},"classes":[]},{"id":69753,"url":"https:\/\/noticiasribeiraopreto.com.br\/index.php\/2025\/05\/08\/exposicao-em-ribeirao-preto-explora-a-integracao-entre-natureza-e-arquitetura\/","url_meta":{"origin":69706,"position":2},"title":"Exposi\u00e7\u00e3o em Ribeir\u00e3o Preto explora a integra\u00e7\u00e3o entre natureza e arquitetura","author":"noticiasribeiraopreto.com.br","date":"8 de May de 2025","format":false,"excerpt":"A exposi\u00e7\u00e3o \u201cAtrav\u00e9s do meu olhar\u201d, do ilustrador e artista visual Isisson de Oliveira, explora a integra\u00e7\u00e3o entre a natureza e a arquitetura. A abertura acontece nesta quinta-feira (8), a partir das 18h, no Espa\u00e7o Cultural do IEA-RP, no campus da USP (Universidade de S\u00e3o Paulo), em Ribeir\u00e3o Preto. O\u2026","rel":"","context":"In &quot;Not\u00edcias de Ribeir\u00e3o Preto-SP e Regi\u00e3o&quot;","block_context":{"text":"Not\u00edcias de Ribeir\u00e3o Preto-SP e Regi\u00e3o","link":"https:\/\/noticiasribeiraopreto.com.br\/index.php\/category\/noticias-de-ribeirao-preto-sp-e-regiao-ismael-colosi\/"},"img":{"alt_text":"","src":"https:\/\/i0.wp.com\/noticiasribeiraopreto.com.br\/wp-content\/uploads\/2025\/05\/atraves_2025-05-08_20-21-46.webp.webp?fit=1200%2C895&ssl=1&resize=350%2C200","width":350,"height":200,"srcset":"https:\/\/i0.wp.com\/noticiasribeiraopreto.com.br\/wp-content\/uploads\/2025\/05\/atraves_2025-05-08_20-21-46.webp.webp?fit=1200%2C895&ssl=1&resize=350%2C200 1x, https:\/\/i0.wp.com\/noticiasribeiraopreto.com.br\/wp-content\/uploads\/2025\/05\/atraves_2025-05-08_20-21-46.webp.webp?fit=1200%2C895&ssl=1&resize=525%2C300 1.5x, https:\/\/i0.wp.com\/noticiasribeiraopreto.com.br\/wp-content\/uploads\/2025\/05\/atraves_2025-05-08_20-21-46.webp.webp?fit=1200%2C895&ssl=1&resize=700%2C400 2x, https:\/\/i0.wp.com\/noticiasribeiraopreto.com.br\/wp-content\/uploads\/2025\/05\/atraves_2025-05-08_20-21-46.webp.webp?fit=1200%2C895&ssl=1&resize=1050%2C600 3x"},"classes":[]},{"id":69728,"url":"https:\/\/noticiasribeiraopreto.com.br\/index.php\/2025\/05\/08\/caso-larissa-professora-relatou-diarreia-vomito-e-tremores-em-mensagens-a-amiga\/","url_meta":{"origin":69706,"position":3},"title":"Caso Larissa: Professora relatou diarreia, v\u00f4mito e tremores em mensagens \u00e0 amiga","author":"noticiasribeiraopreto.com.br","date":"8 de May de 2025","format":false,"excerpt":"Uma semana antes de morrer, a professora Larissa Talle Le\u00f4ncio Rodrigues mandou uma mensagem para uma amiga contando a situa\u00e7\u00e3o em que se encontrava. Larissa foi encontrada morta no dia 22 de mar\u00e7o, no apartamento em que vivia no Jardim Bot\u00e2nico, na zona Sul de Ribeir\u00e3o Preto. A Pol\u00edcia Civil\u2026","rel":"","context":"In &quot;Not\u00edcias de Ribeir\u00e3o Preto-SP e Regi\u00e3o&quot;","block_context":{"text":"Not\u00edcias de Ribeir\u00e3o Preto-SP e Regi\u00e3o","link":"https:\/\/noticiasribeiraopreto.com.br\/index.php\/category\/noticias-de-ribeirao-preto-sp-e-regiao-ismael-colosi\/"},"img":{"alt_text":"","src":"https:\/\/i0.wp.com\/noticiasribeiraopreto.com.br\/wp-content\/uploads\/2025\/05\/larissa_2025-05-06_16-41-07.webp.webp?fit=936%2C681&ssl=1&resize=350%2C200","width":350,"height":200,"srcset":"https:\/\/i0.wp.com\/noticiasribeiraopreto.com.br\/wp-content\/uploads\/2025\/05\/larissa_2025-05-06_16-41-07.webp.webp?fit=936%2C681&ssl=1&resize=350%2C200 1x, https:\/\/i0.wp.com\/noticiasribeiraopreto.com.br\/wp-content\/uploads\/2025\/05\/larissa_2025-05-06_16-41-07.webp.webp?fit=936%2C681&ssl=1&resize=525%2C300 1.5x, https:\/\/i0.wp.com\/noticiasribeiraopreto.com.br\/wp-content\/uploads\/2025\/05\/larissa_2025-05-06_16-41-07.webp.webp?fit=936%2C681&ssl=1&resize=700%2C400 2x"},"classes":[]},{"id":69726,"url":"https:\/\/noticiasribeiraopreto.com.br\/index.php\/2025\/05\/08\/saiba-a-origem-da-avenida-leao-xiii-em-ribeirao-preto\/","url_meta":{"origin":69706,"position":4},"title":"Saiba a origem da avenida Le\u00e3o XIII em Ribeir\u00e3o Preto","author":"noticiasribeiraopreto.com.br","date":"8 de May de 2025","format":false,"excerpt":"O cardeal Robert Prevost foi escolhido papa pelo conclave nesta quinta-feira (8). Com isso, a partir de agora, ser\u00e1 conhecido como Le\u00e3o XIV. Antes do americano, por\u00e9m, Gioacchino Pecci, em 1878, foi o \u00faltimo a escolher Le\u00e3o como nome de papado. >>>FIQUE POR DENTRO: Quem \u00e9 Robert Prevost, o papa\u2026","rel":"","context":"In &quot;Not\u00edcias de Ribeir\u00e3o Preto-SP e Regi\u00e3o&quot;","block_context":{"text":"Not\u00edcias de Ribeir\u00e3o Preto-SP e Regi\u00e3o","link":"https:\/\/noticiasribeiraopreto.com.br\/index.php\/category\/noticias-de-ribeirao-preto-sp-e-regiao-ismael-colosi\/"},"img":{"alt_text":"","src":"https:\/\/i0.wp.com\/noticiasribeiraopreto.com.br\/wp-content\/uploads\/2025\/05\/20230318_162012-scaled.jpg?fit=1200%2C609&ssl=1&resize=350%2C200","width":350,"height":200,"srcset":"https:\/\/i0.wp.com\/noticiasribeiraopreto.com.br\/wp-content\/uploads\/2025\/05\/20230318_162012-scaled.jpg?fit=1200%2C609&ssl=1&resize=350%2C200 1x, https:\/\/i0.wp.com\/noticiasribeiraopreto.com.br\/wp-content\/uploads\/2025\/05\/20230318_162012-scaled.jpg?fit=1200%2C609&ssl=1&resize=525%2C300 1.5x, https:\/\/i0.wp.com\/noticiasribeiraopreto.com.br\/wp-content\/uploads\/2025\/05\/20230318_162012-scaled.jpg?fit=1200%2C609&ssl=1&resize=700%2C400 2x, https:\/\/i0.wp.com\/noticiasribeiraopreto.com.br\/wp-content\/uploads\/2025\/05\/20230318_162012-scaled.jpg?fit=1200%2C609&ssl=1&resize=1050%2C600 3x"},"classes":[]},{"id":59421,"url":"https:\/\/noticiasribeiraopreto.com.br\/index.php\/2024\/10\/23\/ribeirao-preto-esta-em-47o-lugar-de-melhor-acesso-a-internet-no-brasil-veja-ranking\/","url_meta":{"origin":69706,"position":5},"title":"Ribeir\u00e3o Preto est\u00e1 em 47\u00ba lugar de melhor acesso \u00e0 internet no Brasil; Veja ranking","author":"noticiasribeiraopreto.com.br","date":"23 de October de 2024","format":false,"excerpt":"Ribeir\u00e3o Preto est\u00e1 em 47\u00ba lugar de melhor acesso \u00e0 internet do Brasil, com 81,60 pontos (em uma escala de 0 a 100), de acordo recorte do IPS Brasil (\u00cdndice de Progresso Social do Brasil). O levantamento foi publicado pelo Estad\u00e3o, nesta quarta-feira (23). Entre as cidades da regi\u00e3o, Serra\u2026","rel":"","context":"In &quot;Not\u00edcias de Ribeir\u00e3o Preto-SP e Regi\u00e3o&quot;","block_context":{"text":"Not\u00edcias de Ribeir\u00e3o Preto-SP e Regi\u00e3o","link":"https:\/\/noticiasribeiraopreto.com.br\/index.php\/category\/noticias-de-ribeirao-preto-sp-e-regiao-ismael-colosi\/"},"img":{"alt_text":"","src":"https:\/\/i0.wp.com\/noticiasribeiraopreto.com.br\/wp-content\/uploads\/2024\/10\/cursos_funtec_-_foto_guilherme_sircili_4.jpg?fit=1200%2C799&ssl=1&resize=350%2C200","width":350,"height":200,"srcset":"https:\/\/i0.wp.com\/noticiasribeiraopreto.com.br\/wp-content\/uploads\/2024\/10\/cursos_funtec_-_foto_guilherme_sircili_4.jpg?fit=1200%2C799&ssl=1&resize=350%2C200 1x, https:\/\/i0.wp.com\/noticiasribeiraopreto.com.br\/wp-content\/uploads\/2024\/10\/cursos_funtec_-_foto_guilherme_sircili_4.jpg?fit=1200%2C799&ssl=1&resize=525%2C300 1.5x, https:\/\/i0.wp.com\/noticiasribeiraopreto.com.br\/wp-content\/uploads\/2024\/10\/cursos_funtec_-_foto_guilherme_sircili_4.jpg?fit=1200%2C799&ssl=1&resize=700%2C400 2x, https:\/\/i0.wp.com\/noticiasribeiraopreto.com.br\/wp-content\/uploads\/2024\/10\/cursos_funtec_-_foto_guilherme_sircili_4.jpg?fit=1200%2C799&ssl=1&resize=1050%2C600 3x"},"classes":[]}],"jetpack_sharing_enabled":true,"jetpack_shortlink":"https:\/\/wp.me\/peQAOb-i8i","_links":{"self":[{"href":"https:\/\/noticiasribeiraopreto.com.br\/index.php\/wp-json\/wp\/v2\/posts\/69706","targetHints":{"allow":["GET"]}}],"collection":[{"href":"https:\/\/noticiasribeiraopreto.com.br\/index.php\/wp-json\/wp\/v2\/posts"}],"about":[{"href":"https:\/\/noticiasribeiraopreto.com.br\/index.php\/wp-json\/wp\/v2\/types\/post"}],"author":[{"embeddable":true,"href":"https:\/\/noticiasribeiraopreto.com.br\/index.php\/wp-json\/wp\/v2\/users\/1"}],"replies":[{"embeddable":true,"href":"https:\/\/noticiasribeiraopreto.com.br\/index.php\/wp-json\/wp\/v2\/comments?post=69706"}],"version-history":[{"count":0,"href":"https:\/\/noticiasribeiraopreto.com.br\/index.php\/wp-json\/wp\/v2\/posts\/69706\/revisions"}],"wp:featuredmedia":[{"embeddable":true,"href":"https:\/\/noticiasribeiraopreto.com.br\/index.php\/wp-json\/wp\/v2\/media\/69707"}],"wp:attachment":[{"href":"https:\/\/noticiasribeiraopreto.com.br\/index.php\/wp-json\/wp\/v2\/media?parent=69706"}],"wp:term":[{"taxonomy":"category","embeddable":true,"href":"https:\/\/noticiasribeiraopreto.com.br\/index.php\/wp-json\/wp\/v2\/categories?post=69706"},{"taxonomy":"post_tag","embeddable":true,"href":"https:\/\/noticiasribeiraopreto.com.br\/index.php\/wp-json\/wp\/v2\/tags?post=69706"}],"curies":[{"name":"wp","href":"https:\/\/api.w.org\/{rel}","templated":true}]}}