{"id":69712,"date":"2025-05-08T14:40:52","date_gmt":"2025-05-08T17:40:52","guid":{"rendered":"https:\/\/noticiasribeiraopreto.com.br\/index.php\/2025\/05\/08\/maquina-carregadeira-furtada-e-encontrada-em-mata-na-regiao-de-ribeirao-preto\/"},"modified":"2025-05-08T14:40:52","modified_gmt":"2025-05-08T17:40:52","slug":"maquina-carregadeira-furtada-e-encontrada-em-mata-na-regiao-de-ribeirao-preto","status":"publish","type":"post","link":"https:\/\/noticiasribeiraopreto.com.br\/index.php\/2025\/05\/08\/maquina-carregadeira-furtada-e-encontrada-em-mata-na-regiao-de-ribeirao-preto\/","title":{"rendered":"M\u00e1quina carregadeira furtada \u00e9 encontrada em  mata na regi\u00e3o de Ribeir\u00e3o Preto"},"content":{"rendered":"<div class='code-block code-block-1' style='margin: 8px 0 8px auto; text-align: right; display: block; clear: both;'>\n<p><a href=\"https:\/\/wa.link\/vpicfd\"><img data-recalc-dims=\"1\" class=\"wp-image-4922\" style=\"aspect-ratio: 2.0253164556962027; width: 561px; height: auto;\" src=\"https:\/\/i0.wp.com\/ismaelcolosi.com.br\/wp-content\/uploads\/2023\/11\/grupo-de-empregos-whatsapp-e-facebook-ismael-colosi-vagas.jpg?ssl=1\" alt=\"\" \/><\/a><\/p>\n<!-- \/wp:image -->\n<\/div>\n<p> <br \/>\n<\/p>\n<p><strong>A Pol\u00edcia Militar Ambiental encontrou nesta quarta-feira (7) uma m\u00e1quina carregadeira furtada, que estava em meio a uma mata de Guatapar\u00e1, cidade a aproximadamente 60 quil\u00f4metros de Ribeir\u00e3o Preto.<\/strong><\/p>\n<p>A <strong>pol\u00edcia <\/strong>informou que o <strong>ve\u00edculo <\/strong>havia sido <strong>furtado <\/strong>nesta<strong> ter\u00e7a-feira (6)<\/strong> de uma <strong>empresa <\/strong>em <strong>Luiz Ant\u00f4nio<\/strong>, tamb\u00e9m na regi\u00e3o.<\/p>\n<p>A&nbsp;empresa foi comunicada e enviou um representante at\u00e9 o local para fazer a retirada da m\u00e1quina carregadeira.<\/p>\n<p>Nenhum suspeito foi preso.<\/p>\n<p>SAIBA MAIS<\/p>\n<p>Homem ouve barulho no telhado de casa e acha proj\u00e9til de arma de fogo em laje<\/p>\n<h2 class=\"wp-block-heading\"><strong>FIQUE ON<\/strong><\/h2>\n<p>Fique ligado em tudo que acontece em Ribeir\u00e3o Preto e regi\u00e3o. Siga os perfis do&nbsp;<strong>acidade on&nbsp;<\/strong>no<a href=\"https:\/\/www.instagram.com\/acidadeonribeirao\">&nbsp;Instagram&nbsp;<\/a>e no&nbsp;<a href=\"https:\/\/www.facebook.com\/acidadeonribeirao\/\">Facebook<\/a>.<\/p>\n<p>Receba not\u00edcias do&nbsp;<strong>acidade on<\/strong>&nbsp;no WhatsApp.<a href=\"https:\/\/chat.whatsapp.com\/BjKQZ9oJwlz8VVT50NuePq\">&nbsp;Para entrar no grupo, basta clicar aqui.<\/a><\/p>\n<p>Fa\u00e7a uma den\u00fancia ou sugira uma reportagem sobre Ribeir\u00e3o Preto e regi\u00e3o pelo WhatsApp: 16 99117 7802.<\/p>\n<p>LEIA TAMB\u00c9M<\/p>\n<p>Mora sozinho? Veja como receber benef\u00edcios do \u2018Caixa Tem\u2019<\/p>\n<p><a href=\"https:\/\/g1.globo.com\/pa\/para\/videos-jornal-liberal-1-edicao\/video\/maquina-carregadeira-e-roubada-em-canteiro-de-obras-na-br-422-13142198.ghtml\"><\/a><\/p>\n<p><a href=\"https:\/\/g1.globo.com\/pa\/para\/videos-jornal-liberal-1-edicao\/video\/maquina-carregadeira-e-roubada-em-canteiro-de-obras-na-br-422-13142198.ghtml\"><\/a><\/p>\n<p><a href=\"https:\/\/g1.globo.com\/pa\/para\/videos-jornal-liberal-1-edicao\/video\/maquina-carregadeira-e-roubada-em-canteiro-de-obras-na-br-422-13142198.ghtml\"><\/a><\/p>\n<p>O post M\u00e1quina carregadeira furtada \u00e9 encontrada em  mata na regi\u00e3o de Ribeir\u00e3o Preto apareceu primeiro em ACidade ON Ribeir\u00e3o Preto.<\/p>\n<p><script async src=\"\/\/www.instagram.com\/embed.js\"><\/script><br \/>\n<br \/><br \/>\n<br \/><a href=\"https:\/\/www.acidadeon.com\/ribeiraopreto\/cotidiano\/maquina-carregadeira-furtada-e-encontrada-em-mata-na-regiao-de-ribeirao-preto\/\">Source link <\/a><\/p>\n<!-- CONTENT END 1 -->\n","protected":false},"excerpt":{"rendered":"<p>A Pol\u00edcia Militar Ambiental encontrou nesta quarta-feira (7) uma m\u00e1quina carregadeira furtada, que estava em meio a uma mata de Guatapar\u00e1, cidade a aproximadamente 60&#8230;<\/p>\n","protected":false},"author":1,"featured_media":69713,"comment_status":"open","ping_status":"open","sticky":false,"template":"","format":"standard","meta":{"advanced_seo_description":"","jetpack_seo_html_title":"","jetpack_seo_noindex":false,"jetpack_post_was_ever_published":false,"_jetpack_newsletter_access":"","_jetpack_dont_email_post_to_subs":false,"_jetpack_newsletter_tier_id":0,"_jetpack_memberships_contains_paywalled_content":false,"_jetpack_memberships_contains_paid_content":false,"footnotes":"","jetpack_publicize_message":"","jetpack_publicize_feature_enabled":true,"jetpack_social_post_already_shared":true,"jetpack_social_options":{"image_generator_settings":{"template":"highway","default_image_id":0,"font":"","enabled":false},"version":2}},"categories":[11],"tags":[],"class_list":["post-69712","post","type-post","status-publish","format-standard","has-post-thumbnail","hentry","category-noticias-de-ribeirao-preto-sp-e-regiao-ismael-colosi"],"jetpack_publicize_connections":[],"jetpack_featured_media_url":"https:\/\/i0.wp.com\/noticiasribeiraopreto.com.br\/wp-content\/uploads\/2025\/05\/TRATOR_2025-05-08_15-17-24.webp.webp?fit=1200%2C783&ssl=1","jetpack-related-posts":[{"id":78863,"url":"https:\/\/noticiasribeiraopreto.com.br\/index.php\/2025\/10\/20\/caminhonete-de-luxo-furtada-e-encontrada-em-mata-de-ribeirao-preto\/","url_meta":{"origin":69712,"position":0},"title":"Caminhonete de luxo furtada \u00e9 encontrada em mata de Ribeir\u00e3o Preto","author":"noticiasribeiraopreto.com.br","date":"20 de October de 2025","format":false,"excerpt":"A GCM (Guarda Civil Metropolitana) localizou neste domingo (19) uma caminhonete furtada, que foi deixada em uma mata na zona Leste de Ribeir\u00e3o Preto. Segundo a equipe de Patrulha Rural, o ve\u00edculo Mitsubishi L200 Triton havia sido furtado na noite de s\u00e1bado (18), na marginal da rodovia Anhanguera, tamb\u00e9m na\u2026","rel":"","context":"In &quot;Not\u00edcias de Ribeir\u00e3o Preto-SP e Regi\u00e3o&quot;","block_context":{"text":"Not\u00edcias de Ribeir\u00e3o Preto-SP e Regi\u00e3o","link":"https:\/\/noticiasribeiraopreto.com.br\/index.php\/category\/noticias-de-ribeirao-preto-sp-e-regiao-ismael-colosi\/"},"img":{"alt_text":"","src":"","width":0,"height":0},"classes":[]},{"id":80141,"url":"https:\/\/noticiasribeiraopreto.com.br\/index.php\/2025\/11\/16\/caminhonete-furtada-na-zona-sul-e-encontrada-em-mata-de-ribeirao-preto\/","url_meta":{"origin":69712,"position":1},"title":"Caminhonete furtada na zona Sul \u00e9 encontrada em mata de Ribeir\u00e3o Preto","author":"noticiasribeiraopreto.com.br","date":"16 de November de 2025","format":false,"excerpt":"A Patrulha Rural da GCM (Guarda Civil Metropolitana) de Ribeir\u00e3o Preto encontrou na tarde deste s\u00e1bado (15) uma caminhonete Toyota SW4. De acordo com a GCM, o ve\u00edculo foi furtado na noite de sexta-feira (14), por volta das 22h, no Jardim Nova Alian\u00e7a, na zona Sul. A caminhonete estava em\u2026","rel":"","context":"In &quot;Not\u00edcias de Ribeir\u00e3o Preto-SP e Regi\u00e3o&quot;","block_context":{"text":"Not\u00edcias de Ribeir\u00e3o Preto-SP e Regi\u00e3o","link":"https:\/\/noticiasribeiraopreto.com.br\/index.php\/category\/noticias-de-ribeirao-preto-sp-e-regiao-ismael-colosi\/"},"img":{"alt_text":"","src":"https:\/\/i0.wp.com\/noticiasribeiraopreto.com.br\/wp-content\/uploads\/2025\/11\/caminhonete-encontrada_2025-11-15_19-53-04.webp.webp?fit=1200%2C788&ssl=1&resize=350%2C200","width":350,"height":200,"srcset":"https:\/\/i0.wp.com\/noticiasribeiraopreto.com.br\/wp-content\/uploads\/2025\/11\/caminhonete-encontrada_2025-11-15_19-53-04.webp.webp?fit=1200%2C788&ssl=1&resize=350%2C200 1x, https:\/\/i0.wp.com\/noticiasribeiraopreto.com.br\/wp-content\/uploads\/2025\/11\/caminhonete-encontrada_2025-11-15_19-53-04.webp.webp?fit=1200%2C788&ssl=1&resize=525%2C300 1.5x, https:\/\/i0.wp.com\/noticiasribeiraopreto.com.br\/wp-content\/uploads\/2025\/11\/caminhonete-encontrada_2025-11-15_19-53-04.webp.webp?fit=1200%2C788&ssl=1&resize=700%2C400 2x, https:\/\/i0.wp.com\/noticiasribeiraopreto.com.br\/wp-content\/uploads\/2025\/11\/caminhonete-encontrada_2025-11-15_19-53-04.webp.webp?fit=1200%2C788&ssl=1&resize=1050%2C600 3x"},"classes":[]},{"id":57600,"url":"https:\/\/noticiasribeiraopreto.com.br\/index.php\/2024\/09\/05\/carga-milionaria-furtada-no-parana-e-encontrada-em-ribeirao-preto\/","url_meta":{"origin":69712,"position":2},"title":"Carga milion\u00e1ria furtada no Paran\u00e1 \u00e9 encontrada em Ribeir\u00e3o Preto","author":"noticiasribeiraopreto.com.br","date":"5 de September de 2024","format":false,"excerpt":"A PM (Pol\u00edcia Militar) apreendeu nesta quarta-feira (4), em Ribeir\u00e3o Preto, uma carga de defensivos agr\u00edcolas furtada no estado do Paran\u00e1, avaliada em R$ 1,9 milh\u00e3o. Segundo o boletim de ocorr\u00eancia (BO), quatro homens foram presos por recepta\u00e7\u00e3o e associa\u00e7\u00e3o criminosa. A carga estava em um im\u00f3vel localizado na rua\u2026","rel":"","context":"In &quot;Not\u00edcias de Ribeir\u00e3o Preto-SP e Regi\u00e3o&quot;","block_context":{"text":"Not\u00edcias de Ribeir\u00e3o Preto-SP e Regi\u00e3o","link":"https:\/\/noticiasribeiraopreto.com.br\/index.php\/category\/noticias-de-ribeirao-preto-sp-e-regiao-ismael-colosi\/"},"img":{"alt_text":"","src":"https:\/\/i0.wp.com\/noticiasribeiraopreto.com.br\/wp-content\/uploads\/2024\/09\/WhatsApp-Image-2024-09-04-at-12.20.08_2024-09-05_13-03-58_jpeg_2024-09-05_13-03-58.webp.webp?fit=1200%2C675&ssl=1&resize=350%2C200","width":350,"height":200,"srcset":"https:\/\/i0.wp.com\/noticiasribeiraopreto.com.br\/wp-content\/uploads\/2024\/09\/WhatsApp-Image-2024-09-04-at-12.20.08_2024-09-05_13-03-58_jpeg_2024-09-05_13-03-58.webp.webp?fit=1200%2C675&ssl=1&resize=350%2C200 1x, https:\/\/i0.wp.com\/noticiasribeiraopreto.com.br\/wp-content\/uploads\/2024\/09\/WhatsApp-Image-2024-09-04-at-12.20.08_2024-09-05_13-03-58_jpeg_2024-09-05_13-03-58.webp.webp?fit=1200%2C675&ssl=1&resize=525%2C300 1.5x, https:\/\/i0.wp.com\/noticiasribeiraopreto.com.br\/wp-content\/uploads\/2024\/09\/WhatsApp-Image-2024-09-04-at-12.20.08_2024-09-05_13-03-58_jpeg_2024-09-05_13-03-58.webp.webp?fit=1200%2C675&ssl=1&resize=700%2C400 2x, https:\/\/i0.wp.com\/noticiasribeiraopreto.com.br\/wp-content\/uploads\/2024\/09\/WhatsApp-Image-2024-09-04-at-12.20.08_2024-09-05_13-03-58_jpeg_2024-09-05_13-03-58.webp.webp?fit=1200%2C675&ssl=1&resize=1050%2C600 3x"},"classes":[]},{"id":84377,"url":"https:\/\/noticiasribeiraopreto.com.br\/index.php\/2026\/04\/08\/camisetas-furtadas-em-loja-de-artigos-esportivos-sao-encontradas-em-ribeirao-preto\/","url_meta":{"origin":69712,"position":3},"title":"Camisetas furtadas em loja de artigos esportivos s\u00e3o encontradas em Ribeir\u00e3o Preto","author":"noticiasribeiraopreto.com.br","date":"8 de April de 2026","format":false,"excerpt":"00:00 A+ A- Ler o resumo da not\u00edcia \r GCM de Ribeir\u00e3o Preto recuperou camisetas furtadas de loja de artigos esportivos na City Ribeir\u00e3o.\r Furto ocorreu na madrugada de s\u00e1bado (4); recupera\u00e7\u00e3o foi nesta quarta-feira (8).\r Pelo menos cinco criminosos participaram do crime; mais de 300 camisetas eram de um\u2026","rel":"","context":"In &quot;Not\u00edcias de Ribeir\u00e3o Preto-SP e Regi\u00e3o&quot;","block_context":{"text":"Not\u00edcias de Ribeir\u00e3o Preto-SP e Regi\u00e3o","link":"https:\/\/noticiasribeiraopreto.com.br\/index.php\/category\/noticias-de-ribeirao-preto-sp-e-regiao-ismael-colosi\/"},"img":{"alt_text":"","src":"https:\/\/i0.wp.com\/noticiasribeiraopreto.com.br\/wp-content\/uploads\/2026\/04\/camisetas_2026-04-08_16-40-14.webp.webp?fit=1200%2C900&ssl=1&resize=350%2C200","width":350,"height":200,"srcset":"https:\/\/i0.wp.com\/noticiasribeiraopreto.com.br\/wp-content\/uploads\/2026\/04\/camisetas_2026-04-08_16-40-14.webp.webp?fit=1200%2C900&ssl=1&resize=350%2C200 1x, https:\/\/i0.wp.com\/noticiasribeiraopreto.com.br\/wp-content\/uploads\/2026\/04\/camisetas_2026-04-08_16-40-14.webp.webp?fit=1200%2C900&ssl=1&resize=525%2C300 1.5x, https:\/\/i0.wp.com\/noticiasribeiraopreto.com.br\/wp-content\/uploads\/2026\/04\/camisetas_2026-04-08_16-40-14.webp.webp?fit=1200%2C900&ssl=1&resize=700%2C400 2x, https:\/\/i0.wp.com\/noticiasribeiraopreto.com.br\/wp-content\/uploads\/2026\/04\/camisetas_2026-04-08_16-40-14.webp.webp?fit=1200%2C900&ssl=1&resize=1050%2C600 3x"},"classes":[]},{"id":64385,"url":"https:\/\/noticiasribeiraopreto.com.br\/index.php\/2025\/03\/07\/homem-bate-moto-furtada-e-acaba-preso-no-centro-de-ribeirao-preto\/","url_meta":{"origin":69712,"position":4},"title":"Homem bate moto furtada e acaba preso no Centro de Ribeir\u00e3o Preto","author":"noticiasribeiraopreto.com.br","date":"7 de March de 2025","format":false,"excerpt":"Um homem foi preso nesta sexta-feira (7), no Centro de Ribeir\u00e3o Preto, ap\u00f3s bater uma moto furtada. A PM (Pol\u00edcia Militar) recebeu um chamado para ocorr\u00eancia de acidente de tr\u00e2nsito, quando encontrou o homem ferido e a moto ca\u00edda na liga\u00e7\u00e3o das ruas Campos Salles e Jos\u00e9 Bonif\u00e1cio, no sentido\u2026","rel":"","context":"In &quot;Not\u00edcias de Ribeir\u00e3o Preto-SP e Regi\u00e3o&quot;","block_context":{"text":"Not\u00edcias de Ribeir\u00e3o Preto-SP e Regi\u00e3o","link":"https:\/\/noticiasribeiraopreto.com.br\/index.php\/category\/noticias-de-ribeirao-preto-sp-e-regiao-ismael-colosi\/"},"img":{"alt_text":"","src":"https:\/\/i0.wp.com\/noticiasribeiraopreto.com.br\/wp-content\/uploads\/2025\/03\/policia_qru_1024x576_05012021161940.jpg?fit=1024%2C576&ssl=1&resize=350%2C200","width":350,"height":200,"srcset":"https:\/\/i0.wp.com\/noticiasribeiraopreto.com.br\/wp-content\/uploads\/2025\/03\/policia_qru_1024x576_05012021161940.jpg?fit=1024%2C576&ssl=1&resize=350%2C200 1x, https:\/\/i0.wp.com\/noticiasribeiraopreto.com.br\/wp-content\/uploads\/2025\/03\/policia_qru_1024x576_05012021161940.jpg?fit=1024%2C576&ssl=1&resize=525%2C300 1.5x, https:\/\/i0.wp.com\/noticiasribeiraopreto.com.br\/wp-content\/uploads\/2025\/03\/policia_qru_1024x576_05012021161940.jpg?fit=1024%2C576&ssl=1&resize=700%2C400 2x"},"classes":[]},{"id":82540,"url":"https:\/\/noticiasribeiraopreto.com.br\/index.php\/2026\/02\/18\/moto-bmw-furtada-na-zona-sul-de-ribeirao-preto-e-encontrada-em-canavial\/","url_meta":{"origin":69712,"position":5},"title":"Moto BMW furtada na zona Sul de Ribeir\u00e3o Preto \u00e9 encontrada em canavial","author":"noticiasribeiraopreto.com.br","date":"18 de February de 2026","format":false,"excerpt":"Uma moto BMW furtada foi encontrada pela equipe de Patrulha Rural da GCM (Guarda Civil Metropolitana) na manh\u00e3 desta ter\u00e7a-feira (17), no meio de um canavial, nas proximidades do bairro Santa Iria, zona Leste de Ribeir\u00e3o Preto. Segundo a corpora\u00e7\u00e3o, o furto do ve\u00edculo ocorreu na \u00faltima quinta-feira (12), na\u2026","rel":"","context":"In &quot;Not\u00edcias de Ribeir\u00e3o Preto-SP e Regi\u00e3o&quot;","block_context":{"text":"Not\u00edcias de Ribeir\u00e3o Preto-SP e Regi\u00e3o","link":"https:\/\/noticiasribeiraopreto.com.br\/index.php\/category\/noticias-de-ribeirao-preto-sp-e-regiao-ismael-colosi\/"},"img":{"alt_text":"","src":"https:\/\/i0.wp.com\/noticiasribeiraopreto.com.br\/wp-content\/uploads\/2026\/02\/WhatsApp-Image-2026-02-17-at-09.33.06_2026-02-17_18-15-43.webp.webp?fit=1200%2C675&ssl=1&resize=350%2C200","width":350,"height":200,"srcset":"https:\/\/i0.wp.com\/noticiasribeiraopreto.com.br\/wp-content\/uploads\/2026\/02\/WhatsApp-Image-2026-02-17-at-09.33.06_2026-02-17_18-15-43.webp.webp?fit=1200%2C675&ssl=1&resize=350%2C200 1x, https:\/\/i0.wp.com\/noticiasribeiraopreto.com.br\/wp-content\/uploads\/2026\/02\/WhatsApp-Image-2026-02-17-at-09.33.06_2026-02-17_18-15-43.webp.webp?fit=1200%2C675&ssl=1&resize=525%2C300 1.5x, https:\/\/i0.wp.com\/noticiasribeiraopreto.com.br\/wp-content\/uploads\/2026\/02\/WhatsApp-Image-2026-02-17-at-09.33.06_2026-02-17_18-15-43.webp.webp?fit=1200%2C675&ssl=1&resize=700%2C400 2x, https:\/\/i0.wp.com\/noticiasribeiraopreto.com.br\/wp-content\/uploads\/2026\/02\/WhatsApp-Image-2026-02-17-at-09.33.06_2026-02-17_18-15-43.webp.webp?fit=1200%2C675&ssl=1&resize=1050%2C600 3x"},"classes":[]}],"jetpack_sharing_enabled":true,"jetpack_shortlink":"https:\/\/wp.me\/peQAOb-i8o","_links":{"self":[{"href":"https:\/\/noticiasribeiraopreto.com.br\/index.php\/wp-json\/wp\/v2\/posts\/69712","targetHints":{"allow":["GET"]}}],"collection":[{"href":"https:\/\/noticiasribeiraopreto.com.br\/index.php\/wp-json\/wp\/v2\/posts"}],"about":[{"href":"https:\/\/noticiasribeiraopreto.com.br\/index.php\/wp-json\/wp\/v2\/types\/post"}],"author":[{"embeddable":true,"href":"https:\/\/noticiasribeiraopreto.com.br\/index.php\/wp-json\/wp\/v2\/users\/1"}],"replies":[{"embeddable":true,"href":"https:\/\/noticiasribeiraopreto.com.br\/index.php\/wp-json\/wp\/v2\/comments?post=69712"}],"version-history":[{"count":0,"href":"https:\/\/noticiasribeiraopreto.com.br\/index.php\/wp-json\/wp\/v2\/posts\/69712\/revisions"}],"wp:featuredmedia":[{"embeddable":true,"href":"https:\/\/noticiasribeiraopreto.com.br\/index.php\/wp-json\/wp\/v2\/media\/69713"}],"wp:attachment":[{"href":"https:\/\/noticiasribeiraopreto.com.br\/index.php\/wp-json\/wp\/v2\/media?parent=69712"}],"wp:term":[{"taxonomy":"category","embeddable":true,"href":"https:\/\/noticiasribeiraopreto.com.br\/index.php\/wp-json\/wp\/v2\/categories?post=69712"},{"taxonomy":"post_tag","embeddable":true,"href":"https:\/\/noticiasribeiraopreto.com.br\/index.php\/wp-json\/wp\/v2\/tags?post=69712"}],"curies":[{"name":"wp","href":"https:\/\/api.w.org\/{rel}","templated":true}]}}